{"id":330362,"date":"2024-06-09T07:16:16","date_gmt":"2024-06-09T10:16:16","guid":{"rendered":"https:\/\/www.notibras.com\/site\/?p=330362"},"modified":"2024-06-09T07:16:52","modified_gmt":"2024-06-09T10:16:52","slug":"cafe-vira-canto-da-sereia-para-papo-de-pombinhos","status":"publish","type":"post","link":"https:\/\/www.notibras.com\/site\/cafe-vira-canto-da-sereia-para-papo-de-pombinhos\/","title":{"rendered":"Caf\u00e9 vira canto da sereia para papo de pombinhos"},"content":{"rendered":"<p>Otimista ao extremo, Stella n\u00e3o se deixava abater por contratempos, por maiores e mais cabeludos que fossem. Nada parecia abalar a confian\u00e7a daquela mulher, que enfrentaria o que fosse necess\u00e1rio para atingir seu objetivo, que, naquela semana, era tomar um sorvete de casquinha com o mo\u00e7o bonito, que a atendia diariamente no balc\u00e3o da padaria da esquina.<\/p>\n<p>A mulher estava acompanhada da Arlete, sua amiga de longa data, com quem guardava raras semelhan\u00e7as e quase todas as diferen\u00e7as. Talvez, por isso mesmo, as duas se davam t\u00e3o bem na maior parte do tempo. N\u00e3o que isso fosse uma verdade absoluta, como tamb\u00e9m estava longe de ser uma flagrante invencionice.<\/p>\n<p>Arlete, sejamos sinceros, guardava uma pontinha de inveja da quase irm\u00e3, mas nada que passasse de mera admira\u00e7\u00e3o por qualidades que enxergava em quase ningu\u00e9m al\u00e9m da outra. A maior delas, provavelmente, era a aud\u00e1cia. Sim, isso mesmo! Aud\u00e1cia! Afinal, de nada vale o otimismo se n\u00e3o acompanhado da gana de ir atr\u00e1s do que se deseja.<\/p>\n<p>Na manh\u00e3 seguinte, Arlete encontrou Stella com um sorriso maior do que a cara ali sentada \u00e0 mesa do canto na padaria onde o bonit\u00e3o trabalhava. Por que tamanha felicidade \u00e0quela hora? O rel\u00f3gio ainda teria que percorrer um longo caminho at\u00e9 dar 8 horas. Ser\u00e1 que havia conseguido seu intento? N\u00e3o era poss\u00edvel, haja vista, na noite anterior, t\u00ea-la acompanhado at\u00e9 seu apartamento, onde pediram uma pizza e assistiram a um filme at\u00e9 tarde.<\/p>\n<p>Arlete se lembrava que havia ido embora quando j\u00e1 era quase meia-noite. No entanto, antes que pudesse question\u00e1-la, eis que o balconista se dirigiu at\u00e9 a mesa ao lado, onde serviu um casal de idosos. Em seguida, o rapag\u00e3o se virou e lan\u00e7ou um sorriso para Stella. Depois, ele retornou para o balc\u00e3o, enquanto, finalmente, Arlete, mais curiosa do que nunca, quis saber o que estava rolando.<\/p>\n<p>\u2014 Ele me convidou para tomar sorvete mais tarde.<\/p>\n<p>\u2014 Como assim? Do nada?<\/p>\n<p>\u2014 Hum. Usei um antigo ensinamento da minha saudosa vov\u00f3.<\/p>\n<p>\u2014 O que voc\u00ea aprontou, Stella?<\/p>\n<p>\u2014 Pedi um caf\u00e9.<\/p>\n<p>\u2014 N\u00e3o entendi. Um caf\u00e9? E o que tem isso a ver?<\/p>\n<p>\u2014 Amiga, caf\u00e9 torna tudo poss\u00edvel!<\/p>\n<p><strong>*Eduardo Mart\u00ednez \u00e9 autor do livro \u201c57 Contos e Cr\u00f4nicas por um Autor muito Velho\u201d.<\/strong><\/p>\n<p>Compre aqui\u00a0<span class=\"x19la9d6 x1fc57z9 x6ikm8r x10wlt62 x19co3pv x1g5zs5t xfibh0p xiy17q3 x1xsqp64 x1lkfr7t xexx8yu x4uap5 x18d9i69 xkhd6sd\"><span class=\"xrtxmta x1bhl96m\"><img decoding=\"async\" class=\"emoji\" role=\"img\" draggable=\"false\" src=\"https:\/\/s.w.org\/images\/core\/emoji\/14.0.0\/svg\/1f447-1f3ff.svg\" alt=\"&#x1f447;&#x1f3ff;\" \/><\/span><\/span><span class=\"x19la9d6 x1fc57z9 x6ikm8r x10wlt62 x19co3pv x1g5zs5t xfibh0p xiy17q3 x1xsqp64 x1lkfr7t xexx8yu x4uap5 x18d9i69 xkhd6sd\"><span class=\"xrtxmta x1bhl96m\"><img decoding=\"async\" class=\"emoji\" role=\"img\" draggable=\"false\" src=\"https:\/\/s.w.org\/images\/core\/emoji\/14.0.0\/svg\/1f447-1f3ff.svg\" alt=\"&#x1f447;&#x1f3ff;\" \/><\/span><\/span><span class=\"x19la9d6 x1fc57z9 x6ikm8r x10wlt62 x19co3pv x1g5zs5t xfibh0p xiy17q3 x1xsqp64 x1lkfr7t xexx8yu x4uap5 x18d9i69 xkhd6sd\"><span class=\"xrtxmta x1bhl96m\"><img decoding=\"async\" class=\"emoji\" role=\"img\" draggable=\"false\" src=\"https:\/\/s.w.org\/images\/core\/emoji\/14.0.0\/svg\/1f447-1f3ff.svg\" alt=\"&#x1f447;&#x1f3ff;\" \/><\/span><\/span><\/p>\n<p><a href=\"http:\/\/www.joanineditora.com.br\/57-contos-e-cronicas-por-um-autor-muito-velho\">http:\/\/www.joanineditora.com.br\/57-contos-e-cronicas-por-um-autor-muito-velho<\/a><\/p>\n","protected":false},"excerpt":{"rendered":"<p>Otimista ao extremo, Stella n\u00e3o se deixava abater por contratempos, por maiores e mais cabeludos que fossem. Nada parecia abalar a confian\u00e7a daquela mulher, que enfrentaria o que fosse necess\u00e1rio para atingir seu objetivo, que, naquela semana, era tomar um sorvete de casquinha com o mo\u00e7o bonito, que a atendia diariamente no balc\u00e3o da padaria [&hellip;]<\/p>\n","protected":false},"author":2,"featured_media":330363,"comment_status":"closed","ping_status":"closed","sticky":false,"template":"","format":"standard","meta":{"_acf_changed":false,"footnotes":""},"categories":[161],"tags":[],"class_list":["post-330362","post","type-post","status-publish","format-standard","has-post-thumbnail","hentry","category-quadradinho-em-foco"],"acf":[],"yoast_head":"<!-- This site is optimized with the Yoast SEO plugin v27.5 - https:\/\/yoast.com\/product\/yoast-seo-wordpress\/ -->\n<title>Caf\u00e9 vira canto da sereia para papo de pombinhos - Notibras<\/title>\n<meta name=\"robots\" content=\"index, follow, max-snippet:-1, max-image-preview:large, max-video-preview:-1\" \/>\n<link rel=\"canonical\" href=\"https:\/\/www.notibras.com\/site\/cafe-vira-canto-da-sereia-para-papo-de-pombinhos\/\" \/>\n<meta property=\"og:locale\" content=\"pt_BR\" \/>\n<meta property=\"og:type\" content=\"article\" \/>\n<meta property=\"og:title\" content=\"Caf\u00e9 vira canto da sereia para papo de pombinhos - Notibras\" \/>\n<meta property=\"og:description\" content=\"Otimista ao extremo, Stella n\u00e3o se deixava abater por contratempos, por maiores e mais cabeludos que fossem. Nada parecia abalar a confian\u00e7a daquela mulher, que enfrentaria o que fosse necess\u00e1rio para atingir seu objetivo, que, naquela semana, era tomar um sorvete de casquinha com o mo\u00e7o bonito, que a atendia diariamente no balc\u00e3o da padaria [&hellip;]\" \/>\n<meta property=\"og:url\" content=\"https:\/\/www.notibras.com\/site\/cafe-vira-canto-da-sereia-para-papo-de-pombinhos\/\" \/>\n<meta property=\"og:site_name\" content=\"Notibras\" \/>\n<meta property=\"article:publisher\" content=\"https:\/\/www.facebook.com\/notibras\/\" \/>\n<meta property=\"article:published_time\" content=\"2024-06-09T10:16:16+00:00\" \/>\n<meta property=\"article:modified_time\" content=\"2024-06-09T10:16:52+00:00\" \/>\n<meta property=\"og:image\" content=\"https:\/\/www.notibras.com\/site\/wp-content\/uploads\/2024\/06\/stella.caf\u00b4e.jpg\" \/>\n\t<meta property=\"og:image:width\" content=\"510\" \/>\n\t<meta property=\"og:image:height\" content=\"475\" \/>\n\t<meta property=\"og:image:type\" content=\"image\/jpeg\" \/>\n<meta name=\"author\" content=\"Reda\u00e7\u00e3o\" \/>\n<meta name=\"twitter:card\" content=\"summary_large_image\" \/>\n<meta name=\"twitter:creator\" content=\"@Notibras\" \/>\n<meta name=\"twitter:site\" content=\"@Notibras\" \/>\n<meta name=\"twitter:label1\" content=\"Escrito por\" \/>\n\t<meta name=\"twitter:data1\" content=\"Reda\u00e7\u00e3o\" \/>\n\t<meta name=\"twitter:label2\" content=\"Est. tempo de leitura\" \/>\n\t<meta name=\"twitter:data2\" content=\"3 minutos\" \/>\n<script type=\"application\/ld+json\" class=\"yoast-schema-graph\">{\"@context\":\"https:\\\/\\\/schema.org\",\"@graph\":[{\"@type\":\"Article\",\"@id\":\"https:\\\/\\\/www.notibras.com\\\/site\\\/cafe-vira-canto-da-sereia-para-papo-de-pombinhos\\\/#article\",\"isPartOf\":{\"@id\":\"https:\\\/\\\/www.notibras.com\\\/site\\\/cafe-vira-canto-da-sereia-para-papo-de-pombinhos\\\/\"},\"author\":{\"name\":\"Reda\u00e7\u00e3o\",\"@id\":\"https:\\\/\\\/www.notibras.com\\\/site\\\/#\\\/schema\\\/person\\\/36ab0979449956132d3e5b517ea76ac8\"},\"headline\":\"Caf\u00e9 vira canto da sereia para papo de pombinhos\",\"datePublished\":\"2024-06-09T10:16:16+00:00\",\"dateModified\":\"2024-06-09T10:16:52+00:00\",\"mainEntityOfPage\":{\"@id\":\"https:\\\/\\\/www.notibras.com\\\/site\\\/cafe-vira-canto-da-sereia-para-papo-de-pombinhos\\\/\"},\"wordCount\":411,\"publisher\":{\"@id\":\"https:\\\/\\\/www.notibras.com\\\/site\\\/#organization\"},\"image\":{\"@id\":\"https:\\\/\\\/www.notibras.com\\\/site\\\/cafe-vira-canto-da-sereia-para-papo-de-pombinhos\\\/#primaryimage\"},\"thumbnailUrl\":\"https:\\\/\\\/www.notibras.com\\\/site\\\/wp-content\\\/uploads\\\/2024\\\/06\\\/stella.caf\u00b4e.jpg\",\"articleSection\":[\"Quadradinho em Foco\"],\"inLanguage\":\"pt-BR\"},{\"@type\":\"WebPage\",\"@id\":\"https:\\\/\\\/www.notibras.com\\\/site\\\/cafe-vira-canto-da-sereia-para-papo-de-pombinhos\\\/\",\"url\":\"https:\\\/\\\/www.notibras.com\\\/site\\\/cafe-vira-canto-da-sereia-para-papo-de-pombinhos\\\/\",\"name\":\"Caf\u00e9 vira canto da sereia para papo de pombinhos - Notibras\",\"isPartOf\":{\"@id\":\"https:\\\/\\\/www.notibras.com\\\/site\\\/#website\"},\"primaryImageOfPage\":{\"@id\":\"https:\\\/\\\/www.notibras.com\\\/site\\\/cafe-vira-canto-da-sereia-para-papo-de-pombinhos\\\/#primaryimage\"},\"image\":{\"@id\":\"https:\\\/\\\/www.notibras.com\\\/site\\\/cafe-vira-canto-da-sereia-para-papo-de-pombinhos\\\/#primaryimage\"},\"thumbnailUrl\":\"https:\\\/\\\/www.notibras.com\\\/site\\\/wp-content\\\/uploads\\\/2024\\\/06\\\/stella.caf\u00b4e.jpg\",\"datePublished\":\"2024-06-09T10:16:16+00:00\",\"dateModified\":\"2024-06-09T10:16:52+00:00\",\"breadcrumb\":{\"@id\":\"https:\\\/\\\/www.notibras.com\\\/site\\\/cafe-vira-canto-da-sereia-para-papo-de-pombinhos\\\/#breadcrumb\"},\"inLanguage\":\"pt-BR\",\"potentialAction\":[{\"@type\":\"ReadAction\",\"target\":[\"https:\\\/\\\/www.notibras.com\\\/site\\\/cafe-vira-canto-da-sereia-para-papo-de-pombinhos\\\/\"]}]},{\"@type\":\"ImageObject\",\"inLanguage\":\"pt-BR\",\"@id\":\"https:\\\/\\\/www.notibras.com\\\/site\\\/cafe-vira-canto-da-sereia-para-papo-de-pombinhos\\\/#primaryimage\",\"url\":\"https:\\\/\\\/www.notibras.com\\\/site\\\/wp-content\\\/uploads\\\/2024\\\/06\\\/stella.caf\u00b4e.jpg\",\"contentUrl\":\"https:\\\/\\\/www.notibras.com\\\/site\\\/wp-content\\\/uploads\\\/2024\\\/06\\\/stella.caf\u00b4e.jpg\",\"width\":510,\"height\":475},{\"@type\":\"BreadcrumbList\",\"@id\":\"https:\\\/\\\/www.notibras.com\\\/site\\\/cafe-vira-canto-da-sereia-para-papo-de-pombinhos\\\/#breadcrumb\",\"itemListElement\":[{\"@type\":\"ListItem\",\"position\":1,\"name\":\"In\u00edcio\",\"item\":\"https:\\\/\\\/www.notibras.com\\\/site\\\/\"},{\"@type\":\"ListItem\",\"position\":2,\"name\":\"Caf\u00e9 vira canto da sereia para papo de pombinhos\"}]},{\"@type\":\"WebSite\",\"@id\":\"https:\\\/\\\/www.notibras.com\\\/site\\\/#website\",\"url\":\"https:\\\/\\\/www.notibras.com\\\/site\\\/\",\"name\":\"Notibras\",\"description\":\"Not\u00edcias de Bras\u00edlia, do Brasil e do Mundo\",\"publisher\":{\"@id\":\"https:\\\/\\\/www.notibras.com\\\/site\\\/#organization\"},\"potentialAction\":[{\"@type\":\"SearchAction\",\"target\":{\"@type\":\"EntryPoint\",\"urlTemplate\":\"https:\\\/\\\/www.notibras.com\\\/site\\\/?s={search_term_string}\"},\"query-input\":{\"@type\":\"PropertyValueSpecification\",\"valueRequired\":true,\"valueName\":\"search_term_string\"}}],\"inLanguage\":\"pt-BR\"},{\"@type\":\"Organization\",\"@id\":\"https:\\\/\\\/www.notibras.com\\\/site\\\/#organization\",\"name\":\"Grupo Notibras de Comunica\u00e7\u00e3o\",\"url\":\"https:\\\/\\\/www.notibras.com\\\/site\\\/\",\"logo\":{\"@type\":\"ImageObject\",\"inLanguage\":\"pt-BR\",\"@id\":\"https:\\\/\\\/www.notibras.com\\\/site\\\/#\\\/schema\\\/logo\\\/image\\\/\",\"url\":\"https:\\\/\\\/www.notibras.com\\\/site\\\/wp-content\\\/uploads\\\/2023\\\/01\\\/notibras23.png\",\"contentUrl\":\"https:\\\/\\\/www.notibras.com\\\/site\\\/wp-content\\\/uploads\\\/2023\\\/01\\\/notibras23.png\",\"width\":350,\"height\":87,\"caption\":\"Grupo Notibras de Comunica\u00e7\u00e3o\"},\"image\":{\"@id\":\"https:\\\/\\\/www.notibras.com\\\/site\\\/#\\\/schema\\\/logo\\\/image\\\/\"},\"sameAs\":[\"https:\\\/\\\/www.facebook.com\\\/notibras\\\/\",\"https:\\\/\\\/x.com\\\/Notibras\",\"https:\\\/\\\/www.instagram.com\\\/notibras\\\/\"]},{\"@type\":\"Person\",\"@id\":\"https:\\\/\\\/www.notibras.com\\\/site\\\/#\\\/schema\\\/person\\\/36ab0979449956132d3e5b517ea76ac8\",\"name\":\"Reda\u00e7\u00e3o\",\"image\":{\"@type\":\"ImageObject\",\"inLanguage\":\"pt-BR\",\"@id\":\"https:\\\/\\\/secure.gravatar.com\\\/avatar\\\/e0a867bdedb85fd243eadf09663511f96fc81e0720a4a42581f334ad4303aa6b?s=96&d=mm&r=g\",\"url\":\"https:\\\/\\\/secure.gravatar.com\\\/avatar\\\/e0a867bdedb85fd243eadf09663511f96fc81e0720a4a42581f334ad4303aa6b?s=96&d=mm&r=g\",\"contentUrl\":\"https:\\\/\\\/secure.gravatar.com\\\/avatar\\\/e0a867bdedb85fd243eadf09663511f96fc81e0720a4a42581f334ad4303aa6b?s=96&d=mm&r=g\",\"caption\":\"Reda\u00e7\u00e3o\"}}]}<\/script>\n<!-- \/ Yoast SEO plugin. -->","yoast_head_json":{"title":"Caf\u00e9 vira canto da sereia para papo de pombinhos - Notibras","robots":{"index":"index","follow":"follow","max-snippet":"max-snippet:-1","max-image-preview":"max-image-preview:large","max-video-preview":"max-video-preview:-1"},"canonical":"https:\/\/www.notibras.com\/site\/cafe-vira-canto-da-sereia-para-papo-de-pombinhos\/","og_locale":"pt_BR","og_type":"article","og_title":"Caf\u00e9 vira canto da sereia para papo de pombinhos - Notibras","og_description":"Otimista ao extremo, Stella n\u00e3o se deixava abater por contratempos, por maiores e mais cabeludos que fossem. Nada parecia abalar a confian\u00e7a daquela mulher, que enfrentaria o que fosse necess\u00e1rio para atingir seu objetivo, que, naquela semana, era tomar um sorvete de casquinha com o mo\u00e7o bonito, que a atendia diariamente no balc\u00e3o da padaria [&hellip;]","og_url":"https:\/\/www.notibras.com\/site\/cafe-vira-canto-da-sereia-para-papo-de-pombinhos\/","og_site_name":"Notibras","article_publisher":"https:\/\/www.facebook.com\/notibras\/","article_published_time":"2024-06-09T10:16:16+00:00","article_modified_time":"2024-06-09T10:16:52+00:00","og_image":[{"width":510,"height":475,"url":"https:\/\/www.notibras.com\/site\/wp-content\/uploads\/2024\/06\/stella.caf\u00b4e.jpg","type":"image\/jpeg"}],"author":"Reda\u00e7\u00e3o","twitter_card":"summary_large_image","twitter_creator":"@Notibras","twitter_site":"@Notibras","twitter_misc":{"Escrito por":"Reda\u00e7\u00e3o","Est. tempo de leitura":"3 minutos"},"schema":{"@context":"https:\/\/schema.org","@graph":[{"@type":"Article","@id":"https:\/\/www.notibras.com\/site\/cafe-vira-canto-da-sereia-para-papo-de-pombinhos\/#article","isPartOf":{"@id":"https:\/\/www.notibras.com\/site\/cafe-vira-canto-da-sereia-para-papo-de-pombinhos\/"},"author":{"name":"Reda\u00e7\u00e3o","@id":"https:\/\/www.notibras.com\/site\/#\/schema\/person\/36ab0979449956132d3e5b517ea76ac8"},"headline":"Caf\u00e9 vira canto da sereia para papo de pombinhos","datePublished":"2024-06-09T10:16:16+00:00","dateModified":"2024-06-09T10:16:52+00:00","mainEntityOfPage":{"@id":"https:\/\/www.notibras.com\/site\/cafe-vira-canto-da-sereia-para-papo-de-pombinhos\/"},"wordCount":411,"publisher":{"@id":"https:\/\/www.notibras.com\/site\/#organization"},"image":{"@id":"https:\/\/www.notibras.com\/site\/cafe-vira-canto-da-sereia-para-papo-de-pombinhos\/#primaryimage"},"thumbnailUrl":"https:\/\/www.notibras.com\/site\/wp-content\/uploads\/2024\/06\/stella.caf\u00b4e.jpg","articleSection":["Quadradinho em Foco"],"inLanguage":"pt-BR"},{"@type":"WebPage","@id":"https:\/\/www.notibras.com\/site\/cafe-vira-canto-da-sereia-para-papo-de-pombinhos\/","url":"https:\/\/www.notibras.com\/site\/cafe-vira-canto-da-sereia-para-papo-de-pombinhos\/","name":"Caf\u00e9 vira canto da sereia para papo de pombinhos - Notibras","isPartOf":{"@id":"https:\/\/www.notibras.com\/site\/#website"},"primaryImageOfPage":{"@id":"https:\/\/www.notibras.com\/site\/cafe-vira-canto-da-sereia-para-papo-de-pombinhos\/#primaryimage"},"image":{"@id":"https:\/\/www.notibras.com\/site\/cafe-vira-canto-da-sereia-para-papo-de-pombinhos\/#primaryimage"},"thumbnailUrl":"https:\/\/www.notibras.com\/site\/wp-content\/uploads\/2024\/06\/stella.caf\u00b4e.jpg","datePublished":"2024-06-09T10:16:16+00:00","dateModified":"2024-06-09T10:16:52+00:00","breadcrumb":{"@id":"https:\/\/www.notibras.com\/site\/cafe-vira-canto-da-sereia-para-papo-de-pombinhos\/#breadcrumb"},"inLanguage":"pt-BR","potentialAction":[{"@type":"ReadAction","target":["https:\/\/www.notibras.com\/site\/cafe-vira-canto-da-sereia-para-papo-de-pombinhos\/"]}]},{"@type":"ImageObject","inLanguage":"pt-BR","@id":"https:\/\/www.notibras.com\/site\/cafe-vira-canto-da-sereia-para-papo-de-pombinhos\/#primaryimage","url":"https:\/\/www.notibras.com\/site\/wp-content\/uploads\/2024\/06\/stella.caf\u00b4e.jpg","contentUrl":"https:\/\/www.notibras.com\/site\/wp-content\/uploads\/2024\/06\/stella.caf\u00b4e.jpg","width":510,"height":475},{"@type":"BreadcrumbList","@id":"https:\/\/www.notibras.com\/site\/cafe-vira-canto-da-sereia-para-papo-de-pombinhos\/#breadcrumb","itemListElement":[{"@type":"ListItem","position":1,"name":"In\u00edcio","item":"https:\/\/www.notibras.com\/site\/"},{"@type":"ListItem","position":2,"name":"Caf\u00e9 vira canto da sereia para papo de pombinhos"}]},{"@type":"WebSite","@id":"https:\/\/www.notibras.com\/site\/#website","url":"https:\/\/www.notibras.com\/site\/","name":"Notibras","description":"Not\u00edcias de Bras\u00edlia, do Brasil e do Mundo","publisher":{"@id":"https:\/\/www.notibras.com\/site\/#organization"},"potentialAction":[{"@type":"SearchAction","target":{"@type":"EntryPoint","urlTemplate":"https:\/\/www.notibras.com\/site\/?s={search_term_string}"},"query-input":{"@type":"PropertyValueSpecification","valueRequired":true,"valueName":"search_term_string"}}],"inLanguage":"pt-BR"},{"@type":"Organization","@id":"https:\/\/www.notibras.com\/site\/#organization","name":"Grupo Notibras de Comunica\u00e7\u00e3o","url":"https:\/\/www.notibras.com\/site\/","logo":{"@type":"ImageObject","inLanguage":"pt-BR","@id":"https:\/\/www.notibras.com\/site\/#\/schema\/logo\/image\/","url":"https:\/\/www.notibras.com\/site\/wp-content\/uploads\/2023\/01\/notibras23.png","contentUrl":"https:\/\/www.notibras.com\/site\/wp-content\/uploads\/2023\/01\/notibras23.png","width":350,"height":87,"caption":"Grupo Notibras de Comunica\u00e7\u00e3o"},"image":{"@id":"https:\/\/www.notibras.com\/site\/#\/schema\/logo\/image\/"},"sameAs":["https:\/\/www.facebook.com\/notibras\/","https:\/\/x.com\/Notibras","https:\/\/www.instagram.com\/notibras\/"]},{"@type":"Person","@id":"https:\/\/www.notibras.com\/site\/#\/schema\/person\/36ab0979449956132d3e5b517ea76ac8","name":"Reda\u00e7\u00e3o","image":{"@type":"ImageObject","inLanguage":"pt-BR","@id":"https:\/\/secure.gravatar.com\/avatar\/e0a867bdedb85fd243eadf09663511f96fc81e0720a4a42581f334ad4303aa6b?s=96&d=mm&r=g","url":"https:\/\/secure.gravatar.com\/avatar\/e0a867bdedb85fd243eadf09663511f96fc81e0720a4a42581f334ad4303aa6b?s=96&d=mm&r=g","contentUrl":"https:\/\/secure.gravatar.com\/avatar\/e0a867bdedb85fd243eadf09663511f96fc81e0720a4a42581f334ad4303aa6b?s=96&d=mm&r=g","caption":"Reda\u00e7\u00e3o"}}]}},"amp_enabled":true,"_links":{"self":[{"href":"https:\/\/www.notibras.com\/site\/wp-json\/wp\/v2\/posts\/330362","targetHints":{"allow":["GET"]}}],"collection":[{"href":"https:\/\/www.notibras.com\/site\/wp-json\/wp\/v2\/posts"}],"about":[{"href":"https:\/\/www.notibras.com\/site\/wp-json\/wp\/v2\/types\/post"}],"author":[{"embeddable":true,"href":"https:\/\/www.notibras.com\/site\/wp-json\/wp\/v2\/users\/2"}],"replies":[{"embeddable":true,"href":"https:\/\/www.notibras.com\/site\/wp-json\/wp\/v2\/comments?post=330362"}],"version-history":[{"count":2,"href":"https:\/\/www.notibras.com\/site\/wp-json\/wp\/v2\/posts\/330362\/revisions"}],"predecessor-version":[{"id":330365,"href":"https:\/\/www.notibras.com\/site\/wp-json\/wp\/v2\/posts\/330362\/revisions\/330365"}],"wp:featuredmedia":[{"embeddable":true,"href":"https:\/\/www.notibras.com\/site\/wp-json\/wp\/v2\/media\/330363"}],"wp:attachment":[{"href":"https:\/\/www.notibras.com\/site\/wp-json\/wp\/v2\/media?parent=330362"}],"wp:term":[{"taxonomy":"category","embeddable":true,"href":"https:\/\/www.notibras.com\/site\/wp-json\/wp\/v2\/categories?post=330362"},{"taxonomy":"post_tag","embeddable":true,"href":"https:\/\/www.notibras.com\/site\/wp-json\/wp\/v2\/tags?post=330362"}],"curies":[{"name":"wp","href":"https:\/\/api.w.org\/{rel}","templated":true}]}}