{"id":330366,"date":"2024-06-09T00:02:43","date_gmt":"2024-06-09T03:02:43","guid":{"rendered":"https:\/\/www.notibras.com\/site\/?p=330366"},"modified":"2024-06-09T11:04:25","modified_gmt":"2024-06-09T14:04:25","slug":"novas-calcadas-levam-mais-acessibilidade-e-seguranca-aos-moradores","status":"publish","type":"post","link":"https:\/\/www.notibras.com\/site\/novas-calcadas-levam-mais-acessibilidade-e-seguranca-aos-moradores\/","title":{"rendered":"Novas cal\u00e7adas levam mais acessibilidade e seguran\u00e7a aos moradores"},"content":{"rendered":"<p>O Governo do Distrito Federal est\u00e1 levando cal\u00e7adas para todas as cidades do DF para garantir mais acessibilidade e seguran\u00e7a \u00e0 popula\u00e7\u00e3o. No Gama, a Companhia Urbanizadora da Nova Capital (Novacap) est\u00e1 construindo e reconstruindo o passeio do Setor Central da cidade.<\/p>\n<p>No total, o governo j\u00e1 entregou 650 quil\u00f4metros de cal\u00e7adas desde 2019, e mais mil quil\u00f4metros ser\u00e3o feitos at\u00e9 dezembro. Para isso, foram investidos R$ 110 milh\u00f5es e mais R$ 20 milh\u00f5es ser\u00e3o desembolsados, totalizando R$ 130 milh\u00f5es.<\/p>\n<p>O novo piso segue o padr\u00e3o implementado nas outras regi\u00f5es administrativas (RAs), feitas com concreto usinado que oferece maior durabilidade e resist\u00eancia, al\u00e9m de manuten\u00e7\u00e3o mais em conta.<\/p>\n<p>Moradora do Gama, a aposentada Antonia Souza, de 75 anos, aprova a iniciativa. Ela passa pelo Setor Central quase todos os dias e acredita que a obra trar\u00e1 muitos benef\u00edcios. \u201cAcho que vai melhorar bem e ficar mais seguro. Toda benfeitoria \u00e9 boa para a cidade\u201d, afirma.<\/p>\n<p>Tamb\u00e9m aposentada e moradora do Gama, Perolina Maria da Silva, 82, est\u00e1 muito satisfeita com a constru\u00e7\u00e3o do novo cal\u00e7amento. \u201cVai ficar maravilhoso. Passo aqui sempre e vai melhorar muito\u201d, diz.<\/p>\n<p>A administradora regional do Gama, Joseane Ara\u00fajo, afirma que a constru\u00e7\u00e3o e reconstru\u00e7\u00e3o de cal\u00e7adas j\u00e1 foi realizada tamb\u00e9m no Setor Sul, no acesso ao Residencial Para\u00edso e nas proximidades do Est\u00e1dio Valmir Campelo Bezerra, o Bezerr\u00e3o, entre outros.<\/p>\n<p>\u201cEssas obras trazem acessibilidade e seguran\u00e7a para a nossa popula\u00e7\u00e3o. \u00c9 uma a\u00e7\u00e3o conjunta do DF e o objetivo do governador Ibaneis Rocha \u00e9 atender a popula\u00e7\u00e3o da melhor forma poss\u00edvel\u201d, afirma. \u201cO Gama \u00e9 uma cidade antiga e trabalhamos no sentido de revitalizar a regi\u00e3o.\u201d<\/p>\n<p>O presidente da Novacap, Fernando Leite, afirma que o objetivo \u00e9 chegar ao final de 2024 com praticamente 700 quil\u00f4metros de cal\u00e7adas constru\u00eddas em todo o DF. \u201cOu seja, semelhante \u00e0 dist\u00e2ncia daqui a Ribeir\u00e3o Preto. Ap\u00f3s mais de dez anos sem ser feito em gest\u00f5es anteriores, o GDF firmou contrato que \u00e9 respons\u00e1vel por realizar o servi\u00e7o de cal\u00e7amento de forma di\u00e1ria \u00e0s regi\u00f5es\u201d, ressalta o gestor.<\/p>\n<p>Apenas em 2023, foram mais de R$ 41 milh\u00f5es investidos, o que resultou em 213.145,79 m\u00b2 de passagens recuperadas em todas as 35 regi\u00f5es administrativas.<\/p>\n<p>Os servi\u00e7os tamb\u00e9m se estendem \u00e0s RAs de Brazl\u00e2ndia, Sobradinho, Planaltina, Parano\u00e1, N\u00facleo Bandeirante, Ceil\u00e2ndia, Guar\u00e1, Cruzeiro, Samambaia, Santa Maria, S\u00e3o Sebasti\u00e3o, Recanto das Emas, Lago Sul, Riacho Fundo, Riacho Fundo II, Lago Norte, Candangol\u00e2ndia, \u00c1guas Claras, Sudoeste\/Octogonal, Park Way, Sobradinho II, Jardim Bot\u00e2nico, Itapo\u00e3, Vicente Pires e Sol Nascente\/P\u00f4r do Sol.<\/p>\n","protected":false},"excerpt":{"rendered":"<p>O Governo do Distrito Federal est\u00e1 levando cal\u00e7adas para todas as cidades do DF para garantir mais acessibilidade e seguran\u00e7a \u00e0 popula\u00e7\u00e3o. No Gama, a Companhia Urbanizadora da Nova Capital (Novacap) est\u00e1 construindo e reconstruindo o passeio do Setor Central da cidade. No total, o governo j\u00e1 entregou 650 quil\u00f4metros de cal\u00e7adas desde 2019, e [&hellip;]<\/p>\n","protected":false},"author":2,"featured_media":330367,"comment_status":"closed","ping_status":"closed","sticky":false,"template":"","format":"standard","meta":{"_acf_changed":false,"footnotes":""},"categories":[161],"tags":[],"class_list":["post-330366","post","type-post","status-publish","format-standard","has-post-thumbnail","hentry","category-quadradinho-em-foco"],"acf":[],"yoast_head":"<!-- This site is optimized with the Yoast SEO plugin v27.5 - https:\/\/yoast.com\/product\/yoast-seo-wordpress\/ -->\n<title>Novas cal\u00e7adas levam mais acessibilidade e seguran\u00e7a aos moradores - Notibras<\/title>\n<meta name=\"robots\" content=\"index, follow, max-snippet:-1, max-image-preview:large, max-video-preview:-1\" \/>\n<link rel=\"canonical\" href=\"https:\/\/www.notibras.com\/site\/novas-calcadas-levam-mais-acessibilidade-e-seguranca-aos-moradores\/\" \/>\n<meta property=\"og:locale\" content=\"pt_BR\" \/>\n<meta property=\"og:type\" content=\"article\" \/>\n<meta property=\"og:title\" content=\"Novas cal\u00e7adas levam mais acessibilidade e seguran\u00e7a aos moradores - Notibras\" \/>\n<meta property=\"og:description\" content=\"O Governo do Distrito Federal est\u00e1 levando cal\u00e7adas para todas as cidades do DF para garantir mais acessibilidade e seguran\u00e7a \u00e0 popula\u00e7\u00e3o. No Gama, a Companhia Urbanizadora da Nova Capital (Novacap) est\u00e1 construindo e reconstruindo o passeio do Setor Central da cidade. No total, o governo j\u00e1 entregou 650 quil\u00f4metros de cal\u00e7adas desde 2019, e [&hellip;]\" \/>\n<meta property=\"og:url\" content=\"https:\/\/www.notibras.com\/site\/novas-calcadas-levam-mais-acessibilidade-e-seguranca-aos-moradores\/\" \/>\n<meta property=\"og:site_name\" content=\"Notibras\" \/>\n<meta property=\"article:publisher\" content=\"https:\/\/www.facebook.com\/notibras\/\" \/>\n<meta property=\"article:published_time\" content=\"2024-06-09T03:02:43+00:00\" \/>\n<meta property=\"article:modified_time\" content=\"2024-06-09T14:04:25+00:00\" \/>\n<meta property=\"og:image\" content=\"https:\/\/www.notibras.com\/site\/wp-content\/uploads\/2024\/06\/calcadas.gama_.jpg\" \/>\n\t<meta property=\"og:image:width\" content=\"1536\" \/>\n\t<meta property=\"og:image:height\" content=\"1024\" \/>\n\t<meta property=\"og:image:type\" content=\"image\/jpeg\" \/>\n<meta name=\"author\" content=\"Reda\u00e7\u00e3o\" \/>\n<meta name=\"twitter:card\" content=\"summary_large_image\" \/>\n<meta name=\"twitter:creator\" content=\"@Notibras\" \/>\n<meta name=\"twitter:site\" content=\"@Notibras\" \/>\n<meta name=\"twitter:label1\" content=\"Escrito por\" \/>\n\t<meta name=\"twitter:data1\" content=\"Reda\u00e7\u00e3o\" \/>\n\t<meta name=\"twitter:label2\" content=\"Est. tempo de leitura\" \/>\n\t<meta name=\"twitter:data2\" content=\"3 minutos\" \/>\n<script type=\"application\/ld+json\" class=\"yoast-schema-graph\">{\"@context\":\"https:\\\/\\\/schema.org\",\"@graph\":[{\"@type\":\"Article\",\"@id\":\"https:\\\/\\\/www.notibras.com\\\/site\\\/novas-calcadas-levam-mais-acessibilidade-e-seguranca-aos-moradores\\\/#article\",\"isPartOf\":{\"@id\":\"https:\\\/\\\/www.notibras.com\\\/site\\\/novas-calcadas-levam-mais-acessibilidade-e-seguranca-aos-moradores\\\/\"},\"author\":{\"name\":\"Reda\u00e7\u00e3o\",\"@id\":\"https:\\\/\\\/www.notibras.com\\\/site\\\/#\\\/schema\\\/person\\\/36ab0979449956132d3e5b517ea76ac8\"},\"headline\":\"Novas cal\u00e7adas levam mais acessibilidade e seguran\u00e7a aos moradores\",\"datePublished\":\"2024-06-09T03:02:43+00:00\",\"dateModified\":\"2024-06-09T14:04:25+00:00\",\"mainEntityOfPage\":{\"@id\":\"https:\\\/\\\/www.notibras.com\\\/site\\\/novas-calcadas-levam-mais-acessibilidade-e-seguranca-aos-moradores\\\/\"},\"wordCount\":466,\"publisher\":{\"@id\":\"https:\\\/\\\/www.notibras.com\\\/site\\\/#organization\"},\"image\":{\"@id\":\"https:\\\/\\\/www.notibras.com\\\/site\\\/novas-calcadas-levam-mais-acessibilidade-e-seguranca-aos-moradores\\\/#primaryimage\"},\"thumbnailUrl\":\"https:\\\/\\\/www.notibras.com\\\/site\\\/wp-content\\\/uploads\\\/2024\\\/06\\\/calcadas.gama_.jpg\",\"articleSection\":[\"Quadradinho em Foco\"],\"inLanguage\":\"pt-BR\"},{\"@type\":\"WebPage\",\"@id\":\"https:\\\/\\\/www.notibras.com\\\/site\\\/novas-calcadas-levam-mais-acessibilidade-e-seguranca-aos-moradores\\\/\",\"url\":\"https:\\\/\\\/www.notibras.com\\\/site\\\/novas-calcadas-levam-mais-acessibilidade-e-seguranca-aos-moradores\\\/\",\"name\":\"Novas cal\u00e7adas levam mais acessibilidade e seguran\u00e7a aos moradores - Notibras\",\"isPartOf\":{\"@id\":\"https:\\\/\\\/www.notibras.com\\\/site\\\/#website\"},\"primaryImageOfPage\":{\"@id\":\"https:\\\/\\\/www.notibras.com\\\/site\\\/novas-calcadas-levam-mais-acessibilidade-e-seguranca-aos-moradores\\\/#primaryimage\"},\"image\":{\"@id\":\"https:\\\/\\\/www.notibras.com\\\/site\\\/novas-calcadas-levam-mais-acessibilidade-e-seguranca-aos-moradores\\\/#primaryimage\"},\"thumbnailUrl\":\"https:\\\/\\\/www.notibras.com\\\/site\\\/wp-content\\\/uploads\\\/2024\\\/06\\\/calcadas.gama_.jpg\",\"datePublished\":\"2024-06-09T03:02:43+00:00\",\"dateModified\":\"2024-06-09T14:04:25+00:00\",\"breadcrumb\":{\"@id\":\"https:\\\/\\\/www.notibras.com\\\/site\\\/novas-calcadas-levam-mais-acessibilidade-e-seguranca-aos-moradores\\\/#breadcrumb\"},\"inLanguage\":\"pt-BR\",\"potentialAction\":[{\"@type\":\"ReadAction\",\"target\":[\"https:\\\/\\\/www.notibras.com\\\/site\\\/novas-calcadas-levam-mais-acessibilidade-e-seguranca-aos-moradores\\\/\"]}]},{\"@type\":\"ImageObject\",\"inLanguage\":\"pt-BR\",\"@id\":\"https:\\\/\\\/www.notibras.com\\\/site\\\/novas-calcadas-levam-mais-acessibilidade-e-seguranca-aos-moradores\\\/#primaryimage\",\"url\":\"https:\\\/\\\/www.notibras.com\\\/site\\\/wp-content\\\/uploads\\\/2024\\\/06\\\/calcadas.gama_.jpg\",\"contentUrl\":\"https:\\\/\\\/www.notibras.com\\\/site\\\/wp-content\\\/uploads\\\/2024\\\/06\\\/calcadas.gama_.jpg\",\"width\":1536,\"height\":1024},{\"@type\":\"BreadcrumbList\",\"@id\":\"https:\\\/\\\/www.notibras.com\\\/site\\\/novas-calcadas-levam-mais-acessibilidade-e-seguranca-aos-moradores\\\/#breadcrumb\",\"itemListElement\":[{\"@type\":\"ListItem\",\"position\":1,\"name\":\"In\u00edcio\",\"item\":\"https:\\\/\\\/www.notibras.com\\\/site\\\/\"},{\"@type\":\"ListItem\",\"position\":2,\"name\":\"Novas cal\u00e7adas levam mais acessibilidade e seguran\u00e7a aos moradores\"}]},{\"@type\":\"WebSite\",\"@id\":\"https:\\\/\\\/www.notibras.com\\\/site\\\/#website\",\"url\":\"https:\\\/\\\/www.notibras.com\\\/site\\\/\",\"name\":\"Notibras\",\"description\":\"Not\u00edcias de Bras\u00edlia, do Brasil e do Mundo\",\"publisher\":{\"@id\":\"https:\\\/\\\/www.notibras.com\\\/site\\\/#organization\"},\"potentialAction\":[{\"@type\":\"SearchAction\",\"target\":{\"@type\":\"EntryPoint\",\"urlTemplate\":\"https:\\\/\\\/www.notibras.com\\\/site\\\/?s={search_term_string}\"},\"query-input\":{\"@type\":\"PropertyValueSpecification\",\"valueRequired\":true,\"valueName\":\"search_term_string\"}}],\"inLanguage\":\"pt-BR\"},{\"@type\":\"Organization\",\"@id\":\"https:\\\/\\\/www.notibras.com\\\/site\\\/#organization\",\"name\":\"Grupo Notibras de Comunica\u00e7\u00e3o\",\"url\":\"https:\\\/\\\/www.notibras.com\\\/site\\\/\",\"logo\":{\"@type\":\"ImageObject\",\"inLanguage\":\"pt-BR\",\"@id\":\"https:\\\/\\\/www.notibras.com\\\/site\\\/#\\\/schema\\\/logo\\\/image\\\/\",\"url\":\"https:\\\/\\\/www.notibras.com\\\/site\\\/wp-content\\\/uploads\\\/2023\\\/01\\\/notibras23.png\",\"contentUrl\":\"https:\\\/\\\/www.notibras.com\\\/site\\\/wp-content\\\/uploads\\\/2023\\\/01\\\/notibras23.png\",\"width\":350,\"height\":87,\"caption\":\"Grupo Notibras de Comunica\u00e7\u00e3o\"},\"image\":{\"@id\":\"https:\\\/\\\/www.notibras.com\\\/site\\\/#\\\/schema\\\/logo\\\/image\\\/\"},\"sameAs\":[\"https:\\\/\\\/www.facebook.com\\\/notibras\\\/\",\"https:\\\/\\\/x.com\\\/Notibras\",\"https:\\\/\\\/www.instagram.com\\\/notibras\\\/\"]},{\"@type\":\"Person\",\"@id\":\"https:\\\/\\\/www.notibras.com\\\/site\\\/#\\\/schema\\\/person\\\/36ab0979449956132d3e5b517ea76ac8\",\"name\":\"Reda\u00e7\u00e3o\",\"image\":{\"@type\":\"ImageObject\",\"inLanguage\":\"pt-BR\",\"@id\":\"https:\\\/\\\/secure.gravatar.com\\\/avatar\\\/e0a867bdedb85fd243eadf09663511f96fc81e0720a4a42581f334ad4303aa6b?s=96&d=mm&r=g\",\"url\":\"https:\\\/\\\/secure.gravatar.com\\\/avatar\\\/e0a867bdedb85fd243eadf09663511f96fc81e0720a4a42581f334ad4303aa6b?s=96&d=mm&r=g\",\"contentUrl\":\"https:\\\/\\\/secure.gravatar.com\\\/avatar\\\/e0a867bdedb85fd243eadf09663511f96fc81e0720a4a42581f334ad4303aa6b?s=96&d=mm&r=g\",\"caption\":\"Reda\u00e7\u00e3o\"}}]}<\/script>\n<!-- \/ Yoast SEO plugin. -->","yoast_head_json":{"title":"Novas cal\u00e7adas levam mais acessibilidade e seguran\u00e7a aos moradores - Notibras","robots":{"index":"index","follow":"follow","max-snippet":"max-snippet:-1","max-image-preview":"max-image-preview:large","max-video-preview":"max-video-preview:-1"},"canonical":"https:\/\/www.notibras.com\/site\/novas-calcadas-levam-mais-acessibilidade-e-seguranca-aos-moradores\/","og_locale":"pt_BR","og_type":"article","og_title":"Novas cal\u00e7adas levam mais acessibilidade e seguran\u00e7a aos moradores - Notibras","og_description":"O Governo do Distrito Federal est\u00e1 levando cal\u00e7adas para todas as cidades do DF para garantir mais acessibilidade e seguran\u00e7a \u00e0 popula\u00e7\u00e3o. No Gama, a Companhia Urbanizadora da Nova Capital (Novacap) est\u00e1 construindo e reconstruindo o passeio do Setor Central da cidade. No total, o governo j\u00e1 entregou 650 quil\u00f4metros de cal\u00e7adas desde 2019, e [&hellip;]","og_url":"https:\/\/www.notibras.com\/site\/novas-calcadas-levam-mais-acessibilidade-e-seguranca-aos-moradores\/","og_site_name":"Notibras","article_publisher":"https:\/\/www.facebook.com\/notibras\/","article_published_time":"2024-06-09T03:02:43+00:00","article_modified_time":"2024-06-09T14:04:25+00:00","og_image":[{"width":1536,"height":1024,"url":"https:\/\/www.notibras.com\/site\/wp-content\/uploads\/2024\/06\/calcadas.gama_.jpg","type":"image\/jpeg"}],"author":"Reda\u00e7\u00e3o","twitter_card":"summary_large_image","twitter_creator":"@Notibras","twitter_site":"@Notibras","twitter_misc":{"Escrito por":"Reda\u00e7\u00e3o","Est. tempo de leitura":"3 minutos"},"schema":{"@context":"https:\/\/schema.org","@graph":[{"@type":"Article","@id":"https:\/\/www.notibras.com\/site\/novas-calcadas-levam-mais-acessibilidade-e-seguranca-aos-moradores\/#article","isPartOf":{"@id":"https:\/\/www.notibras.com\/site\/novas-calcadas-levam-mais-acessibilidade-e-seguranca-aos-moradores\/"},"author":{"name":"Reda\u00e7\u00e3o","@id":"https:\/\/www.notibras.com\/site\/#\/schema\/person\/36ab0979449956132d3e5b517ea76ac8"},"headline":"Novas cal\u00e7adas levam mais acessibilidade e seguran\u00e7a aos moradores","datePublished":"2024-06-09T03:02:43+00:00","dateModified":"2024-06-09T14:04:25+00:00","mainEntityOfPage":{"@id":"https:\/\/www.notibras.com\/site\/novas-calcadas-levam-mais-acessibilidade-e-seguranca-aos-moradores\/"},"wordCount":466,"publisher":{"@id":"https:\/\/www.notibras.com\/site\/#organization"},"image":{"@id":"https:\/\/www.notibras.com\/site\/novas-calcadas-levam-mais-acessibilidade-e-seguranca-aos-moradores\/#primaryimage"},"thumbnailUrl":"https:\/\/www.notibras.com\/site\/wp-content\/uploads\/2024\/06\/calcadas.gama_.jpg","articleSection":["Quadradinho em Foco"],"inLanguage":"pt-BR"},{"@type":"WebPage","@id":"https:\/\/www.notibras.com\/site\/novas-calcadas-levam-mais-acessibilidade-e-seguranca-aos-moradores\/","url":"https:\/\/www.notibras.com\/site\/novas-calcadas-levam-mais-acessibilidade-e-seguranca-aos-moradores\/","name":"Novas cal\u00e7adas levam mais acessibilidade e seguran\u00e7a aos moradores - Notibras","isPartOf":{"@id":"https:\/\/www.notibras.com\/site\/#website"},"primaryImageOfPage":{"@id":"https:\/\/www.notibras.com\/site\/novas-calcadas-levam-mais-acessibilidade-e-seguranca-aos-moradores\/#primaryimage"},"image":{"@id":"https:\/\/www.notibras.com\/site\/novas-calcadas-levam-mais-acessibilidade-e-seguranca-aos-moradores\/#primaryimage"},"thumbnailUrl":"https:\/\/www.notibras.com\/site\/wp-content\/uploads\/2024\/06\/calcadas.gama_.jpg","datePublished":"2024-06-09T03:02:43+00:00","dateModified":"2024-06-09T14:04:25+00:00","breadcrumb":{"@id":"https:\/\/www.notibras.com\/site\/novas-calcadas-levam-mais-acessibilidade-e-seguranca-aos-moradores\/#breadcrumb"},"inLanguage":"pt-BR","potentialAction":[{"@type":"ReadAction","target":["https:\/\/www.notibras.com\/site\/novas-calcadas-levam-mais-acessibilidade-e-seguranca-aos-moradores\/"]}]},{"@type":"ImageObject","inLanguage":"pt-BR","@id":"https:\/\/www.notibras.com\/site\/novas-calcadas-levam-mais-acessibilidade-e-seguranca-aos-moradores\/#primaryimage","url":"https:\/\/www.notibras.com\/site\/wp-content\/uploads\/2024\/06\/calcadas.gama_.jpg","contentUrl":"https:\/\/www.notibras.com\/site\/wp-content\/uploads\/2024\/06\/calcadas.gama_.jpg","width":1536,"height":1024},{"@type":"BreadcrumbList","@id":"https:\/\/www.notibras.com\/site\/novas-calcadas-levam-mais-acessibilidade-e-seguranca-aos-moradores\/#breadcrumb","itemListElement":[{"@type":"ListItem","position":1,"name":"In\u00edcio","item":"https:\/\/www.notibras.com\/site\/"},{"@type":"ListItem","position":2,"name":"Novas cal\u00e7adas levam mais acessibilidade e seguran\u00e7a aos moradores"}]},{"@type":"WebSite","@id":"https:\/\/www.notibras.com\/site\/#website","url":"https:\/\/www.notibras.com\/site\/","name":"Notibras","description":"Not\u00edcias de Bras\u00edlia, do Brasil e do Mundo","publisher":{"@id":"https:\/\/www.notibras.com\/site\/#organization"},"potentialAction":[{"@type":"SearchAction","target":{"@type":"EntryPoint","urlTemplate":"https:\/\/www.notibras.com\/site\/?s={search_term_string}"},"query-input":{"@type":"PropertyValueSpecification","valueRequired":true,"valueName":"search_term_string"}}],"inLanguage":"pt-BR"},{"@type":"Organization","@id":"https:\/\/www.notibras.com\/site\/#organization","name":"Grupo Notibras de Comunica\u00e7\u00e3o","url":"https:\/\/www.notibras.com\/site\/","logo":{"@type":"ImageObject","inLanguage":"pt-BR","@id":"https:\/\/www.notibras.com\/site\/#\/schema\/logo\/image\/","url":"https:\/\/www.notibras.com\/site\/wp-content\/uploads\/2023\/01\/notibras23.png","contentUrl":"https:\/\/www.notibras.com\/site\/wp-content\/uploads\/2023\/01\/notibras23.png","width":350,"height":87,"caption":"Grupo Notibras de Comunica\u00e7\u00e3o"},"image":{"@id":"https:\/\/www.notibras.com\/site\/#\/schema\/logo\/image\/"},"sameAs":["https:\/\/www.facebook.com\/notibras\/","https:\/\/x.com\/Notibras","https:\/\/www.instagram.com\/notibras\/"]},{"@type":"Person","@id":"https:\/\/www.notibras.com\/site\/#\/schema\/person\/36ab0979449956132d3e5b517ea76ac8","name":"Reda\u00e7\u00e3o","image":{"@type":"ImageObject","inLanguage":"pt-BR","@id":"https:\/\/secure.gravatar.com\/avatar\/e0a867bdedb85fd243eadf09663511f96fc81e0720a4a42581f334ad4303aa6b?s=96&d=mm&r=g","url":"https:\/\/secure.gravatar.com\/avatar\/e0a867bdedb85fd243eadf09663511f96fc81e0720a4a42581f334ad4303aa6b?s=96&d=mm&r=g","contentUrl":"https:\/\/secure.gravatar.com\/avatar\/e0a867bdedb85fd243eadf09663511f96fc81e0720a4a42581f334ad4303aa6b?s=96&d=mm&r=g","caption":"Reda\u00e7\u00e3o"}}]}},"amp_enabled":true,"_links":{"self":[{"href":"https:\/\/www.notibras.com\/site\/wp-json\/wp\/v2\/posts\/330366","targetHints":{"allow":["GET"]}}],"collection":[{"href":"https:\/\/www.notibras.com\/site\/wp-json\/wp\/v2\/posts"}],"about":[{"href":"https:\/\/www.notibras.com\/site\/wp-json\/wp\/v2\/types\/post"}],"author":[{"embeddable":true,"href":"https:\/\/www.notibras.com\/site\/wp-json\/wp\/v2\/users\/2"}],"replies":[{"embeddable":true,"href":"https:\/\/www.notibras.com\/site\/wp-json\/wp\/v2\/comments?post=330366"}],"version-history":[{"count":1,"href":"https:\/\/www.notibras.com\/site\/wp-json\/wp\/v2\/posts\/330366\/revisions"}],"predecessor-version":[{"id":330368,"href":"https:\/\/www.notibras.com\/site\/wp-json\/wp\/v2\/posts\/330366\/revisions\/330368"}],"wp:featuredmedia":[{"embeddable":true,"href":"https:\/\/www.notibras.com\/site\/wp-json\/wp\/v2\/media\/330367"}],"wp:attachment":[{"href":"https:\/\/www.notibras.com\/site\/wp-json\/wp\/v2\/media?parent=330366"}],"wp:term":[{"taxonomy":"category","embeddable":true,"href":"https:\/\/www.notibras.com\/site\/wp-json\/wp\/v2\/categories?post=330366"},{"taxonomy":"post_tag","embeddable":true,"href":"https:\/\/www.notibras.com\/site\/wp-json\/wp\/v2\/tags?post=330366"}],"curies":[{"name":"wp","href":"https:\/\/api.w.org\/{rel}","templated":true}]}}