{"id":330375,"date":"2024-06-09T01:19:07","date_gmt":"2024-06-09T04:19:07","guid":{"rendered":"https:\/\/www.notibras.com\/site\/?p=330375"},"modified":"2024-06-09T11:21:28","modified_gmt":"2024-06-09T14:21:28","slug":"psd-promove-curso-de-capacitacao-politica-exclusivo-para-mulheres","status":"publish","type":"post","link":"https:\/\/www.notibras.com\/site\/psd-promove-curso-de-capacitacao-politica-exclusivo-para-mulheres\/","title":{"rendered":"PSD promove curso de capacita\u00e7\u00e3o pol\u00edtica exclusivo para mulheres"},"content":{"rendered":"<p>Mulheres de todo o Distrito Federal estiveram reunidas neste s\u00e1bado (8), no hotel Cullinan Hplus Premium, na Asa Norte, no curso ministrado pelo Insper e promovido pelo PSD Mulher do DF. O evento foi aberto pela presidente nacional do PSD Mulher, Alda Marco Ant\u00f4nio, que ressaltou a import\u00e2ncia da presen\u00e7a feminina na capital, onde as leis s\u00e3o feitas, e destacou a necessidade de aumentar a participa\u00e7\u00e3o feminina na pol\u00edtica da capital.<\/p>\n<p>Alda usou como exemplo a futura presidente do M\u00e9xico, Claudia Sheinbaum Pardo, que tomar\u00e1 posse em 1\u00b0 de outubro deste ano. Ao vencer as elei\u00e7\u00f5es com mais de 35,9 milh\u00f5es de votos (59,75% do total). A aliada do atual presidente Andr\u00e9s Manuel L\u00f3pez Obrador e ex-prefeita da Cidade do M\u00e9xico disse que n\u00e3o chegou sozinha ao poder. A dirigente nacional do PSD Mulher tamb\u00e9m ressaltou o alto n\u00edvel do Insper, parceiro do partido que d\u00e1 cursos para mulheres em todo o Pa\u00eds.<\/p>\n<p>Para a presidente do PSD Mulher-DF, Deborah Carvalhido, o partido tem um compromisso com a capacita\u00e7\u00e3o das mulheres no Distrito Federal. Ela tamb\u00e9m destacou o desafio de trazer um curso que n\u00e3o estava previsto, mas que, com a participa\u00e7\u00e3o e a for\u00e7a do presidente do PSD-DF, Paulo Oct\u00e1vio, foi realizado.<\/p>\n<p>Ao lado da vice-presidente do PSD-DF, Anna Christina Kubitschek, o presidente do partido na capital, Paulo Oct\u00e1vio, destacou o papel da mulher na pol\u00edtica mundial. &#8220;A Alda pontuou um fato muito importante, que come\u00e7a a acontecer no nosso continente: o protagonismo feminino nas elei\u00e7\u00f5es presidenciais. Em um pa\u00eds t\u00e3o importante como o M\u00e9xico, duas mulheres competiram, uma foi a vencedora e isso mostrou a for\u00e7a da democracia e a participa\u00e7\u00e3o efetiva da mulher na pol\u00edtica&#8221;, avaliou.<\/p>\n<p>Paulo Oct\u00e1vio tamb\u00e9m lembrou que, historicamente, o PSD tem protagonismo feminino. E que essa posi\u00e7\u00e3o de destaque vem muito antes do aumento da participa\u00e7\u00e3o da mulher como nos dias atuais.<\/p>\n<p>&#8220;A Alda deu como exemplo o presidente Juscelino Kubitschek, que fez Bras\u00edlia em um momento dif\u00edcil, mas de grande entusiasmo nacional. E fez com democracia, entendimento e liberdade. Importante lembrar tamb\u00e9m que sua esposa, Dona Sarah, foi a primeira mulher a criar comit\u00eas femininos para apoiar o PSD. Ent\u00e3o, n\u00f3s estamos aqui em uma reuni\u00e3o hist\u00f3rica e muito importante, na qual abordamos a for\u00e7a da mulher brasileira na pol\u00edtica e a lembran\u00e7a de que os primeiros comit\u00eas femininos surgiram em 1956, na campanha de JK, capitaneados por Dona Sarah&#8221;, relembrou.<\/p>\n<p>O l\u00edder do PSD-DF falou ainda das elei\u00e7\u00f5es na Europa e nos Estados Unidos, nas quais as mulheres j\u00e1 est\u00e3o figurando como candidatas \u00e0 vice-presid\u00eancia, como Kamala Harris com Joe Biden. &#8220;Em breve, veremos uma mulher na presid\u00eancia dos Estados Unidos&#8221;, destacou. Ele afirmou ainda sua cren\u00e7a na igualdade de g\u00eaneros e na for\u00e7a da mulher brasileira.<\/p>\n<p>Em rela\u00e7\u00e3o \u00e0s elei\u00e7\u00f5es no Entorno, ele destacou que Bras\u00edlia abriga e emprega a popula\u00e7\u00e3o destas cidades. &#8220;Teremos candidatos do PSD para vereadores e prefeitos e vamos participar destas campanhas. Precisamos dar carinho e conforto \u00e0s pessoas que vivem nestas cidades, que, para mim, tamb\u00e9m s\u00e3o brasilienses&#8221;, concluiu.<\/p>\n","protected":false},"excerpt":{"rendered":"<p>Mulheres de todo o Distrito Federal estiveram reunidas neste s\u00e1bado (8), no hotel Cullinan Hplus Premium, na Asa Norte, no curso ministrado pelo Insper e promovido pelo PSD Mulher do DF. O evento foi aberto pela presidente nacional do PSD Mulher, Alda Marco Ant\u00f4nio, que ressaltou a import\u00e2ncia da presen\u00e7a feminina na capital, onde as [&hellip;]<\/p>\n","protected":false},"author":2,"featured_media":330376,"comment_status":"closed","ping_status":"closed","sticky":false,"template":"","format":"standard","meta":{"_acf_changed":false,"footnotes":""},"categories":[161],"tags":[],"class_list":["post-330375","post","type-post","status-publish","format-standard","has-post-thumbnail","hentry","category-quadradinho-em-foco"],"acf":[],"yoast_head":"<!-- This site is optimized with the Yoast SEO plugin v27.5 - https:\/\/yoast.com\/product\/yoast-seo-wordpress\/ -->\n<title>PSD promove curso de capacita\u00e7\u00e3o pol\u00edtica exclusivo para mulheres - Notibras<\/title>\n<meta name=\"robots\" content=\"index, follow, max-snippet:-1, max-image-preview:large, max-video-preview:-1\" \/>\n<link rel=\"canonical\" href=\"https:\/\/www.notibras.com\/site\/psd-promove-curso-de-capacitacao-politica-exclusivo-para-mulheres\/\" \/>\n<meta property=\"og:locale\" content=\"pt_BR\" \/>\n<meta property=\"og:type\" content=\"article\" \/>\n<meta property=\"og:title\" content=\"PSD promove curso de capacita\u00e7\u00e3o pol\u00edtica exclusivo para mulheres - Notibras\" \/>\n<meta property=\"og:description\" content=\"Mulheres de todo o Distrito Federal estiveram reunidas neste s\u00e1bado (8), no hotel Cullinan Hplus Premium, na Asa Norte, no curso ministrado pelo Insper e promovido pelo PSD Mulher do DF. O evento foi aberto pela presidente nacional do PSD Mulher, Alda Marco Ant\u00f4nio, que ressaltou a import\u00e2ncia da presen\u00e7a feminina na capital, onde as [&hellip;]\" \/>\n<meta property=\"og:url\" content=\"https:\/\/www.notibras.com\/site\/psd-promove-curso-de-capacitacao-politica-exclusivo-para-mulheres\/\" \/>\n<meta property=\"og:site_name\" content=\"Notibras\" \/>\n<meta property=\"article:publisher\" content=\"https:\/\/www.facebook.com\/notibras\/\" \/>\n<meta property=\"article:published_time\" content=\"2024-06-09T04:19:07+00:00\" \/>\n<meta property=\"article:modified_time\" content=\"2024-06-09T14:21:28+00:00\" \/>\n<meta property=\"og:image\" content=\"https:\/\/www.notibras.com\/site\/wp-content\/uploads\/2024\/06\/pomulheres.jpg\" \/>\n\t<meta property=\"og:image:width\" content=\"960\" \/>\n\t<meta property=\"og:image:height\" content=\"1280\" \/>\n\t<meta property=\"og:image:type\" content=\"image\/jpeg\" \/>\n<meta name=\"author\" content=\"Reda\u00e7\u00e3o\" \/>\n<meta name=\"twitter:card\" content=\"summary_large_image\" \/>\n<meta name=\"twitter:creator\" content=\"@Notibras\" \/>\n<meta name=\"twitter:site\" content=\"@Notibras\" \/>\n<meta name=\"twitter:label1\" content=\"Escrito por\" \/>\n\t<meta name=\"twitter:data1\" content=\"Reda\u00e7\u00e3o\" \/>\n\t<meta name=\"twitter:label2\" content=\"Est. tempo de leitura\" \/>\n\t<meta name=\"twitter:data2\" content=\"4 minutos\" \/>\n<script type=\"application\/ld+json\" class=\"yoast-schema-graph\">{\"@context\":\"https:\\\/\\\/schema.org\",\"@graph\":[{\"@type\":\"Article\",\"@id\":\"https:\\\/\\\/www.notibras.com\\\/site\\\/psd-promove-curso-de-capacitacao-politica-exclusivo-para-mulheres\\\/#article\",\"isPartOf\":{\"@id\":\"https:\\\/\\\/www.notibras.com\\\/site\\\/psd-promove-curso-de-capacitacao-politica-exclusivo-para-mulheres\\\/\"},\"author\":{\"name\":\"Reda\u00e7\u00e3o\",\"@id\":\"https:\\\/\\\/www.notibras.com\\\/site\\\/#\\\/schema\\\/person\\\/36ab0979449956132d3e5b517ea76ac8\"},\"headline\":\"PSD promove curso de capacita\u00e7\u00e3o pol\u00edtica exclusivo para mulheres\",\"datePublished\":\"2024-06-09T04:19:07+00:00\",\"dateModified\":\"2024-06-09T14:21:28+00:00\",\"mainEntityOfPage\":{\"@id\":\"https:\\\/\\\/www.notibras.com\\\/site\\\/psd-promove-curso-de-capacitacao-politica-exclusivo-para-mulheres\\\/\"},\"wordCount\":572,\"publisher\":{\"@id\":\"https:\\\/\\\/www.notibras.com\\\/site\\\/#organization\"},\"image\":{\"@id\":\"https:\\\/\\\/www.notibras.com\\\/site\\\/psd-promove-curso-de-capacitacao-politica-exclusivo-para-mulheres\\\/#primaryimage\"},\"thumbnailUrl\":\"https:\\\/\\\/www.notibras.com\\\/site\\\/wp-content\\\/uploads\\\/2024\\\/06\\\/pomulheres.jpg\",\"articleSection\":[\"Quadradinho em Foco\"],\"inLanguage\":\"pt-BR\"},{\"@type\":\"WebPage\",\"@id\":\"https:\\\/\\\/www.notibras.com\\\/site\\\/psd-promove-curso-de-capacitacao-politica-exclusivo-para-mulheres\\\/\",\"url\":\"https:\\\/\\\/www.notibras.com\\\/site\\\/psd-promove-curso-de-capacitacao-politica-exclusivo-para-mulheres\\\/\",\"name\":\"PSD promove curso de capacita\u00e7\u00e3o pol\u00edtica exclusivo para mulheres - Notibras\",\"isPartOf\":{\"@id\":\"https:\\\/\\\/www.notibras.com\\\/site\\\/#website\"},\"primaryImageOfPage\":{\"@id\":\"https:\\\/\\\/www.notibras.com\\\/site\\\/psd-promove-curso-de-capacitacao-politica-exclusivo-para-mulheres\\\/#primaryimage\"},\"image\":{\"@id\":\"https:\\\/\\\/www.notibras.com\\\/site\\\/psd-promove-curso-de-capacitacao-politica-exclusivo-para-mulheres\\\/#primaryimage\"},\"thumbnailUrl\":\"https:\\\/\\\/www.notibras.com\\\/site\\\/wp-content\\\/uploads\\\/2024\\\/06\\\/pomulheres.jpg\",\"datePublished\":\"2024-06-09T04:19:07+00:00\",\"dateModified\":\"2024-06-09T14:21:28+00:00\",\"breadcrumb\":{\"@id\":\"https:\\\/\\\/www.notibras.com\\\/site\\\/psd-promove-curso-de-capacitacao-politica-exclusivo-para-mulheres\\\/#breadcrumb\"},\"inLanguage\":\"pt-BR\",\"potentialAction\":[{\"@type\":\"ReadAction\",\"target\":[\"https:\\\/\\\/www.notibras.com\\\/site\\\/psd-promove-curso-de-capacitacao-politica-exclusivo-para-mulheres\\\/\"]}]},{\"@type\":\"ImageObject\",\"inLanguage\":\"pt-BR\",\"@id\":\"https:\\\/\\\/www.notibras.com\\\/site\\\/psd-promove-curso-de-capacitacao-politica-exclusivo-para-mulheres\\\/#primaryimage\",\"url\":\"https:\\\/\\\/www.notibras.com\\\/site\\\/wp-content\\\/uploads\\\/2024\\\/06\\\/pomulheres.jpg\",\"contentUrl\":\"https:\\\/\\\/www.notibras.com\\\/site\\\/wp-content\\\/uploads\\\/2024\\\/06\\\/pomulheres.jpg\",\"width\":960,\"height\":1280},{\"@type\":\"BreadcrumbList\",\"@id\":\"https:\\\/\\\/www.notibras.com\\\/site\\\/psd-promove-curso-de-capacitacao-politica-exclusivo-para-mulheres\\\/#breadcrumb\",\"itemListElement\":[{\"@type\":\"ListItem\",\"position\":1,\"name\":\"In\u00edcio\",\"item\":\"https:\\\/\\\/www.notibras.com\\\/site\\\/\"},{\"@type\":\"ListItem\",\"position\":2,\"name\":\"PSD promove curso de capacita\u00e7\u00e3o pol\u00edtica exclusivo para mulheres\"}]},{\"@type\":\"WebSite\",\"@id\":\"https:\\\/\\\/www.notibras.com\\\/site\\\/#website\",\"url\":\"https:\\\/\\\/www.notibras.com\\\/site\\\/\",\"name\":\"Notibras\",\"description\":\"Not\u00edcias de Bras\u00edlia, do Brasil e do Mundo\",\"publisher\":{\"@id\":\"https:\\\/\\\/www.notibras.com\\\/site\\\/#organization\"},\"potentialAction\":[{\"@type\":\"SearchAction\",\"target\":{\"@type\":\"EntryPoint\",\"urlTemplate\":\"https:\\\/\\\/www.notibras.com\\\/site\\\/?s={search_term_string}\"},\"query-input\":{\"@type\":\"PropertyValueSpecification\",\"valueRequired\":true,\"valueName\":\"search_term_string\"}}],\"inLanguage\":\"pt-BR\"},{\"@type\":\"Organization\",\"@id\":\"https:\\\/\\\/www.notibras.com\\\/site\\\/#organization\",\"name\":\"Grupo Notibras de Comunica\u00e7\u00e3o\",\"url\":\"https:\\\/\\\/www.notibras.com\\\/site\\\/\",\"logo\":{\"@type\":\"ImageObject\",\"inLanguage\":\"pt-BR\",\"@id\":\"https:\\\/\\\/www.notibras.com\\\/site\\\/#\\\/schema\\\/logo\\\/image\\\/\",\"url\":\"https:\\\/\\\/www.notibras.com\\\/site\\\/wp-content\\\/uploads\\\/2023\\\/01\\\/notibras23.png\",\"contentUrl\":\"https:\\\/\\\/www.notibras.com\\\/site\\\/wp-content\\\/uploads\\\/2023\\\/01\\\/notibras23.png\",\"width\":350,\"height\":87,\"caption\":\"Grupo Notibras de Comunica\u00e7\u00e3o\"},\"image\":{\"@id\":\"https:\\\/\\\/www.notibras.com\\\/site\\\/#\\\/schema\\\/logo\\\/image\\\/\"},\"sameAs\":[\"https:\\\/\\\/www.facebook.com\\\/notibras\\\/\",\"https:\\\/\\\/x.com\\\/Notibras\",\"https:\\\/\\\/www.instagram.com\\\/notibras\\\/\"]},{\"@type\":\"Person\",\"@id\":\"https:\\\/\\\/www.notibras.com\\\/site\\\/#\\\/schema\\\/person\\\/36ab0979449956132d3e5b517ea76ac8\",\"name\":\"Reda\u00e7\u00e3o\",\"image\":{\"@type\":\"ImageObject\",\"inLanguage\":\"pt-BR\",\"@id\":\"https:\\\/\\\/secure.gravatar.com\\\/avatar\\\/e0a867bdedb85fd243eadf09663511f96fc81e0720a4a42581f334ad4303aa6b?s=96&d=mm&r=g\",\"url\":\"https:\\\/\\\/secure.gravatar.com\\\/avatar\\\/e0a867bdedb85fd243eadf09663511f96fc81e0720a4a42581f334ad4303aa6b?s=96&d=mm&r=g\",\"contentUrl\":\"https:\\\/\\\/secure.gravatar.com\\\/avatar\\\/e0a867bdedb85fd243eadf09663511f96fc81e0720a4a42581f334ad4303aa6b?s=96&d=mm&r=g\",\"caption\":\"Reda\u00e7\u00e3o\"}}]}<\/script>\n<!-- \/ Yoast SEO plugin. -->","yoast_head_json":{"title":"PSD promove curso de capacita\u00e7\u00e3o pol\u00edtica exclusivo para mulheres - Notibras","robots":{"index":"index","follow":"follow","max-snippet":"max-snippet:-1","max-image-preview":"max-image-preview:large","max-video-preview":"max-video-preview:-1"},"canonical":"https:\/\/www.notibras.com\/site\/psd-promove-curso-de-capacitacao-politica-exclusivo-para-mulheres\/","og_locale":"pt_BR","og_type":"article","og_title":"PSD promove curso de capacita\u00e7\u00e3o pol\u00edtica exclusivo para mulheres - Notibras","og_description":"Mulheres de todo o Distrito Federal estiveram reunidas neste s\u00e1bado (8), no hotel Cullinan Hplus Premium, na Asa Norte, no curso ministrado pelo Insper e promovido pelo PSD Mulher do DF. O evento foi aberto pela presidente nacional do PSD Mulher, Alda Marco Ant\u00f4nio, que ressaltou a import\u00e2ncia da presen\u00e7a feminina na capital, onde as [&hellip;]","og_url":"https:\/\/www.notibras.com\/site\/psd-promove-curso-de-capacitacao-politica-exclusivo-para-mulheres\/","og_site_name":"Notibras","article_publisher":"https:\/\/www.facebook.com\/notibras\/","article_published_time":"2024-06-09T04:19:07+00:00","article_modified_time":"2024-06-09T14:21:28+00:00","og_image":[{"width":960,"height":1280,"url":"https:\/\/www.notibras.com\/site\/wp-content\/uploads\/2024\/06\/pomulheres.jpg","type":"image\/jpeg"}],"author":"Reda\u00e7\u00e3o","twitter_card":"summary_large_image","twitter_creator":"@Notibras","twitter_site":"@Notibras","twitter_misc":{"Escrito por":"Reda\u00e7\u00e3o","Est. tempo de leitura":"4 minutos"},"schema":{"@context":"https:\/\/schema.org","@graph":[{"@type":"Article","@id":"https:\/\/www.notibras.com\/site\/psd-promove-curso-de-capacitacao-politica-exclusivo-para-mulheres\/#article","isPartOf":{"@id":"https:\/\/www.notibras.com\/site\/psd-promove-curso-de-capacitacao-politica-exclusivo-para-mulheres\/"},"author":{"name":"Reda\u00e7\u00e3o","@id":"https:\/\/www.notibras.com\/site\/#\/schema\/person\/36ab0979449956132d3e5b517ea76ac8"},"headline":"PSD promove curso de capacita\u00e7\u00e3o pol\u00edtica exclusivo para mulheres","datePublished":"2024-06-09T04:19:07+00:00","dateModified":"2024-06-09T14:21:28+00:00","mainEntityOfPage":{"@id":"https:\/\/www.notibras.com\/site\/psd-promove-curso-de-capacitacao-politica-exclusivo-para-mulheres\/"},"wordCount":572,"publisher":{"@id":"https:\/\/www.notibras.com\/site\/#organization"},"image":{"@id":"https:\/\/www.notibras.com\/site\/psd-promove-curso-de-capacitacao-politica-exclusivo-para-mulheres\/#primaryimage"},"thumbnailUrl":"https:\/\/www.notibras.com\/site\/wp-content\/uploads\/2024\/06\/pomulheres.jpg","articleSection":["Quadradinho em Foco"],"inLanguage":"pt-BR"},{"@type":"WebPage","@id":"https:\/\/www.notibras.com\/site\/psd-promove-curso-de-capacitacao-politica-exclusivo-para-mulheres\/","url":"https:\/\/www.notibras.com\/site\/psd-promove-curso-de-capacitacao-politica-exclusivo-para-mulheres\/","name":"PSD promove curso de capacita\u00e7\u00e3o pol\u00edtica exclusivo para mulheres - Notibras","isPartOf":{"@id":"https:\/\/www.notibras.com\/site\/#website"},"primaryImageOfPage":{"@id":"https:\/\/www.notibras.com\/site\/psd-promove-curso-de-capacitacao-politica-exclusivo-para-mulheres\/#primaryimage"},"image":{"@id":"https:\/\/www.notibras.com\/site\/psd-promove-curso-de-capacitacao-politica-exclusivo-para-mulheres\/#primaryimage"},"thumbnailUrl":"https:\/\/www.notibras.com\/site\/wp-content\/uploads\/2024\/06\/pomulheres.jpg","datePublished":"2024-06-09T04:19:07+00:00","dateModified":"2024-06-09T14:21:28+00:00","breadcrumb":{"@id":"https:\/\/www.notibras.com\/site\/psd-promove-curso-de-capacitacao-politica-exclusivo-para-mulheres\/#breadcrumb"},"inLanguage":"pt-BR","potentialAction":[{"@type":"ReadAction","target":["https:\/\/www.notibras.com\/site\/psd-promove-curso-de-capacitacao-politica-exclusivo-para-mulheres\/"]}]},{"@type":"ImageObject","inLanguage":"pt-BR","@id":"https:\/\/www.notibras.com\/site\/psd-promove-curso-de-capacitacao-politica-exclusivo-para-mulheres\/#primaryimage","url":"https:\/\/www.notibras.com\/site\/wp-content\/uploads\/2024\/06\/pomulheres.jpg","contentUrl":"https:\/\/www.notibras.com\/site\/wp-content\/uploads\/2024\/06\/pomulheres.jpg","width":960,"height":1280},{"@type":"BreadcrumbList","@id":"https:\/\/www.notibras.com\/site\/psd-promove-curso-de-capacitacao-politica-exclusivo-para-mulheres\/#breadcrumb","itemListElement":[{"@type":"ListItem","position":1,"name":"In\u00edcio","item":"https:\/\/www.notibras.com\/site\/"},{"@type":"ListItem","position":2,"name":"PSD promove curso de capacita\u00e7\u00e3o pol\u00edtica exclusivo para mulheres"}]},{"@type":"WebSite","@id":"https:\/\/www.notibras.com\/site\/#website","url":"https:\/\/www.notibras.com\/site\/","name":"Notibras","description":"Not\u00edcias de Bras\u00edlia, do Brasil e do Mundo","publisher":{"@id":"https:\/\/www.notibras.com\/site\/#organization"},"potentialAction":[{"@type":"SearchAction","target":{"@type":"EntryPoint","urlTemplate":"https:\/\/www.notibras.com\/site\/?s={search_term_string}"},"query-input":{"@type":"PropertyValueSpecification","valueRequired":true,"valueName":"search_term_string"}}],"inLanguage":"pt-BR"},{"@type":"Organization","@id":"https:\/\/www.notibras.com\/site\/#organization","name":"Grupo Notibras de Comunica\u00e7\u00e3o","url":"https:\/\/www.notibras.com\/site\/","logo":{"@type":"ImageObject","inLanguage":"pt-BR","@id":"https:\/\/www.notibras.com\/site\/#\/schema\/logo\/image\/","url":"https:\/\/www.notibras.com\/site\/wp-content\/uploads\/2023\/01\/notibras23.png","contentUrl":"https:\/\/www.notibras.com\/site\/wp-content\/uploads\/2023\/01\/notibras23.png","width":350,"height":87,"caption":"Grupo Notibras de Comunica\u00e7\u00e3o"},"image":{"@id":"https:\/\/www.notibras.com\/site\/#\/schema\/logo\/image\/"},"sameAs":["https:\/\/www.facebook.com\/notibras\/","https:\/\/x.com\/Notibras","https:\/\/www.instagram.com\/notibras\/"]},{"@type":"Person","@id":"https:\/\/www.notibras.com\/site\/#\/schema\/person\/36ab0979449956132d3e5b517ea76ac8","name":"Reda\u00e7\u00e3o","image":{"@type":"ImageObject","inLanguage":"pt-BR","@id":"https:\/\/secure.gravatar.com\/avatar\/e0a867bdedb85fd243eadf09663511f96fc81e0720a4a42581f334ad4303aa6b?s=96&d=mm&r=g","url":"https:\/\/secure.gravatar.com\/avatar\/e0a867bdedb85fd243eadf09663511f96fc81e0720a4a42581f334ad4303aa6b?s=96&d=mm&r=g","contentUrl":"https:\/\/secure.gravatar.com\/avatar\/e0a867bdedb85fd243eadf09663511f96fc81e0720a4a42581f334ad4303aa6b?s=96&d=mm&r=g","caption":"Reda\u00e7\u00e3o"}}]}},"amp_enabled":true,"_links":{"self":[{"href":"https:\/\/www.notibras.com\/site\/wp-json\/wp\/v2\/posts\/330375","targetHints":{"allow":["GET"]}}],"collection":[{"href":"https:\/\/www.notibras.com\/site\/wp-json\/wp\/v2\/posts"}],"about":[{"href":"https:\/\/www.notibras.com\/site\/wp-json\/wp\/v2\/types\/post"}],"author":[{"embeddable":true,"href":"https:\/\/www.notibras.com\/site\/wp-json\/wp\/v2\/users\/2"}],"replies":[{"embeddable":true,"href":"https:\/\/www.notibras.com\/site\/wp-json\/wp\/v2\/comments?post=330375"}],"version-history":[{"count":1,"href":"https:\/\/www.notibras.com\/site\/wp-json\/wp\/v2\/posts\/330375\/revisions"}],"predecessor-version":[{"id":330377,"href":"https:\/\/www.notibras.com\/site\/wp-json\/wp\/v2\/posts\/330375\/revisions\/330377"}],"wp:featuredmedia":[{"embeddable":true,"href":"https:\/\/www.notibras.com\/site\/wp-json\/wp\/v2\/media\/330376"}],"wp:attachment":[{"href":"https:\/\/www.notibras.com\/site\/wp-json\/wp\/v2\/media?parent=330375"}],"wp:term":[{"taxonomy":"category","embeddable":true,"href":"https:\/\/www.notibras.com\/site\/wp-json\/wp\/v2\/categories?post=330375"},{"taxonomy":"post_tag","embeddable":true,"href":"https:\/\/www.notibras.com\/site\/wp-json\/wp\/v2\/tags?post=330375"}],"curies":[{"name":"wp","href":"https:\/\/api.w.org\/{rel}","templated":true}]}}