{"id":330419,"date":"2024-06-10T08:34:10","date_gmt":"2024-06-10T11:34:10","guid":{"rendered":"https:\/\/www.notibras.com\/site\/?p=330419"},"modified":"2024-06-10T09:47:22","modified_gmt":"2024-06-10T12:47:22","slug":"filho-enfim-conhece-o-pai-mas-no-cemiterio","status":"publish","type":"post","link":"https:\/\/www.notibras.com\/site\/filho-enfim-conhece-o-pai-mas-no-cemiterio\/","title":{"rendered":"Filho enfim conhece o pai, mas no cemit\u00e9rio"},"content":{"rendered":"<p>Tia Rosa \u00e9 afamada por tantos eufemismos. N\u00e3o acredito que ela procure se esconder da crueza da vida, mas apenas flore\u00e1-la. Al\u00e9m disso, at\u00e9 onde me lembro, n\u00e3o \u00e9 afeita a misticismo. Tanto \u00e9 que nunca a vi em igrejas ou rezando ao p\u00e9 de algum santo, costume t\u00e3o comum na fam\u00edlia.<\/p>\n<p>Casou muito cedo com o primeiro namorado, mas foi coisa que n\u00e3o durou mais que ano. Por sorte, como ela gostava de dizer, o tempo de alcova n\u00e3o foi suficiente para gerar fruto. A fam\u00edlia nunca soube se foi por causa de preven\u00e7\u00e3o de tia Rosa ou por conta de defeito do marido, que caiu no mundo e nunca mais se ouviu falar. Um traste, como todos se lembravam do sujeito.<\/p>\n<p>L\u00e1 pelos 30 anos, durante reuni\u00e3o de mulheres da fam\u00edlia, minha tia revelou que estava gr\u00e1vida. Minha m\u00e3e logo perguntou quem era o pai, mas a buchuda sorriu e disse que n\u00e3o tinha certeza, para desespero do vov\u00f4, que estava sentado na cadeira de balan\u00e7o no canto. De t\u00e3o assustado, pensei que fosse enfartar.<\/p>\n<p>Meu av\u00f4 sobreviveu e, j\u00e1 beirando final de ano, conheceu o neto, Jos\u00e9 Carlos, que nasceu trigueiro como os nossos. Os olhos azuis, mesmo que denunciasse um antepassado por todos desconhecido, apontava para o Alfredo, dono da padaria, um dos poucos amigos da fam\u00edlia com tal caracter\u00edstica. O problema \u00e9 que o homem era casado com uma prima nossa distante.<\/p>\n<p>Apesar das desconfian\u00e7as que sempre existiram, ningu\u00e9m foi capaz de decifrar aquele mist\u00e9rio at\u00e9 anteontem. \u00c9 que o Alfredo virou finado um dia antes. A parentada quase toda se fez presente no vel\u00f3rio, l\u00e1 no cemit\u00e9rio Campo da Esperan\u00e7a, inclusive tia Rosa e o filho, cheio de adolesc\u00eancias nos seus 14 anos.<\/p>\n<p>\u2014 M\u00e3e, quando \u00e9 que a senhora vai me levar pra conhecer o meu pai?<\/p>\n<p>\u2014 Se aquieta, menino! Seu pai acabou de virar camisa de saudade.<\/p>\n<p><strong>*Eduardo Mart\u00ednez \u00e9 autor do livro \u201c57 Contos e Cr\u00f4nicas por um Autor muito Velho\u201d.<\/strong><\/p>\n<p>Compre aqui\u00a0<span class=\"x19la9d6 x1fc57z9 x6ikm8r x10wlt62 x19co3pv x1g5zs5t xfibh0p xiy17q3 x1xsqp64 x1lkfr7t xexx8yu x4uap5 x18d9i69 xkhd6sd\"><span class=\"xrtxmta x1bhl96m\"><img decoding=\"async\" class=\"emoji\" role=\"img\" draggable=\"false\" src=\"https:\/\/s.w.org\/images\/core\/emoji\/14.0.0\/svg\/1f447-1f3ff.svg\" alt=\"&#x1f447;&#x1f3ff;\" \/><\/span><\/span><span class=\"x19la9d6 x1fc57z9 x6ikm8r x10wlt62 x19co3pv x1g5zs5t xfibh0p xiy17q3 x1xsqp64 x1lkfr7t xexx8yu x4uap5 x18d9i69 xkhd6sd\"><span class=\"xrtxmta x1bhl96m\"><img decoding=\"async\" class=\"emoji\" role=\"img\" draggable=\"false\" src=\"https:\/\/s.w.org\/images\/core\/emoji\/14.0.0\/svg\/1f447-1f3ff.svg\" alt=\"&#x1f447;&#x1f3ff;\" \/><\/span><\/span><span class=\"x19la9d6 x1fc57z9 x6ikm8r x10wlt62 x19co3pv x1g5zs5t xfibh0p xiy17q3 x1xsqp64 x1lkfr7t xexx8yu x4uap5 x18d9i69 xkhd6sd\"><span class=\"xrtxmta x1bhl96m\"><img decoding=\"async\" class=\"emoji\" role=\"img\" draggable=\"false\" src=\"https:\/\/s.w.org\/images\/core\/emoji\/14.0.0\/svg\/1f447-1f3ff.svg\" alt=\"&#x1f447;&#x1f3ff;\" \/><\/span><\/span><\/p>\n<p><a href=\"http:\/\/www.joanineditora.com.br\/57-contos-e-cronicas-por-um-autor-muito-velho\">http:\/\/www.joanineditora.com.br\/57-contos-e-cronicas-por-um-autor-muito-velho<\/a><\/p>\n","protected":false},"excerpt":{"rendered":"<p>Tia Rosa \u00e9 afamada por tantos eufemismos. N\u00e3o acredito que ela procure se esconder da crueza da vida, mas apenas flore\u00e1-la. Al\u00e9m disso, at\u00e9 onde me lembro, n\u00e3o \u00e9 afeita a misticismo. Tanto \u00e9 que nunca a vi em igrejas ou rezando ao p\u00e9 de algum santo, costume t\u00e3o comum na fam\u00edlia. Casou muito cedo [&hellip;]<\/p>\n","protected":false},"author":2,"featured_media":330420,"comment_status":"closed","ping_status":"closed","sticky":false,"template":"","format":"standard","meta":{"_acf_changed":false,"footnotes":""},"categories":[161],"tags":[],"class_list":["post-330419","post","type-post","status-publish","format-standard","has-post-thumbnail","hentry","category-quadradinho-em-foco"],"acf":[],"yoast_head":"<!-- This site is optimized with the Yoast SEO plugin v27.5 - https:\/\/yoast.com\/product\/yoast-seo-wordpress\/ -->\n<title>Filho enfim conhece o pai, mas no cemit\u00e9rio - Notibras<\/title>\n<meta name=\"robots\" content=\"index, follow, max-snippet:-1, max-image-preview:large, max-video-preview:-1\" \/>\n<link rel=\"canonical\" href=\"https:\/\/www.notibras.com\/site\/filho-enfim-conhece-o-pai-mas-no-cemiterio\/\" \/>\n<meta property=\"og:locale\" content=\"pt_BR\" \/>\n<meta property=\"og:type\" content=\"article\" \/>\n<meta property=\"og:title\" content=\"Filho enfim conhece o pai, mas no cemit\u00e9rio - Notibras\" \/>\n<meta property=\"og:description\" content=\"Tia Rosa \u00e9 afamada por tantos eufemismos. N\u00e3o acredito que ela procure se esconder da crueza da vida, mas apenas flore\u00e1-la. Al\u00e9m disso, at\u00e9 onde me lembro, n\u00e3o \u00e9 afeita a misticismo. Tanto \u00e9 que nunca a vi em igrejas ou rezando ao p\u00e9 de algum santo, costume t\u00e3o comum na fam\u00edlia. Casou muito cedo [&hellip;]\" \/>\n<meta property=\"og:url\" content=\"https:\/\/www.notibras.com\/site\/filho-enfim-conhece-o-pai-mas-no-cemiterio\/\" \/>\n<meta property=\"og:site_name\" content=\"Notibras\" \/>\n<meta property=\"article:publisher\" content=\"https:\/\/www.facebook.com\/notibras\/\" \/>\n<meta property=\"article:published_time\" content=\"2024-06-10T11:34:10+00:00\" \/>\n<meta property=\"article:modified_time\" content=\"2024-06-10T12:47:22+00:00\" \/>\n<meta property=\"og:image\" content=\"https:\/\/www.notibras.com\/site\/wp-content\/uploads\/2024\/06\/0ad5e5a0-f83e-4bf5-aea3-357cec3f3ab4.jpeg\" \/>\n\t<meta property=\"og:image:width\" content=\"512\" \/>\n\t<meta property=\"og:image:height\" content=\"474\" \/>\n\t<meta property=\"og:image:type\" content=\"image\/jpeg\" \/>\n<meta name=\"author\" content=\"Reda\u00e7\u00e3o\" \/>\n<meta name=\"twitter:card\" content=\"summary_large_image\" \/>\n<meta name=\"twitter:creator\" content=\"@Notibras\" \/>\n<meta name=\"twitter:site\" content=\"@Notibras\" \/>\n<meta name=\"twitter:label1\" content=\"Escrito por\" \/>\n\t<meta name=\"twitter:data1\" content=\"Reda\u00e7\u00e3o\" \/>\n\t<meta name=\"twitter:label2\" content=\"Est. tempo de leitura\" \/>\n\t<meta name=\"twitter:data2\" content=\"3 minutos\" \/>\n<script type=\"application\/ld+json\" class=\"yoast-schema-graph\">{\"@context\":\"https:\\\/\\\/schema.org\",\"@graph\":[{\"@type\":\"Article\",\"@id\":\"https:\\\/\\\/www.notibras.com\\\/site\\\/filho-enfim-conhece-o-pai-mas-no-cemiterio\\\/#article\",\"isPartOf\":{\"@id\":\"https:\\\/\\\/www.notibras.com\\\/site\\\/filho-enfim-conhece-o-pai-mas-no-cemiterio\\\/\"},\"author\":{\"name\":\"Reda\u00e7\u00e3o\",\"@id\":\"https:\\\/\\\/www.notibras.com\\\/site\\\/#\\\/schema\\\/person\\\/36ab0979449956132d3e5b517ea76ac8\"},\"headline\":\"Filho enfim conhece o pai, mas no cemit\u00e9rio\",\"datePublished\":\"2024-06-10T11:34:10+00:00\",\"dateModified\":\"2024-06-10T12:47:22+00:00\",\"mainEntityOfPage\":{\"@id\":\"https:\\\/\\\/www.notibras.com\\\/site\\\/filho-enfim-conhece-o-pai-mas-no-cemiterio\\\/\"},\"wordCount\":365,\"publisher\":{\"@id\":\"https:\\\/\\\/www.notibras.com\\\/site\\\/#organization\"},\"image\":{\"@id\":\"https:\\\/\\\/www.notibras.com\\\/site\\\/filho-enfim-conhece-o-pai-mas-no-cemiterio\\\/#primaryimage\"},\"thumbnailUrl\":\"https:\\\/\\\/www.notibras.com\\\/site\\\/wp-content\\\/uploads\\\/2024\\\/06\\\/0ad5e5a0-f83e-4bf5-aea3-357cec3f3ab4.jpeg\",\"articleSection\":[\"Quadradinho em Foco\"],\"inLanguage\":\"pt-BR\"},{\"@type\":\"WebPage\",\"@id\":\"https:\\\/\\\/www.notibras.com\\\/site\\\/filho-enfim-conhece-o-pai-mas-no-cemiterio\\\/\",\"url\":\"https:\\\/\\\/www.notibras.com\\\/site\\\/filho-enfim-conhece-o-pai-mas-no-cemiterio\\\/\",\"name\":\"Filho enfim conhece o pai, mas no cemit\u00e9rio - Notibras\",\"isPartOf\":{\"@id\":\"https:\\\/\\\/www.notibras.com\\\/site\\\/#website\"},\"primaryImageOfPage\":{\"@id\":\"https:\\\/\\\/www.notibras.com\\\/site\\\/filho-enfim-conhece-o-pai-mas-no-cemiterio\\\/#primaryimage\"},\"image\":{\"@id\":\"https:\\\/\\\/www.notibras.com\\\/site\\\/filho-enfim-conhece-o-pai-mas-no-cemiterio\\\/#primaryimage\"},\"thumbnailUrl\":\"https:\\\/\\\/www.notibras.com\\\/site\\\/wp-content\\\/uploads\\\/2024\\\/06\\\/0ad5e5a0-f83e-4bf5-aea3-357cec3f3ab4.jpeg\",\"datePublished\":\"2024-06-10T11:34:10+00:00\",\"dateModified\":\"2024-06-10T12:47:22+00:00\",\"breadcrumb\":{\"@id\":\"https:\\\/\\\/www.notibras.com\\\/site\\\/filho-enfim-conhece-o-pai-mas-no-cemiterio\\\/#breadcrumb\"},\"inLanguage\":\"pt-BR\",\"potentialAction\":[{\"@type\":\"ReadAction\",\"target\":[\"https:\\\/\\\/www.notibras.com\\\/site\\\/filho-enfim-conhece-o-pai-mas-no-cemiterio\\\/\"]}]},{\"@type\":\"ImageObject\",\"inLanguage\":\"pt-BR\",\"@id\":\"https:\\\/\\\/www.notibras.com\\\/site\\\/filho-enfim-conhece-o-pai-mas-no-cemiterio\\\/#primaryimage\",\"url\":\"https:\\\/\\\/www.notibras.com\\\/site\\\/wp-content\\\/uploads\\\/2024\\\/06\\\/0ad5e5a0-f83e-4bf5-aea3-357cec3f3ab4.jpeg\",\"contentUrl\":\"https:\\\/\\\/www.notibras.com\\\/site\\\/wp-content\\\/uploads\\\/2024\\\/06\\\/0ad5e5a0-f83e-4bf5-aea3-357cec3f3ab4.jpeg\",\"width\":512,\"height\":474},{\"@type\":\"BreadcrumbList\",\"@id\":\"https:\\\/\\\/www.notibras.com\\\/site\\\/filho-enfim-conhece-o-pai-mas-no-cemiterio\\\/#breadcrumb\",\"itemListElement\":[{\"@type\":\"ListItem\",\"position\":1,\"name\":\"In\u00edcio\",\"item\":\"https:\\\/\\\/www.notibras.com\\\/site\\\/\"},{\"@type\":\"ListItem\",\"position\":2,\"name\":\"Filho enfim conhece o pai, mas no cemit\u00e9rio\"}]},{\"@type\":\"WebSite\",\"@id\":\"https:\\\/\\\/www.notibras.com\\\/site\\\/#website\",\"url\":\"https:\\\/\\\/www.notibras.com\\\/site\\\/\",\"name\":\"Notibras\",\"description\":\"Not\u00edcias de Bras\u00edlia, do Brasil e do Mundo\",\"publisher\":{\"@id\":\"https:\\\/\\\/www.notibras.com\\\/site\\\/#organization\"},\"potentialAction\":[{\"@type\":\"SearchAction\",\"target\":{\"@type\":\"EntryPoint\",\"urlTemplate\":\"https:\\\/\\\/www.notibras.com\\\/site\\\/?s={search_term_string}\"},\"query-input\":{\"@type\":\"PropertyValueSpecification\",\"valueRequired\":true,\"valueName\":\"search_term_string\"}}],\"inLanguage\":\"pt-BR\"},{\"@type\":\"Organization\",\"@id\":\"https:\\\/\\\/www.notibras.com\\\/site\\\/#organization\",\"name\":\"Grupo Notibras de Comunica\u00e7\u00e3o\",\"url\":\"https:\\\/\\\/www.notibras.com\\\/site\\\/\",\"logo\":{\"@type\":\"ImageObject\",\"inLanguage\":\"pt-BR\",\"@id\":\"https:\\\/\\\/www.notibras.com\\\/site\\\/#\\\/schema\\\/logo\\\/image\\\/\",\"url\":\"https:\\\/\\\/www.notibras.com\\\/site\\\/wp-content\\\/uploads\\\/2023\\\/01\\\/notibras23.png\",\"contentUrl\":\"https:\\\/\\\/www.notibras.com\\\/site\\\/wp-content\\\/uploads\\\/2023\\\/01\\\/notibras23.png\",\"width\":350,\"height\":87,\"caption\":\"Grupo Notibras de Comunica\u00e7\u00e3o\"},\"image\":{\"@id\":\"https:\\\/\\\/www.notibras.com\\\/site\\\/#\\\/schema\\\/logo\\\/image\\\/\"},\"sameAs\":[\"https:\\\/\\\/www.facebook.com\\\/notibras\\\/\",\"https:\\\/\\\/x.com\\\/Notibras\",\"https:\\\/\\\/www.instagram.com\\\/notibras\\\/\"]},{\"@type\":\"Person\",\"@id\":\"https:\\\/\\\/www.notibras.com\\\/site\\\/#\\\/schema\\\/person\\\/36ab0979449956132d3e5b517ea76ac8\",\"name\":\"Reda\u00e7\u00e3o\",\"image\":{\"@type\":\"ImageObject\",\"inLanguage\":\"pt-BR\",\"@id\":\"https:\\\/\\\/secure.gravatar.com\\\/avatar\\\/e0a867bdedb85fd243eadf09663511f96fc81e0720a4a42581f334ad4303aa6b?s=96&d=mm&r=g\",\"url\":\"https:\\\/\\\/secure.gravatar.com\\\/avatar\\\/e0a867bdedb85fd243eadf09663511f96fc81e0720a4a42581f334ad4303aa6b?s=96&d=mm&r=g\",\"contentUrl\":\"https:\\\/\\\/secure.gravatar.com\\\/avatar\\\/e0a867bdedb85fd243eadf09663511f96fc81e0720a4a42581f334ad4303aa6b?s=96&d=mm&r=g\",\"caption\":\"Reda\u00e7\u00e3o\"}}]}<\/script>\n<!-- \/ Yoast SEO plugin. -->","yoast_head_json":{"title":"Filho enfim conhece o pai, mas no cemit\u00e9rio - Notibras","robots":{"index":"index","follow":"follow","max-snippet":"max-snippet:-1","max-image-preview":"max-image-preview:large","max-video-preview":"max-video-preview:-1"},"canonical":"https:\/\/www.notibras.com\/site\/filho-enfim-conhece-o-pai-mas-no-cemiterio\/","og_locale":"pt_BR","og_type":"article","og_title":"Filho enfim conhece o pai, mas no cemit\u00e9rio - Notibras","og_description":"Tia Rosa \u00e9 afamada por tantos eufemismos. N\u00e3o acredito que ela procure se esconder da crueza da vida, mas apenas flore\u00e1-la. Al\u00e9m disso, at\u00e9 onde me lembro, n\u00e3o \u00e9 afeita a misticismo. Tanto \u00e9 que nunca a vi em igrejas ou rezando ao p\u00e9 de algum santo, costume t\u00e3o comum na fam\u00edlia. Casou muito cedo [&hellip;]","og_url":"https:\/\/www.notibras.com\/site\/filho-enfim-conhece-o-pai-mas-no-cemiterio\/","og_site_name":"Notibras","article_publisher":"https:\/\/www.facebook.com\/notibras\/","article_published_time":"2024-06-10T11:34:10+00:00","article_modified_time":"2024-06-10T12:47:22+00:00","og_image":[{"width":512,"height":474,"url":"https:\/\/www.notibras.com\/site\/wp-content\/uploads\/2024\/06\/0ad5e5a0-f83e-4bf5-aea3-357cec3f3ab4.jpeg","type":"image\/jpeg"}],"author":"Reda\u00e7\u00e3o","twitter_card":"summary_large_image","twitter_creator":"@Notibras","twitter_site":"@Notibras","twitter_misc":{"Escrito por":"Reda\u00e7\u00e3o","Est. tempo de leitura":"3 minutos"},"schema":{"@context":"https:\/\/schema.org","@graph":[{"@type":"Article","@id":"https:\/\/www.notibras.com\/site\/filho-enfim-conhece-o-pai-mas-no-cemiterio\/#article","isPartOf":{"@id":"https:\/\/www.notibras.com\/site\/filho-enfim-conhece-o-pai-mas-no-cemiterio\/"},"author":{"name":"Reda\u00e7\u00e3o","@id":"https:\/\/www.notibras.com\/site\/#\/schema\/person\/36ab0979449956132d3e5b517ea76ac8"},"headline":"Filho enfim conhece o pai, mas no cemit\u00e9rio","datePublished":"2024-06-10T11:34:10+00:00","dateModified":"2024-06-10T12:47:22+00:00","mainEntityOfPage":{"@id":"https:\/\/www.notibras.com\/site\/filho-enfim-conhece-o-pai-mas-no-cemiterio\/"},"wordCount":365,"publisher":{"@id":"https:\/\/www.notibras.com\/site\/#organization"},"image":{"@id":"https:\/\/www.notibras.com\/site\/filho-enfim-conhece-o-pai-mas-no-cemiterio\/#primaryimage"},"thumbnailUrl":"https:\/\/www.notibras.com\/site\/wp-content\/uploads\/2024\/06\/0ad5e5a0-f83e-4bf5-aea3-357cec3f3ab4.jpeg","articleSection":["Quadradinho em Foco"],"inLanguage":"pt-BR"},{"@type":"WebPage","@id":"https:\/\/www.notibras.com\/site\/filho-enfim-conhece-o-pai-mas-no-cemiterio\/","url":"https:\/\/www.notibras.com\/site\/filho-enfim-conhece-o-pai-mas-no-cemiterio\/","name":"Filho enfim conhece o pai, mas no cemit\u00e9rio - Notibras","isPartOf":{"@id":"https:\/\/www.notibras.com\/site\/#website"},"primaryImageOfPage":{"@id":"https:\/\/www.notibras.com\/site\/filho-enfim-conhece-o-pai-mas-no-cemiterio\/#primaryimage"},"image":{"@id":"https:\/\/www.notibras.com\/site\/filho-enfim-conhece-o-pai-mas-no-cemiterio\/#primaryimage"},"thumbnailUrl":"https:\/\/www.notibras.com\/site\/wp-content\/uploads\/2024\/06\/0ad5e5a0-f83e-4bf5-aea3-357cec3f3ab4.jpeg","datePublished":"2024-06-10T11:34:10+00:00","dateModified":"2024-06-10T12:47:22+00:00","breadcrumb":{"@id":"https:\/\/www.notibras.com\/site\/filho-enfim-conhece-o-pai-mas-no-cemiterio\/#breadcrumb"},"inLanguage":"pt-BR","potentialAction":[{"@type":"ReadAction","target":["https:\/\/www.notibras.com\/site\/filho-enfim-conhece-o-pai-mas-no-cemiterio\/"]}]},{"@type":"ImageObject","inLanguage":"pt-BR","@id":"https:\/\/www.notibras.com\/site\/filho-enfim-conhece-o-pai-mas-no-cemiterio\/#primaryimage","url":"https:\/\/www.notibras.com\/site\/wp-content\/uploads\/2024\/06\/0ad5e5a0-f83e-4bf5-aea3-357cec3f3ab4.jpeg","contentUrl":"https:\/\/www.notibras.com\/site\/wp-content\/uploads\/2024\/06\/0ad5e5a0-f83e-4bf5-aea3-357cec3f3ab4.jpeg","width":512,"height":474},{"@type":"BreadcrumbList","@id":"https:\/\/www.notibras.com\/site\/filho-enfim-conhece-o-pai-mas-no-cemiterio\/#breadcrumb","itemListElement":[{"@type":"ListItem","position":1,"name":"In\u00edcio","item":"https:\/\/www.notibras.com\/site\/"},{"@type":"ListItem","position":2,"name":"Filho enfim conhece o pai, mas no cemit\u00e9rio"}]},{"@type":"WebSite","@id":"https:\/\/www.notibras.com\/site\/#website","url":"https:\/\/www.notibras.com\/site\/","name":"Notibras","description":"Not\u00edcias de Bras\u00edlia, do Brasil e do Mundo","publisher":{"@id":"https:\/\/www.notibras.com\/site\/#organization"},"potentialAction":[{"@type":"SearchAction","target":{"@type":"EntryPoint","urlTemplate":"https:\/\/www.notibras.com\/site\/?s={search_term_string}"},"query-input":{"@type":"PropertyValueSpecification","valueRequired":true,"valueName":"search_term_string"}}],"inLanguage":"pt-BR"},{"@type":"Organization","@id":"https:\/\/www.notibras.com\/site\/#organization","name":"Grupo Notibras de Comunica\u00e7\u00e3o","url":"https:\/\/www.notibras.com\/site\/","logo":{"@type":"ImageObject","inLanguage":"pt-BR","@id":"https:\/\/www.notibras.com\/site\/#\/schema\/logo\/image\/","url":"https:\/\/www.notibras.com\/site\/wp-content\/uploads\/2023\/01\/notibras23.png","contentUrl":"https:\/\/www.notibras.com\/site\/wp-content\/uploads\/2023\/01\/notibras23.png","width":350,"height":87,"caption":"Grupo Notibras de Comunica\u00e7\u00e3o"},"image":{"@id":"https:\/\/www.notibras.com\/site\/#\/schema\/logo\/image\/"},"sameAs":["https:\/\/www.facebook.com\/notibras\/","https:\/\/x.com\/Notibras","https:\/\/www.instagram.com\/notibras\/"]},{"@type":"Person","@id":"https:\/\/www.notibras.com\/site\/#\/schema\/person\/36ab0979449956132d3e5b517ea76ac8","name":"Reda\u00e7\u00e3o","image":{"@type":"ImageObject","inLanguage":"pt-BR","@id":"https:\/\/secure.gravatar.com\/avatar\/e0a867bdedb85fd243eadf09663511f96fc81e0720a4a42581f334ad4303aa6b?s=96&d=mm&r=g","url":"https:\/\/secure.gravatar.com\/avatar\/e0a867bdedb85fd243eadf09663511f96fc81e0720a4a42581f334ad4303aa6b?s=96&d=mm&r=g","contentUrl":"https:\/\/secure.gravatar.com\/avatar\/e0a867bdedb85fd243eadf09663511f96fc81e0720a4a42581f334ad4303aa6b?s=96&d=mm&r=g","caption":"Reda\u00e7\u00e3o"}}]}},"amp_enabled":true,"_links":{"self":[{"href":"https:\/\/www.notibras.com\/site\/wp-json\/wp\/v2\/posts\/330419","targetHints":{"allow":["GET"]}}],"collection":[{"href":"https:\/\/www.notibras.com\/site\/wp-json\/wp\/v2\/posts"}],"about":[{"href":"https:\/\/www.notibras.com\/site\/wp-json\/wp\/v2\/types\/post"}],"author":[{"embeddable":true,"href":"https:\/\/www.notibras.com\/site\/wp-json\/wp\/v2\/users\/2"}],"replies":[{"embeddable":true,"href":"https:\/\/www.notibras.com\/site\/wp-json\/wp\/v2\/comments?post=330419"}],"version-history":[{"count":3,"href":"https:\/\/www.notibras.com\/site\/wp-json\/wp\/v2\/posts\/330419\/revisions"}],"predecessor-version":[{"id":330447,"href":"https:\/\/www.notibras.com\/site\/wp-json\/wp\/v2\/posts\/330419\/revisions\/330447"}],"wp:featuredmedia":[{"embeddable":true,"href":"https:\/\/www.notibras.com\/site\/wp-json\/wp\/v2\/media\/330420"}],"wp:attachment":[{"href":"https:\/\/www.notibras.com\/site\/wp-json\/wp\/v2\/media?parent=330419"}],"wp:term":[{"taxonomy":"category","embeddable":true,"href":"https:\/\/www.notibras.com\/site\/wp-json\/wp\/v2\/categories?post=330419"},{"taxonomy":"post_tag","embeddable":true,"href":"https:\/\/www.notibras.com\/site\/wp-json\/wp\/v2\/tags?post=330419"}],"curies":[{"name":"wp","href":"https:\/\/api.w.org\/{rel}","templated":true}]}}