{"id":330426,"date":"2024-06-10T07:47:03","date_gmt":"2024-06-10T10:47:03","guid":{"rendered":"https:\/\/www.notibras.com\/site\/?p=330426"},"modified":"2024-06-10T08:48:39","modified_gmt":"2024-06-10T11:48:39","slug":"jazz-embala-a-noite-do-dia-dos-namorados-no-terraco-shopping","status":"publish","type":"post","link":"https:\/\/www.notibras.com\/site\/jazz-embala-a-noite-do-dia-dos-namorados-no-terraco-shopping\/","title":{"rendered":"Jazz embala a noite do Dia dos Namorados no Terra\u00e7o Shopping"},"content":{"rendered":"<p>A noite mais rom\u00e2ntica do ano est\u00e1 chegando e o Terra\u00e7o Shopping quis transform\u00e1-la em algo ainda mais especial, com a Noite de Jazz, para embalar o jantar dos namorados. Os clientes que decidirem passar a data, 12 de junho, em uma das opera\u00e7\u00f5es gastron\u00f4micas da \u00e1rea gourmet do shopping ter\u00e3o como trilha sonora o show da banda Jazz na Carta, a partir das 19h30.<\/p>\n<p>O quarteto, que \u00e9 formado por Sebastian Silva, no contrabaixo, Son Andrade, na bateria, Gabriel Martins, na guitarra, e Haniel Tenorio, no trompete e flugelhorn, trar\u00e1 uma apresenta\u00e7\u00e3o onde as pessoas poder\u00e3o curtir um repert\u00f3rio instrumental dan\u00e7ante, com m\u00fasicas que incluir\u00e3o, desde os cl\u00e1ssicos do jazz, at\u00e9 a grande diversidade da m\u00fasica brasileira.<\/p>\n<p>A apresenta\u00e7\u00e3o ter\u00e1 o cen\u00e1rio perfeito para que os casais aproveitem uma noite agrad\u00e1vel, com uma trilha sonora rom\u00e2ntica, debaixo de um c\u00e9u estrelado que s\u00f3 o Terra\u00e7o Shopping pode oferecer.<\/p>\n<p><strong>Promo\u00e7\u00e3o Dia dos Namorados<\/strong><br \/>\nPara complementar a data, o shopping est\u00e1 com uma promo\u00e7\u00e3o especial para o Dia dos Namorados, ao comprar o presente da pessoa amada, o cliente ter\u00e1 a oportunidade de trocar suas notas fiscais, na hora, por uma deliciosa caixa de chocolates Sele\u00e7\u00e3o Mini Tabletes Kopenhagen.<\/p>\n<p>Para participar da promo\u00e7\u00e3o do brinde, basta cadastrar R$ 400 em compras no aplicativo Wynk e retirar o chocolate da Kopenhagen imediatamente, no balc\u00e3o de trocas. A promo\u00e7\u00e3o acontecer\u00e1 entre os dias 3 e 16 de junho, ou enquanto durarem os estoques, e \u00e9 limitada a uma unidade por CPF.<\/p>\n","protected":false},"excerpt":{"rendered":"<p>A noite mais rom\u00e2ntica do ano est\u00e1 chegando e o Terra\u00e7o Shopping quis transform\u00e1-la em algo ainda mais especial, com a Noite de Jazz, para embalar o jantar dos namorados. Os clientes que decidirem passar a data, 12 de junho, em uma das opera\u00e7\u00f5es gastron\u00f4micas da \u00e1rea gourmet do shopping ter\u00e3o como trilha sonora o [&hellip;]<\/p>\n","protected":false},"author":2,"featured_media":330427,"comment_status":"closed","ping_status":"closed","sticky":false,"template":"","format":"standard","meta":{"_acf_changed":false,"footnotes":""},"categories":[161],"tags":[],"class_list":["post-330426","post","type-post","status-publish","format-standard","has-post-thumbnail","hentry","category-quadradinho-em-foco"],"acf":[],"yoast_head":"<!-- This site is optimized with the Yoast SEO plugin v27.5 - https:\/\/yoast.com\/product\/yoast-seo-wordpress\/ -->\n<title>Jazz embala a noite do Dia dos Namorados no Terra\u00e7o Shopping - Notibras<\/title>\n<meta name=\"robots\" content=\"index, follow, max-snippet:-1, max-image-preview:large, max-video-preview:-1\" \/>\n<link rel=\"canonical\" href=\"https:\/\/www.notibras.com\/site\/jazz-embala-a-noite-do-dia-dos-namorados-no-terraco-shopping\/\" \/>\n<meta property=\"og:locale\" content=\"pt_BR\" \/>\n<meta property=\"og:type\" content=\"article\" \/>\n<meta property=\"og:title\" content=\"Jazz embala a noite do Dia dos Namorados no Terra\u00e7o Shopping - Notibras\" \/>\n<meta property=\"og:description\" content=\"A noite mais rom\u00e2ntica do ano est\u00e1 chegando e o Terra\u00e7o Shopping quis transform\u00e1-la em algo ainda mais especial, com a Noite de Jazz, para embalar o jantar dos namorados. Os clientes que decidirem passar a data, 12 de junho, em uma das opera\u00e7\u00f5es gastron\u00f4micas da \u00e1rea gourmet do shopping ter\u00e3o como trilha sonora o [&hellip;]\" \/>\n<meta property=\"og:url\" content=\"https:\/\/www.notibras.com\/site\/jazz-embala-a-noite-do-dia-dos-namorados-no-terraco-shopping\/\" \/>\n<meta property=\"og:site_name\" content=\"Notibras\" \/>\n<meta property=\"article:publisher\" content=\"https:\/\/www.facebook.com\/notibras\/\" \/>\n<meta property=\"article:published_time\" content=\"2024-06-10T10:47:03+00:00\" \/>\n<meta property=\"article:modified_time\" content=\"2024-06-10T11:48:39+00:00\" \/>\n<meta property=\"og:image\" content=\"https:\/\/www.notibras.com\/site\/wp-content\/uploads\/2024\/06\/Jazz-Na-Carta-1.jpeg\" \/>\n\t<meta property=\"og:image:width\" content=\"1200\" \/>\n\t<meta property=\"og:image:height\" content=\"1500\" \/>\n\t<meta property=\"og:image:type\" content=\"image\/jpeg\" \/>\n<meta name=\"author\" content=\"Reda\u00e7\u00e3o\" \/>\n<meta name=\"twitter:card\" content=\"summary_large_image\" \/>\n<meta name=\"twitter:creator\" content=\"@Notibras\" \/>\n<meta name=\"twitter:site\" content=\"@Notibras\" \/>\n<meta name=\"twitter:label1\" content=\"Escrito por\" \/>\n\t<meta name=\"twitter:data1\" content=\"Reda\u00e7\u00e3o\" \/>\n\t<meta name=\"twitter:label2\" content=\"Est. tempo de leitura\" \/>\n\t<meta name=\"twitter:data2\" content=\"2 minutos\" \/>\n<script type=\"application\/ld+json\" class=\"yoast-schema-graph\">{\"@context\":\"https:\\\/\\\/schema.org\",\"@graph\":[{\"@type\":\"Article\",\"@id\":\"https:\\\/\\\/www.notibras.com\\\/site\\\/jazz-embala-a-noite-do-dia-dos-namorados-no-terraco-shopping\\\/#article\",\"isPartOf\":{\"@id\":\"https:\\\/\\\/www.notibras.com\\\/site\\\/jazz-embala-a-noite-do-dia-dos-namorados-no-terraco-shopping\\\/\"},\"author\":{\"name\":\"Reda\u00e7\u00e3o\",\"@id\":\"https:\\\/\\\/www.notibras.com\\\/site\\\/#\\\/schema\\\/person\\\/36ab0979449956132d3e5b517ea76ac8\"},\"headline\":\"Jazz embala a noite do Dia dos Namorados no Terra\u00e7o Shopping\",\"datePublished\":\"2024-06-10T10:47:03+00:00\",\"dateModified\":\"2024-06-10T11:48:39+00:00\",\"mainEntityOfPage\":{\"@id\":\"https:\\\/\\\/www.notibras.com\\\/site\\\/jazz-embala-a-noite-do-dia-dos-namorados-no-terraco-shopping\\\/\"},\"wordCount\":280,\"publisher\":{\"@id\":\"https:\\\/\\\/www.notibras.com\\\/site\\\/#organization\"},\"image\":{\"@id\":\"https:\\\/\\\/www.notibras.com\\\/site\\\/jazz-embala-a-noite-do-dia-dos-namorados-no-terraco-shopping\\\/#primaryimage\"},\"thumbnailUrl\":\"https:\\\/\\\/www.notibras.com\\\/site\\\/wp-content\\\/uploads\\\/2024\\\/06\\\/Jazz-Na-Carta-1.jpeg\",\"articleSection\":[\"Quadradinho em Foco\"],\"inLanguage\":\"pt-BR\"},{\"@type\":\"WebPage\",\"@id\":\"https:\\\/\\\/www.notibras.com\\\/site\\\/jazz-embala-a-noite-do-dia-dos-namorados-no-terraco-shopping\\\/\",\"url\":\"https:\\\/\\\/www.notibras.com\\\/site\\\/jazz-embala-a-noite-do-dia-dos-namorados-no-terraco-shopping\\\/\",\"name\":\"Jazz embala a noite do Dia dos Namorados no Terra\u00e7o Shopping - Notibras\",\"isPartOf\":{\"@id\":\"https:\\\/\\\/www.notibras.com\\\/site\\\/#website\"},\"primaryImageOfPage\":{\"@id\":\"https:\\\/\\\/www.notibras.com\\\/site\\\/jazz-embala-a-noite-do-dia-dos-namorados-no-terraco-shopping\\\/#primaryimage\"},\"image\":{\"@id\":\"https:\\\/\\\/www.notibras.com\\\/site\\\/jazz-embala-a-noite-do-dia-dos-namorados-no-terraco-shopping\\\/#primaryimage\"},\"thumbnailUrl\":\"https:\\\/\\\/www.notibras.com\\\/site\\\/wp-content\\\/uploads\\\/2024\\\/06\\\/Jazz-Na-Carta-1.jpeg\",\"datePublished\":\"2024-06-10T10:47:03+00:00\",\"dateModified\":\"2024-06-10T11:48:39+00:00\",\"breadcrumb\":{\"@id\":\"https:\\\/\\\/www.notibras.com\\\/site\\\/jazz-embala-a-noite-do-dia-dos-namorados-no-terraco-shopping\\\/#breadcrumb\"},\"inLanguage\":\"pt-BR\",\"potentialAction\":[{\"@type\":\"ReadAction\",\"target\":[\"https:\\\/\\\/www.notibras.com\\\/site\\\/jazz-embala-a-noite-do-dia-dos-namorados-no-terraco-shopping\\\/\"]}]},{\"@type\":\"ImageObject\",\"inLanguage\":\"pt-BR\",\"@id\":\"https:\\\/\\\/www.notibras.com\\\/site\\\/jazz-embala-a-noite-do-dia-dos-namorados-no-terraco-shopping\\\/#primaryimage\",\"url\":\"https:\\\/\\\/www.notibras.com\\\/site\\\/wp-content\\\/uploads\\\/2024\\\/06\\\/Jazz-Na-Carta-1.jpeg\",\"contentUrl\":\"https:\\\/\\\/www.notibras.com\\\/site\\\/wp-content\\\/uploads\\\/2024\\\/06\\\/Jazz-Na-Carta-1.jpeg\",\"width\":1200,\"height\":1500},{\"@type\":\"BreadcrumbList\",\"@id\":\"https:\\\/\\\/www.notibras.com\\\/site\\\/jazz-embala-a-noite-do-dia-dos-namorados-no-terraco-shopping\\\/#breadcrumb\",\"itemListElement\":[{\"@type\":\"ListItem\",\"position\":1,\"name\":\"In\u00edcio\",\"item\":\"https:\\\/\\\/www.notibras.com\\\/site\\\/\"},{\"@type\":\"ListItem\",\"position\":2,\"name\":\"Jazz embala a noite do Dia dos Namorados no Terra\u00e7o Shopping\"}]},{\"@type\":\"WebSite\",\"@id\":\"https:\\\/\\\/www.notibras.com\\\/site\\\/#website\",\"url\":\"https:\\\/\\\/www.notibras.com\\\/site\\\/\",\"name\":\"Notibras\",\"description\":\"Not\u00edcias de Bras\u00edlia, do Brasil e do Mundo\",\"publisher\":{\"@id\":\"https:\\\/\\\/www.notibras.com\\\/site\\\/#organization\"},\"potentialAction\":[{\"@type\":\"SearchAction\",\"target\":{\"@type\":\"EntryPoint\",\"urlTemplate\":\"https:\\\/\\\/www.notibras.com\\\/site\\\/?s={search_term_string}\"},\"query-input\":{\"@type\":\"PropertyValueSpecification\",\"valueRequired\":true,\"valueName\":\"search_term_string\"}}],\"inLanguage\":\"pt-BR\"},{\"@type\":\"Organization\",\"@id\":\"https:\\\/\\\/www.notibras.com\\\/site\\\/#organization\",\"name\":\"Grupo Notibras de Comunica\u00e7\u00e3o\",\"url\":\"https:\\\/\\\/www.notibras.com\\\/site\\\/\",\"logo\":{\"@type\":\"ImageObject\",\"inLanguage\":\"pt-BR\",\"@id\":\"https:\\\/\\\/www.notibras.com\\\/site\\\/#\\\/schema\\\/logo\\\/image\\\/\",\"url\":\"https:\\\/\\\/www.notibras.com\\\/site\\\/wp-content\\\/uploads\\\/2023\\\/01\\\/notibras23.png\",\"contentUrl\":\"https:\\\/\\\/www.notibras.com\\\/site\\\/wp-content\\\/uploads\\\/2023\\\/01\\\/notibras23.png\",\"width\":350,\"height\":87,\"caption\":\"Grupo Notibras de Comunica\u00e7\u00e3o\"},\"image\":{\"@id\":\"https:\\\/\\\/www.notibras.com\\\/site\\\/#\\\/schema\\\/logo\\\/image\\\/\"},\"sameAs\":[\"https:\\\/\\\/www.facebook.com\\\/notibras\\\/\",\"https:\\\/\\\/x.com\\\/Notibras\",\"https:\\\/\\\/www.instagram.com\\\/notibras\\\/\"]},{\"@type\":\"Person\",\"@id\":\"https:\\\/\\\/www.notibras.com\\\/site\\\/#\\\/schema\\\/person\\\/36ab0979449956132d3e5b517ea76ac8\",\"name\":\"Reda\u00e7\u00e3o\",\"image\":{\"@type\":\"ImageObject\",\"inLanguage\":\"pt-BR\",\"@id\":\"https:\\\/\\\/secure.gravatar.com\\\/avatar\\\/e0a867bdedb85fd243eadf09663511f96fc81e0720a4a42581f334ad4303aa6b?s=96&d=mm&r=g\",\"url\":\"https:\\\/\\\/secure.gravatar.com\\\/avatar\\\/e0a867bdedb85fd243eadf09663511f96fc81e0720a4a42581f334ad4303aa6b?s=96&d=mm&r=g\",\"contentUrl\":\"https:\\\/\\\/secure.gravatar.com\\\/avatar\\\/e0a867bdedb85fd243eadf09663511f96fc81e0720a4a42581f334ad4303aa6b?s=96&d=mm&r=g\",\"caption\":\"Reda\u00e7\u00e3o\"}}]}<\/script>\n<!-- \/ Yoast SEO plugin. -->","yoast_head_json":{"title":"Jazz embala a noite do Dia dos Namorados no Terra\u00e7o Shopping - Notibras","robots":{"index":"index","follow":"follow","max-snippet":"max-snippet:-1","max-image-preview":"max-image-preview:large","max-video-preview":"max-video-preview:-1"},"canonical":"https:\/\/www.notibras.com\/site\/jazz-embala-a-noite-do-dia-dos-namorados-no-terraco-shopping\/","og_locale":"pt_BR","og_type":"article","og_title":"Jazz embala a noite do Dia dos Namorados no Terra\u00e7o Shopping - Notibras","og_description":"A noite mais rom\u00e2ntica do ano est\u00e1 chegando e o Terra\u00e7o Shopping quis transform\u00e1-la em algo ainda mais especial, com a Noite de Jazz, para embalar o jantar dos namorados. Os clientes que decidirem passar a data, 12 de junho, em uma das opera\u00e7\u00f5es gastron\u00f4micas da \u00e1rea gourmet do shopping ter\u00e3o como trilha sonora o [&hellip;]","og_url":"https:\/\/www.notibras.com\/site\/jazz-embala-a-noite-do-dia-dos-namorados-no-terraco-shopping\/","og_site_name":"Notibras","article_publisher":"https:\/\/www.facebook.com\/notibras\/","article_published_time":"2024-06-10T10:47:03+00:00","article_modified_time":"2024-06-10T11:48:39+00:00","og_image":[{"width":1200,"height":1500,"url":"https:\/\/www.notibras.com\/site\/wp-content\/uploads\/2024\/06\/Jazz-Na-Carta-1.jpeg","type":"image\/jpeg"}],"author":"Reda\u00e7\u00e3o","twitter_card":"summary_large_image","twitter_creator":"@Notibras","twitter_site":"@Notibras","twitter_misc":{"Escrito por":"Reda\u00e7\u00e3o","Est. tempo de leitura":"2 minutos"},"schema":{"@context":"https:\/\/schema.org","@graph":[{"@type":"Article","@id":"https:\/\/www.notibras.com\/site\/jazz-embala-a-noite-do-dia-dos-namorados-no-terraco-shopping\/#article","isPartOf":{"@id":"https:\/\/www.notibras.com\/site\/jazz-embala-a-noite-do-dia-dos-namorados-no-terraco-shopping\/"},"author":{"name":"Reda\u00e7\u00e3o","@id":"https:\/\/www.notibras.com\/site\/#\/schema\/person\/36ab0979449956132d3e5b517ea76ac8"},"headline":"Jazz embala a noite do Dia dos Namorados no Terra\u00e7o Shopping","datePublished":"2024-06-10T10:47:03+00:00","dateModified":"2024-06-10T11:48:39+00:00","mainEntityOfPage":{"@id":"https:\/\/www.notibras.com\/site\/jazz-embala-a-noite-do-dia-dos-namorados-no-terraco-shopping\/"},"wordCount":280,"publisher":{"@id":"https:\/\/www.notibras.com\/site\/#organization"},"image":{"@id":"https:\/\/www.notibras.com\/site\/jazz-embala-a-noite-do-dia-dos-namorados-no-terraco-shopping\/#primaryimage"},"thumbnailUrl":"https:\/\/www.notibras.com\/site\/wp-content\/uploads\/2024\/06\/Jazz-Na-Carta-1.jpeg","articleSection":["Quadradinho em Foco"],"inLanguage":"pt-BR"},{"@type":"WebPage","@id":"https:\/\/www.notibras.com\/site\/jazz-embala-a-noite-do-dia-dos-namorados-no-terraco-shopping\/","url":"https:\/\/www.notibras.com\/site\/jazz-embala-a-noite-do-dia-dos-namorados-no-terraco-shopping\/","name":"Jazz embala a noite do Dia dos Namorados no Terra\u00e7o Shopping - Notibras","isPartOf":{"@id":"https:\/\/www.notibras.com\/site\/#website"},"primaryImageOfPage":{"@id":"https:\/\/www.notibras.com\/site\/jazz-embala-a-noite-do-dia-dos-namorados-no-terraco-shopping\/#primaryimage"},"image":{"@id":"https:\/\/www.notibras.com\/site\/jazz-embala-a-noite-do-dia-dos-namorados-no-terraco-shopping\/#primaryimage"},"thumbnailUrl":"https:\/\/www.notibras.com\/site\/wp-content\/uploads\/2024\/06\/Jazz-Na-Carta-1.jpeg","datePublished":"2024-06-10T10:47:03+00:00","dateModified":"2024-06-10T11:48:39+00:00","breadcrumb":{"@id":"https:\/\/www.notibras.com\/site\/jazz-embala-a-noite-do-dia-dos-namorados-no-terraco-shopping\/#breadcrumb"},"inLanguage":"pt-BR","potentialAction":[{"@type":"ReadAction","target":["https:\/\/www.notibras.com\/site\/jazz-embala-a-noite-do-dia-dos-namorados-no-terraco-shopping\/"]}]},{"@type":"ImageObject","inLanguage":"pt-BR","@id":"https:\/\/www.notibras.com\/site\/jazz-embala-a-noite-do-dia-dos-namorados-no-terraco-shopping\/#primaryimage","url":"https:\/\/www.notibras.com\/site\/wp-content\/uploads\/2024\/06\/Jazz-Na-Carta-1.jpeg","contentUrl":"https:\/\/www.notibras.com\/site\/wp-content\/uploads\/2024\/06\/Jazz-Na-Carta-1.jpeg","width":1200,"height":1500},{"@type":"BreadcrumbList","@id":"https:\/\/www.notibras.com\/site\/jazz-embala-a-noite-do-dia-dos-namorados-no-terraco-shopping\/#breadcrumb","itemListElement":[{"@type":"ListItem","position":1,"name":"In\u00edcio","item":"https:\/\/www.notibras.com\/site\/"},{"@type":"ListItem","position":2,"name":"Jazz embala a noite do Dia dos Namorados no Terra\u00e7o Shopping"}]},{"@type":"WebSite","@id":"https:\/\/www.notibras.com\/site\/#website","url":"https:\/\/www.notibras.com\/site\/","name":"Notibras","description":"Not\u00edcias de Bras\u00edlia, do Brasil e do Mundo","publisher":{"@id":"https:\/\/www.notibras.com\/site\/#organization"},"potentialAction":[{"@type":"SearchAction","target":{"@type":"EntryPoint","urlTemplate":"https:\/\/www.notibras.com\/site\/?s={search_term_string}"},"query-input":{"@type":"PropertyValueSpecification","valueRequired":true,"valueName":"search_term_string"}}],"inLanguage":"pt-BR"},{"@type":"Organization","@id":"https:\/\/www.notibras.com\/site\/#organization","name":"Grupo Notibras de Comunica\u00e7\u00e3o","url":"https:\/\/www.notibras.com\/site\/","logo":{"@type":"ImageObject","inLanguage":"pt-BR","@id":"https:\/\/www.notibras.com\/site\/#\/schema\/logo\/image\/","url":"https:\/\/www.notibras.com\/site\/wp-content\/uploads\/2023\/01\/notibras23.png","contentUrl":"https:\/\/www.notibras.com\/site\/wp-content\/uploads\/2023\/01\/notibras23.png","width":350,"height":87,"caption":"Grupo Notibras de Comunica\u00e7\u00e3o"},"image":{"@id":"https:\/\/www.notibras.com\/site\/#\/schema\/logo\/image\/"},"sameAs":["https:\/\/www.facebook.com\/notibras\/","https:\/\/x.com\/Notibras","https:\/\/www.instagram.com\/notibras\/"]},{"@type":"Person","@id":"https:\/\/www.notibras.com\/site\/#\/schema\/person\/36ab0979449956132d3e5b517ea76ac8","name":"Reda\u00e7\u00e3o","image":{"@type":"ImageObject","inLanguage":"pt-BR","@id":"https:\/\/secure.gravatar.com\/avatar\/e0a867bdedb85fd243eadf09663511f96fc81e0720a4a42581f334ad4303aa6b?s=96&d=mm&r=g","url":"https:\/\/secure.gravatar.com\/avatar\/e0a867bdedb85fd243eadf09663511f96fc81e0720a4a42581f334ad4303aa6b?s=96&d=mm&r=g","contentUrl":"https:\/\/secure.gravatar.com\/avatar\/e0a867bdedb85fd243eadf09663511f96fc81e0720a4a42581f334ad4303aa6b?s=96&d=mm&r=g","caption":"Reda\u00e7\u00e3o"}}]}},"amp_enabled":true,"_links":{"self":[{"href":"https:\/\/www.notibras.com\/site\/wp-json\/wp\/v2\/posts\/330426","targetHints":{"allow":["GET"]}}],"collection":[{"href":"https:\/\/www.notibras.com\/site\/wp-json\/wp\/v2\/posts"}],"about":[{"href":"https:\/\/www.notibras.com\/site\/wp-json\/wp\/v2\/types\/post"}],"author":[{"embeddable":true,"href":"https:\/\/www.notibras.com\/site\/wp-json\/wp\/v2\/users\/2"}],"replies":[{"embeddable":true,"href":"https:\/\/www.notibras.com\/site\/wp-json\/wp\/v2\/comments?post=330426"}],"version-history":[{"count":1,"href":"https:\/\/www.notibras.com\/site\/wp-json\/wp\/v2\/posts\/330426\/revisions"}],"predecessor-version":[{"id":330428,"href":"https:\/\/www.notibras.com\/site\/wp-json\/wp\/v2\/posts\/330426\/revisions\/330428"}],"wp:featuredmedia":[{"embeddable":true,"href":"https:\/\/www.notibras.com\/site\/wp-json\/wp\/v2\/media\/330427"}],"wp:attachment":[{"href":"https:\/\/www.notibras.com\/site\/wp-json\/wp\/v2\/media?parent=330426"}],"wp:term":[{"taxonomy":"category","embeddable":true,"href":"https:\/\/www.notibras.com\/site\/wp-json\/wp\/v2\/categories?post=330426"},{"taxonomy":"post_tag","embeddable":true,"href":"https:\/\/www.notibras.com\/site\/wp-json\/wp\/v2\/tags?post=330426"}],"curies":[{"name":"wp","href":"https:\/\/api.w.org\/{rel}","templated":true}]}}