{"id":330432,"date":"2024-06-10T00:13:14","date_gmt":"2024-06-10T03:13:14","guid":{"rendered":"https:\/\/www.notibras.com\/site\/?p=330432"},"modified":"2024-06-10T09:15:12","modified_gmt":"2024-06-10T12:15:12","slug":"apoio-ao-artesanato-impulsiona-arrecadacao-e-vendas-no-setor","status":"publish","type":"post","link":"https:\/\/www.notibras.com\/site\/apoio-ao-artesanato-impulsiona-arrecadacao-e-vendas-no-setor\/","title":{"rendered":"Apoio ao artesanato impulsiona arrecada\u00e7\u00e3o e vendas no setor"},"content":{"rendered":"<p>O artesanato tem tido mais destaque a cada ano no Distrito Federal. Em 2023, o segmento bateu o maior n\u00famero de arrecada\u00e7\u00e3o com a comercializa\u00e7\u00e3o de produtos, alcan\u00e7ando um total de R$ 1.561.322,333. No mesmo ano, a capital ultrapassou a marca de 14 mil artes\u00e3os regulamentados no Sistema de Informa\u00e7\u00f5es Cadastrais do Artesanato Brasileiro (Sicab). Entre as influ\u00eancias para o crescimento est\u00e3o as a\u00e7\u00f5es do GDF em favor da categoria, que v\u00e3o desde capacita\u00e7\u00e3o at\u00e9 a disponibiliza\u00e7\u00e3o de mais espa\u00e7os de venda.<\/p>\n<p>\u201cTemos ampliado o leque de atua\u00e7\u00f5es dos artes\u00e3os em duas etapas. Primeiro, promovendo a qualifica\u00e7\u00e3o deles, principalmente, para ensin\u00e1-los a precificar e produzir com excel\u00eancia. Depois, ampliando a participa\u00e7\u00e3o deles em shoppings e feiras que ocorrem no Distrito Federal. A nossa ideia \u00e9 conectar o artes\u00e3o onde est\u00e1 o p\u00fablico para que ele possa vender\u201d, afirma o secret\u00e1rio de Turismo, Cristiano Ara\u00fajo.<\/p>\n<p>S\u00f3 este ano, cinco feiras nacionais v\u00e3o acolher os artes\u00e3os no DF, a exemplo do Sal\u00e3o do Artesanato e da Expotch\u00ea. O GDF tamb\u00e9m investe em editais que garantem a participa\u00e7\u00e3o dos profissionais locais em eventos fora de Bras\u00edlia. Em m\u00e9dia, s\u00e3o dez expositores selecionados por evento que contam com aux\u00edlio do transporte das mercadorias feito pela Secretaria de Turismo do DF (Setur). Em 2024, os artistas j\u00e1 estiveram em feiras tradicionais de Recife, em Pernambuco, e de Fortaleza, no Cear\u00e1.<\/p>\n<p>Paralelamente \u00e0s feiras, o governo garante um local de comercializa\u00e7\u00e3o nas lojas Artesanato de Bras\u00edlia, atualmente dispon\u00edveis nos shoppings P\u00e1tio Brasil, no Plano Piloto, e Alameda, em Taguatinga. \u201cTemos duas lojas e estamos lan\u00e7ando uma terceira. Em cada uma, os artes\u00e3os ficam durante tr\u00eas meses expondo suas pe\u00e7as\u201d, explica o chefe de Unidade de Promo\u00e7\u00e3o ao Artesanato e ao Trabalho Manual (Unart) da Setur, Klever Antunes.<\/p>\n<p>A sele\u00e7\u00e3o \u00e9 feita por meio de um edital de chamamento p\u00fablico que leva em considera\u00e7\u00e3o produtos que fazem refer\u00eancia \u00e0 identidade de Bras\u00edlia. \u201cProcuramos atender produtos que t\u00eam mais a cara de Bras\u00edlia, como croch\u00ea, bordado, flor do Cerrado e ip\u00eas\u201d, complementa o gestor.<\/p>\n<p>A artes\u00e3 Laiane Lopes, 34 anos, \u00e9 uma das beneficiadas pela loja do artesanato. Ela acumula tr\u00eas participa\u00e7\u00f5es no estabelecimento do P\u00e1tio Brasil, onde exp\u00f5e os produtos feitos com croch\u00ea e tamb\u00e9m atua como vendedora. \u201cPara todos os artes\u00e3os, aqui \u00e9 uma vitrine. O nosso produto est\u00e1 no centro de Bras\u00edlia, e a hotelaria \u00e9 pr\u00f3xima. Os turistas acabam vindo. Ajuda a gente ser visto por Bras\u00edlia e pelo Entorno\u201d, defende. Laiane atua como artes\u00e3 profissionalmente desde 2018.<\/p>\n<p>No s\u00e1bado (8), foi lan\u00e7ada mais uma unidade da loja Artesanato de Bras\u00edlia na Feira do Guar\u00e1, onde ser\u00e3o atendidos 15 profissionais pelo per\u00edodo de tr\u00eas meses, quando um novo edital ser\u00e1 lan\u00e7ado beneficiando outros artes\u00e3os. Um quarto estabelecimento est\u00e1 em negocia\u00e7\u00e3o para ser montado no shopping Conjunto Nacional.<\/p>\n<p>\u201cAs lojas conectam o artes\u00e3o ao p\u00fablico. Todos esses lugares est\u00e3o em \u00e1reas populares e s\u00e3o preparados para receber os profissionais e os clientes\u201d, afirma o secret\u00e1rio de Turismo.<\/p>\n<p>Atualmente o DF conta com mais 14 mil artes\u00e3os registrados. O cadastro pelo Sistema de Informa\u00e7\u00f5es Cadastrais do Artesanato Brasileiro (Sicab) \u00e9 fundamental para que os profissionais tenham acesso \u00e0s pol\u00edticas p\u00fablicas do GDF<\/p>\n<p><strong>Outras medidas<\/strong><br \/>\nLinhas de microcr\u00e9dito e aux\u00edlio na qualifica\u00e7\u00e3o s\u00e3o outras a\u00e7\u00f5es do GDF para o segmento. A primeira tem apoio da Secretaria de Desenvolvimento Econ\u00f4mico, Trabalho e Renda do DF (Sedet) por meio do Prospera, uma modalidade de financiamento voltada para artes\u00e3os devidamente registrados na profiss\u00e3o. O valor do microcr\u00e9dito pode chegar at\u00e9 R$ 2,5 mil. At\u00e9 mar\u00e7o, a pasta havia liberado mais de R$ 349 mil em 11 contratos.<\/p>\n<p>J\u00e1 a capacita\u00e7\u00e3o profissional ocorre com iniciativas tanto da Setur quanto da Sedet. Parte conta com suporte do Servi\u00e7o Brasileiro de Apoio \u00e0s Micro e Pequenas Empresas do DF (Sebrae). Entre os cursos ofertados est\u00e3o os de t\u00e9cnicas de redes sociais, fotografia e marketing digital.<\/p>\n<p><strong>Import\u00e2ncia do registro<\/strong><br \/>\nAtualmente o DF conta com mais 14 mil artes\u00e3os registrados. O cadastro pelo Sistema de Informa\u00e7\u00f5es Cadastrais do Artesanato Brasileiro (Sicab) \u00e9 fundamental para que os profissionais tenham acesso \u00e0s pol\u00edticas p\u00fablicas do GDF.<\/p>\n<p>\u201cPara participar dos chamamentos p\u00fablicos e ter autoriza\u00e7\u00e3o para expor em qualquer lugar, o artes\u00e3o precisa ter a carteirinha. Essa \u00e9 uma forma que ele tem de comprovar a profiss\u00e3o, al\u00e9m de ser um dos requisitos para expor. Se ele n\u00e3o tiver, n\u00e3o consegue\u201d, revela o chefe da Unart, Klever Antunes.<\/p>\n<p>O registro deve ser feito na Coordena\u00e7\u00e3o de Promo\u00e7\u00e3o do Artesanato, localizada na 507 Sul, Bloco C. O interessado precisa levar as c\u00f3pias do RG, CPF e do comprovante de resid\u00eancia, al\u00e9m de duas pe\u00e7as prontas e um v\u00eddeo de dois minutos em que esteja fabricando as pe\u00e7as em um ateli\u00ea.<\/p>\n","protected":false},"excerpt":{"rendered":"<p>O artesanato tem tido mais destaque a cada ano no Distrito Federal. Em 2023, o segmento bateu o maior n\u00famero de arrecada\u00e7\u00e3o com a comercializa\u00e7\u00e3o de produtos, alcan\u00e7ando um total de R$ 1.561.322,333. No mesmo ano, a capital ultrapassou a marca de 14 mil artes\u00e3os regulamentados no Sistema de Informa\u00e7\u00f5es Cadastrais do Artesanato Brasileiro (Sicab). [&hellip;]<\/p>\n","protected":false},"author":2,"featured_media":330433,"comment_status":"closed","ping_status":"closed","sticky":false,"template":"","format":"standard","meta":{"_acf_changed":false,"footnotes":""},"categories":[161],"tags":[],"class_list":["post-330432","post","type-post","status-publish","format-standard","has-post-thumbnail","hentry","category-quadradinho-em-foco"],"acf":[],"yoast_head":"<!-- This site is optimized with the Yoast SEO plugin v27.5 - https:\/\/yoast.com\/product\/yoast-seo-wordpress\/ -->\n<title>Apoio ao artesanato impulsiona arrecada\u00e7\u00e3o e vendas no setor - Notibras<\/title>\n<meta name=\"robots\" content=\"index, follow, max-snippet:-1, max-image-preview:large, max-video-preview:-1\" \/>\n<link rel=\"canonical\" href=\"https:\/\/www.notibras.com\/site\/apoio-ao-artesanato-impulsiona-arrecadacao-e-vendas-no-setor\/\" \/>\n<meta property=\"og:locale\" content=\"pt_BR\" \/>\n<meta property=\"og:type\" content=\"article\" \/>\n<meta property=\"og:title\" content=\"Apoio ao artesanato impulsiona arrecada\u00e7\u00e3o e vendas no setor - Notibras\" \/>\n<meta property=\"og:description\" content=\"O artesanato tem tido mais destaque a cada ano no Distrito Federal. Em 2023, o segmento bateu o maior n\u00famero de arrecada\u00e7\u00e3o com a comercializa\u00e7\u00e3o de produtos, alcan\u00e7ando um total de R$ 1.561.322,333. No mesmo ano, a capital ultrapassou a marca de 14 mil artes\u00e3os regulamentados no Sistema de Informa\u00e7\u00f5es Cadastrais do Artesanato Brasileiro (Sicab). [&hellip;]\" \/>\n<meta property=\"og:url\" content=\"https:\/\/www.notibras.com\/site\/apoio-ao-artesanato-impulsiona-arrecadacao-e-vendas-no-setor\/\" \/>\n<meta property=\"og:site_name\" content=\"Notibras\" \/>\n<meta property=\"article:publisher\" content=\"https:\/\/www.facebook.com\/notibras\/\" \/>\n<meta property=\"article:published_time\" content=\"2024-06-10T03:13:14+00:00\" \/>\n<meta property=\"article:modified_time\" content=\"2024-06-10T12:15:12+00:00\" \/>\n<meta property=\"og:image\" content=\"https:\/\/www.notibras.com\/site\/wp-content\/uploads\/2024\/06\/Dentro-2-7-1536x1024-1.jpg\" \/>\n\t<meta property=\"og:image:width\" content=\"1536\" \/>\n\t<meta property=\"og:image:height\" content=\"1024\" \/>\n\t<meta property=\"og:image:type\" content=\"image\/jpeg\" \/>\n<meta name=\"author\" content=\"Reda\u00e7\u00e3o\" \/>\n<meta name=\"twitter:card\" content=\"summary_large_image\" \/>\n<meta name=\"twitter:creator\" content=\"@Notibras\" \/>\n<meta name=\"twitter:site\" content=\"@Notibras\" \/>\n<meta name=\"twitter:label1\" content=\"Escrito por\" \/>\n\t<meta name=\"twitter:data1\" content=\"Reda\u00e7\u00e3o\" \/>\n\t<meta name=\"twitter:label2\" content=\"Est. tempo de leitura\" \/>\n\t<meta name=\"twitter:data2\" content=\"5 minutos\" \/>\n<script type=\"application\/ld+json\" class=\"yoast-schema-graph\">{\"@context\":\"https:\\\/\\\/schema.org\",\"@graph\":[{\"@type\":\"Article\",\"@id\":\"https:\\\/\\\/www.notibras.com\\\/site\\\/apoio-ao-artesanato-impulsiona-arrecadacao-e-vendas-no-setor\\\/#article\",\"isPartOf\":{\"@id\":\"https:\\\/\\\/www.notibras.com\\\/site\\\/apoio-ao-artesanato-impulsiona-arrecadacao-e-vendas-no-setor\\\/\"},\"author\":{\"name\":\"Reda\u00e7\u00e3o\",\"@id\":\"https:\\\/\\\/www.notibras.com\\\/site\\\/#\\\/schema\\\/person\\\/36ab0979449956132d3e5b517ea76ac8\"},\"headline\":\"Apoio ao artesanato impulsiona arrecada\u00e7\u00e3o e vendas no setor\",\"datePublished\":\"2024-06-10T03:13:14+00:00\",\"dateModified\":\"2024-06-10T12:15:12+00:00\",\"mainEntityOfPage\":{\"@id\":\"https:\\\/\\\/www.notibras.com\\\/site\\\/apoio-ao-artesanato-impulsiona-arrecadacao-e-vendas-no-setor\\\/\"},\"wordCount\":878,\"publisher\":{\"@id\":\"https:\\\/\\\/www.notibras.com\\\/site\\\/#organization\"},\"image\":{\"@id\":\"https:\\\/\\\/www.notibras.com\\\/site\\\/apoio-ao-artesanato-impulsiona-arrecadacao-e-vendas-no-setor\\\/#primaryimage\"},\"thumbnailUrl\":\"https:\\\/\\\/www.notibras.com\\\/site\\\/wp-content\\\/uploads\\\/2024\\\/06\\\/Dentro-2-7-1536x1024-1.jpg\",\"articleSection\":[\"Quadradinho em Foco\"],\"inLanguage\":\"pt-BR\"},{\"@type\":\"WebPage\",\"@id\":\"https:\\\/\\\/www.notibras.com\\\/site\\\/apoio-ao-artesanato-impulsiona-arrecadacao-e-vendas-no-setor\\\/\",\"url\":\"https:\\\/\\\/www.notibras.com\\\/site\\\/apoio-ao-artesanato-impulsiona-arrecadacao-e-vendas-no-setor\\\/\",\"name\":\"Apoio ao artesanato impulsiona arrecada\u00e7\u00e3o e vendas no setor - Notibras\",\"isPartOf\":{\"@id\":\"https:\\\/\\\/www.notibras.com\\\/site\\\/#website\"},\"primaryImageOfPage\":{\"@id\":\"https:\\\/\\\/www.notibras.com\\\/site\\\/apoio-ao-artesanato-impulsiona-arrecadacao-e-vendas-no-setor\\\/#primaryimage\"},\"image\":{\"@id\":\"https:\\\/\\\/www.notibras.com\\\/site\\\/apoio-ao-artesanato-impulsiona-arrecadacao-e-vendas-no-setor\\\/#primaryimage\"},\"thumbnailUrl\":\"https:\\\/\\\/www.notibras.com\\\/site\\\/wp-content\\\/uploads\\\/2024\\\/06\\\/Dentro-2-7-1536x1024-1.jpg\",\"datePublished\":\"2024-06-10T03:13:14+00:00\",\"dateModified\":\"2024-06-10T12:15:12+00:00\",\"breadcrumb\":{\"@id\":\"https:\\\/\\\/www.notibras.com\\\/site\\\/apoio-ao-artesanato-impulsiona-arrecadacao-e-vendas-no-setor\\\/#breadcrumb\"},\"inLanguage\":\"pt-BR\",\"potentialAction\":[{\"@type\":\"ReadAction\",\"target\":[\"https:\\\/\\\/www.notibras.com\\\/site\\\/apoio-ao-artesanato-impulsiona-arrecadacao-e-vendas-no-setor\\\/\"]}]},{\"@type\":\"ImageObject\",\"inLanguage\":\"pt-BR\",\"@id\":\"https:\\\/\\\/www.notibras.com\\\/site\\\/apoio-ao-artesanato-impulsiona-arrecadacao-e-vendas-no-setor\\\/#primaryimage\",\"url\":\"https:\\\/\\\/www.notibras.com\\\/site\\\/wp-content\\\/uploads\\\/2024\\\/06\\\/Dentro-2-7-1536x1024-1.jpg\",\"contentUrl\":\"https:\\\/\\\/www.notibras.com\\\/site\\\/wp-content\\\/uploads\\\/2024\\\/06\\\/Dentro-2-7-1536x1024-1.jpg\",\"width\":1536,\"height\":1024},{\"@type\":\"BreadcrumbList\",\"@id\":\"https:\\\/\\\/www.notibras.com\\\/site\\\/apoio-ao-artesanato-impulsiona-arrecadacao-e-vendas-no-setor\\\/#breadcrumb\",\"itemListElement\":[{\"@type\":\"ListItem\",\"position\":1,\"name\":\"In\u00edcio\",\"item\":\"https:\\\/\\\/www.notibras.com\\\/site\\\/\"},{\"@type\":\"ListItem\",\"position\":2,\"name\":\"Apoio ao artesanato impulsiona arrecada\u00e7\u00e3o e vendas no setor\"}]},{\"@type\":\"WebSite\",\"@id\":\"https:\\\/\\\/www.notibras.com\\\/site\\\/#website\",\"url\":\"https:\\\/\\\/www.notibras.com\\\/site\\\/\",\"name\":\"Notibras\",\"description\":\"Not\u00edcias de Bras\u00edlia, do Brasil e do Mundo\",\"publisher\":{\"@id\":\"https:\\\/\\\/www.notibras.com\\\/site\\\/#organization\"},\"potentialAction\":[{\"@type\":\"SearchAction\",\"target\":{\"@type\":\"EntryPoint\",\"urlTemplate\":\"https:\\\/\\\/www.notibras.com\\\/site\\\/?s={search_term_string}\"},\"query-input\":{\"@type\":\"PropertyValueSpecification\",\"valueRequired\":true,\"valueName\":\"search_term_string\"}}],\"inLanguage\":\"pt-BR\"},{\"@type\":\"Organization\",\"@id\":\"https:\\\/\\\/www.notibras.com\\\/site\\\/#organization\",\"name\":\"Grupo Notibras de Comunica\u00e7\u00e3o\",\"url\":\"https:\\\/\\\/www.notibras.com\\\/site\\\/\",\"logo\":{\"@type\":\"ImageObject\",\"inLanguage\":\"pt-BR\",\"@id\":\"https:\\\/\\\/www.notibras.com\\\/site\\\/#\\\/schema\\\/logo\\\/image\\\/\",\"url\":\"https:\\\/\\\/www.notibras.com\\\/site\\\/wp-content\\\/uploads\\\/2023\\\/01\\\/notibras23.png\",\"contentUrl\":\"https:\\\/\\\/www.notibras.com\\\/site\\\/wp-content\\\/uploads\\\/2023\\\/01\\\/notibras23.png\",\"width\":350,\"height\":87,\"caption\":\"Grupo Notibras de Comunica\u00e7\u00e3o\"},\"image\":{\"@id\":\"https:\\\/\\\/www.notibras.com\\\/site\\\/#\\\/schema\\\/logo\\\/image\\\/\"},\"sameAs\":[\"https:\\\/\\\/www.facebook.com\\\/notibras\\\/\",\"https:\\\/\\\/x.com\\\/Notibras\",\"https:\\\/\\\/www.instagram.com\\\/notibras\\\/\"]},{\"@type\":\"Person\",\"@id\":\"https:\\\/\\\/www.notibras.com\\\/site\\\/#\\\/schema\\\/person\\\/36ab0979449956132d3e5b517ea76ac8\",\"name\":\"Reda\u00e7\u00e3o\",\"image\":{\"@type\":\"ImageObject\",\"inLanguage\":\"pt-BR\",\"@id\":\"https:\\\/\\\/secure.gravatar.com\\\/avatar\\\/e0a867bdedb85fd243eadf09663511f96fc81e0720a4a42581f334ad4303aa6b?s=96&d=mm&r=g\",\"url\":\"https:\\\/\\\/secure.gravatar.com\\\/avatar\\\/e0a867bdedb85fd243eadf09663511f96fc81e0720a4a42581f334ad4303aa6b?s=96&d=mm&r=g\",\"contentUrl\":\"https:\\\/\\\/secure.gravatar.com\\\/avatar\\\/e0a867bdedb85fd243eadf09663511f96fc81e0720a4a42581f334ad4303aa6b?s=96&d=mm&r=g\",\"caption\":\"Reda\u00e7\u00e3o\"}}]}<\/script>\n<!-- \/ Yoast SEO plugin. -->","yoast_head_json":{"title":"Apoio ao artesanato impulsiona arrecada\u00e7\u00e3o e vendas no setor - Notibras","robots":{"index":"index","follow":"follow","max-snippet":"max-snippet:-1","max-image-preview":"max-image-preview:large","max-video-preview":"max-video-preview:-1"},"canonical":"https:\/\/www.notibras.com\/site\/apoio-ao-artesanato-impulsiona-arrecadacao-e-vendas-no-setor\/","og_locale":"pt_BR","og_type":"article","og_title":"Apoio ao artesanato impulsiona arrecada\u00e7\u00e3o e vendas no setor - Notibras","og_description":"O artesanato tem tido mais destaque a cada ano no Distrito Federal. Em 2023, o segmento bateu o maior n\u00famero de arrecada\u00e7\u00e3o com a comercializa\u00e7\u00e3o de produtos, alcan\u00e7ando um total de R$ 1.561.322,333. No mesmo ano, a capital ultrapassou a marca de 14 mil artes\u00e3os regulamentados no Sistema de Informa\u00e7\u00f5es Cadastrais do Artesanato Brasileiro (Sicab). [&hellip;]","og_url":"https:\/\/www.notibras.com\/site\/apoio-ao-artesanato-impulsiona-arrecadacao-e-vendas-no-setor\/","og_site_name":"Notibras","article_publisher":"https:\/\/www.facebook.com\/notibras\/","article_published_time":"2024-06-10T03:13:14+00:00","article_modified_time":"2024-06-10T12:15:12+00:00","og_image":[{"width":1536,"height":1024,"url":"https:\/\/www.notibras.com\/site\/wp-content\/uploads\/2024\/06\/Dentro-2-7-1536x1024-1.jpg","type":"image\/jpeg"}],"author":"Reda\u00e7\u00e3o","twitter_card":"summary_large_image","twitter_creator":"@Notibras","twitter_site":"@Notibras","twitter_misc":{"Escrito por":"Reda\u00e7\u00e3o","Est. tempo de leitura":"5 minutos"},"schema":{"@context":"https:\/\/schema.org","@graph":[{"@type":"Article","@id":"https:\/\/www.notibras.com\/site\/apoio-ao-artesanato-impulsiona-arrecadacao-e-vendas-no-setor\/#article","isPartOf":{"@id":"https:\/\/www.notibras.com\/site\/apoio-ao-artesanato-impulsiona-arrecadacao-e-vendas-no-setor\/"},"author":{"name":"Reda\u00e7\u00e3o","@id":"https:\/\/www.notibras.com\/site\/#\/schema\/person\/36ab0979449956132d3e5b517ea76ac8"},"headline":"Apoio ao artesanato impulsiona arrecada\u00e7\u00e3o e vendas no setor","datePublished":"2024-06-10T03:13:14+00:00","dateModified":"2024-06-10T12:15:12+00:00","mainEntityOfPage":{"@id":"https:\/\/www.notibras.com\/site\/apoio-ao-artesanato-impulsiona-arrecadacao-e-vendas-no-setor\/"},"wordCount":878,"publisher":{"@id":"https:\/\/www.notibras.com\/site\/#organization"},"image":{"@id":"https:\/\/www.notibras.com\/site\/apoio-ao-artesanato-impulsiona-arrecadacao-e-vendas-no-setor\/#primaryimage"},"thumbnailUrl":"https:\/\/www.notibras.com\/site\/wp-content\/uploads\/2024\/06\/Dentro-2-7-1536x1024-1.jpg","articleSection":["Quadradinho em Foco"],"inLanguage":"pt-BR"},{"@type":"WebPage","@id":"https:\/\/www.notibras.com\/site\/apoio-ao-artesanato-impulsiona-arrecadacao-e-vendas-no-setor\/","url":"https:\/\/www.notibras.com\/site\/apoio-ao-artesanato-impulsiona-arrecadacao-e-vendas-no-setor\/","name":"Apoio ao artesanato impulsiona arrecada\u00e7\u00e3o e vendas no setor - Notibras","isPartOf":{"@id":"https:\/\/www.notibras.com\/site\/#website"},"primaryImageOfPage":{"@id":"https:\/\/www.notibras.com\/site\/apoio-ao-artesanato-impulsiona-arrecadacao-e-vendas-no-setor\/#primaryimage"},"image":{"@id":"https:\/\/www.notibras.com\/site\/apoio-ao-artesanato-impulsiona-arrecadacao-e-vendas-no-setor\/#primaryimage"},"thumbnailUrl":"https:\/\/www.notibras.com\/site\/wp-content\/uploads\/2024\/06\/Dentro-2-7-1536x1024-1.jpg","datePublished":"2024-06-10T03:13:14+00:00","dateModified":"2024-06-10T12:15:12+00:00","breadcrumb":{"@id":"https:\/\/www.notibras.com\/site\/apoio-ao-artesanato-impulsiona-arrecadacao-e-vendas-no-setor\/#breadcrumb"},"inLanguage":"pt-BR","potentialAction":[{"@type":"ReadAction","target":["https:\/\/www.notibras.com\/site\/apoio-ao-artesanato-impulsiona-arrecadacao-e-vendas-no-setor\/"]}]},{"@type":"ImageObject","inLanguage":"pt-BR","@id":"https:\/\/www.notibras.com\/site\/apoio-ao-artesanato-impulsiona-arrecadacao-e-vendas-no-setor\/#primaryimage","url":"https:\/\/www.notibras.com\/site\/wp-content\/uploads\/2024\/06\/Dentro-2-7-1536x1024-1.jpg","contentUrl":"https:\/\/www.notibras.com\/site\/wp-content\/uploads\/2024\/06\/Dentro-2-7-1536x1024-1.jpg","width":1536,"height":1024},{"@type":"BreadcrumbList","@id":"https:\/\/www.notibras.com\/site\/apoio-ao-artesanato-impulsiona-arrecadacao-e-vendas-no-setor\/#breadcrumb","itemListElement":[{"@type":"ListItem","position":1,"name":"In\u00edcio","item":"https:\/\/www.notibras.com\/site\/"},{"@type":"ListItem","position":2,"name":"Apoio ao artesanato impulsiona arrecada\u00e7\u00e3o e vendas no setor"}]},{"@type":"WebSite","@id":"https:\/\/www.notibras.com\/site\/#website","url":"https:\/\/www.notibras.com\/site\/","name":"Notibras","description":"Not\u00edcias de Bras\u00edlia, do Brasil e do Mundo","publisher":{"@id":"https:\/\/www.notibras.com\/site\/#organization"},"potentialAction":[{"@type":"SearchAction","target":{"@type":"EntryPoint","urlTemplate":"https:\/\/www.notibras.com\/site\/?s={search_term_string}"},"query-input":{"@type":"PropertyValueSpecification","valueRequired":true,"valueName":"search_term_string"}}],"inLanguage":"pt-BR"},{"@type":"Organization","@id":"https:\/\/www.notibras.com\/site\/#organization","name":"Grupo Notibras de Comunica\u00e7\u00e3o","url":"https:\/\/www.notibras.com\/site\/","logo":{"@type":"ImageObject","inLanguage":"pt-BR","@id":"https:\/\/www.notibras.com\/site\/#\/schema\/logo\/image\/","url":"https:\/\/www.notibras.com\/site\/wp-content\/uploads\/2023\/01\/notibras23.png","contentUrl":"https:\/\/www.notibras.com\/site\/wp-content\/uploads\/2023\/01\/notibras23.png","width":350,"height":87,"caption":"Grupo Notibras de Comunica\u00e7\u00e3o"},"image":{"@id":"https:\/\/www.notibras.com\/site\/#\/schema\/logo\/image\/"},"sameAs":["https:\/\/www.facebook.com\/notibras\/","https:\/\/x.com\/Notibras","https:\/\/www.instagram.com\/notibras\/"]},{"@type":"Person","@id":"https:\/\/www.notibras.com\/site\/#\/schema\/person\/36ab0979449956132d3e5b517ea76ac8","name":"Reda\u00e7\u00e3o","image":{"@type":"ImageObject","inLanguage":"pt-BR","@id":"https:\/\/secure.gravatar.com\/avatar\/e0a867bdedb85fd243eadf09663511f96fc81e0720a4a42581f334ad4303aa6b?s=96&d=mm&r=g","url":"https:\/\/secure.gravatar.com\/avatar\/e0a867bdedb85fd243eadf09663511f96fc81e0720a4a42581f334ad4303aa6b?s=96&d=mm&r=g","contentUrl":"https:\/\/secure.gravatar.com\/avatar\/e0a867bdedb85fd243eadf09663511f96fc81e0720a4a42581f334ad4303aa6b?s=96&d=mm&r=g","caption":"Reda\u00e7\u00e3o"}}]}},"amp_enabled":true,"_links":{"self":[{"href":"https:\/\/www.notibras.com\/site\/wp-json\/wp\/v2\/posts\/330432","targetHints":{"allow":["GET"]}}],"collection":[{"href":"https:\/\/www.notibras.com\/site\/wp-json\/wp\/v2\/posts"}],"about":[{"href":"https:\/\/www.notibras.com\/site\/wp-json\/wp\/v2\/types\/post"}],"author":[{"embeddable":true,"href":"https:\/\/www.notibras.com\/site\/wp-json\/wp\/v2\/users\/2"}],"replies":[{"embeddable":true,"href":"https:\/\/www.notibras.com\/site\/wp-json\/wp\/v2\/comments?post=330432"}],"version-history":[{"count":1,"href":"https:\/\/www.notibras.com\/site\/wp-json\/wp\/v2\/posts\/330432\/revisions"}],"predecessor-version":[{"id":330434,"href":"https:\/\/www.notibras.com\/site\/wp-json\/wp\/v2\/posts\/330432\/revisions\/330434"}],"wp:featuredmedia":[{"embeddable":true,"href":"https:\/\/www.notibras.com\/site\/wp-json\/wp\/v2\/media\/330433"}],"wp:attachment":[{"href":"https:\/\/www.notibras.com\/site\/wp-json\/wp\/v2\/media?parent=330432"}],"wp:term":[{"taxonomy":"category","embeddable":true,"href":"https:\/\/www.notibras.com\/site\/wp-json\/wp\/v2\/categories?post=330432"},{"taxonomy":"post_tag","embeddable":true,"href":"https:\/\/www.notibras.com\/site\/wp-json\/wp\/v2\/tags?post=330432"}],"curies":[{"name":"wp","href":"https:\/\/api.w.org\/{rel}","templated":true}]}}