{"id":330441,"date":"2024-06-10T00:33:03","date_gmt":"2024-06-10T03:33:03","guid":{"rendered":"https:\/\/www.notibras.com\/site\/?p=330441"},"modified":"2024-06-10T09:34:42","modified_gmt":"2024-06-10T12:34:42","slug":"nova-escola-tecnica-atendera-mais-de-mil-estudantes","status":"publish","type":"post","link":"https:\/\/www.notibras.com\/site\/nova-escola-tecnica-atendera-mais-de-mil-estudantes\/","title":{"rendered":"Nova Escola T\u00e9cnica atender\u00e1 mais de mil estudantes"},"content":{"rendered":"<p>A Escola T\u00e9cnica Leste, localizada no Parano\u00e1, se prepara para oferecer educa\u00e7\u00e3o profissional e tecnol\u00f3gica \u00e0 popula\u00e7\u00e3o da regi\u00e3o. A previs\u00e3o \u00e9 que, inicialmente, sejam atendidos 1.080 alunos em tr\u00eas turnos. O investimento na obra \u00e9 de R$ 12,3 milh\u00f5es, oriundos do or\u00e7amento da pasta e do Fundo Nacional de Desenvolvimento da Educa\u00e7\u00e3o (FNDE).<\/p>\n<p>A constru\u00e7\u00e3o est\u00e1 sendo realizada na Quadra 1, Conjunto A, na \u00c1rea Especial 1 do Parano\u00e1, ao lado do Est\u00e1dio JK Parano\u00e1. Toda a estrutura j\u00e1 est\u00e1 erguida, e, atualmente, os esfor\u00e7os s\u00e3o concentrados nos \u00faltimos detalhes, como pintura, jardinagem e limpeza.<\/p>\n<p>O pr\u00e9dio segue o padr\u00e3o estabelecido pelo FNDE. S\u00e3o 5.577,39 metros quadrados de \u00e1rea constru\u00edda com 12 salas de aula, cinco laborat\u00f3rios, audit\u00f3rio, biblioteca, gin\u00e1sio coberto, dep\u00f3sito de materiais, secretaria, recep\u00e7\u00e3o, sala dos professores e de coordena\u00e7\u00e3o, diretoria, refeit\u00f3rio e vesti\u00e1rios, al\u00e9m de jardim, estacionamento com 192 vagas, subesta\u00e7\u00e3o de energia e sistema de re\u00faso de \u00e1gua.<\/p>\n<p>Ser\u00e3o ofertados tr\u00eas modelos de ensino: concomitante, direcionado a quem ingressa no ensino m\u00e9dio ou j\u00e1 o esteja cursando; subsequente, com cursos destinados exclusivamente a quem j\u00e1 tenha conclu\u00eddo o ensino m\u00e9dio; e integrado \u00e0 Educa\u00e7\u00e3o de Jovens e Adultos (EJA).<\/p>\n<p>Segundo o administrador regional do Parano\u00e1, Wellington Santana, a nova unidade de ensino era uma demanda antiga da popula\u00e7\u00e3o. \u201c\u00c9 uma conquista grandiosa, pois a institui\u00e7\u00e3o preparar\u00e1 os nossos estudantes para o exigente mercado de trabalho, na era da tecnologia e da intelig\u00eancia artificial\u201d, destacou.<\/p>\n<p>A coordenadora da Regional de Ensino do Itapo\u00e3\/Parano\u00e1, Tatiane Resende, afirma que o atendimento abranger\u00e1 toda a regi\u00e3o leste do DF, al\u00e9m de cidades pr\u00f3ximas como Varj\u00e3o e Lago Norte. \u201cSer\u00e1 um espa\u00e7o em que o estudante poder\u00e1 ir al\u00e9m do ensino da sala de aula: ter\u00e1 espa\u00e7o para estudar em grupo, para praticar artes e fazer projetos de ci\u00eancias e esporte. \u00c9 uma escola completa\u201d, ressalta. \u201cA nossa comunidade n\u00e3o tinha esse tipo de atendimento, ent\u00e3o, precisavam buscar institui\u00e7\u00f5es privadas ou se deslocar para \u00e1reas muito distantes de casa. Agora, ter\u00e3o o ensino dispon\u00edvel ao lado de casa\u201d.<\/p>\n<p>A cozinheira Renata Almeida, 45 anos, celebra a constru\u00e7\u00e3o da unidade de ensino, pois acredita que o filho de 15 anos poder\u00e1 estudar no espa\u00e7o futuramente. \u201c\u00c9 a primeira vez que temos uma escola t\u00e3o equipada como essa aqui na regi\u00e3o\u201d, destaca ela, que mora no Lago Norte. \u201cDe \u00f4nibus, demora menos de 30 minutos para chegar l\u00e1. Vou incentivar meu filho a participar, pois acho que \u00e9 uma forma\u00e7\u00e3o muito interessante, com muita oportunidade de emprego\u201d.<\/p>\n<p>Oficializada como regi\u00e3o administrativa sete anos ap\u00f3s o surgimento dos primeiros moradores, em 1964, o Parano\u00e1 ocupa uma \u00e1rea de 83.120,99 hectares e \u00e9 lar de 69.858 pessoas, das quais 51,9% s\u00e3o do sexo feminino. A idade m\u00e9dia \u00e9 de 30,8 anos, e mais de 63% nasceram no pr\u00f3prio DF, conforme informa a Pesquisa Distrital por Amostra de Domic\u00edlios (Pdad) de 2021.<\/p>\n<p><strong>Acesso<\/strong><br \/>\nA rede p\u00fablica de ensino do Distrito Federal j\u00e1 conta com 16 unidades escolares que ofertam educa\u00e7\u00e3o profissional e tecnol\u00f3gica em funcionamento. Em 2021, o GDF entregou a unidade de Brazl\u00e2ndia, que tem formado alunos nas \u00e1reas de inform\u00e1tica, assist\u00eancia administrativa e de sa\u00fade. No \u00faltimo ano, a ET de Santa Maria abriu as portas para a popula\u00e7\u00e3o com cursos de inform\u00e1tica, sa\u00fade e outras modalidades.<\/p>\n<p>As inscri\u00e7\u00f5es para a educa\u00e7\u00e3o profissional e tecnol\u00f3gica s\u00e3o divulgadas no site da Secretaria de Educa\u00e7\u00e3o do DF (SEE).<\/p>\n","protected":false},"excerpt":{"rendered":"<p>A Escola T\u00e9cnica Leste, localizada no Parano\u00e1, se prepara para oferecer educa\u00e7\u00e3o profissional e tecnol\u00f3gica \u00e0 popula\u00e7\u00e3o da regi\u00e3o. A previs\u00e3o \u00e9 que, inicialmente, sejam atendidos 1.080 alunos em tr\u00eas turnos. O investimento na obra \u00e9 de R$ 12,3 milh\u00f5es, oriundos do or\u00e7amento da pasta e do Fundo Nacional de Desenvolvimento da Educa\u00e7\u00e3o (FNDE). A [&hellip;]<\/p>\n","protected":false},"author":2,"featured_media":330442,"comment_status":"closed","ping_status":"closed","sticky":false,"template":"","format":"standard","meta":{"_acf_changed":false,"footnotes":""},"categories":[161],"tags":[],"class_list":["post-330441","post","type-post","status-publish","format-standard","has-post-thumbnail","hentry","category-quadradinho-em-foco"],"acf":[],"yoast_head":"<!-- This site is optimized with the Yoast SEO plugin v27.5 - https:\/\/yoast.com\/product\/yoast-seo-wordpress\/ -->\n<title>Nova Escola T\u00e9cnica atender\u00e1 mais de mil estudantes - Notibras<\/title>\n<meta name=\"robots\" content=\"index, follow, max-snippet:-1, max-image-preview:large, max-video-preview:-1\" \/>\n<link rel=\"canonical\" href=\"https:\/\/www.notibras.com\/site\/nova-escola-tecnica-atendera-mais-de-mil-estudantes\/\" \/>\n<meta property=\"og:locale\" content=\"pt_BR\" \/>\n<meta property=\"og:type\" content=\"article\" \/>\n<meta property=\"og:title\" content=\"Nova Escola T\u00e9cnica atender\u00e1 mais de mil estudantes - Notibras\" \/>\n<meta property=\"og:description\" content=\"A Escola T\u00e9cnica Leste, localizada no Parano\u00e1, se prepara para oferecer educa\u00e7\u00e3o profissional e tecnol\u00f3gica \u00e0 popula\u00e7\u00e3o da regi\u00e3o. A previs\u00e3o \u00e9 que, inicialmente, sejam atendidos 1.080 alunos em tr\u00eas turnos. O investimento na obra \u00e9 de R$ 12,3 milh\u00f5es, oriundos do or\u00e7amento da pasta e do Fundo Nacional de Desenvolvimento da Educa\u00e7\u00e3o (FNDE). A [&hellip;]\" \/>\n<meta property=\"og:url\" content=\"https:\/\/www.notibras.com\/site\/nova-escola-tecnica-atendera-mais-de-mil-estudantes\/\" \/>\n<meta property=\"og:site_name\" content=\"Notibras\" \/>\n<meta property=\"article:publisher\" content=\"https:\/\/www.facebook.com\/notibras\/\" \/>\n<meta property=\"article:published_time\" content=\"2024-06-10T03:33:03+00:00\" \/>\n<meta property=\"article:modified_time\" content=\"2024-06-10T12:34:42+00:00\" \/>\n<meta property=\"og:image\" content=\"https:\/\/www.notibras.com\/site\/wp-content\/uploads\/2024\/06\/DENTRO-JRO_0866.jpg\" \/>\n\t<meta property=\"og:image:width\" content=\"1181\" \/>\n\t<meta property=\"og:image:height\" content=\"787\" \/>\n\t<meta property=\"og:image:type\" content=\"image\/jpeg\" \/>\n<meta name=\"author\" content=\"Reda\u00e7\u00e3o\" \/>\n<meta name=\"twitter:card\" content=\"summary_large_image\" \/>\n<meta name=\"twitter:creator\" content=\"@Notibras\" \/>\n<meta name=\"twitter:site\" content=\"@Notibras\" \/>\n<meta name=\"twitter:label1\" content=\"Escrito por\" \/>\n\t<meta name=\"twitter:data1\" content=\"Reda\u00e7\u00e3o\" \/>\n\t<meta name=\"twitter:label2\" content=\"Est. tempo de leitura\" \/>\n\t<meta name=\"twitter:data2\" content=\"4 minutos\" \/>\n<script type=\"application\/ld+json\" class=\"yoast-schema-graph\">{\"@context\":\"https:\\\/\\\/schema.org\",\"@graph\":[{\"@type\":\"Article\",\"@id\":\"https:\\\/\\\/www.notibras.com\\\/site\\\/nova-escola-tecnica-atendera-mais-de-mil-estudantes\\\/#article\",\"isPartOf\":{\"@id\":\"https:\\\/\\\/www.notibras.com\\\/site\\\/nova-escola-tecnica-atendera-mais-de-mil-estudantes\\\/\"},\"author\":{\"name\":\"Reda\u00e7\u00e3o\",\"@id\":\"https:\\\/\\\/www.notibras.com\\\/site\\\/#\\\/schema\\\/person\\\/36ab0979449956132d3e5b517ea76ac8\"},\"headline\":\"Nova Escola T\u00e9cnica atender\u00e1 mais de mil estudantes\",\"datePublished\":\"2024-06-10T03:33:03+00:00\",\"dateModified\":\"2024-06-10T12:34:42+00:00\",\"mainEntityOfPage\":{\"@id\":\"https:\\\/\\\/www.notibras.com\\\/site\\\/nova-escola-tecnica-atendera-mais-de-mil-estudantes\\\/\"},\"wordCount\":621,\"publisher\":{\"@id\":\"https:\\\/\\\/www.notibras.com\\\/site\\\/#organization\"},\"image\":{\"@id\":\"https:\\\/\\\/www.notibras.com\\\/site\\\/nova-escola-tecnica-atendera-mais-de-mil-estudantes\\\/#primaryimage\"},\"thumbnailUrl\":\"https:\\\/\\\/www.notibras.com\\\/site\\\/wp-content\\\/uploads\\\/2024\\\/06\\\/DENTRO-JRO_0866.jpg\",\"articleSection\":[\"Quadradinho em Foco\"],\"inLanguage\":\"pt-BR\"},{\"@type\":\"WebPage\",\"@id\":\"https:\\\/\\\/www.notibras.com\\\/site\\\/nova-escola-tecnica-atendera-mais-de-mil-estudantes\\\/\",\"url\":\"https:\\\/\\\/www.notibras.com\\\/site\\\/nova-escola-tecnica-atendera-mais-de-mil-estudantes\\\/\",\"name\":\"Nova Escola T\u00e9cnica atender\u00e1 mais de mil estudantes - Notibras\",\"isPartOf\":{\"@id\":\"https:\\\/\\\/www.notibras.com\\\/site\\\/#website\"},\"primaryImageOfPage\":{\"@id\":\"https:\\\/\\\/www.notibras.com\\\/site\\\/nova-escola-tecnica-atendera-mais-de-mil-estudantes\\\/#primaryimage\"},\"image\":{\"@id\":\"https:\\\/\\\/www.notibras.com\\\/site\\\/nova-escola-tecnica-atendera-mais-de-mil-estudantes\\\/#primaryimage\"},\"thumbnailUrl\":\"https:\\\/\\\/www.notibras.com\\\/site\\\/wp-content\\\/uploads\\\/2024\\\/06\\\/DENTRO-JRO_0866.jpg\",\"datePublished\":\"2024-06-10T03:33:03+00:00\",\"dateModified\":\"2024-06-10T12:34:42+00:00\",\"breadcrumb\":{\"@id\":\"https:\\\/\\\/www.notibras.com\\\/site\\\/nova-escola-tecnica-atendera-mais-de-mil-estudantes\\\/#breadcrumb\"},\"inLanguage\":\"pt-BR\",\"potentialAction\":[{\"@type\":\"ReadAction\",\"target\":[\"https:\\\/\\\/www.notibras.com\\\/site\\\/nova-escola-tecnica-atendera-mais-de-mil-estudantes\\\/\"]}]},{\"@type\":\"ImageObject\",\"inLanguage\":\"pt-BR\",\"@id\":\"https:\\\/\\\/www.notibras.com\\\/site\\\/nova-escola-tecnica-atendera-mais-de-mil-estudantes\\\/#primaryimage\",\"url\":\"https:\\\/\\\/www.notibras.com\\\/site\\\/wp-content\\\/uploads\\\/2024\\\/06\\\/DENTRO-JRO_0866.jpg\",\"contentUrl\":\"https:\\\/\\\/www.notibras.com\\\/site\\\/wp-content\\\/uploads\\\/2024\\\/06\\\/DENTRO-JRO_0866.jpg\",\"width\":1181,\"height\":787},{\"@type\":\"BreadcrumbList\",\"@id\":\"https:\\\/\\\/www.notibras.com\\\/site\\\/nova-escola-tecnica-atendera-mais-de-mil-estudantes\\\/#breadcrumb\",\"itemListElement\":[{\"@type\":\"ListItem\",\"position\":1,\"name\":\"In\u00edcio\",\"item\":\"https:\\\/\\\/www.notibras.com\\\/site\\\/\"},{\"@type\":\"ListItem\",\"position\":2,\"name\":\"Nova Escola T\u00e9cnica atender\u00e1 mais de mil estudantes\"}]},{\"@type\":\"WebSite\",\"@id\":\"https:\\\/\\\/www.notibras.com\\\/site\\\/#website\",\"url\":\"https:\\\/\\\/www.notibras.com\\\/site\\\/\",\"name\":\"Notibras\",\"description\":\"Not\u00edcias de Bras\u00edlia, do Brasil e do Mundo\",\"publisher\":{\"@id\":\"https:\\\/\\\/www.notibras.com\\\/site\\\/#organization\"},\"potentialAction\":[{\"@type\":\"SearchAction\",\"target\":{\"@type\":\"EntryPoint\",\"urlTemplate\":\"https:\\\/\\\/www.notibras.com\\\/site\\\/?s={search_term_string}\"},\"query-input\":{\"@type\":\"PropertyValueSpecification\",\"valueRequired\":true,\"valueName\":\"search_term_string\"}}],\"inLanguage\":\"pt-BR\"},{\"@type\":\"Organization\",\"@id\":\"https:\\\/\\\/www.notibras.com\\\/site\\\/#organization\",\"name\":\"Grupo Notibras de Comunica\u00e7\u00e3o\",\"url\":\"https:\\\/\\\/www.notibras.com\\\/site\\\/\",\"logo\":{\"@type\":\"ImageObject\",\"inLanguage\":\"pt-BR\",\"@id\":\"https:\\\/\\\/www.notibras.com\\\/site\\\/#\\\/schema\\\/logo\\\/image\\\/\",\"url\":\"https:\\\/\\\/www.notibras.com\\\/site\\\/wp-content\\\/uploads\\\/2023\\\/01\\\/notibras23.png\",\"contentUrl\":\"https:\\\/\\\/www.notibras.com\\\/site\\\/wp-content\\\/uploads\\\/2023\\\/01\\\/notibras23.png\",\"width\":350,\"height\":87,\"caption\":\"Grupo Notibras de Comunica\u00e7\u00e3o\"},\"image\":{\"@id\":\"https:\\\/\\\/www.notibras.com\\\/site\\\/#\\\/schema\\\/logo\\\/image\\\/\"},\"sameAs\":[\"https:\\\/\\\/www.facebook.com\\\/notibras\\\/\",\"https:\\\/\\\/x.com\\\/Notibras\",\"https:\\\/\\\/www.instagram.com\\\/notibras\\\/\"]},{\"@type\":\"Person\",\"@id\":\"https:\\\/\\\/www.notibras.com\\\/site\\\/#\\\/schema\\\/person\\\/36ab0979449956132d3e5b517ea76ac8\",\"name\":\"Reda\u00e7\u00e3o\",\"image\":{\"@type\":\"ImageObject\",\"inLanguage\":\"pt-BR\",\"@id\":\"https:\\\/\\\/secure.gravatar.com\\\/avatar\\\/e0a867bdedb85fd243eadf09663511f96fc81e0720a4a42581f334ad4303aa6b?s=96&d=mm&r=g\",\"url\":\"https:\\\/\\\/secure.gravatar.com\\\/avatar\\\/e0a867bdedb85fd243eadf09663511f96fc81e0720a4a42581f334ad4303aa6b?s=96&d=mm&r=g\",\"contentUrl\":\"https:\\\/\\\/secure.gravatar.com\\\/avatar\\\/e0a867bdedb85fd243eadf09663511f96fc81e0720a4a42581f334ad4303aa6b?s=96&d=mm&r=g\",\"caption\":\"Reda\u00e7\u00e3o\"}}]}<\/script>\n<!-- \/ Yoast SEO plugin. -->","yoast_head_json":{"title":"Nova Escola T\u00e9cnica atender\u00e1 mais de mil estudantes - Notibras","robots":{"index":"index","follow":"follow","max-snippet":"max-snippet:-1","max-image-preview":"max-image-preview:large","max-video-preview":"max-video-preview:-1"},"canonical":"https:\/\/www.notibras.com\/site\/nova-escola-tecnica-atendera-mais-de-mil-estudantes\/","og_locale":"pt_BR","og_type":"article","og_title":"Nova Escola T\u00e9cnica atender\u00e1 mais de mil estudantes - Notibras","og_description":"A Escola T\u00e9cnica Leste, localizada no Parano\u00e1, se prepara para oferecer educa\u00e7\u00e3o profissional e tecnol\u00f3gica \u00e0 popula\u00e7\u00e3o da regi\u00e3o. A previs\u00e3o \u00e9 que, inicialmente, sejam atendidos 1.080 alunos em tr\u00eas turnos. O investimento na obra \u00e9 de R$ 12,3 milh\u00f5es, oriundos do or\u00e7amento da pasta e do Fundo Nacional de Desenvolvimento da Educa\u00e7\u00e3o (FNDE). A [&hellip;]","og_url":"https:\/\/www.notibras.com\/site\/nova-escola-tecnica-atendera-mais-de-mil-estudantes\/","og_site_name":"Notibras","article_publisher":"https:\/\/www.facebook.com\/notibras\/","article_published_time":"2024-06-10T03:33:03+00:00","article_modified_time":"2024-06-10T12:34:42+00:00","og_image":[{"width":1181,"height":787,"url":"https:\/\/www.notibras.com\/site\/wp-content\/uploads\/2024\/06\/DENTRO-JRO_0866.jpg","type":"image\/jpeg"}],"author":"Reda\u00e7\u00e3o","twitter_card":"summary_large_image","twitter_creator":"@Notibras","twitter_site":"@Notibras","twitter_misc":{"Escrito por":"Reda\u00e7\u00e3o","Est. tempo de leitura":"4 minutos"},"schema":{"@context":"https:\/\/schema.org","@graph":[{"@type":"Article","@id":"https:\/\/www.notibras.com\/site\/nova-escola-tecnica-atendera-mais-de-mil-estudantes\/#article","isPartOf":{"@id":"https:\/\/www.notibras.com\/site\/nova-escola-tecnica-atendera-mais-de-mil-estudantes\/"},"author":{"name":"Reda\u00e7\u00e3o","@id":"https:\/\/www.notibras.com\/site\/#\/schema\/person\/36ab0979449956132d3e5b517ea76ac8"},"headline":"Nova Escola T\u00e9cnica atender\u00e1 mais de mil estudantes","datePublished":"2024-06-10T03:33:03+00:00","dateModified":"2024-06-10T12:34:42+00:00","mainEntityOfPage":{"@id":"https:\/\/www.notibras.com\/site\/nova-escola-tecnica-atendera-mais-de-mil-estudantes\/"},"wordCount":621,"publisher":{"@id":"https:\/\/www.notibras.com\/site\/#organization"},"image":{"@id":"https:\/\/www.notibras.com\/site\/nova-escola-tecnica-atendera-mais-de-mil-estudantes\/#primaryimage"},"thumbnailUrl":"https:\/\/www.notibras.com\/site\/wp-content\/uploads\/2024\/06\/DENTRO-JRO_0866.jpg","articleSection":["Quadradinho em Foco"],"inLanguage":"pt-BR"},{"@type":"WebPage","@id":"https:\/\/www.notibras.com\/site\/nova-escola-tecnica-atendera-mais-de-mil-estudantes\/","url":"https:\/\/www.notibras.com\/site\/nova-escola-tecnica-atendera-mais-de-mil-estudantes\/","name":"Nova Escola T\u00e9cnica atender\u00e1 mais de mil estudantes - Notibras","isPartOf":{"@id":"https:\/\/www.notibras.com\/site\/#website"},"primaryImageOfPage":{"@id":"https:\/\/www.notibras.com\/site\/nova-escola-tecnica-atendera-mais-de-mil-estudantes\/#primaryimage"},"image":{"@id":"https:\/\/www.notibras.com\/site\/nova-escola-tecnica-atendera-mais-de-mil-estudantes\/#primaryimage"},"thumbnailUrl":"https:\/\/www.notibras.com\/site\/wp-content\/uploads\/2024\/06\/DENTRO-JRO_0866.jpg","datePublished":"2024-06-10T03:33:03+00:00","dateModified":"2024-06-10T12:34:42+00:00","breadcrumb":{"@id":"https:\/\/www.notibras.com\/site\/nova-escola-tecnica-atendera-mais-de-mil-estudantes\/#breadcrumb"},"inLanguage":"pt-BR","potentialAction":[{"@type":"ReadAction","target":["https:\/\/www.notibras.com\/site\/nova-escola-tecnica-atendera-mais-de-mil-estudantes\/"]}]},{"@type":"ImageObject","inLanguage":"pt-BR","@id":"https:\/\/www.notibras.com\/site\/nova-escola-tecnica-atendera-mais-de-mil-estudantes\/#primaryimage","url":"https:\/\/www.notibras.com\/site\/wp-content\/uploads\/2024\/06\/DENTRO-JRO_0866.jpg","contentUrl":"https:\/\/www.notibras.com\/site\/wp-content\/uploads\/2024\/06\/DENTRO-JRO_0866.jpg","width":1181,"height":787},{"@type":"BreadcrumbList","@id":"https:\/\/www.notibras.com\/site\/nova-escola-tecnica-atendera-mais-de-mil-estudantes\/#breadcrumb","itemListElement":[{"@type":"ListItem","position":1,"name":"In\u00edcio","item":"https:\/\/www.notibras.com\/site\/"},{"@type":"ListItem","position":2,"name":"Nova Escola T\u00e9cnica atender\u00e1 mais de mil estudantes"}]},{"@type":"WebSite","@id":"https:\/\/www.notibras.com\/site\/#website","url":"https:\/\/www.notibras.com\/site\/","name":"Notibras","description":"Not\u00edcias de Bras\u00edlia, do Brasil e do Mundo","publisher":{"@id":"https:\/\/www.notibras.com\/site\/#organization"},"potentialAction":[{"@type":"SearchAction","target":{"@type":"EntryPoint","urlTemplate":"https:\/\/www.notibras.com\/site\/?s={search_term_string}"},"query-input":{"@type":"PropertyValueSpecification","valueRequired":true,"valueName":"search_term_string"}}],"inLanguage":"pt-BR"},{"@type":"Organization","@id":"https:\/\/www.notibras.com\/site\/#organization","name":"Grupo Notibras de Comunica\u00e7\u00e3o","url":"https:\/\/www.notibras.com\/site\/","logo":{"@type":"ImageObject","inLanguage":"pt-BR","@id":"https:\/\/www.notibras.com\/site\/#\/schema\/logo\/image\/","url":"https:\/\/www.notibras.com\/site\/wp-content\/uploads\/2023\/01\/notibras23.png","contentUrl":"https:\/\/www.notibras.com\/site\/wp-content\/uploads\/2023\/01\/notibras23.png","width":350,"height":87,"caption":"Grupo Notibras de Comunica\u00e7\u00e3o"},"image":{"@id":"https:\/\/www.notibras.com\/site\/#\/schema\/logo\/image\/"},"sameAs":["https:\/\/www.facebook.com\/notibras\/","https:\/\/x.com\/Notibras","https:\/\/www.instagram.com\/notibras\/"]},{"@type":"Person","@id":"https:\/\/www.notibras.com\/site\/#\/schema\/person\/36ab0979449956132d3e5b517ea76ac8","name":"Reda\u00e7\u00e3o","image":{"@type":"ImageObject","inLanguage":"pt-BR","@id":"https:\/\/secure.gravatar.com\/avatar\/e0a867bdedb85fd243eadf09663511f96fc81e0720a4a42581f334ad4303aa6b?s=96&d=mm&r=g","url":"https:\/\/secure.gravatar.com\/avatar\/e0a867bdedb85fd243eadf09663511f96fc81e0720a4a42581f334ad4303aa6b?s=96&d=mm&r=g","contentUrl":"https:\/\/secure.gravatar.com\/avatar\/e0a867bdedb85fd243eadf09663511f96fc81e0720a4a42581f334ad4303aa6b?s=96&d=mm&r=g","caption":"Reda\u00e7\u00e3o"}}]}},"amp_enabled":true,"_links":{"self":[{"href":"https:\/\/www.notibras.com\/site\/wp-json\/wp\/v2\/posts\/330441","targetHints":{"allow":["GET"]}}],"collection":[{"href":"https:\/\/www.notibras.com\/site\/wp-json\/wp\/v2\/posts"}],"about":[{"href":"https:\/\/www.notibras.com\/site\/wp-json\/wp\/v2\/types\/post"}],"author":[{"embeddable":true,"href":"https:\/\/www.notibras.com\/site\/wp-json\/wp\/v2\/users\/2"}],"replies":[{"embeddable":true,"href":"https:\/\/www.notibras.com\/site\/wp-json\/wp\/v2\/comments?post=330441"}],"version-history":[{"count":1,"href":"https:\/\/www.notibras.com\/site\/wp-json\/wp\/v2\/posts\/330441\/revisions"}],"predecessor-version":[{"id":330443,"href":"https:\/\/www.notibras.com\/site\/wp-json\/wp\/v2\/posts\/330441\/revisions\/330443"}],"wp:featuredmedia":[{"embeddable":true,"href":"https:\/\/www.notibras.com\/site\/wp-json\/wp\/v2\/media\/330442"}],"wp:attachment":[{"href":"https:\/\/www.notibras.com\/site\/wp-json\/wp\/v2\/media?parent=330441"}],"wp:term":[{"taxonomy":"category","embeddable":true,"href":"https:\/\/www.notibras.com\/site\/wp-json\/wp\/v2\/categories?post=330441"},{"taxonomy":"post_tag","embeddable":true,"href":"https:\/\/www.notibras.com\/site\/wp-json\/wp\/v2\/tags?post=330441"}],"curies":[{"name":"wp","href":"https:\/\/api.w.org\/{rel}","templated":true}]}}