{"id":330444,"date":"2024-06-10T00:00:34","date_gmt":"2024-06-10T03:00:34","guid":{"rendered":"https:\/\/www.notibras.com\/site\/?p=330444"},"modified":"2024-06-10T09:40:46","modified_gmt":"2024-06-10T12:40:46","slug":"circuito-de-mountain-bike-encerra-semana-do-meio-ambiente","status":"publish","type":"post","link":"https:\/\/www.notibras.com\/site\/circuito-de-mountain-bike-encerra-semana-do-meio-ambiente\/","title":{"rendered":"Circuito de mountain bike encerra Semana do Meio Ambiente"},"content":{"rendered":"<p>Emo\u00e7\u00e3o e adrenalina agitaram o estacionamento 12 do Parque da Cidade, na manh\u00e3 deste domingo (9), com a realiza\u00e7\u00e3o do Circuito Mountain Bike X Conex\u00e3o Ambiental, uma das atra\u00e7\u00f5es do encerramento da Semana do Meio Ambiente 2024. Organizado pela Secretaria do Meio Ambiente e Prote\u00e7\u00e3o Animal do Distrito Federal (Sema), o evento atraiu centenas de participantes e espectadores, celebrando a sustentabilidade e a conscientiza\u00e7\u00e3o ambiental.<\/p>\n<p>In\u00e9dita no Distrito Federal, a Semana do Meio Ambiente Conex\u00e3o Ambiental ofereceu uma programa\u00e7\u00e3o variada, com palestras, workshops, exposi\u00e7\u00f5es e atividades pr\u00e1ticas para sensibilizar e educar a popula\u00e7\u00e3o sobre a import\u00e2ncia da conserva\u00e7\u00e3o ambiental e da ado\u00e7\u00e3o de pr\u00e1ticas sustent\u00e1veis. As atra\u00e7\u00f5es \u2013 todas com acesso gratuito ao p\u00fablico \u2013 se concentraram no Parque da Cidade e no Parque Ecol\u00f3gico de \u00c1guas Claras.<\/p>\n<p>\u201c\u00c9 a primeira edi\u00e7\u00e3o desse projeto, cuja ideia j\u00e1 est\u00e1 expressa no nome\u201d, afirmou o titular da Sema, Gutemberg Gomes. \u201c\u00c9 a conex\u00e3o com v\u00e1rios \u00f3rg\u00e3os do GDF com a sociedade. E foi uma experi\u00eancia muito rica, uma imers\u00e3o muito interessante em v\u00e1rios temas que s\u00e3o importantes para o meio ambiente, como mudan\u00e7as clim\u00e1ticas, descarte de res\u00edduos s\u00f3lidos, o cuidado com a \u00e1gua, da flora e da fauna.\u201d<\/p>\n<p><strong>Corrida<\/strong><br \/>\nDurante a manh\u00e3, o destaque foi o circuito de mountain bike, que atraiu atletas de v\u00e1rias idades e n\u00edveis de experi\u00eancia em um percurso de 15 km de extens\u00e3o montado dentro do estacionamento. Entre os competidores, estava o estreante Darley Campos, 29. \u201cFiquei sabendo por meio de um amigo, que me mandou a inscri\u00e7\u00e3o\u201d, contou. \u201c\u00c9 a primeira vez competindo, e confesso que estou com um pouco de medo\u201d.<\/p>\n<p>Um dos locais preferidos do atleta para mountain bike e downhill, atividades que ele pratica h\u00e1 seis anos, \u00e9 a Floresta Nacional de Bras\u00edlia (Flona). \u201cIngressei na modalidade quando morava em Piren\u00f3polis [GO], e, como l\u00e1 tem muita descida, era ideal para mim\u201d, lembrou. \u201cHoje, morando em Bras\u00edlia, gosto de fazer bastante trilha, especialmente na Flona\u201d.<\/p>\n<p>A professora Sheila Passos, 46, tamb\u00e9m marcou presen\u00e7a na competi\u00e7\u00e3o e levou os filhos Pedro Henrique, 12, e Jo\u00e3o Gabriel, 9, para assistir \u00e0 corrida. \u201cJ\u00e1 pratiquei mountain bike e hoje tive a sorte de chegar bem na hora da largada da corrida\u201d, disse.<\/p>\n<p>Ela aprovou a programa\u00e7\u00e3o do evento: \u201cA tem\u00e1tica \u00e9 superimportante, at\u00e9 mesmo porque estamos em uma fase complicada \u2013 a gente viu e est\u00e1 vendo as mudan\u00e7as clim\u00e1ticas na pr\u00e1tica. Eventos como esse s\u00e3o uma maneira de mostrar para as pessoas as iniciativas que est\u00e3o sendo feitas para frear isso\u201d.<\/p>\n<p><strong>Programa\u00e7\u00e3o diversificada<\/strong><br \/>\nAl\u00e9m do circuito de mountain bike, a programa\u00e7\u00e3o teve a presen\u00e7a da unidade m\u00f3vel de atendimento da Secretaria da Mulher (SMDF), com atua\u00e7\u00e3o voltada para a promo\u00e7\u00e3o de boas pr\u00e1ticas e engajamento da comunidade, e a\u00e7\u00f5es do programa Reciclotech, da Secretaria de Ci\u00eancia, Tecnologia e Inova\u00e7\u00e3o do DF (Secti), que incentiva o descarte correto de eletroeletr\u00f4nicos.<\/p>\n<p>Tamb\u00e9m houve oficinas de cria\u00e7\u00e3o de trilhas, rodas de bate-papo, exposi\u00e7\u00f5es de produtos e servi\u00e7os tur\u00edsticos e uma feira de itens sustent\u00e1veis da agricultura familiar. Uma apresenta\u00e7\u00e3o da Orquestra Sinf\u00f4nica do Teatro Nacional Cl\u00e1udio Santoro (OSTNCS), \u00e0s 16h, marca o encerramento oficial da programa\u00e7\u00e3o.<\/p>\n","protected":false},"excerpt":{"rendered":"<p>Emo\u00e7\u00e3o e adrenalina agitaram o estacionamento 12 do Parque da Cidade, na manh\u00e3 deste domingo (9), com a realiza\u00e7\u00e3o do Circuito Mountain Bike X Conex\u00e3o Ambiental, uma das atra\u00e7\u00f5es do encerramento da Semana do Meio Ambiente 2024. Organizado pela Secretaria do Meio Ambiente e Prote\u00e7\u00e3o Animal do Distrito Federal (Sema), o evento atraiu centenas de [&hellip;]<\/p>\n","protected":false},"author":2,"featured_media":330445,"comment_status":"closed","ping_status":"closed","sticky":false,"template":"","format":"standard","meta":{"_acf_changed":false,"footnotes":""},"categories":[161],"tags":[],"class_list":["post-330444","post","type-post","status-publish","format-standard","has-post-thumbnail","hentry","category-quadradinho-em-foco"],"acf":[],"yoast_head":"<!-- This site is optimized with the Yoast SEO plugin v27.5 - https:\/\/yoast.com\/product\/yoast-seo-wordpress\/ -->\n<title>Circuito de mountain bike encerra Semana do Meio Ambiente - Notibras<\/title>\n<meta name=\"robots\" content=\"index, follow, max-snippet:-1, max-image-preview:large, max-video-preview:-1\" \/>\n<link rel=\"canonical\" href=\"https:\/\/www.notibras.com\/site\/circuito-de-mountain-bike-encerra-semana-do-meio-ambiente\/\" \/>\n<meta property=\"og:locale\" content=\"pt_BR\" \/>\n<meta property=\"og:type\" content=\"article\" \/>\n<meta property=\"og:title\" content=\"Circuito de mountain bike encerra Semana do Meio Ambiente - Notibras\" \/>\n<meta property=\"og:description\" content=\"Emo\u00e7\u00e3o e adrenalina agitaram o estacionamento 12 do Parque da Cidade, na manh\u00e3 deste domingo (9), com a realiza\u00e7\u00e3o do Circuito Mountain Bike X Conex\u00e3o Ambiental, uma das atra\u00e7\u00f5es do encerramento da Semana do Meio Ambiente 2024. Organizado pela Secretaria do Meio Ambiente e Prote\u00e7\u00e3o Animal do Distrito Federal (Sema), o evento atraiu centenas de [&hellip;]\" \/>\n<meta property=\"og:url\" content=\"https:\/\/www.notibras.com\/site\/circuito-de-mountain-bike-encerra-semana-do-meio-ambiente\/\" \/>\n<meta property=\"og:site_name\" content=\"Notibras\" \/>\n<meta property=\"article:publisher\" content=\"https:\/\/www.facebook.com\/notibras\/\" \/>\n<meta property=\"article:published_time\" content=\"2024-06-10T03:00:34+00:00\" \/>\n<meta property=\"article:modified_time\" content=\"2024-06-10T12:40:46+00:00\" \/>\n<meta property=\"og:image\" content=\"https:\/\/www.notibras.com\/site\/wp-content\/uploads\/2024\/06\/Dentro-2_1-3-1536x1024-1.jpg\" \/>\n\t<meta property=\"og:image:width\" content=\"1536\" \/>\n\t<meta property=\"og:image:height\" content=\"1024\" \/>\n\t<meta property=\"og:image:type\" content=\"image\/jpeg\" \/>\n<meta name=\"author\" content=\"Reda\u00e7\u00e3o\" \/>\n<meta name=\"twitter:card\" content=\"summary_large_image\" \/>\n<meta name=\"twitter:creator\" content=\"@Notibras\" \/>\n<meta name=\"twitter:site\" content=\"@Notibras\" \/>\n<meta name=\"twitter:label1\" content=\"Escrito por\" \/>\n\t<meta name=\"twitter:data1\" content=\"Reda\u00e7\u00e3o\" \/>\n\t<meta name=\"twitter:label2\" content=\"Est. tempo de leitura\" \/>\n\t<meta name=\"twitter:data2\" content=\"4 minutos\" \/>\n<script type=\"application\/ld+json\" class=\"yoast-schema-graph\">{\"@context\":\"https:\\\/\\\/schema.org\",\"@graph\":[{\"@type\":\"Article\",\"@id\":\"https:\\\/\\\/www.notibras.com\\\/site\\\/circuito-de-mountain-bike-encerra-semana-do-meio-ambiente\\\/#article\",\"isPartOf\":{\"@id\":\"https:\\\/\\\/www.notibras.com\\\/site\\\/circuito-de-mountain-bike-encerra-semana-do-meio-ambiente\\\/\"},\"author\":{\"name\":\"Reda\u00e7\u00e3o\",\"@id\":\"https:\\\/\\\/www.notibras.com\\\/site\\\/#\\\/schema\\\/person\\\/36ab0979449956132d3e5b517ea76ac8\"},\"headline\":\"Circuito de mountain bike encerra Semana do Meio Ambiente\",\"datePublished\":\"2024-06-10T03:00:34+00:00\",\"dateModified\":\"2024-06-10T12:40:46+00:00\",\"mainEntityOfPage\":{\"@id\":\"https:\\\/\\\/www.notibras.com\\\/site\\\/circuito-de-mountain-bike-encerra-semana-do-meio-ambiente\\\/\"},\"wordCount\":583,\"publisher\":{\"@id\":\"https:\\\/\\\/www.notibras.com\\\/site\\\/#organization\"},\"image\":{\"@id\":\"https:\\\/\\\/www.notibras.com\\\/site\\\/circuito-de-mountain-bike-encerra-semana-do-meio-ambiente\\\/#primaryimage\"},\"thumbnailUrl\":\"https:\\\/\\\/www.notibras.com\\\/site\\\/wp-content\\\/uploads\\\/2024\\\/06\\\/Dentro-2_1-3-1536x1024-1.jpg\",\"articleSection\":[\"Quadradinho em Foco\"],\"inLanguage\":\"pt-BR\"},{\"@type\":\"WebPage\",\"@id\":\"https:\\\/\\\/www.notibras.com\\\/site\\\/circuito-de-mountain-bike-encerra-semana-do-meio-ambiente\\\/\",\"url\":\"https:\\\/\\\/www.notibras.com\\\/site\\\/circuito-de-mountain-bike-encerra-semana-do-meio-ambiente\\\/\",\"name\":\"Circuito de mountain bike encerra Semana do Meio Ambiente - Notibras\",\"isPartOf\":{\"@id\":\"https:\\\/\\\/www.notibras.com\\\/site\\\/#website\"},\"primaryImageOfPage\":{\"@id\":\"https:\\\/\\\/www.notibras.com\\\/site\\\/circuito-de-mountain-bike-encerra-semana-do-meio-ambiente\\\/#primaryimage\"},\"image\":{\"@id\":\"https:\\\/\\\/www.notibras.com\\\/site\\\/circuito-de-mountain-bike-encerra-semana-do-meio-ambiente\\\/#primaryimage\"},\"thumbnailUrl\":\"https:\\\/\\\/www.notibras.com\\\/site\\\/wp-content\\\/uploads\\\/2024\\\/06\\\/Dentro-2_1-3-1536x1024-1.jpg\",\"datePublished\":\"2024-06-10T03:00:34+00:00\",\"dateModified\":\"2024-06-10T12:40:46+00:00\",\"breadcrumb\":{\"@id\":\"https:\\\/\\\/www.notibras.com\\\/site\\\/circuito-de-mountain-bike-encerra-semana-do-meio-ambiente\\\/#breadcrumb\"},\"inLanguage\":\"pt-BR\",\"potentialAction\":[{\"@type\":\"ReadAction\",\"target\":[\"https:\\\/\\\/www.notibras.com\\\/site\\\/circuito-de-mountain-bike-encerra-semana-do-meio-ambiente\\\/\"]}]},{\"@type\":\"ImageObject\",\"inLanguage\":\"pt-BR\",\"@id\":\"https:\\\/\\\/www.notibras.com\\\/site\\\/circuito-de-mountain-bike-encerra-semana-do-meio-ambiente\\\/#primaryimage\",\"url\":\"https:\\\/\\\/www.notibras.com\\\/site\\\/wp-content\\\/uploads\\\/2024\\\/06\\\/Dentro-2_1-3-1536x1024-1.jpg\",\"contentUrl\":\"https:\\\/\\\/www.notibras.com\\\/site\\\/wp-content\\\/uploads\\\/2024\\\/06\\\/Dentro-2_1-3-1536x1024-1.jpg\",\"width\":1536,\"height\":1024},{\"@type\":\"BreadcrumbList\",\"@id\":\"https:\\\/\\\/www.notibras.com\\\/site\\\/circuito-de-mountain-bike-encerra-semana-do-meio-ambiente\\\/#breadcrumb\",\"itemListElement\":[{\"@type\":\"ListItem\",\"position\":1,\"name\":\"In\u00edcio\",\"item\":\"https:\\\/\\\/www.notibras.com\\\/site\\\/\"},{\"@type\":\"ListItem\",\"position\":2,\"name\":\"Circuito de mountain bike encerra Semana do Meio Ambiente\"}]},{\"@type\":\"WebSite\",\"@id\":\"https:\\\/\\\/www.notibras.com\\\/site\\\/#website\",\"url\":\"https:\\\/\\\/www.notibras.com\\\/site\\\/\",\"name\":\"Notibras\",\"description\":\"Not\u00edcias de Bras\u00edlia, do Brasil e do Mundo\",\"publisher\":{\"@id\":\"https:\\\/\\\/www.notibras.com\\\/site\\\/#organization\"},\"potentialAction\":[{\"@type\":\"SearchAction\",\"target\":{\"@type\":\"EntryPoint\",\"urlTemplate\":\"https:\\\/\\\/www.notibras.com\\\/site\\\/?s={search_term_string}\"},\"query-input\":{\"@type\":\"PropertyValueSpecification\",\"valueRequired\":true,\"valueName\":\"search_term_string\"}}],\"inLanguage\":\"pt-BR\"},{\"@type\":\"Organization\",\"@id\":\"https:\\\/\\\/www.notibras.com\\\/site\\\/#organization\",\"name\":\"Grupo Notibras de Comunica\u00e7\u00e3o\",\"url\":\"https:\\\/\\\/www.notibras.com\\\/site\\\/\",\"logo\":{\"@type\":\"ImageObject\",\"inLanguage\":\"pt-BR\",\"@id\":\"https:\\\/\\\/www.notibras.com\\\/site\\\/#\\\/schema\\\/logo\\\/image\\\/\",\"url\":\"https:\\\/\\\/www.notibras.com\\\/site\\\/wp-content\\\/uploads\\\/2023\\\/01\\\/notibras23.png\",\"contentUrl\":\"https:\\\/\\\/www.notibras.com\\\/site\\\/wp-content\\\/uploads\\\/2023\\\/01\\\/notibras23.png\",\"width\":350,\"height\":87,\"caption\":\"Grupo Notibras de Comunica\u00e7\u00e3o\"},\"image\":{\"@id\":\"https:\\\/\\\/www.notibras.com\\\/site\\\/#\\\/schema\\\/logo\\\/image\\\/\"},\"sameAs\":[\"https:\\\/\\\/www.facebook.com\\\/notibras\\\/\",\"https:\\\/\\\/x.com\\\/Notibras\",\"https:\\\/\\\/www.instagram.com\\\/notibras\\\/\"]},{\"@type\":\"Person\",\"@id\":\"https:\\\/\\\/www.notibras.com\\\/site\\\/#\\\/schema\\\/person\\\/36ab0979449956132d3e5b517ea76ac8\",\"name\":\"Reda\u00e7\u00e3o\",\"image\":{\"@type\":\"ImageObject\",\"inLanguage\":\"pt-BR\",\"@id\":\"https:\\\/\\\/secure.gravatar.com\\\/avatar\\\/e0a867bdedb85fd243eadf09663511f96fc81e0720a4a42581f334ad4303aa6b?s=96&d=mm&r=g\",\"url\":\"https:\\\/\\\/secure.gravatar.com\\\/avatar\\\/e0a867bdedb85fd243eadf09663511f96fc81e0720a4a42581f334ad4303aa6b?s=96&d=mm&r=g\",\"contentUrl\":\"https:\\\/\\\/secure.gravatar.com\\\/avatar\\\/e0a867bdedb85fd243eadf09663511f96fc81e0720a4a42581f334ad4303aa6b?s=96&d=mm&r=g\",\"caption\":\"Reda\u00e7\u00e3o\"}}]}<\/script>\n<!-- \/ Yoast SEO plugin. -->","yoast_head_json":{"title":"Circuito de mountain bike encerra Semana do Meio Ambiente - Notibras","robots":{"index":"index","follow":"follow","max-snippet":"max-snippet:-1","max-image-preview":"max-image-preview:large","max-video-preview":"max-video-preview:-1"},"canonical":"https:\/\/www.notibras.com\/site\/circuito-de-mountain-bike-encerra-semana-do-meio-ambiente\/","og_locale":"pt_BR","og_type":"article","og_title":"Circuito de mountain bike encerra Semana do Meio Ambiente - Notibras","og_description":"Emo\u00e7\u00e3o e adrenalina agitaram o estacionamento 12 do Parque da Cidade, na manh\u00e3 deste domingo (9), com a realiza\u00e7\u00e3o do Circuito Mountain Bike X Conex\u00e3o Ambiental, uma das atra\u00e7\u00f5es do encerramento da Semana do Meio Ambiente 2024. Organizado pela Secretaria do Meio Ambiente e Prote\u00e7\u00e3o Animal do Distrito Federal (Sema), o evento atraiu centenas de [&hellip;]","og_url":"https:\/\/www.notibras.com\/site\/circuito-de-mountain-bike-encerra-semana-do-meio-ambiente\/","og_site_name":"Notibras","article_publisher":"https:\/\/www.facebook.com\/notibras\/","article_published_time":"2024-06-10T03:00:34+00:00","article_modified_time":"2024-06-10T12:40:46+00:00","og_image":[{"width":1536,"height":1024,"url":"https:\/\/www.notibras.com\/site\/wp-content\/uploads\/2024\/06\/Dentro-2_1-3-1536x1024-1.jpg","type":"image\/jpeg"}],"author":"Reda\u00e7\u00e3o","twitter_card":"summary_large_image","twitter_creator":"@Notibras","twitter_site":"@Notibras","twitter_misc":{"Escrito por":"Reda\u00e7\u00e3o","Est. tempo de leitura":"4 minutos"},"schema":{"@context":"https:\/\/schema.org","@graph":[{"@type":"Article","@id":"https:\/\/www.notibras.com\/site\/circuito-de-mountain-bike-encerra-semana-do-meio-ambiente\/#article","isPartOf":{"@id":"https:\/\/www.notibras.com\/site\/circuito-de-mountain-bike-encerra-semana-do-meio-ambiente\/"},"author":{"name":"Reda\u00e7\u00e3o","@id":"https:\/\/www.notibras.com\/site\/#\/schema\/person\/36ab0979449956132d3e5b517ea76ac8"},"headline":"Circuito de mountain bike encerra Semana do Meio Ambiente","datePublished":"2024-06-10T03:00:34+00:00","dateModified":"2024-06-10T12:40:46+00:00","mainEntityOfPage":{"@id":"https:\/\/www.notibras.com\/site\/circuito-de-mountain-bike-encerra-semana-do-meio-ambiente\/"},"wordCount":583,"publisher":{"@id":"https:\/\/www.notibras.com\/site\/#organization"},"image":{"@id":"https:\/\/www.notibras.com\/site\/circuito-de-mountain-bike-encerra-semana-do-meio-ambiente\/#primaryimage"},"thumbnailUrl":"https:\/\/www.notibras.com\/site\/wp-content\/uploads\/2024\/06\/Dentro-2_1-3-1536x1024-1.jpg","articleSection":["Quadradinho em Foco"],"inLanguage":"pt-BR"},{"@type":"WebPage","@id":"https:\/\/www.notibras.com\/site\/circuito-de-mountain-bike-encerra-semana-do-meio-ambiente\/","url":"https:\/\/www.notibras.com\/site\/circuito-de-mountain-bike-encerra-semana-do-meio-ambiente\/","name":"Circuito de mountain bike encerra Semana do Meio Ambiente - Notibras","isPartOf":{"@id":"https:\/\/www.notibras.com\/site\/#website"},"primaryImageOfPage":{"@id":"https:\/\/www.notibras.com\/site\/circuito-de-mountain-bike-encerra-semana-do-meio-ambiente\/#primaryimage"},"image":{"@id":"https:\/\/www.notibras.com\/site\/circuito-de-mountain-bike-encerra-semana-do-meio-ambiente\/#primaryimage"},"thumbnailUrl":"https:\/\/www.notibras.com\/site\/wp-content\/uploads\/2024\/06\/Dentro-2_1-3-1536x1024-1.jpg","datePublished":"2024-06-10T03:00:34+00:00","dateModified":"2024-06-10T12:40:46+00:00","breadcrumb":{"@id":"https:\/\/www.notibras.com\/site\/circuito-de-mountain-bike-encerra-semana-do-meio-ambiente\/#breadcrumb"},"inLanguage":"pt-BR","potentialAction":[{"@type":"ReadAction","target":["https:\/\/www.notibras.com\/site\/circuito-de-mountain-bike-encerra-semana-do-meio-ambiente\/"]}]},{"@type":"ImageObject","inLanguage":"pt-BR","@id":"https:\/\/www.notibras.com\/site\/circuito-de-mountain-bike-encerra-semana-do-meio-ambiente\/#primaryimage","url":"https:\/\/www.notibras.com\/site\/wp-content\/uploads\/2024\/06\/Dentro-2_1-3-1536x1024-1.jpg","contentUrl":"https:\/\/www.notibras.com\/site\/wp-content\/uploads\/2024\/06\/Dentro-2_1-3-1536x1024-1.jpg","width":1536,"height":1024},{"@type":"BreadcrumbList","@id":"https:\/\/www.notibras.com\/site\/circuito-de-mountain-bike-encerra-semana-do-meio-ambiente\/#breadcrumb","itemListElement":[{"@type":"ListItem","position":1,"name":"In\u00edcio","item":"https:\/\/www.notibras.com\/site\/"},{"@type":"ListItem","position":2,"name":"Circuito de mountain bike encerra Semana do Meio Ambiente"}]},{"@type":"WebSite","@id":"https:\/\/www.notibras.com\/site\/#website","url":"https:\/\/www.notibras.com\/site\/","name":"Notibras","description":"Not\u00edcias de Bras\u00edlia, do Brasil e do Mundo","publisher":{"@id":"https:\/\/www.notibras.com\/site\/#organization"},"potentialAction":[{"@type":"SearchAction","target":{"@type":"EntryPoint","urlTemplate":"https:\/\/www.notibras.com\/site\/?s={search_term_string}"},"query-input":{"@type":"PropertyValueSpecification","valueRequired":true,"valueName":"search_term_string"}}],"inLanguage":"pt-BR"},{"@type":"Organization","@id":"https:\/\/www.notibras.com\/site\/#organization","name":"Grupo Notibras de Comunica\u00e7\u00e3o","url":"https:\/\/www.notibras.com\/site\/","logo":{"@type":"ImageObject","inLanguage":"pt-BR","@id":"https:\/\/www.notibras.com\/site\/#\/schema\/logo\/image\/","url":"https:\/\/www.notibras.com\/site\/wp-content\/uploads\/2023\/01\/notibras23.png","contentUrl":"https:\/\/www.notibras.com\/site\/wp-content\/uploads\/2023\/01\/notibras23.png","width":350,"height":87,"caption":"Grupo Notibras de Comunica\u00e7\u00e3o"},"image":{"@id":"https:\/\/www.notibras.com\/site\/#\/schema\/logo\/image\/"},"sameAs":["https:\/\/www.facebook.com\/notibras\/","https:\/\/x.com\/Notibras","https:\/\/www.instagram.com\/notibras\/"]},{"@type":"Person","@id":"https:\/\/www.notibras.com\/site\/#\/schema\/person\/36ab0979449956132d3e5b517ea76ac8","name":"Reda\u00e7\u00e3o","image":{"@type":"ImageObject","inLanguage":"pt-BR","@id":"https:\/\/secure.gravatar.com\/avatar\/e0a867bdedb85fd243eadf09663511f96fc81e0720a4a42581f334ad4303aa6b?s=96&d=mm&r=g","url":"https:\/\/secure.gravatar.com\/avatar\/e0a867bdedb85fd243eadf09663511f96fc81e0720a4a42581f334ad4303aa6b?s=96&d=mm&r=g","contentUrl":"https:\/\/secure.gravatar.com\/avatar\/e0a867bdedb85fd243eadf09663511f96fc81e0720a4a42581f334ad4303aa6b?s=96&d=mm&r=g","caption":"Reda\u00e7\u00e3o"}}]}},"amp_enabled":true,"_links":{"self":[{"href":"https:\/\/www.notibras.com\/site\/wp-json\/wp\/v2\/posts\/330444","targetHints":{"allow":["GET"]}}],"collection":[{"href":"https:\/\/www.notibras.com\/site\/wp-json\/wp\/v2\/posts"}],"about":[{"href":"https:\/\/www.notibras.com\/site\/wp-json\/wp\/v2\/types\/post"}],"author":[{"embeddable":true,"href":"https:\/\/www.notibras.com\/site\/wp-json\/wp\/v2\/users\/2"}],"replies":[{"embeddable":true,"href":"https:\/\/www.notibras.com\/site\/wp-json\/wp\/v2\/comments?post=330444"}],"version-history":[{"count":1,"href":"https:\/\/www.notibras.com\/site\/wp-json\/wp\/v2\/posts\/330444\/revisions"}],"predecessor-version":[{"id":330446,"href":"https:\/\/www.notibras.com\/site\/wp-json\/wp\/v2\/posts\/330444\/revisions\/330446"}],"wp:featuredmedia":[{"embeddable":true,"href":"https:\/\/www.notibras.com\/site\/wp-json\/wp\/v2\/media\/330445"}],"wp:attachment":[{"href":"https:\/\/www.notibras.com\/site\/wp-json\/wp\/v2\/media?parent=330444"}],"wp:term":[{"taxonomy":"category","embeddable":true,"href":"https:\/\/www.notibras.com\/site\/wp-json\/wp\/v2\/categories?post=330444"},{"taxonomy":"post_tag","embeddable":true,"href":"https:\/\/www.notibras.com\/site\/wp-json\/wp\/v2\/tags?post=330444"}],"curies":[{"name":"wp","href":"https:\/\/api.w.org\/{rel}","templated":true}]}}