{"id":330528,"date":"2024-06-11T00:14:28","date_gmt":"2024-06-11T03:14:28","guid":{"rendered":"https:\/\/www.notibras.com\/site\/?p=330528"},"modified":"2024-06-11T10:17:04","modified_gmt":"2024-06-11T13:17:04","slug":"governo-corre-com-acoes-de-protecao-a-caatinga","status":"publish","type":"post","link":"https:\/\/www.notibras.com\/site\/governo-corre-com-acoes-de-protecao-a-caatinga\/","title":{"rendered":"Governo corre com a\u00e7\u00f5es de prote\u00e7\u00e3o \u00e0 Caatinga"},"content":{"rendered":"<p>O Minist\u00e9rio do Meio Ambiente e Mudan\u00e7a do Clima (MMA) anunciou a sele\u00e7\u00e3o de 12 projetos priorit\u00e1rios para a cria\u00e7\u00e3o de unidades de conserva\u00e7\u00e3o federais no bioma Caatinga, a serem implantadas at\u00e9 2026, que resultar\u00e3o no aumento de mais de um milh\u00e3o de hectares das \u00e1reas protegidas.<\/p>\n<p>Encontram-se em andamento as amplia\u00e7\u00f5es do Parque Nacional da Serra das Confus\u00f5es, no Piau\u00ed; da Floresta Nacional de A\u00e7u, no Rio Grande do Norte; e do Ref\u00fagio da Vida Silvestre do Soldadinho-do-Arararipe, no Cear\u00e1.<\/p>\n<p>\u201cOs estudos da ci\u00eancia est\u00e3o nos mostrando que j\u00e1 temos uma amplia\u00e7\u00e3o das \u00e1reas que eram semi\u00e1ridas e que est\u00e3o ficando \u00e1ridas. Isso \u00e9 mudan\u00e7a do clima. Se a gente \u2018descaatinga\u2019 a Caatinga, a gente agrava o problema\u201d, alertou a ministra do MMA, Marina Silva.<\/p>\n<p>O an\u00fancio foi feito em Petrolina, durante o lan\u00e7amento da campanha Terra, Floresta, \u00c1gua \u2013 Movimento Nacional de Enfrentamento \u00e0 Desertifica\u00e7\u00e3o e \u00e0 Seca.<\/p>\n<p>As iniciativas integram a Miss\u00e3o Clim\u00e1tica pela Caatinga, que reuniu governos federal e locais, al\u00e9m da participa\u00e7\u00e3o do secret\u00e1rio-executivo da Conven\u00e7\u00e3o das Na\u00e7\u00f5es Unidas para o Combate \u00e0 Desertifica\u00e7\u00e3o, Ibrahim Thiaw, no enfrentamento aos efeitos da mudan\u00e7a clim\u00e1tica na Caatinga presente em 12% do territ\u00f3rio do pa\u00eds.<\/p>\n<p><strong>Biodiversidade<\/strong><br \/>\nSegundo dados do MMA, a desertifica\u00e7\u00e3o atinge 13% do semi\u00e1rido brasileiro. S\u00e3o regi\u00f5es onde a atividade humana e as varia\u00e7\u00f5es clim\u00e1ticas determinaram a perda total da biodiversidade, da capacidade de oferecer servi\u00e7os ecossist\u00eamicos e at\u00e9 da capacidade produtiva do solo para seguran\u00e7a alimentar.<\/p>\n<p>Localizada integralmente no semi\u00e1rido, a Caatinga s\u00f3 existe no Brasil e abriga uma biodiversidade \u00fanica, com grande n\u00famero de esp\u00e9cies end\u00eamicas, que s\u00f3 ocorrem no bioma. Essas caracter\u00edsticas &#8211; somadas ao fato de ter 60% de seu territ\u00f3rio ocupado por popula\u00e7\u00f5es &#8211; fazem com que a vegeta\u00e7\u00e3o nativa dessa regi\u00e3o seja a mais suscet\u00edvel \u00e0s mudan\u00e7as clim\u00e1ticas, segundo indicou o Painel Intergovernamental sobre Mudan\u00e7a do Clima da Organiza\u00e7\u00e3o das Na\u00e7\u00f5es Unidas (ONU).<\/p>\n<p>Desde 2015, o Brasil tem uma Pol\u00edtica Nacional de Combate \u00e0 Desertifica\u00e7\u00e3o e Mitiga\u00e7\u00e3o dos Efeitos da Seca, criada pela lei n\u00ba13.153, mas nos \u00faltimos anos o desmatamento da Caatinga avan\u00e7ou, segundo aponta o Relat\u00f3rio Anual do Desmatamento da Mapbiomas. Em 2023, por exemplo, mais de um quinto dos alertas de desmatamento em todo o Brasil foram no bioma.<\/p>\n<p>Ao todo, foram desmatados 201.687 hectares de Caatinga, com um aumento de 43,3% em rela\u00e7\u00e3o a 2022. Os estados da Bahia, Cear\u00e1 e Rio Grande do Norte lideraram o crescimento dos alertas de desmatamento na regi\u00e3o, mas 87% dos munic\u00edpios no bioma registraram pelo menos um evento.<\/p>\n<p><strong>Cisternas<\/strong><br \/>\nAp\u00f3s a retomada do Programa Cisternas no ano passado, o Minist\u00e9rio do Desenvolvimento e Assist\u00eancia Social, Fam\u00edlia e Combate \u00e0 Fome anunciou um pacto com os estados do Nordeste que possibilitar\u00e1 a contrata\u00e7\u00e3o pela gest\u00e3o local de sistemas que ampliam o acesso \u00e0 \u00e1gua para consumo e produ\u00e7\u00e3o de alimentos.<\/p>\n<p>O objetivo, segundo a secret\u00e1ria de Seguran\u00e7a Alimentar e Nutricional do MDS, Lilian Rahal, \u00e9 que o programa v\u00e1 al\u00e9m da seguran\u00e7a h\u00eddrica e alimentar e tamb\u00e9m seja uma ferramenta de resili\u00eancia e adapta\u00e7\u00e3o \u00e0s mudan\u00e7as clim\u00e1ticas.<\/p>\n<p><strong>Projetos<\/strong><br \/>\nDurante a Miss\u00e3o Caatinga foram anunciados o Projeto Conecta Caatinga, para promover a gest\u00e3o integrada da paisagem no bioma, por meio de a\u00e7\u00f5es de recupera\u00e7\u00e3o da vegeta\u00e7\u00e3o nativa e dos corpos h\u00eddricos, estimulando o desenvolvimento de uma sociobioeconomia de baixo carbono e conectando a vegeta\u00e7\u00e3o entras as \u00e1reas protegidas. Ser\u00e3o investidos R$ 30,2 milh\u00f5es do Fundo Global para o Meio Ambiente (Global Environment Facility \u2013 GEF).<\/p>\n<p>O Projeto Arca: \u00e1reas protegidas da Caatinga \u00e9 outra iniciativa para a prote\u00e7\u00e3o do bioma por meio da expans\u00e3o e consolida\u00e7\u00e3o do Sistema Nacional de Unidades de Conserva\u00e7\u00e3o da Natureza (Snuc), com envolvimento das comunidades locais visando a elabora\u00e7\u00e3o de planos de manejo das \u00e1reas de preserva\u00e7\u00e3o nos estados da Bahia, Pernambuco e Piau\u00ed, os mais desmatados no \u00faltimo ano. Os investimentos de R$ 50 milh\u00f5es j\u00e1 foram aprovados pelo Fundo do Marco Global pela Biodiversidade.<\/p>\n<p>Tamb\u00e9m foi anunciada a cria\u00e7\u00e3o da Rede de Pesquisadores e Pesquisadoras Sobre a Desertifica\u00e7\u00e3o e Seca para apoiar a implementa\u00e7\u00e3o da pol\u00edtica p\u00fablica nacional, acolhendo as principais evid\u00eancias cient\u00edficas no apoio \u00e0 tomada de decis\u00e3o de gestores no enfrentamento \u00e0 emerg\u00eancia clim\u00e1tica.<\/p>\n<p>Cientistas poder\u00e3o participar fazendo a inscri\u00e7\u00e3o no site do MMA, at\u00e9 o dia 10 de julho. Houve ainda o lan\u00e7amento do livro Manejo Florestal da Caatinga \u2013 40 anos de experimenta\u00e7\u00e3o.<\/p>\n","protected":false},"excerpt":{"rendered":"<p>O Minist\u00e9rio do Meio Ambiente e Mudan\u00e7a do Clima (MMA) anunciou a sele\u00e7\u00e3o de 12 projetos priorit\u00e1rios para a cria\u00e7\u00e3o de unidades de conserva\u00e7\u00e3o federais no bioma Caatinga, a serem implantadas at\u00e9 2026, que resultar\u00e3o no aumento de mais de um milh\u00e3o de hectares das \u00e1reas protegidas. Encontram-se em andamento as amplia\u00e7\u00f5es do Parque Nacional [&hellip;]<\/p>\n","protected":false},"author":2,"featured_media":330529,"comment_status":"closed","ping_status":"closed","sticky":false,"template":"","format":"standard","meta":{"_acf_changed":false,"footnotes":""},"categories":[166,167,168,169,165,170,171,172,173,174],"tags":[],"class_list":["post-330528","post","type-post","status-publish","format-standard","has-post-thumbnail","hentry","category-alagoas","category-bahia","category-ceara","category-maranhao","category-nordeste","category-paraiba-nordeste","category-pernambuco-nordeste","category-piaui","category-rio-grande-do-norte","category-sergipe"],"acf":[],"yoast_head":"<!-- This site is optimized with the Yoast SEO plugin v27.5 - https:\/\/yoast.com\/product\/yoast-seo-wordpress\/ -->\n<title>Governo corre com a\u00e7\u00f5es de prote\u00e7\u00e3o \u00e0 Caatinga - Notibras<\/title>\n<meta name=\"robots\" content=\"index, follow, max-snippet:-1, max-image-preview:large, max-video-preview:-1\" \/>\n<link rel=\"canonical\" href=\"https:\/\/www.notibras.com\/site\/governo-corre-com-acoes-de-protecao-a-caatinga\/\" \/>\n<meta property=\"og:locale\" content=\"pt_BR\" \/>\n<meta property=\"og:type\" content=\"article\" \/>\n<meta property=\"og:title\" content=\"Governo corre com a\u00e7\u00f5es de prote\u00e7\u00e3o \u00e0 Caatinga - Notibras\" \/>\n<meta property=\"og:description\" content=\"O Minist\u00e9rio do Meio Ambiente e Mudan\u00e7a do Clima (MMA) anunciou a sele\u00e7\u00e3o de 12 projetos priorit\u00e1rios para a cria\u00e7\u00e3o de unidades de conserva\u00e7\u00e3o federais no bioma Caatinga, a serem implantadas at\u00e9 2026, que resultar\u00e3o no aumento de mais de um milh\u00e3o de hectares das \u00e1reas protegidas. Encontram-se em andamento as amplia\u00e7\u00f5es do Parque Nacional [&hellip;]\" \/>\n<meta property=\"og:url\" content=\"https:\/\/www.notibras.com\/site\/governo-corre-com-acoes-de-protecao-a-caatinga\/\" \/>\n<meta property=\"og:site_name\" content=\"Notibras\" \/>\n<meta property=\"article:publisher\" content=\"https:\/\/www.facebook.com\/notibras\/\" \/>\n<meta property=\"article:published_time\" content=\"2024-06-11T03:14:28+00:00\" \/>\n<meta property=\"article:modified_time\" content=\"2024-06-11T13:17:04+00:00\" \/>\n<meta property=\"og:image\" content=\"https:\/\/www.notibras.com\/site\/wp-content\/uploads\/2024\/06\/caatinga.acoes_.webp\" \/>\n\t<meta property=\"og:image:width\" content=\"1170\" \/>\n\t<meta property=\"og:image:height\" content=\"700\" \/>\n\t<meta property=\"og:image:type\" content=\"image\/webp\" \/>\n<meta name=\"author\" content=\"Reda\u00e7\u00e3o\" \/>\n<meta name=\"twitter:card\" content=\"summary_large_image\" \/>\n<meta name=\"twitter:creator\" content=\"@Notibras\" \/>\n<meta name=\"twitter:site\" content=\"@Notibras\" \/>\n<meta name=\"twitter:label1\" content=\"Escrito por\" \/>\n\t<meta name=\"twitter:data1\" content=\"Reda\u00e7\u00e3o\" \/>\n\t<meta name=\"twitter:label2\" content=\"Est. tempo de leitura\" \/>\n\t<meta name=\"twitter:data2\" content=\"5 minutos\" \/>\n<script type=\"application\/ld+json\" class=\"yoast-schema-graph\">{\"@context\":\"https:\\\/\\\/schema.org\",\"@graph\":[{\"@type\":\"Article\",\"@id\":\"https:\\\/\\\/www.notibras.com\\\/site\\\/governo-corre-com-acoes-de-protecao-a-caatinga\\\/#article\",\"isPartOf\":{\"@id\":\"https:\\\/\\\/www.notibras.com\\\/site\\\/governo-corre-com-acoes-de-protecao-a-caatinga\\\/\"},\"author\":{\"name\":\"Reda\u00e7\u00e3o\",\"@id\":\"https:\\\/\\\/www.notibras.com\\\/site\\\/#\\\/schema\\\/person\\\/36ab0979449956132d3e5b517ea76ac8\"},\"headline\":\"Governo corre com a\u00e7\u00f5es de prote\u00e7\u00e3o \u00e0 Caatinga\",\"datePublished\":\"2024-06-11T03:14:28+00:00\",\"dateModified\":\"2024-06-11T13:17:04+00:00\",\"mainEntityOfPage\":{\"@id\":\"https:\\\/\\\/www.notibras.com\\\/site\\\/governo-corre-com-acoes-de-protecao-a-caatinga\\\/\"},\"wordCount\":816,\"publisher\":{\"@id\":\"https:\\\/\\\/www.notibras.com\\\/site\\\/#organization\"},\"image\":{\"@id\":\"https:\\\/\\\/www.notibras.com\\\/site\\\/governo-corre-com-acoes-de-protecao-a-caatinga\\\/#primaryimage\"},\"thumbnailUrl\":\"https:\\\/\\\/www.notibras.com\\\/site\\\/wp-content\\\/uploads\\\/2024\\\/06\\\/caatinga.acoes_.webp\",\"articleSection\":[\"Alagoas\",\"Bahia\",\"Cear\u00e1\",\"Maranh\u00e3o\",\"Nordeste\",\"Para\u00edba\",\"Pernambuco\",\"Piau\u00ed\",\"Rio Grande do Norte\",\"Sergipe\"],\"inLanguage\":\"pt-BR\"},{\"@type\":\"WebPage\",\"@id\":\"https:\\\/\\\/www.notibras.com\\\/site\\\/governo-corre-com-acoes-de-protecao-a-caatinga\\\/\",\"url\":\"https:\\\/\\\/www.notibras.com\\\/site\\\/governo-corre-com-acoes-de-protecao-a-caatinga\\\/\",\"name\":\"Governo corre com a\u00e7\u00f5es de prote\u00e7\u00e3o \u00e0 Caatinga - Notibras\",\"isPartOf\":{\"@id\":\"https:\\\/\\\/www.notibras.com\\\/site\\\/#website\"},\"primaryImageOfPage\":{\"@id\":\"https:\\\/\\\/www.notibras.com\\\/site\\\/governo-corre-com-acoes-de-protecao-a-caatinga\\\/#primaryimage\"},\"image\":{\"@id\":\"https:\\\/\\\/www.notibras.com\\\/site\\\/governo-corre-com-acoes-de-protecao-a-caatinga\\\/#primaryimage\"},\"thumbnailUrl\":\"https:\\\/\\\/www.notibras.com\\\/site\\\/wp-content\\\/uploads\\\/2024\\\/06\\\/caatinga.acoes_.webp\",\"datePublished\":\"2024-06-11T03:14:28+00:00\",\"dateModified\":\"2024-06-11T13:17:04+00:00\",\"breadcrumb\":{\"@id\":\"https:\\\/\\\/www.notibras.com\\\/site\\\/governo-corre-com-acoes-de-protecao-a-caatinga\\\/#breadcrumb\"},\"inLanguage\":\"pt-BR\",\"potentialAction\":[{\"@type\":\"ReadAction\",\"target\":[\"https:\\\/\\\/www.notibras.com\\\/site\\\/governo-corre-com-acoes-de-protecao-a-caatinga\\\/\"]}]},{\"@type\":\"ImageObject\",\"inLanguage\":\"pt-BR\",\"@id\":\"https:\\\/\\\/www.notibras.com\\\/site\\\/governo-corre-com-acoes-de-protecao-a-caatinga\\\/#primaryimage\",\"url\":\"https:\\\/\\\/www.notibras.com\\\/site\\\/wp-content\\\/uploads\\\/2024\\\/06\\\/caatinga.acoes_.webp\",\"contentUrl\":\"https:\\\/\\\/www.notibras.com\\\/site\\\/wp-content\\\/uploads\\\/2024\\\/06\\\/caatinga.acoes_.webp\",\"width\":1170,\"height\":700},{\"@type\":\"BreadcrumbList\",\"@id\":\"https:\\\/\\\/www.notibras.com\\\/site\\\/governo-corre-com-acoes-de-protecao-a-caatinga\\\/#breadcrumb\",\"itemListElement\":[{\"@type\":\"ListItem\",\"position\":1,\"name\":\"In\u00edcio\",\"item\":\"https:\\\/\\\/www.notibras.com\\\/site\\\/\"},{\"@type\":\"ListItem\",\"position\":2,\"name\":\"Governo corre com a\u00e7\u00f5es de prote\u00e7\u00e3o \u00e0 Caatinga\"}]},{\"@type\":\"WebSite\",\"@id\":\"https:\\\/\\\/www.notibras.com\\\/site\\\/#website\",\"url\":\"https:\\\/\\\/www.notibras.com\\\/site\\\/\",\"name\":\"Notibras\",\"description\":\"Not\u00edcias de Bras\u00edlia, do Brasil e do Mundo\",\"publisher\":{\"@id\":\"https:\\\/\\\/www.notibras.com\\\/site\\\/#organization\"},\"potentialAction\":[{\"@type\":\"SearchAction\",\"target\":{\"@type\":\"EntryPoint\",\"urlTemplate\":\"https:\\\/\\\/www.notibras.com\\\/site\\\/?s={search_term_string}\"},\"query-input\":{\"@type\":\"PropertyValueSpecification\",\"valueRequired\":true,\"valueName\":\"search_term_string\"}}],\"inLanguage\":\"pt-BR\"},{\"@type\":\"Organization\",\"@id\":\"https:\\\/\\\/www.notibras.com\\\/site\\\/#organization\",\"name\":\"Grupo Notibras de Comunica\u00e7\u00e3o\",\"url\":\"https:\\\/\\\/www.notibras.com\\\/site\\\/\",\"logo\":{\"@type\":\"ImageObject\",\"inLanguage\":\"pt-BR\",\"@id\":\"https:\\\/\\\/www.notibras.com\\\/site\\\/#\\\/schema\\\/logo\\\/image\\\/\",\"url\":\"https:\\\/\\\/www.notibras.com\\\/site\\\/wp-content\\\/uploads\\\/2023\\\/01\\\/notibras23.png\",\"contentUrl\":\"https:\\\/\\\/www.notibras.com\\\/site\\\/wp-content\\\/uploads\\\/2023\\\/01\\\/notibras23.png\",\"width\":350,\"height\":87,\"caption\":\"Grupo Notibras de Comunica\u00e7\u00e3o\"},\"image\":{\"@id\":\"https:\\\/\\\/www.notibras.com\\\/site\\\/#\\\/schema\\\/logo\\\/image\\\/\"},\"sameAs\":[\"https:\\\/\\\/www.facebook.com\\\/notibras\\\/\",\"https:\\\/\\\/x.com\\\/Notibras\",\"https:\\\/\\\/www.instagram.com\\\/notibras\\\/\"]},{\"@type\":\"Person\",\"@id\":\"https:\\\/\\\/www.notibras.com\\\/site\\\/#\\\/schema\\\/person\\\/36ab0979449956132d3e5b517ea76ac8\",\"name\":\"Reda\u00e7\u00e3o\",\"image\":{\"@type\":\"ImageObject\",\"inLanguage\":\"pt-BR\",\"@id\":\"https:\\\/\\\/secure.gravatar.com\\\/avatar\\\/e0a867bdedb85fd243eadf09663511f96fc81e0720a4a42581f334ad4303aa6b?s=96&d=mm&r=g\",\"url\":\"https:\\\/\\\/secure.gravatar.com\\\/avatar\\\/e0a867bdedb85fd243eadf09663511f96fc81e0720a4a42581f334ad4303aa6b?s=96&d=mm&r=g\",\"contentUrl\":\"https:\\\/\\\/secure.gravatar.com\\\/avatar\\\/e0a867bdedb85fd243eadf09663511f96fc81e0720a4a42581f334ad4303aa6b?s=96&d=mm&r=g\",\"caption\":\"Reda\u00e7\u00e3o\"}}]}<\/script>\n<!-- \/ Yoast SEO plugin. -->","yoast_head_json":{"title":"Governo corre com a\u00e7\u00f5es de prote\u00e7\u00e3o \u00e0 Caatinga - Notibras","robots":{"index":"index","follow":"follow","max-snippet":"max-snippet:-1","max-image-preview":"max-image-preview:large","max-video-preview":"max-video-preview:-1"},"canonical":"https:\/\/www.notibras.com\/site\/governo-corre-com-acoes-de-protecao-a-caatinga\/","og_locale":"pt_BR","og_type":"article","og_title":"Governo corre com a\u00e7\u00f5es de prote\u00e7\u00e3o \u00e0 Caatinga - Notibras","og_description":"O Minist\u00e9rio do Meio Ambiente e Mudan\u00e7a do Clima (MMA) anunciou a sele\u00e7\u00e3o de 12 projetos priorit\u00e1rios para a cria\u00e7\u00e3o de unidades de conserva\u00e7\u00e3o federais no bioma Caatinga, a serem implantadas at\u00e9 2026, que resultar\u00e3o no aumento de mais de um milh\u00e3o de hectares das \u00e1reas protegidas. Encontram-se em andamento as amplia\u00e7\u00f5es do Parque Nacional [&hellip;]","og_url":"https:\/\/www.notibras.com\/site\/governo-corre-com-acoes-de-protecao-a-caatinga\/","og_site_name":"Notibras","article_publisher":"https:\/\/www.facebook.com\/notibras\/","article_published_time":"2024-06-11T03:14:28+00:00","article_modified_time":"2024-06-11T13:17:04+00:00","og_image":[{"width":1170,"height":700,"url":"https:\/\/www.notibras.com\/site\/wp-content\/uploads\/2024\/06\/caatinga.acoes_.webp","type":"image\/webp"}],"author":"Reda\u00e7\u00e3o","twitter_card":"summary_large_image","twitter_creator":"@Notibras","twitter_site":"@Notibras","twitter_misc":{"Escrito por":"Reda\u00e7\u00e3o","Est. tempo de leitura":"5 minutos"},"schema":{"@context":"https:\/\/schema.org","@graph":[{"@type":"Article","@id":"https:\/\/www.notibras.com\/site\/governo-corre-com-acoes-de-protecao-a-caatinga\/#article","isPartOf":{"@id":"https:\/\/www.notibras.com\/site\/governo-corre-com-acoes-de-protecao-a-caatinga\/"},"author":{"name":"Reda\u00e7\u00e3o","@id":"https:\/\/www.notibras.com\/site\/#\/schema\/person\/36ab0979449956132d3e5b517ea76ac8"},"headline":"Governo corre com a\u00e7\u00f5es de prote\u00e7\u00e3o \u00e0 Caatinga","datePublished":"2024-06-11T03:14:28+00:00","dateModified":"2024-06-11T13:17:04+00:00","mainEntityOfPage":{"@id":"https:\/\/www.notibras.com\/site\/governo-corre-com-acoes-de-protecao-a-caatinga\/"},"wordCount":816,"publisher":{"@id":"https:\/\/www.notibras.com\/site\/#organization"},"image":{"@id":"https:\/\/www.notibras.com\/site\/governo-corre-com-acoes-de-protecao-a-caatinga\/#primaryimage"},"thumbnailUrl":"https:\/\/www.notibras.com\/site\/wp-content\/uploads\/2024\/06\/caatinga.acoes_.webp","articleSection":["Alagoas","Bahia","Cear\u00e1","Maranh\u00e3o","Nordeste","Para\u00edba","Pernambuco","Piau\u00ed","Rio Grande do Norte","Sergipe"],"inLanguage":"pt-BR"},{"@type":"WebPage","@id":"https:\/\/www.notibras.com\/site\/governo-corre-com-acoes-de-protecao-a-caatinga\/","url":"https:\/\/www.notibras.com\/site\/governo-corre-com-acoes-de-protecao-a-caatinga\/","name":"Governo corre com a\u00e7\u00f5es de prote\u00e7\u00e3o \u00e0 Caatinga - Notibras","isPartOf":{"@id":"https:\/\/www.notibras.com\/site\/#website"},"primaryImageOfPage":{"@id":"https:\/\/www.notibras.com\/site\/governo-corre-com-acoes-de-protecao-a-caatinga\/#primaryimage"},"image":{"@id":"https:\/\/www.notibras.com\/site\/governo-corre-com-acoes-de-protecao-a-caatinga\/#primaryimage"},"thumbnailUrl":"https:\/\/www.notibras.com\/site\/wp-content\/uploads\/2024\/06\/caatinga.acoes_.webp","datePublished":"2024-06-11T03:14:28+00:00","dateModified":"2024-06-11T13:17:04+00:00","breadcrumb":{"@id":"https:\/\/www.notibras.com\/site\/governo-corre-com-acoes-de-protecao-a-caatinga\/#breadcrumb"},"inLanguage":"pt-BR","potentialAction":[{"@type":"ReadAction","target":["https:\/\/www.notibras.com\/site\/governo-corre-com-acoes-de-protecao-a-caatinga\/"]}]},{"@type":"ImageObject","inLanguage":"pt-BR","@id":"https:\/\/www.notibras.com\/site\/governo-corre-com-acoes-de-protecao-a-caatinga\/#primaryimage","url":"https:\/\/www.notibras.com\/site\/wp-content\/uploads\/2024\/06\/caatinga.acoes_.webp","contentUrl":"https:\/\/www.notibras.com\/site\/wp-content\/uploads\/2024\/06\/caatinga.acoes_.webp","width":1170,"height":700},{"@type":"BreadcrumbList","@id":"https:\/\/www.notibras.com\/site\/governo-corre-com-acoes-de-protecao-a-caatinga\/#breadcrumb","itemListElement":[{"@type":"ListItem","position":1,"name":"In\u00edcio","item":"https:\/\/www.notibras.com\/site\/"},{"@type":"ListItem","position":2,"name":"Governo corre com a\u00e7\u00f5es de prote\u00e7\u00e3o \u00e0 Caatinga"}]},{"@type":"WebSite","@id":"https:\/\/www.notibras.com\/site\/#website","url":"https:\/\/www.notibras.com\/site\/","name":"Notibras","description":"Not\u00edcias de Bras\u00edlia, do Brasil e do Mundo","publisher":{"@id":"https:\/\/www.notibras.com\/site\/#organization"},"potentialAction":[{"@type":"SearchAction","target":{"@type":"EntryPoint","urlTemplate":"https:\/\/www.notibras.com\/site\/?s={search_term_string}"},"query-input":{"@type":"PropertyValueSpecification","valueRequired":true,"valueName":"search_term_string"}}],"inLanguage":"pt-BR"},{"@type":"Organization","@id":"https:\/\/www.notibras.com\/site\/#organization","name":"Grupo Notibras de Comunica\u00e7\u00e3o","url":"https:\/\/www.notibras.com\/site\/","logo":{"@type":"ImageObject","inLanguage":"pt-BR","@id":"https:\/\/www.notibras.com\/site\/#\/schema\/logo\/image\/","url":"https:\/\/www.notibras.com\/site\/wp-content\/uploads\/2023\/01\/notibras23.png","contentUrl":"https:\/\/www.notibras.com\/site\/wp-content\/uploads\/2023\/01\/notibras23.png","width":350,"height":87,"caption":"Grupo Notibras de Comunica\u00e7\u00e3o"},"image":{"@id":"https:\/\/www.notibras.com\/site\/#\/schema\/logo\/image\/"},"sameAs":["https:\/\/www.facebook.com\/notibras\/","https:\/\/x.com\/Notibras","https:\/\/www.instagram.com\/notibras\/"]},{"@type":"Person","@id":"https:\/\/www.notibras.com\/site\/#\/schema\/person\/36ab0979449956132d3e5b517ea76ac8","name":"Reda\u00e7\u00e3o","image":{"@type":"ImageObject","inLanguage":"pt-BR","@id":"https:\/\/secure.gravatar.com\/avatar\/e0a867bdedb85fd243eadf09663511f96fc81e0720a4a42581f334ad4303aa6b?s=96&d=mm&r=g","url":"https:\/\/secure.gravatar.com\/avatar\/e0a867bdedb85fd243eadf09663511f96fc81e0720a4a42581f334ad4303aa6b?s=96&d=mm&r=g","contentUrl":"https:\/\/secure.gravatar.com\/avatar\/e0a867bdedb85fd243eadf09663511f96fc81e0720a4a42581f334ad4303aa6b?s=96&d=mm&r=g","caption":"Reda\u00e7\u00e3o"}}]}},"amp_enabled":true,"_links":{"self":[{"href":"https:\/\/www.notibras.com\/site\/wp-json\/wp\/v2\/posts\/330528","targetHints":{"allow":["GET"]}}],"collection":[{"href":"https:\/\/www.notibras.com\/site\/wp-json\/wp\/v2\/posts"}],"about":[{"href":"https:\/\/www.notibras.com\/site\/wp-json\/wp\/v2\/types\/post"}],"author":[{"embeddable":true,"href":"https:\/\/www.notibras.com\/site\/wp-json\/wp\/v2\/users\/2"}],"replies":[{"embeddable":true,"href":"https:\/\/www.notibras.com\/site\/wp-json\/wp\/v2\/comments?post=330528"}],"version-history":[{"count":1,"href":"https:\/\/www.notibras.com\/site\/wp-json\/wp\/v2\/posts\/330528\/revisions"}],"predecessor-version":[{"id":330530,"href":"https:\/\/www.notibras.com\/site\/wp-json\/wp\/v2\/posts\/330528\/revisions\/330530"}],"wp:featuredmedia":[{"embeddable":true,"href":"https:\/\/www.notibras.com\/site\/wp-json\/wp\/v2\/media\/330529"}],"wp:attachment":[{"href":"https:\/\/www.notibras.com\/site\/wp-json\/wp\/v2\/media?parent=330528"}],"wp:term":[{"taxonomy":"category","embeddable":true,"href":"https:\/\/www.notibras.com\/site\/wp-json\/wp\/v2\/categories?post=330528"},{"taxonomy":"post_tag","embeddable":true,"href":"https:\/\/www.notibras.com\/site\/wp-json\/wp\/v2\/tags?post=330528"}],"curies":[{"name":"wp","href":"https:\/\/api.w.org\/{rel}","templated":true}]}}