{"id":330579,"date":"2024-06-12T00:00:40","date_gmt":"2024-06-12T03:00:40","guid":{"rendered":"https:\/\/www.notibras.com\/site\/?p=330579"},"modified":"2024-06-12T02:32:53","modified_gmt":"2024-06-12T05:32:53","slug":"governo-faz-nova-proposta-para-tecnicos-da-educacao-federal","status":"publish","type":"post","link":"https:\/\/www.notibras.com\/site\/governo-faz-nova-proposta-para-tecnicos-da-educacao-federal\/","title":{"rendered":"Governo faz nova proposta para t\u00e9cnicos da educa\u00e7\u00e3o federal"},"content":{"rendered":"<p>O governo federal apresentou uma contraproposta aos servidores t\u00e9cnicos administrativos da educa\u00e7\u00e3o (TAEs) em reuni\u00e3o com sindicatos da categoria em Bras\u00edlia.<\/p>\n<p>De acordo com o Minist\u00e9rio da Gest\u00e3o e Inova\u00e7\u00e3o em Servi\u00e7os P\u00fablicos (MGI), a nova proposta prev\u00ea reajuste m\u00e9dio de 29,6% em quatro anos, j\u00e1 contando o reajuste geral de 9% dado a todos os servidores federais no ano passado, al\u00e9m de progress\u00e3o de 4% a partir de 2026.<\/p>\n<p>O reajuste final ficou entre 25% a 44% dependendo da classe e do n\u00edvel na carreira, segundo a pasta. A proposta anterior previa reajuste m\u00e9dio de 28%, sem aumento no percentual da progress\u00e3o de carreira (n\u00edvel salarial).<\/p>\n<p>&#8220;Al\u00e9m disso, vale lembrar que, a exemplo de todos os servidores p\u00fablicos federais, os TAEs receberam reajuste de 118% no aux\u00edlio-alimenta\u00e7\u00e3o, que chegou a R$ 1.000, e de 51% no aux\u00edlio-sa\u00fade e aux\u00edlio-creche&#8221;, acrescentou o MGI, em nota.<\/p>\n<p>Na avalia\u00e7\u00e3o do secret\u00e1rio de Rela\u00e7\u00f5es de Trabalho do Minist\u00e9rio da Gest\u00e3o, Jos\u00e9 Lopez Feij\u00f3o, ap\u00f3s a sexta rodada de negocia\u00e7\u00e3o com os servidores, houve uma evolu\u00e7\u00e3o na oferta do governo.<\/p>\n<p>&#8220;Do ponto de vista financeiro, a proposta fez um reajuste dos padr\u00f5es, ou seja, dos chamados steps, que \u00e9 a evolu\u00e7\u00e3o na carreira, do in\u00edcio ao final, de 3,9% para 4% em 2025, e de 4% em 2025 para 4,1% em 2026. Se n\u00f3s agregarmos a isso os 9% [de reajuste] de 2023, n\u00f3s estamos falando de reajustes que chegam a um pouco mais de 46%, portanto, uma boa proposta. Al\u00e9m disso, atendemos demandas como uma acelera\u00e7\u00e3o na progress\u00e3o da carreira que levava 22 anos e meio, para chegar ao topo, reduzindo para 18 anos com uma proposta de padr\u00f5es verticais, e que agora, com esta acelera\u00e7\u00e3o, pode chegar, do in\u00edcio ao topo em 15 anos&#8221;, disse o secret\u00e1rio.<\/p>\n<p>Feij\u00f3o tamb\u00e9m anunciou que o governo acatou a sugest\u00e3o de criar um grupo de trabalho conjunto com as categorias para acompanhar o atendimento das medidas n\u00e3o remunerat\u00f3rias e que o governo retomou a negocia\u00e7\u00e3o com a categoria que n\u00e3o existiu nas gest\u00f5es anteriores.<\/p>\n<p>Professores e servidores de cerca de 60 universidades federais e de mais de 39 institutos federais de ensino b\u00e1sico, profissional e tecnol\u00f3gico est\u00e3o em greve desde o dia 15 de abril, no caso dos professores, e desde meados de mar\u00e7o, no caso dos t\u00e9cnicos. Balan\u00e7os das entidades mostram que a paralisa\u00e7\u00e3o alcan\u00e7a mais de 560 unidades de ensino de 26 unidades federativas. Eles pedem, entre outras medidas da contraproposta, a recomposi\u00e7\u00e3o dos sal\u00e1rios ainda este ano, o que n\u00e3o foi aceito pelo governo, at\u00e9 o momento.<\/p>\n<p>O encontro ocorre um dia depois de o presidente Luiz In\u00e1cio Lula da Silva criticar o prolongamento da greve nas universidades e institutos federais, que come\u00e7ou em abril.<\/p>\n<p>Participaram da reuni\u00e3o o Sindicato Nacional dos Servidores Federais da Educa\u00e7\u00e3o B\u00e1sica, Profissional e Tecnol\u00f3gica (Sinasefe) e a Federa\u00e7\u00e3o de Sindicatos de Trabalhadores T\u00e9cnico-Administrativos em Institui\u00e7\u00f5es de Ensino Superior P\u00fablicas do Brasil (Fasubra Sindical).<\/p>\n<p>&#8220;Houve uma mudan\u00e7a na proposta e conquistas na reuni\u00e3o de hoje. Mas a base \u00e9 quem vai decidir pela continuidade ou n\u00e3o da greve. Quem decide \u00e9 a base&#8221;, afirmou Leewertton de Souza Marreiro, da Comiss\u00e3o Nacional de Supervis\u00e3o do Plano de Carreira dos Cargos T\u00e9cnico-Administrativos em Educa\u00e7\u00e3o (PCCTAE). De acordo com o Sinasefe, a proposta do governo ser\u00e1 levada agora \u00e0s assembleias das categorias para aprecia\u00e7\u00e3o.<\/p>\n<p><strong>Diverg\u00eancias<\/strong><br \/>\nNo fim de maio, o MGI e a Federa\u00e7\u00e3o de Sindicatos de Professores de Institui\u00e7\u00f5es Federais de Ensino Superior (Proifes) assinaram um acordo, sem a aprova\u00e7\u00e3o das outras entidades, que t\u00eam registro sindical e representam a maior parte dos docentes e servidores, o que provocou uma divis\u00e3o nas categorias. O acordo foi feito em cima de uma contraproposta classificada pelo governo como &#8220;proposta final&#8221;, mas uma decis\u00e3o liminar da Justi\u00e7a Federal de Sergipe anulou o acordo firmado entre o governo federal e a Proifes.<\/p>\n<p>Na segunda-feira (10), menos de duas semanas ap\u00f3s a decis\u00e3o judicial que invalidou o acordo, o Minist\u00e9rio do Trabalho e Emprego (MTE) publicou no Di\u00e1rio Oficial da Uni\u00e3o a concess\u00e3o do registro sindical \u00e0 Proifes.<\/p>\n<p>&#8220;A decis\u00e3o do Minist\u00e9rio do Trabalho representa um reconhecimento \u00e0 atua\u00e7\u00e3o da entidade que, desde 2006, assinou todos os acordos firmados com o governo federal em favor da categoria que representa&#8221;, disse a entidade, em nota.<\/p>\n<p>O reconhecimento sindical da Proifes foi recha\u00e7ado pelo Sinasefe que criticou a decis\u00e3o do Minist\u00e9rio do Trabalho em nota. &#8220;Ap\u00f3s demonstrarmos a ilegitimidade dessa representa\u00e7\u00e3o docente, reafirmando que a assinatura do termo pelo Proifes n\u00e3o tem legalidade na nossa base, foi deferido nesta semana mais um ataque em dire\u00e7\u00e3o ao movimento paredista&#8221;, diz o sindicato.<\/p>\n","protected":false},"excerpt":{"rendered":"<p>O governo federal apresentou uma contraproposta aos servidores t\u00e9cnicos administrativos da educa\u00e7\u00e3o (TAEs) em reuni\u00e3o com sindicatos da categoria em Bras\u00edlia. De acordo com o Minist\u00e9rio da Gest\u00e3o e Inova\u00e7\u00e3o em Servi\u00e7os P\u00fablicos (MGI), a nova proposta prev\u00ea reajuste m\u00e9dio de 29,6% em quatro anos, j\u00e1 contando o reajuste geral de 9% dado a todos [&hellip;]<\/p>\n","protected":false},"author":2,"featured_media":307651,"comment_status":"closed","ping_status":"closed","sticky":false,"template":"","format":"standard","meta":{"_acf_changed":false,"footnotes":""},"categories":[161],"tags":[],"class_list":["post-330579","post","type-post","status-publish","format-standard","has-post-thumbnail","hentry","category-quadradinho-em-foco"],"acf":[],"yoast_head":"<!-- This site is optimized with the Yoast SEO plugin v27.5 - https:\/\/yoast.com\/product\/yoast-seo-wordpress\/ -->\n<title>Governo faz nova proposta para t\u00e9cnicos da educa\u00e7\u00e3o federal - Notibras<\/title>\n<meta name=\"robots\" content=\"index, follow, max-snippet:-1, max-image-preview:large, max-video-preview:-1\" \/>\n<link rel=\"canonical\" href=\"https:\/\/www.notibras.com\/site\/governo-faz-nova-proposta-para-tecnicos-da-educacao-federal\/\" \/>\n<meta property=\"og:locale\" content=\"pt_BR\" \/>\n<meta property=\"og:type\" content=\"article\" \/>\n<meta property=\"og:title\" content=\"Governo faz nova proposta para t\u00e9cnicos da educa\u00e7\u00e3o federal - Notibras\" \/>\n<meta property=\"og:description\" content=\"O governo federal apresentou uma contraproposta aos servidores t\u00e9cnicos administrativos da educa\u00e7\u00e3o (TAEs) em reuni\u00e3o com sindicatos da categoria em Bras\u00edlia. De acordo com o Minist\u00e9rio da Gest\u00e3o e Inova\u00e7\u00e3o em Servi\u00e7os P\u00fablicos (MGI), a nova proposta prev\u00ea reajuste m\u00e9dio de 29,6% em quatro anos, j\u00e1 contando o reajuste geral de 9% dado a todos [&hellip;]\" \/>\n<meta property=\"og:url\" content=\"https:\/\/www.notibras.com\/site\/governo-faz-nova-proposta-para-tecnicos-da-educacao-federal\/\" \/>\n<meta property=\"og:site_name\" content=\"Notibras\" \/>\n<meta property=\"article:publisher\" content=\"https:\/\/www.facebook.com\/notibras\/\" \/>\n<meta property=\"article:published_time\" content=\"2024-06-12T03:00:40+00:00\" \/>\n<meta property=\"article:modified_time\" content=\"2024-06-12T05:32:53+00:00\" \/>\n<meta property=\"og:image\" content=\"https:\/\/www.notibras.com\/site\/wp-content\/uploads\/2023\/06\/unb2-2.jpg\" \/>\n\t<meta property=\"og:image:width\" content=\"1170\" \/>\n\t<meta property=\"og:image:height\" content=\"700\" \/>\n\t<meta property=\"og:image:type\" content=\"image\/jpeg\" \/>\n<meta name=\"author\" content=\"Reda\u00e7\u00e3o\" \/>\n<meta name=\"twitter:card\" content=\"summary_large_image\" \/>\n<meta name=\"twitter:creator\" content=\"@Notibras\" \/>\n<meta name=\"twitter:site\" content=\"@Notibras\" \/>\n<meta name=\"twitter:label1\" content=\"Escrito por\" \/>\n\t<meta name=\"twitter:data1\" content=\"Reda\u00e7\u00e3o\" \/>\n\t<meta name=\"twitter:label2\" content=\"Est. tempo de leitura\" \/>\n\t<meta name=\"twitter:data2\" content=\"5 minutos\" \/>\n<script type=\"application\/ld+json\" class=\"yoast-schema-graph\">{\"@context\":\"https:\\\/\\\/schema.org\",\"@graph\":[{\"@type\":\"Article\",\"@id\":\"https:\\\/\\\/www.notibras.com\\\/site\\\/governo-faz-nova-proposta-para-tecnicos-da-educacao-federal\\\/#article\",\"isPartOf\":{\"@id\":\"https:\\\/\\\/www.notibras.com\\\/site\\\/governo-faz-nova-proposta-para-tecnicos-da-educacao-federal\\\/\"},\"author\":{\"name\":\"Reda\u00e7\u00e3o\",\"@id\":\"https:\\\/\\\/www.notibras.com\\\/site\\\/#\\\/schema\\\/person\\\/36ab0979449956132d3e5b517ea76ac8\"},\"headline\":\"Governo faz nova proposta para t\u00e9cnicos da educa\u00e7\u00e3o federal\",\"datePublished\":\"2024-06-12T03:00:40+00:00\",\"dateModified\":\"2024-06-12T05:32:53+00:00\",\"mainEntityOfPage\":{\"@id\":\"https:\\\/\\\/www.notibras.com\\\/site\\\/governo-faz-nova-proposta-para-tecnicos-da-educacao-federal\\\/\"},\"wordCount\":845,\"publisher\":{\"@id\":\"https:\\\/\\\/www.notibras.com\\\/site\\\/#organization\"},\"image\":{\"@id\":\"https:\\\/\\\/www.notibras.com\\\/site\\\/governo-faz-nova-proposta-para-tecnicos-da-educacao-federal\\\/#primaryimage\"},\"thumbnailUrl\":\"https:\\\/\\\/www.notibras.com\\\/site\\\/wp-content\\\/uploads\\\/2023\\\/06\\\/unb2-2.jpg\",\"articleSection\":[\"Quadradinho em Foco\"],\"inLanguage\":\"pt-BR\"},{\"@type\":\"WebPage\",\"@id\":\"https:\\\/\\\/www.notibras.com\\\/site\\\/governo-faz-nova-proposta-para-tecnicos-da-educacao-federal\\\/\",\"url\":\"https:\\\/\\\/www.notibras.com\\\/site\\\/governo-faz-nova-proposta-para-tecnicos-da-educacao-federal\\\/\",\"name\":\"Governo faz nova proposta para t\u00e9cnicos da educa\u00e7\u00e3o federal - Notibras\",\"isPartOf\":{\"@id\":\"https:\\\/\\\/www.notibras.com\\\/site\\\/#website\"},\"primaryImageOfPage\":{\"@id\":\"https:\\\/\\\/www.notibras.com\\\/site\\\/governo-faz-nova-proposta-para-tecnicos-da-educacao-federal\\\/#primaryimage\"},\"image\":{\"@id\":\"https:\\\/\\\/www.notibras.com\\\/site\\\/governo-faz-nova-proposta-para-tecnicos-da-educacao-federal\\\/#primaryimage\"},\"thumbnailUrl\":\"https:\\\/\\\/www.notibras.com\\\/site\\\/wp-content\\\/uploads\\\/2023\\\/06\\\/unb2-2.jpg\",\"datePublished\":\"2024-06-12T03:00:40+00:00\",\"dateModified\":\"2024-06-12T05:32:53+00:00\",\"breadcrumb\":{\"@id\":\"https:\\\/\\\/www.notibras.com\\\/site\\\/governo-faz-nova-proposta-para-tecnicos-da-educacao-federal\\\/#breadcrumb\"},\"inLanguage\":\"pt-BR\",\"potentialAction\":[{\"@type\":\"ReadAction\",\"target\":[\"https:\\\/\\\/www.notibras.com\\\/site\\\/governo-faz-nova-proposta-para-tecnicos-da-educacao-federal\\\/\"]}]},{\"@type\":\"ImageObject\",\"inLanguage\":\"pt-BR\",\"@id\":\"https:\\\/\\\/www.notibras.com\\\/site\\\/governo-faz-nova-proposta-para-tecnicos-da-educacao-federal\\\/#primaryimage\",\"url\":\"https:\\\/\\\/www.notibras.com\\\/site\\\/wp-content\\\/uploads\\\/2023\\\/06\\\/unb2-2.jpg\",\"contentUrl\":\"https:\\\/\\\/www.notibras.com\\\/site\\\/wp-content\\\/uploads\\\/2023\\\/06\\\/unb2-2.jpg\",\"width\":1170,\"height\":700},{\"@type\":\"BreadcrumbList\",\"@id\":\"https:\\\/\\\/www.notibras.com\\\/site\\\/governo-faz-nova-proposta-para-tecnicos-da-educacao-federal\\\/#breadcrumb\",\"itemListElement\":[{\"@type\":\"ListItem\",\"position\":1,\"name\":\"In\u00edcio\",\"item\":\"https:\\\/\\\/www.notibras.com\\\/site\\\/\"},{\"@type\":\"ListItem\",\"position\":2,\"name\":\"Governo faz nova proposta para t\u00e9cnicos da educa\u00e7\u00e3o federal\"}]},{\"@type\":\"WebSite\",\"@id\":\"https:\\\/\\\/www.notibras.com\\\/site\\\/#website\",\"url\":\"https:\\\/\\\/www.notibras.com\\\/site\\\/\",\"name\":\"Notibras\",\"description\":\"Not\u00edcias de Bras\u00edlia, do Brasil e do Mundo\",\"publisher\":{\"@id\":\"https:\\\/\\\/www.notibras.com\\\/site\\\/#organization\"},\"potentialAction\":[{\"@type\":\"SearchAction\",\"target\":{\"@type\":\"EntryPoint\",\"urlTemplate\":\"https:\\\/\\\/www.notibras.com\\\/site\\\/?s={search_term_string}\"},\"query-input\":{\"@type\":\"PropertyValueSpecification\",\"valueRequired\":true,\"valueName\":\"search_term_string\"}}],\"inLanguage\":\"pt-BR\"},{\"@type\":\"Organization\",\"@id\":\"https:\\\/\\\/www.notibras.com\\\/site\\\/#organization\",\"name\":\"Grupo Notibras de Comunica\u00e7\u00e3o\",\"url\":\"https:\\\/\\\/www.notibras.com\\\/site\\\/\",\"logo\":{\"@type\":\"ImageObject\",\"inLanguage\":\"pt-BR\",\"@id\":\"https:\\\/\\\/www.notibras.com\\\/site\\\/#\\\/schema\\\/logo\\\/image\\\/\",\"url\":\"https:\\\/\\\/www.notibras.com\\\/site\\\/wp-content\\\/uploads\\\/2023\\\/01\\\/notibras23.png\",\"contentUrl\":\"https:\\\/\\\/www.notibras.com\\\/site\\\/wp-content\\\/uploads\\\/2023\\\/01\\\/notibras23.png\",\"width\":350,\"height\":87,\"caption\":\"Grupo Notibras de Comunica\u00e7\u00e3o\"},\"image\":{\"@id\":\"https:\\\/\\\/www.notibras.com\\\/site\\\/#\\\/schema\\\/logo\\\/image\\\/\"},\"sameAs\":[\"https:\\\/\\\/www.facebook.com\\\/notibras\\\/\",\"https:\\\/\\\/x.com\\\/Notibras\",\"https:\\\/\\\/www.instagram.com\\\/notibras\\\/\"]},{\"@type\":\"Person\",\"@id\":\"https:\\\/\\\/www.notibras.com\\\/site\\\/#\\\/schema\\\/person\\\/36ab0979449956132d3e5b517ea76ac8\",\"name\":\"Reda\u00e7\u00e3o\",\"image\":{\"@type\":\"ImageObject\",\"inLanguage\":\"pt-BR\",\"@id\":\"https:\\\/\\\/secure.gravatar.com\\\/avatar\\\/e0a867bdedb85fd243eadf09663511f96fc81e0720a4a42581f334ad4303aa6b?s=96&d=mm&r=g\",\"url\":\"https:\\\/\\\/secure.gravatar.com\\\/avatar\\\/e0a867bdedb85fd243eadf09663511f96fc81e0720a4a42581f334ad4303aa6b?s=96&d=mm&r=g\",\"contentUrl\":\"https:\\\/\\\/secure.gravatar.com\\\/avatar\\\/e0a867bdedb85fd243eadf09663511f96fc81e0720a4a42581f334ad4303aa6b?s=96&d=mm&r=g\",\"caption\":\"Reda\u00e7\u00e3o\"}}]}<\/script>\n<!-- \/ Yoast SEO plugin. -->","yoast_head_json":{"title":"Governo faz nova proposta para t\u00e9cnicos da educa\u00e7\u00e3o federal - Notibras","robots":{"index":"index","follow":"follow","max-snippet":"max-snippet:-1","max-image-preview":"max-image-preview:large","max-video-preview":"max-video-preview:-1"},"canonical":"https:\/\/www.notibras.com\/site\/governo-faz-nova-proposta-para-tecnicos-da-educacao-federal\/","og_locale":"pt_BR","og_type":"article","og_title":"Governo faz nova proposta para t\u00e9cnicos da educa\u00e7\u00e3o federal - Notibras","og_description":"O governo federal apresentou uma contraproposta aos servidores t\u00e9cnicos administrativos da educa\u00e7\u00e3o (TAEs) em reuni\u00e3o com sindicatos da categoria em Bras\u00edlia. De acordo com o Minist\u00e9rio da Gest\u00e3o e Inova\u00e7\u00e3o em Servi\u00e7os P\u00fablicos (MGI), a nova proposta prev\u00ea reajuste m\u00e9dio de 29,6% em quatro anos, j\u00e1 contando o reajuste geral de 9% dado a todos [&hellip;]","og_url":"https:\/\/www.notibras.com\/site\/governo-faz-nova-proposta-para-tecnicos-da-educacao-federal\/","og_site_name":"Notibras","article_publisher":"https:\/\/www.facebook.com\/notibras\/","article_published_time":"2024-06-12T03:00:40+00:00","article_modified_time":"2024-06-12T05:32:53+00:00","og_image":[{"width":1170,"height":700,"url":"https:\/\/www.notibras.com\/site\/wp-content\/uploads\/2023\/06\/unb2-2.jpg","type":"image\/jpeg"}],"author":"Reda\u00e7\u00e3o","twitter_card":"summary_large_image","twitter_creator":"@Notibras","twitter_site":"@Notibras","twitter_misc":{"Escrito por":"Reda\u00e7\u00e3o","Est. tempo de leitura":"5 minutos"},"schema":{"@context":"https:\/\/schema.org","@graph":[{"@type":"Article","@id":"https:\/\/www.notibras.com\/site\/governo-faz-nova-proposta-para-tecnicos-da-educacao-federal\/#article","isPartOf":{"@id":"https:\/\/www.notibras.com\/site\/governo-faz-nova-proposta-para-tecnicos-da-educacao-federal\/"},"author":{"name":"Reda\u00e7\u00e3o","@id":"https:\/\/www.notibras.com\/site\/#\/schema\/person\/36ab0979449956132d3e5b517ea76ac8"},"headline":"Governo faz nova proposta para t\u00e9cnicos da educa\u00e7\u00e3o federal","datePublished":"2024-06-12T03:00:40+00:00","dateModified":"2024-06-12T05:32:53+00:00","mainEntityOfPage":{"@id":"https:\/\/www.notibras.com\/site\/governo-faz-nova-proposta-para-tecnicos-da-educacao-federal\/"},"wordCount":845,"publisher":{"@id":"https:\/\/www.notibras.com\/site\/#organization"},"image":{"@id":"https:\/\/www.notibras.com\/site\/governo-faz-nova-proposta-para-tecnicos-da-educacao-federal\/#primaryimage"},"thumbnailUrl":"https:\/\/www.notibras.com\/site\/wp-content\/uploads\/2023\/06\/unb2-2.jpg","articleSection":["Quadradinho em Foco"],"inLanguage":"pt-BR"},{"@type":"WebPage","@id":"https:\/\/www.notibras.com\/site\/governo-faz-nova-proposta-para-tecnicos-da-educacao-federal\/","url":"https:\/\/www.notibras.com\/site\/governo-faz-nova-proposta-para-tecnicos-da-educacao-federal\/","name":"Governo faz nova proposta para t\u00e9cnicos da educa\u00e7\u00e3o federal - Notibras","isPartOf":{"@id":"https:\/\/www.notibras.com\/site\/#website"},"primaryImageOfPage":{"@id":"https:\/\/www.notibras.com\/site\/governo-faz-nova-proposta-para-tecnicos-da-educacao-federal\/#primaryimage"},"image":{"@id":"https:\/\/www.notibras.com\/site\/governo-faz-nova-proposta-para-tecnicos-da-educacao-federal\/#primaryimage"},"thumbnailUrl":"https:\/\/www.notibras.com\/site\/wp-content\/uploads\/2023\/06\/unb2-2.jpg","datePublished":"2024-06-12T03:00:40+00:00","dateModified":"2024-06-12T05:32:53+00:00","breadcrumb":{"@id":"https:\/\/www.notibras.com\/site\/governo-faz-nova-proposta-para-tecnicos-da-educacao-federal\/#breadcrumb"},"inLanguage":"pt-BR","potentialAction":[{"@type":"ReadAction","target":["https:\/\/www.notibras.com\/site\/governo-faz-nova-proposta-para-tecnicos-da-educacao-federal\/"]}]},{"@type":"ImageObject","inLanguage":"pt-BR","@id":"https:\/\/www.notibras.com\/site\/governo-faz-nova-proposta-para-tecnicos-da-educacao-federal\/#primaryimage","url":"https:\/\/www.notibras.com\/site\/wp-content\/uploads\/2023\/06\/unb2-2.jpg","contentUrl":"https:\/\/www.notibras.com\/site\/wp-content\/uploads\/2023\/06\/unb2-2.jpg","width":1170,"height":700},{"@type":"BreadcrumbList","@id":"https:\/\/www.notibras.com\/site\/governo-faz-nova-proposta-para-tecnicos-da-educacao-federal\/#breadcrumb","itemListElement":[{"@type":"ListItem","position":1,"name":"In\u00edcio","item":"https:\/\/www.notibras.com\/site\/"},{"@type":"ListItem","position":2,"name":"Governo faz nova proposta para t\u00e9cnicos da educa\u00e7\u00e3o federal"}]},{"@type":"WebSite","@id":"https:\/\/www.notibras.com\/site\/#website","url":"https:\/\/www.notibras.com\/site\/","name":"Notibras","description":"Not\u00edcias de Bras\u00edlia, do Brasil e do Mundo","publisher":{"@id":"https:\/\/www.notibras.com\/site\/#organization"},"potentialAction":[{"@type":"SearchAction","target":{"@type":"EntryPoint","urlTemplate":"https:\/\/www.notibras.com\/site\/?s={search_term_string}"},"query-input":{"@type":"PropertyValueSpecification","valueRequired":true,"valueName":"search_term_string"}}],"inLanguage":"pt-BR"},{"@type":"Organization","@id":"https:\/\/www.notibras.com\/site\/#organization","name":"Grupo Notibras de Comunica\u00e7\u00e3o","url":"https:\/\/www.notibras.com\/site\/","logo":{"@type":"ImageObject","inLanguage":"pt-BR","@id":"https:\/\/www.notibras.com\/site\/#\/schema\/logo\/image\/","url":"https:\/\/www.notibras.com\/site\/wp-content\/uploads\/2023\/01\/notibras23.png","contentUrl":"https:\/\/www.notibras.com\/site\/wp-content\/uploads\/2023\/01\/notibras23.png","width":350,"height":87,"caption":"Grupo Notibras de Comunica\u00e7\u00e3o"},"image":{"@id":"https:\/\/www.notibras.com\/site\/#\/schema\/logo\/image\/"},"sameAs":["https:\/\/www.facebook.com\/notibras\/","https:\/\/x.com\/Notibras","https:\/\/www.instagram.com\/notibras\/"]},{"@type":"Person","@id":"https:\/\/www.notibras.com\/site\/#\/schema\/person\/36ab0979449956132d3e5b517ea76ac8","name":"Reda\u00e7\u00e3o","image":{"@type":"ImageObject","inLanguage":"pt-BR","@id":"https:\/\/secure.gravatar.com\/avatar\/e0a867bdedb85fd243eadf09663511f96fc81e0720a4a42581f334ad4303aa6b?s=96&d=mm&r=g","url":"https:\/\/secure.gravatar.com\/avatar\/e0a867bdedb85fd243eadf09663511f96fc81e0720a4a42581f334ad4303aa6b?s=96&d=mm&r=g","contentUrl":"https:\/\/secure.gravatar.com\/avatar\/e0a867bdedb85fd243eadf09663511f96fc81e0720a4a42581f334ad4303aa6b?s=96&d=mm&r=g","caption":"Reda\u00e7\u00e3o"}}]}},"amp_enabled":true,"_links":{"self":[{"href":"https:\/\/www.notibras.com\/site\/wp-json\/wp\/v2\/posts\/330579","targetHints":{"allow":["GET"]}}],"collection":[{"href":"https:\/\/www.notibras.com\/site\/wp-json\/wp\/v2\/posts"}],"about":[{"href":"https:\/\/www.notibras.com\/site\/wp-json\/wp\/v2\/types\/post"}],"author":[{"embeddable":true,"href":"https:\/\/www.notibras.com\/site\/wp-json\/wp\/v2\/users\/2"}],"replies":[{"embeddable":true,"href":"https:\/\/www.notibras.com\/site\/wp-json\/wp\/v2\/comments?post=330579"}],"version-history":[{"count":1,"href":"https:\/\/www.notibras.com\/site\/wp-json\/wp\/v2\/posts\/330579\/revisions"}],"predecessor-version":[{"id":330580,"href":"https:\/\/www.notibras.com\/site\/wp-json\/wp\/v2\/posts\/330579\/revisions\/330580"}],"wp:featuredmedia":[{"embeddable":true,"href":"https:\/\/www.notibras.com\/site\/wp-json\/wp\/v2\/media\/307651"}],"wp:attachment":[{"href":"https:\/\/www.notibras.com\/site\/wp-json\/wp\/v2\/media?parent=330579"}],"wp:term":[{"taxonomy":"category","embeddable":true,"href":"https:\/\/www.notibras.com\/site\/wp-json\/wp\/v2\/categories?post=330579"},{"taxonomy":"post_tag","embeddable":true,"href":"https:\/\/www.notibras.com\/site\/wp-json\/wp\/v2\/tags?post=330579"}],"curies":[{"name":"wp","href":"https:\/\/api.w.org\/{rel}","templated":true}]}}