{"id":330584,"date":"2024-06-12T00:01:02","date_gmt":"2024-06-12T03:01:02","guid":{"rendered":"https:\/\/www.notibras.com\/site\/?p=330584"},"modified":"2024-06-12T02:47:01","modified_gmt":"2024-06-12T05:47:01","slug":"coelho-fica-no-mato-sem-cachorro-por-ataques-a-xandao","status":"publish","type":"post","link":"https:\/\/www.notibras.com\/site\/coelho-fica-no-mato-sem-cachorro-por-ataques-a-xandao\/","title":{"rendered":"Coelho fica no mato sem cachorro por ataques a Xand\u00e3o"},"content":{"rendered":"<p>Por unanimidade, o Conselho Nacional de Justi\u00e7a (CNJ) abriu nesta ter\u00e7a-feira (11) um processo disciplinar contra o ex-desembargador do Tribunal de Justi\u00e7a do Distrito Federal (TJDFT) Sebasti\u00e3o Coelho.<\/p>\n<p>O plen\u00e1rio seguiu voto proferido pelo corregedor nacional de Justi\u00e7a, ministro Lu\u00eds Felipe Salom\u00e3o. Para o ministro, a abertura da investiga\u00e7\u00e3o \u00e9 necess\u00e1ria para avaliar se Coelho cometeu faltas disciplinares ao criticar o ministro do Supremo Tribunal Federal (STF) Alexandre de Moraes quando ainda estava no cargo.<\/p>\n<p>Em agosto de 2022, Sebasti\u00e3o anunciou sua aposentadoria durante a sess\u00e3o do tribunal e aproveitou para criticar o discurso de posse de Moraes na presid\u00eancia do Tribunal Superior Eleitoral (TSE), ocorrida no mesmo m\u00eas.<\/p>\n<p>&#8220;O eminente ministro Alexandre de Moraes fez uma declara\u00e7\u00e3o de guerra ao pa\u00eds. O seu discurso inflama, n\u00e3o agrega e eu n\u00e3o quero participar disso. Enquanto eu estiver aqui, eu vou at\u00e9 o \u00faltimo dia cumprir, seja aqui, seja no tribunal eleitoral [TRE-DF], a Constitui\u00e7\u00e3o, as leis e as decis\u00f5es judiciais. Eu n\u00e3o vou cumprir discurso de ministro. Seja ele em posse, seja ele em redes sociais&#8221;, afirmou durante a sess\u00e3o.<\/p>\n<p>Ap\u00f3s deixar o cargo, o ex-magistrado passou a participar de manifesta\u00e7\u00f5es em frente ao quartel do Ex\u00e9rcito, em Bras\u00edlia, e defendeu a pris\u00e3o de Moraes pelas For\u00e7as Armadas. As falas foram repetidas durante uma audi\u00eancia p\u00fablica no Congresso.<\/p>\n<p>Segundo o corregedor, as falas de Sebasti\u00e3o Coelho t\u00eam motiva\u00e7\u00e3o pol\u00edtica e devem ser investigadas.<\/p>\n<p>&#8220;A conduta narrada, muito embora fracionada em v\u00e1rios atos, deve ser tida como \u00fanica, iniciada quando ainda era desembargador e continuada de forma subsequente por epis\u00f3dios que agregam significado a suas falas antecedentes, sempre em eros\u00e3o ao Estado Democr\u00e1tico de Direito e incita\u00e7\u00e3o as massas contra os poderes legitimamente constitu\u00eddos&#8221;, afirmou Salom\u00e3o.<\/p>\n<p>N\u00e3o h\u00e1 data para finaliza\u00e7\u00e3o do processo. Caso seja condenado pelo CNJ, Sebasti\u00e3o Coelho pode ficar ineleg\u00edvel.<\/p>\n<p><strong>Defesa<\/strong><br \/>\nDurante a sess\u00e3o, Sebasti\u00e3o Coelho realizou sua pr\u00f3pria defesa e negou rela\u00e7\u00e3o de suas falas com as elei\u00e7\u00f5es de 2022. Ele acrescentou que hoje est\u00e1 aposentado e &#8220;exercendo sua cidadania&#8221;.<\/p>\n<p>O ex-magistrado tamb\u00e9m questionou ser alvo de processo sendo desembargador aposentado e advogado de um dos r\u00e9us do 8 de janeiro.<\/p>\n<p>&#8220;Aquela fala n\u00e3o foi relevante. Eu fiz de p\u00fablico porque era presidente da Associa\u00e7\u00e3o dos Magistrados da Justi\u00e7a do Distrito Federal, e n\u00e3o teria como eu colocar um requerimento de aposentadoria e todo mundo me perguntar porque eu estaria me aposentando. Ent\u00e3o, eu fiz de p\u00fablico na sess\u00e3o do Tribunal de Justi\u00e7a&#8221;, afirmou.<\/p>\n","protected":false},"excerpt":{"rendered":"<p>Por unanimidade, o Conselho Nacional de Justi\u00e7a (CNJ) abriu nesta ter\u00e7a-feira (11) um processo disciplinar contra o ex-desembargador do Tribunal de Justi\u00e7a do Distrito Federal (TJDFT) Sebasti\u00e3o Coelho. O plen\u00e1rio seguiu voto proferido pelo corregedor nacional de Justi\u00e7a, ministro Lu\u00eds Felipe Salom\u00e3o. Para o ministro, a abertura da investiga\u00e7\u00e3o \u00e9 necess\u00e1ria para avaliar se Coelho [&hellip;]<\/p>\n","protected":false},"author":2,"featured_media":330585,"comment_status":"closed","ping_status":"closed","sticky":false,"template":"","format":"standard","meta":{"_acf_changed":false,"footnotes":""},"categories":[161],"tags":[],"class_list":["post-330584","post","type-post","status-publish","format-standard","has-post-thumbnail","hentry","category-quadradinho-em-foco"],"acf":[],"yoast_head":"<!-- This site is optimized with the Yoast SEO plugin v27.5 - https:\/\/yoast.com\/product\/yoast-seo-wordpress\/ -->\n<title>Coelho fica no mato sem cachorro por ataques a Xand\u00e3o - Notibras<\/title>\n<meta name=\"robots\" content=\"index, follow, max-snippet:-1, max-image-preview:large, max-video-preview:-1\" \/>\n<link rel=\"canonical\" href=\"https:\/\/www.notibras.com\/site\/coelho-fica-no-mato-sem-cachorro-por-ataques-a-xandao\/\" \/>\n<meta property=\"og:locale\" content=\"pt_BR\" \/>\n<meta property=\"og:type\" content=\"article\" \/>\n<meta property=\"og:title\" content=\"Coelho fica no mato sem cachorro por ataques a Xand\u00e3o - Notibras\" \/>\n<meta property=\"og:description\" content=\"Por unanimidade, o Conselho Nacional de Justi\u00e7a (CNJ) abriu nesta ter\u00e7a-feira (11) um processo disciplinar contra o ex-desembargador do Tribunal de Justi\u00e7a do Distrito Federal (TJDFT) Sebasti\u00e3o Coelho. O plen\u00e1rio seguiu voto proferido pelo corregedor nacional de Justi\u00e7a, ministro Lu\u00eds Felipe Salom\u00e3o. Para o ministro, a abertura da investiga\u00e7\u00e3o \u00e9 necess\u00e1ria para avaliar se Coelho [&hellip;]\" \/>\n<meta property=\"og:url\" content=\"https:\/\/www.notibras.com\/site\/coelho-fica-no-mato-sem-cachorro-por-ataques-a-xandao\/\" \/>\n<meta property=\"og:site_name\" content=\"Notibras\" \/>\n<meta property=\"article:publisher\" content=\"https:\/\/www.facebook.com\/notibras\/\" \/>\n<meta property=\"article:published_time\" content=\"2024-06-12T03:01:02+00:00\" \/>\n<meta property=\"article:modified_time\" content=\"2024-06-12T05:47:01+00:00\" \/>\n<meta property=\"og:image\" content=\"https:\/\/www.notibras.com\/site\/wp-content\/uploads\/2024\/06\/cnjcoelho.webp\" \/>\n\t<meta property=\"og:image:width\" content=\"1170\" \/>\n\t<meta property=\"og:image:height\" content=\"700\" \/>\n\t<meta property=\"og:image:type\" content=\"image\/webp\" \/>\n<meta name=\"author\" content=\"Reda\u00e7\u00e3o\" \/>\n<meta name=\"twitter:card\" content=\"summary_large_image\" \/>\n<meta name=\"twitter:creator\" content=\"@Notibras\" \/>\n<meta name=\"twitter:site\" content=\"@Notibras\" \/>\n<meta name=\"twitter:label1\" content=\"Escrito por\" \/>\n\t<meta name=\"twitter:data1\" content=\"Reda\u00e7\u00e3o\" \/>\n\t<meta name=\"twitter:label2\" content=\"Est. tempo de leitura\" \/>\n\t<meta name=\"twitter:data2\" content=\"3 minutos\" \/>\n<script type=\"application\/ld+json\" class=\"yoast-schema-graph\">{\"@context\":\"https:\\\/\\\/schema.org\",\"@graph\":[{\"@type\":\"Article\",\"@id\":\"https:\\\/\\\/www.notibras.com\\\/site\\\/coelho-fica-no-mato-sem-cachorro-por-ataques-a-xandao\\\/#article\",\"isPartOf\":{\"@id\":\"https:\\\/\\\/www.notibras.com\\\/site\\\/coelho-fica-no-mato-sem-cachorro-por-ataques-a-xandao\\\/\"},\"author\":{\"name\":\"Reda\u00e7\u00e3o\",\"@id\":\"https:\\\/\\\/www.notibras.com\\\/site\\\/#\\\/schema\\\/person\\\/36ab0979449956132d3e5b517ea76ac8\"},\"headline\":\"Coelho fica no mato sem cachorro por ataques a Xand\u00e3o\",\"datePublished\":\"2024-06-12T03:01:02+00:00\",\"dateModified\":\"2024-06-12T05:47:01+00:00\",\"mainEntityOfPage\":{\"@id\":\"https:\\\/\\\/www.notibras.com\\\/site\\\/coelho-fica-no-mato-sem-cachorro-por-ataques-a-xandao\\\/\"},\"wordCount\":474,\"publisher\":{\"@id\":\"https:\\\/\\\/www.notibras.com\\\/site\\\/#organization\"},\"image\":{\"@id\":\"https:\\\/\\\/www.notibras.com\\\/site\\\/coelho-fica-no-mato-sem-cachorro-por-ataques-a-xandao\\\/#primaryimage\"},\"thumbnailUrl\":\"https:\\\/\\\/www.notibras.com\\\/site\\\/wp-content\\\/uploads\\\/2024\\\/06\\\/cnjcoelho.webp\",\"articleSection\":[\"Quadradinho em Foco\"],\"inLanguage\":\"pt-BR\"},{\"@type\":\"WebPage\",\"@id\":\"https:\\\/\\\/www.notibras.com\\\/site\\\/coelho-fica-no-mato-sem-cachorro-por-ataques-a-xandao\\\/\",\"url\":\"https:\\\/\\\/www.notibras.com\\\/site\\\/coelho-fica-no-mato-sem-cachorro-por-ataques-a-xandao\\\/\",\"name\":\"Coelho fica no mato sem cachorro por ataques a Xand\u00e3o - Notibras\",\"isPartOf\":{\"@id\":\"https:\\\/\\\/www.notibras.com\\\/site\\\/#website\"},\"primaryImageOfPage\":{\"@id\":\"https:\\\/\\\/www.notibras.com\\\/site\\\/coelho-fica-no-mato-sem-cachorro-por-ataques-a-xandao\\\/#primaryimage\"},\"image\":{\"@id\":\"https:\\\/\\\/www.notibras.com\\\/site\\\/coelho-fica-no-mato-sem-cachorro-por-ataques-a-xandao\\\/#primaryimage\"},\"thumbnailUrl\":\"https:\\\/\\\/www.notibras.com\\\/site\\\/wp-content\\\/uploads\\\/2024\\\/06\\\/cnjcoelho.webp\",\"datePublished\":\"2024-06-12T03:01:02+00:00\",\"dateModified\":\"2024-06-12T05:47:01+00:00\",\"breadcrumb\":{\"@id\":\"https:\\\/\\\/www.notibras.com\\\/site\\\/coelho-fica-no-mato-sem-cachorro-por-ataques-a-xandao\\\/#breadcrumb\"},\"inLanguage\":\"pt-BR\",\"potentialAction\":[{\"@type\":\"ReadAction\",\"target\":[\"https:\\\/\\\/www.notibras.com\\\/site\\\/coelho-fica-no-mato-sem-cachorro-por-ataques-a-xandao\\\/\"]}]},{\"@type\":\"ImageObject\",\"inLanguage\":\"pt-BR\",\"@id\":\"https:\\\/\\\/www.notibras.com\\\/site\\\/coelho-fica-no-mato-sem-cachorro-por-ataques-a-xandao\\\/#primaryimage\",\"url\":\"https:\\\/\\\/www.notibras.com\\\/site\\\/wp-content\\\/uploads\\\/2024\\\/06\\\/cnjcoelho.webp\",\"contentUrl\":\"https:\\\/\\\/www.notibras.com\\\/site\\\/wp-content\\\/uploads\\\/2024\\\/06\\\/cnjcoelho.webp\",\"width\":1170,\"height\":700},{\"@type\":\"BreadcrumbList\",\"@id\":\"https:\\\/\\\/www.notibras.com\\\/site\\\/coelho-fica-no-mato-sem-cachorro-por-ataques-a-xandao\\\/#breadcrumb\",\"itemListElement\":[{\"@type\":\"ListItem\",\"position\":1,\"name\":\"In\u00edcio\",\"item\":\"https:\\\/\\\/www.notibras.com\\\/site\\\/\"},{\"@type\":\"ListItem\",\"position\":2,\"name\":\"Coelho fica no mato sem cachorro por ataques a Xand\u00e3o\"}]},{\"@type\":\"WebSite\",\"@id\":\"https:\\\/\\\/www.notibras.com\\\/site\\\/#website\",\"url\":\"https:\\\/\\\/www.notibras.com\\\/site\\\/\",\"name\":\"Notibras\",\"description\":\"Not\u00edcias de Bras\u00edlia, do Brasil e do Mundo\",\"publisher\":{\"@id\":\"https:\\\/\\\/www.notibras.com\\\/site\\\/#organization\"},\"potentialAction\":[{\"@type\":\"SearchAction\",\"target\":{\"@type\":\"EntryPoint\",\"urlTemplate\":\"https:\\\/\\\/www.notibras.com\\\/site\\\/?s={search_term_string}\"},\"query-input\":{\"@type\":\"PropertyValueSpecification\",\"valueRequired\":true,\"valueName\":\"search_term_string\"}}],\"inLanguage\":\"pt-BR\"},{\"@type\":\"Organization\",\"@id\":\"https:\\\/\\\/www.notibras.com\\\/site\\\/#organization\",\"name\":\"Grupo Notibras de Comunica\u00e7\u00e3o\",\"url\":\"https:\\\/\\\/www.notibras.com\\\/site\\\/\",\"logo\":{\"@type\":\"ImageObject\",\"inLanguage\":\"pt-BR\",\"@id\":\"https:\\\/\\\/www.notibras.com\\\/site\\\/#\\\/schema\\\/logo\\\/image\\\/\",\"url\":\"https:\\\/\\\/www.notibras.com\\\/site\\\/wp-content\\\/uploads\\\/2023\\\/01\\\/notibras23.png\",\"contentUrl\":\"https:\\\/\\\/www.notibras.com\\\/site\\\/wp-content\\\/uploads\\\/2023\\\/01\\\/notibras23.png\",\"width\":350,\"height\":87,\"caption\":\"Grupo Notibras de Comunica\u00e7\u00e3o\"},\"image\":{\"@id\":\"https:\\\/\\\/www.notibras.com\\\/site\\\/#\\\/schema\\\/logo\\\/image\\\/\"},\"sameAs\":[\"https:\\\/\\\/www.facebook.com\\\/notibras\\\/\",\"https:\\\/\\\/x.com\\\/Notibras\",\"https:\\\/\\\/www.instagram.com\\\/notibras\\\/\"]},{\"@type\":\"Person\",\"@id\":\"https:\\\/\\\/www.notibras.com\\\/site\\\/#\\\/schema\\\/person\\\/36ab0979449956132d3e5b517ea76ac8\",\"name\":\"Reda\u00e7\u00e3o\",\"image\":{\"@type\":\"ImageObject\",\"inLanguage\":\"pt-BR\",\"@id\":\"https:\\\/\\\/secure.gravatar.com\\\/avatar\\\/e0a867bdedb85fd243eadf09663511f96fc81e0720a4a42581f334ad4303aa6b?s=96&d=mm&r=g\",\"url\":\"https:\\\/\\\/secure.gravatar.com\\\/avatar\\\/e0a867bdedb85fd243eadf09663511f96fc81e0720a4a42581f334ad4303aa6b?s=96&d=mm&r=g\",\"contentUrl\":\"https:\\\/\\\/secure.gravatar.com\\\/avatar\\\/e0a867bdedb85fd243eadf09663511f96fc81e0720a4a42581f334ad4303aa6b?s=96&d=mm&r=g\",\"caption\":\"Reda\u00e7\u00e3o\"}}]}<\/script>\n<!-- \/ Yoast SEO plugin. -->","yoast_head_json":{"title":"Coelho fica no mato sem cachorro por ataques a Xand\u00e3o - Notibras","robots":{"index":"index","follow":"follow","max-snippet":"max-snippet:-1","max-image-preview":"max-image-preview:large","max-video-preview":"max-video-preview:-1"},"canonical":"https:\/\/www.notibras.com\/site\/coelho-fica-no-mato-sem-cachorro-por-ataques-a-xandao\/","og_locale":"pt_BR","og_type":"article","og_title":"Coelho fica no mato sem cachorro por ataques a Xand\u00e3o - Notibras","og_description":"Por unanimidade, o Conselho Nacional de Justi\u00e7a (CNJ) abriu nesta ter\u00e7a-feira (11) um processo disciplinar contra o ex-desembargador do Tribunal de Justi\u00e7a do Distrito Federal (TJDFT) Sebasti\u00e3o Coelho. O plen\u00e1rio seguiu voto proferido pelo corregedor nacional de Justi\u00e7a, ministro Lu\u00eds Felipe Salom\u00e3o. Para o ministro, a abertura da investiga\u00e7\u00e3o \u00e9 necess\u00e1ria para avaliar se Coelho [&hellip;]","og_url":"https:\/\/www.notibras.com\/site\/coelho-fica-no-mato-sem-cachorro-por-ataques-a-xandao\/","og_site_name":"Notibras","article_publisher":"https:\/\/www.facebook.com\/notibras\/","article_published_time":"2024-06-12T03:01:02+00:00","article_modified_time":"2024-06-12T05:47:01+00:00","og_image":[{"width":1170,"height":700,"url":"https:\/\/www.notibras.com\/site\/wp-content\/uploads\/2024\/06\/cnjcoelho.webp","type":"image\/webp"}],"author":"Reda\u00e7\u00e3o","twitter_card":"summary_large_image","twitter_creator":"@Notibras","twitter_site":"@Notibras","twitter_misc":{"Escrito por":"Reda\u00e7\u00e3o","Est. tempo de leitura":"3 minutos"},"schema":{"@context":"https:\/\/schema.org","@graph":[{"@type":"Article","@id":"https:\/\/www.notibras.com\/site\/coelho-fica-no-mato-sem-cachorro-por-ataques-a-xandao\/#article","isPartOf":{"@id":"https:\/\/www.notibras.com\/site\/coelho-fica-no-mato-sem-cachorro-por-ataques-a-xandao\/"},"author":{"name":"Reda\u00e7\u00e3o","@id":"https:\/\/www.notibras.com\/site\/#\/schema\/person\/36ab0979449956132d3e5b517ea76ac8"},"headline":"Coelho fica no mato sem cachorro por ataques a Xand\u00e3o","datePublished":"2024-06-12T03:01:02+00:00","dateModified":"2024-06-12T05:47:01+00:00","mainEntityOfPage":{"@id":"https:\/\/www.notibras.com\/site\/coelho-fica-no-mato-sem-cachorro-por-ataques-a-xandao\/"},"wordCount":474,"publisher":{"@id":"https:\/\/www.notibras.com\/site\/#organization"},"image":{"@id":"https:\/\/www.notibras.com\/site\/coelho-fica-no-mato-sem-cachorro-por-ataques-a-xandao\/#primaryimage"},"thumbnailUrl":"https:\/\/www.notibras.com\/site\/wp-content\/uploads\/2024\/06\/cnjcoelho.webp","articleSection":["Quadradinho em Foco"],"inLanguage":"pt-BR"},{"@type":"WebPage","@id":"https:\/\/www.notibras.com\/site\/coelho-fica-no-mato-sem-cachorro-por-ataques-a-xandao\/","url":"https:\/\/www.notibras.com\/site\/coelho-fica-no-mato-sem-cachorro-por-ataques-a-xandao\/","name":"Coelho fica no mato sem cachorro por ataques a Xand\u00e3o - Notibras","isPartOf":{"@id":"https:\/\/www.notibras.com\/site\/#website"},"primaryImageOfPage":{"@id":"https:\/\/www.notibras.com\/site\/coelho-fica-no-mato-sem-cachorro-por-ataques-a-xandao\/#primaryimage"},"image":{"@id":"https:\/\/www.notibras.com\/site\/coelho-fica-no-mato-sem-cachorro-por-ataques-a-xandao\/#primaryimage"},"thumbnailUrl":"https:\/\/www.notibras.com\/site\/wp-content\/uploads\/2024\/06\/cnjcoelho.webp","datePublished":"2024-06-12T03:01:02+00:00","dateModified":"2024-06-12T05:47:01+00:00","breadcrumb":{"@id":"https:\/\/www.notibras.com\/site\/coelho-fica-no-mato-sem-cachorro-por-ataques-a-xandao\/#breadcrumb"},"inLanguage":"pt-BR","potentialAction":[{"@type":"ReadAction","target":["https:\/\/www.notibras.com\/site\/coelho-fica-no-mato-sem-cachorro-por-ataques-a-xandao\/"]}]},{"@type":"ImageObject","inLanguage":"pt-BR","@id":"https:\/\/www.notibras.com\/site\/coelho-fica-no-mato-sem-cachorro-por-ataques-a-xandao\/#primaryimage","url":"https:\/\/www.notibras.com\/site\/wp-content\/uploads\/2024\/06\/cnjcoelho.webp","contentUrl":"https:\/\/www.notibras.com\/site\/wp-content\/uploads\/2024\/06\/cnjcoelho.webp","width":1170,"height":700},{"@type":"BreadcrumbList","@id":"https:\/\/www.notibras.com\/site\/coelho-fica-no-mato-sem-cachorro-por-ataques-a-xandao\/#breadcrumb","itemListElement":[{"@type":"ListItem","position":1,"name":"In\u00edcio","item":"https:\/\/www.notibras.com\/site\/"},{"@type":"ListItem","position":2,"name":"Coelho fica no mato sem cachorro por ataques a Xand\u00e3o"}]},{"@type":"WebSite","@id":"https:\/\/www.notibras.com\/site\/#website","url":"https:\/\/www.notibras.com\/site\/","name":"Notibras","description":"Not\u00edcias de Bras\u00edlia, do Brasil e do Mundo","publisher":{"@id":"https:\/\/www.notibras.com\/site\/#organization"},"potentialAction":[{"@type":"SearchAction","target":{"@type":"EntryPoint","urlTemplate":"https:\/\/www.notibras.com\/site\/?s={search_term_string}"},"query-input":{"@type":"PropertyValueSpecification","valueRequired":true,"valueName":"search_term_string"}}],"inLanguage":"pt-BR"},{"@type":"Organization","@id":"https:\/\/www.notibras.com\/site\/#organization","name":"Grupo Notibras de Comunica\u00e7\u00e3o","url":"https:\/\/www.notibras.com\/site\/","logo":{"@type":"ImageObject","inLanguage":"pt-BR","@id":"https:\/\/www.notibras.com\/site\/#\/schema\/logo\/image\/","url":"https:\/\/www.notibras.com\/site\/wp-content\/uploads\/2023\/01\/notibras23.png","contentUrl":"https:\/\/www.notibras.com\/site\/wp-content\/uploads\/2023\/01\/notibras23.png","width":350,"height":87,"caption":"Grupo Notibras de Comunica\u00e7\u00e3o"},"image":{"@id":"https:\/\/www.notibras.com\/site\/#\/schema\/logo\/image\/"},"sameAs":["https:\/\/www.facebook.com\/notibras\/","https:\/\/x.com\/Notibras","https:\/\/www.instagram.com\/notibras\/"]},{"@type":"Person","@id":"https:\/\/www.notibras.com\/site\/#\/schema\/person\/36ab0979449956132d3e5b517ea76ac8","name":"Reda\u00e7\u00e3o","image":{"@type":"ImageObject","inLanguage":"pt-BR","@id":"https:\/\/secure.gravatar.com\/avatar\/e0a867bdedb85fd243eadf09663511f96fc81e0720a4a42581f334ad4303aa6b?s=96&d=mm&r=g","url":"https:\/\/secure.gravatar.com\/avatar\/e0a867bdedb85fd243eadf09663511f96fc81e0720a4a42581f334ad4303aa6b?s=96&d=mm&r=g","contentUrl":"https:\/\/secure.gravatar.com\/avatar\/e0a867bdedb85fd243eadf09663511f96fc81e0720a4a42581f334ad4303aa6b?s=96&d=mm&r=g","caption":"Reda\u00e7\u00e3o"}}]}},"amp_enabled":true,"_links":{"self":[{"href":"https:\/\/www.notibras.com\/site\/wp-json\/wp\/v2\/posts\/330584","targetHints":{"allow":["GET"]}}],"collection":[{"href":"https:\/\/www.notibras.com\/site\/wp-json\/wp\/v2\/posts"}],"about":[{"href":"https:\/\/www.notibras.com\/site\/wp-json\/wp\/v2\/types\/post"}],"author":[{"embeddable":true,"href":"https:\/\/www.notibras.com\/site\/wp-json\/wp\/v2\/users\/2"}],"replies":[{"embeddable":true,"href":"https:\/\/www.notibras.com\/site\/wp-json\/wp\/v2\/comments?post=330584"}],"version-history":[{"count":1,"href":"https:\/\/www.notibras.com\/site\/wp-json\/wp\/v2\/posts\/330584\/revisions"}],"predecessor-version":[{"id":330586,"href":"https:\/\/www.notibras.com\/site\/wp-json\/wp\/v2\/posts\/330584\/revisions\/330586"}],"wp:featuredmedia":[{"embeddable":true,"href":"https:\/\/www.notibras.com\/site\/wp-json\/wp\/v2\/media\/330585"}],"wp:attachment":[{"href":"https:\/\/www.notibras.com\/site\/wp-json\/wp\/v2\/media?parent=330584"}],"wp:term":[{"taxonomy":"category","embeddable":true,"href":"https:\/\/www.notibras.com\/site\/wp-json\/wp\/v2\/categories?post=330584"},{"taxonomy":"post_tag","embeddable":true,"href":"https:\/\/www.notibras.com\/site\/wp-json\/wp\/v2\/tags?post=330584"}],"curies":[{"name":"wp","href":"https:\/\/api.w.org\/{rel}","templated":true}]}}