{"id":330605,"date":"2024-06-12T00:06:54","date_gmt":"2024-06-12T03:06:54","guid":{"rendered":"https:\/\/www.notibras.com\/site\/?p=330605"},"modified":"2024-06-12T11:08:46","modified_gmt":"2024-06-12T14:08:46","slug":"mclanche-feliz-celebra-lancamento-de-divertida-mente-2","status":"publish","type":"post","link":"https:\/\/www.notibras.com\/site\/mclanche-feliz-celebra-lancamento-de-divertida-mente-2\/","title":{"rendered":"McLanche Feliz celebra lan\u00e7amento de \u201cDivertida Mente 2\u201d"},"content":{"rendered":"<p>O McLanche Feliz est\u00e1 emocionante! Neste m\u00eas, as caixinhas recebem brinquedos inspirados nos personagens de \u201cDivertida Mente 2\u201d, pr\u00f3ximo lan\u00e7amento da Disney e Pixar. A campanha marca mais um lan\u00e7amento entre Disney e McLanche Feliz, com brinquedos inspirados nos personagens queridos dessa hist\u00f3ria que atravessa gera\u00e7\u00f5es, para estimular a divers\u00e3o entre pais e filhos.<\/p>\n<p>A anima\u00e7\u00e3o, que estreia nos cinemas em 20 de junho, retorna \u00e0 mente da adolescente Riley durante o momento em que a Central de Controle mental da jovem est\u00e1 passando por uma demoli\u00e7\u00e3o repentina para dar lugar a algo totalmente inesperado: novas emo\u00e7\u00f5es! Alegria, Tristeza, Raiva, Medo e Nojinho, que h\u00e1 muito tempo administram uma opera\u00e7\u00e3o bem-sucedida em todos os sentidos, ter\u00e3o que se adaptar \u00e0 chegada da Ansiedade, Inveja, Vergonha e T\u00e9dio, que aparecem para dominar sua mente.<\/p>\n<p>A campanha conta com 10 brinquedos: Nojinho, Tristeza, Guardas Frank e Dave, Alegria, T\u00e9dio, Raiva, Medo, Vergonha, Ansiedade e Inveja. As miniaturas acompanham uma base encaix\u00e1vel em formato de lan\u00e7ador que disparam discos de papel, al\u00e9m de uma cartela de adesivos. Para lan\u00e7ar os discos, basta introduzi-los na ranhura, puxar a alavanca traseira e solt\u00e1-la.<\/p>\n<p>Os brinquedos j\u00e1 podem ser encontrados nas unidades do McDonald\u2019s em todo o Brasil, pelo Pe\u00e7a e Retire, Drive-Thru ou no pr\u00f3prio restaurante, pelos totens de autoatendimento e no balc\u00e3o. Tamb\u00e9m \u00e9 poss\u00edvel garantir os brinquedos sem sair de casa, basta pedir pelo app do McDonald\u2019s e aproveitar o McDelivery!<\/p>\n<p>A novidade est\u00e1 aliada ao card\u00e1pio do McLanche Feliz, que est\u00e1 em constante evolu\u00e7\u00e3o e oferece op\u00e7\u00f5es com baixo teor de s\u00f3dio, gorduras e a\u00e7\u00facares e a inclus\u00e3o de mais vegetais e latic\u00ednios.<\/p>\n","protected":false},"excerpt":{"rendered":"<p>O McLanche Feliz est\u00e1 emocionante! Neste m\u00eas, as caixinhas recebem brinquedos inspirados nos personagens de \u201cDivertida Mente 2\u201d, pr\u00f3ximo lan\u00e7amento da Disney e Pixar. A campanha marca mais um lan\u00e7amento entre Disney e McLanche Feliz, com brinquedos inspirados nos personagens queridos dessa hist\u00f3ria que atravessa gera\u00e7\u00f5es, para estimular a divers\u00e3o entre pais e filhos. A [&hellip;]<\/p>\n","protected":false},"author":2,"featured_media":330606,"comment_status":"closed","ping_status":"closed","sticky":false,"template":"","format":"standard","meta":{"_acf_changed":false,"footnotes":""},"categories":[161],"tags":[],"class_list":["post-330605","post","type-post","status-publish","format-standard","has-post-thumbnail","hentry","category-quadradinho-em-foco"],"acf":[],"yoast_head":"<!-- This site is optimized with the Yoast SEO plugin v27.5 - https:\/\/yoast.com\/product\/yoast-seo-wordpress\/ -->\n<title>McLanche Feliz celebra lan\u00e7amento de \u201cDivertida Mente 2\u201d - Notibras<\/title>\n<meta name=\"robots\" content=\"index, follow, max-snippet:-1, max-image-preview:large, max-video-preview:-1\" \/>\n<link rel=\"canonical\" href=\"https:\/\/www.notibras.com\/site\/mclanche-feliz-celebra-lancamento-de-divertida-mente-2\/\" \/>\n<meta property=\"og:locale\" content=\"pt_BR\" \/>\n<meta property=\"og:type\" content=\"article\" \/>\n<meta property=\"og:title\" content=\"McLanche Feliz celebra lan\u00e7amento de \u201cDivertida Mente 2\u201d - Notibras\" \/>\n<meta property=\"og:description\" content=\"O McLanche Feliz est\u00e1 emocionante! Neste m\u00eas, as caixinhas recebem brinquedos inspirados nos personagens de \u201cDivertida Mente 2\u201d, pr\u00f3ximo lan\u00e7amento da Disney e Pixar. A campanha marca mais um lan\u00e7amento entre Disney e McLanche Feliz, com brinquedos inspirados nos personagens queridos dessa hist\u00f3ria que atravessa gera\u00e7\u00f5es, para estimular a divers\u00e3o entre pais e filhos. A [&hellip;]\" \/>\n<meta property=\"og:url\" content=\"https:\/\/www.notibras.com\/site\/mclanche-feliz-celebra-lancamento-de-divertida-mente-2\/\" \/>\n<meta property=\"og:site_name\" content=\"Notibras\" \/>\n<meta property=\"article:publisher\" content=\"https:\/\/www.facebook.com\/notibras\/\" \/>\n<meta property=\"article:published_time\" content=\"2024-06-12T03:06:54+00:00\" \/>\n<meta property=\"article:modified_time\" content=\"2024-06-12T14:08:46+00:00\" \/>\n<meta property=\"og:image\" content=\"https:\/\/www.notibras.com\/site\/wp-content\/uploads\/2024\/06\/unnamed-2024-06-12T110540.923-scaled.jpg\" \/>\n\t<meta property=\"og:image:width\" content=\"2560\" \/>\n\t<meta property=\"og:image:height\" content=\"1589\" \/>\n\t<meta property=\"og:image:type\" content=\"image\/jpeg\" \/>\n<meta name=\"author\" content=\"Reda\u00e7\u00e3o\" \/>\n<meta name=\"twitter:card\" content=\"summary_large_image\" \/>\n<meta name=\"twitter:creator\" content=\"@Notibras\" \/>\n<meta name=\"twitter:site\" content=\"@Notibras\" \/>\n<meta name=\"twitter:label1\" content=\"Escrito por\" \/>\n\t<meta name=\"twitter:data1\" content=\"Reda\u00e7\u00e3o\" \/>\n\t<meta name=\"twitter:label2\" content=\"Est. tempo de leitura\" \/>\n\t<meta name=\"twitter:data2\" content=\"2 minutos\" \/>\n<script type=\"application\/ld+json\" class=\"yoast-schema-graph\">{\"@context\":\"https:\\\/\\\/schema.org\",\"@graph\":[{\"@type\":\"Article\",\"@id\":\"https:\\\/\\\/www.notibras.com\\\/site\\\/mclanche-feliz-celebra-lancamento-de-divertida-mente-2\\\/#article\",\"isPartOf\":{\"@id\":\"https:\\\/\\\/www.notibras.com\\\/site\\\/mclanche-feliz-celebra-lancamento-de-divertida-mente-2\\\/\"},\"author\":{\"name\":\"Reda\u00e7\u00e3o\",\"@id\":\"https:\\\/\\\/www.notibras.com\\\/site\\\/#\\\/schema\\\/person\\\/36ab0979449956132d3e5b517ea76ac8\"},\"headline\":\"McLanche Feliz celebra lan\u00e7amento de \u201cDivertida Mente 2\u201d\",\"datePublished\":\"2024-06-12T03:06:54+00:00\",\"dateModified\":\"2024-06-12T14:08:46+00:00\",\"mainEntityOfPage\":{\"@id\":\"https:\\\/\\\/www.notibras.com\\\/site\\\/mclanche-feliz-celebra-lancamento-de-divertida-mente-2\\\/\"},\"wordCount\":306,\"publisher\":{\"@id\":\"https:\\\/\\\/www.notibras.com\\\/site\\\/#organization\"},\"image\":{\"@id\":\"https:\\\/\\\/www.notibras.com\\\/site\\\/mclanche-feliz-celebra-lancamento-de-divertida-mente-2\\\/#primaryimage\"},\"thumbnailUrl\":\"https:\\\/\\\/www.notibras.com\\\/site\\\/wp-content\\\/uploads\\\/2024\\\/06\\\/unnamed-2024-06-12T110540.923-scaled.jpg\",\"articleSection\":[\"Quadradinho em Foco\"],\"inLanguage\":\"pt-BR\"},{\"@type\":\"WebPage\",\"@id\":\"https:\\\/\\\/www.notibras.com\\\/site\\\/mclanche-feliz-celebra-lancamento-de-divertida-mente-2\\\/\",\"url\":\"https:\\\/\\\/www.notibras.com\\\/site\\\/mclanche-feliz-celebra-lancamento-de-divertida-mente-2\\\/\",\"name\":\"McLanche Feliz celebra lan\u00e7amento de \u201cDivertida Mente 2\u201d - Notibras\",\"isPartOf\":{\"@id\":\"https:\\\/\\\/www.notibras.com\\\/site\\\/#website\"},\"primaryImageOfPage\":{\"@id\":\"https:\\\/\\\/www.notibras.com\\\/site\\\/mclanche-feliz-celebra-lancamento-de-divertida-mente-2\\\/#primaryimage\"},\"image\":{\"@id\":\"https:\\\/\\\/www.notibras.com\\\/site\\\/mclanche-feliz-celebra-lancamento-de-divertida-mente-2\\\/#primaryimage\"},\"thumbnailUrl\":\"https:\\\/\\\/www.notibras.com\\\/site\\\/wp-content\\\/uploads\\\/2024\\\/06\\\/unnamed-2024-06-12T110540.923-scaled.jpg\",\"datePublished\":\"2024-06-12T03:06:54+00:00\",\"dateModified\":\"2024-06-12T14:08:46+00:00\",\"breadcrumb\":{\"@id\":\"https:\\\/\\\/www.notibras.com\\\/site\\\/mclanche-feliz-celebra-lancamento-de-divertida-mente-2\\\/#breadcrumb\"},\"inLanguage\":\"pt-BR\",\"potentialAction\":[{\"@type\":\"ReadAction\",\"target\":[\"https:\\\/\\\/www.notibras.com\\\/site\\\/mclanche-feliz-celebra-lancamento-de-divertida-mente-2\\\/\"]}]},{\"@type\":\"ImageObject\",\"inLanguage\":\"pt-BR\",\"@id\":\"https:\\\/\\\/www.notibras.com\\\/site\\\/mclanche-feliz-celebra-lancamento-de-divertida-mente-2\\\/#primaryimage\",\"url\":\"https:\\\/\\\/www.notibras.com\\\/site\\\/wp-content\\\/uploads\\\/2024\\\/06\\\/unnamed-2024-06-12T110540.923-scaled.jpg\",\"contentUrl\":\"https:\\\/\\\/www.notibras.com\\\/site\\\/wp-content\\\/uploads\\\/2024\\\/06\\\/unnamed-2024-06-12T110540.923-scaled.jpg\",\"width\":2560,\"height\":1589},{\"@type\":\"BreadcrumbList\",\"@id\":\"https:\\\/\\\/www.notibras.com\\\/site\\\/mclanche-feliz-celebra-lancamento-de-divertida-mente-2\\\/#breadcrumb\",\"itemListElement\":[{\"@type\":\"ListItem\",\"position\":1,\"name\":\"In\u00edcio\",\"item\":\"https:\\\/\\\/www.notibras.com\\\/site\\\/\"},{\"@type\":\"ListItem\",\"position\":2,\"name\":\"McLanche Feliz celebra lan\u00e7amento de \u201cDivertida Mente 2\u201d\"}]},{\"@type\":\"WebSite\",\"@id\":\"https:\\\/\\\/www.notibras.com\\\/site\\\/#website\",\"url\":\"https:\\\/\\\/www.notibras.com\\\/site\\\/\",\"name\":\"Notibras\",\"description\":\"Not\u00edcias de Bras\u00edlia, do Brasil e do Mundo\",\"publisher\":{\"@id\":\"https:\\\/\\\/www.notibras.com\\\/site\\\/#organization\"},\"potentialAction\":[{\"@type\":\"SearchAction\",\"target\":{\"@type\":\"EntryPoint\",\"urlTemplate\":\"https:\\\/\\\/www.notibras.com\\\/site\\\/?s={search_term_string}\"},\"query-input\":{\"@type\":\"PropertyValueSpecification\",\"valueRequired\":true,\"valueName\":\"search_term_string\"}}],\"inLanguage\":\"pt-BR\"},{\"@type\":\"Organization\",\"@id\":\"https:\\\/\\\/www.notibras.com\\\/site\\\/#organization\",\"name\":\"Grupo Notibras de Comunica\u00e7\u00e3o\",\"url\":\"https:\\\/\\\/www.notibras.com\\\/site\\\/\",\"logo\":{\"@type\":\"ImageObject\",\"inLanguage\":\"pt-BR\",\"@id\":\"https:\\\/\\\/www.notibras.com\\\/site\\\/#\\\/schema\\\/logo\\\/image\\\/\",\"url\":\"https:\\\/\\\/www.notibras.com\\\/site\\\/wp-content\\\/uploads\\\/2023\\\/01\\\/notibras23.png\",\"contentUrl\":\"https:\\\/\\\/www.notibras.com\\\/site\\\/wp-content\\\/uploads\\\/2023\\\/01\\\/notibras23.png\",\"width\":350,\"height\":87,\"caption\":\"Grupo Notibras de Comunica\u00e7\u00e3o\"},\"image\":{\"@id\":\"https:\\\/\\\/www.notibras.com\\\/site\\\/#\\\/schema\\\/logo\\\/image\\\/\"},\"sameAs\":[\"https:\\\/\\\/www.facebook.com\\\/notibras\\\/\",\"https:\\\/\\\/x.com\\\/Notibras\",\"https:\\\/\\\/www.instagram.com\\\/notibras\\\/\"]},{\"@type\":\"Person\",\"@id\":\"https:\\\/\\\/www.notibras.com\\\/site\\\/#\\\/schema\\\/person\\\/36ab0979449956132d3e5b517ea76ac8\",\"name\":\"Reda\u00e7\u00e3o\",\"image\":{\"@type\":\"ImageObject\",\"inLanguage\":\"pt-BR\",\"@id\":\"https:\\\/\\\/secure.gravatar.com\\\/avatar\\\/e0a867bdedb85fd243eadf09663511f96fc81e0720a4a42581f334ad4303aa6b?s=96&d=mm&r=g\",\"url\":\"https:\\\/\\\/secure.gravatar.com\\\/avatar\\\/e0a867bdedb85fd243eadf09663511f96fc81e0720a4a42581f334ad4303aa6b?s=96&d=mm&r=g\",\"contentUrl\":\"https:\\\/\\\/secure.gravatar.com\\\/avatar\\\/e0a867bdedb85fd243eadf09663511f96fc81e0720a4a42581f334ad4303aa6b?s=96&d=mm&r=g\",\"caption\":\"Reda\u00e7\u00e3o\"}}]}<\/script>\n<!-- \/ Yoast SEO plugin. -->","yoast_head_json":{"title":"McLanche Feliz celebra lan\u00e7amento de \u201cDivertida Mente 2\u201d - Notibras","robots":{"index":"index","follow":"follow","max-snippet":"max-snippet:-1","max-image-preview":"max-image-preview:large","max-video-preview":"max-video-preview:-1"},"canonical":"https:\/\/www.notibras.com\/site\/mclanche-feliz-celebra-lancamento-de-divertida-mente-2\/","og_locale":"pt_BR","og_type":"article","og_title":"McLanche Feliz celebra lan\u00e7amento de \u201cDivertida Mente 2\u201d - Notibras","og_description":"O McLanche Feliz est\u00e1 emocionante! Neste m\u00eas, as caixinhas recebem brinquedos inspirados nos personagens de \u201cDivertida Mente 2\u201d, pr\u00f3ximo lan\u00e7amento da Disney e Pixar. A campanha marca mais um lan\u00e7amento entre Disney e McLanche Feliz, com brinquedos inspirados nos personagens queridos dessa hist\u00f3ria que atravessa gera\u00e7\u00f5es, para estimular a divers\u00e3o entre pais e filhos. A [&hellip;]","og_url":"https:\/\/www.notibras.com\/site\/mclanche-feliz-celebra-lancamento-de-divertida-mente-2\/","og_site_name":"Notibras","article_publisher":"https:\/\/www.facebook.com\/notibras\/","article_published_time":"2024-06-12T03:06:54+00:00","article_modified_time":"2024-06-12T14:08:46+00:00","og_image":[{"width":2560,"height":1589,"url":"https:\/\/www.notibras.com\/site\/wp-content\/uploads\/2024\/06\/unnamed-2024-06-12T110540.923-scaled.jpg","type":"image\/jpeg"}],"author":"Reda\u00e7\u00e3o","twitter_card":"summary_large_image","twitter_creator":"@Notibras","twitter_site":"@Notibras","twitter_misc":{"Escrito por":"Reda\u00e7\u00e3o","Est. tempo de leitura":"2 minutos"},"schema":{"@context":"https:\/\/schema.org","@graph":[{"@type":"Article","@id":"https:\/\/www.notibras.com\/site\/mclanche-feliz-celebra-lancamento-de-divertida-mente-2\/#article","isPartOf":{"@id":"https:\/\/www.notibras.com\/site\/mclanche-feliz-celebra-lancamento-de-divertida-mente-2\/"},"author":{"name":"Reda\u00e7\u00e3o","@id":"https:\/\/www.notibras.com\/site\/#\/schema\/person\/36ab0979449956132d3e5b517ea76ac8"},"headline":"McLanche Feliz celebra lan\u00e7amento de \u201cDivertida Mente 2\u201d","datePublished":"2024-06-12T03:06:54+00:00","dateModified":"2024-06-12T14:08:46+00:00","mainEntityOfPage":{"@id":"https:\/\/www.notibras.com\/site\/mclanche-feliz-celebra-lancamento-de-divertida-mente-2\/"},"wordCount":306,"publisher":{"@id":"https:\/\/www.notibras.com\/site\/#organization"},"image":{"@id":"https:\/\/www.notibras.com\/site\/mclanche-feliz-celebra-lancamento-de-divertida-mente-2\/#primaryimage"},"thumbnailUrl":"https:\/\/www.notibras.com\/site\/wp-content\/uploads\/2024\/06\/unnamed-2024-06-12T110540.923-scaled.jpg","articleSection":["Quadradinho em Foco"],"inLanguage":"pt-BR"},{"@type":"WebPage","@id":"https:\/\/www.notibras.com\/site\/mclanche-feliz-celebra-lancamento-de-divertida-mente-2\/","url":"https:\/\/www.notibras.com\/site\/mclanche-feliz-celebra-lancamento-de-divertida-mente-2\/","name":"McLanche Feliz celebra lan\u00e7amento de \u201cDivertida Mente 2\u201d - Notibras","isPartOf":{"@id":"https:\/\/www.notibras.com\/site\/#website"},"primaryImageOfPage":{"@id":"https:\/\/www.notibras.com\/site\/mclanche-feliz-celebra-lancamento-de-divertida-mente-2\/#primaryimage"},"image":{"@id":"https:\/\/www.notibras.com\/site\/mclanche-feliz-celebra-lancamento-de-divertida-mente-2\/#primaryimage"},"thumbnailUrl":"https:\/\/www.notibras.com\/site\/wp-content\/uploads\/2024\/06\/unnamed-2024-06-12T110540.923-scaled.jpg","datePublished":"2024-06-12T03:06:54+00:00","dateModified":"2024-06-12T14:08:46+00:00","breadcrumb":{"@id":"https:\/\/www.notibras.com\/site\/mclanche-feliz-celebra-lancamento-de-divertida-mente-2\/#breadcrumb"},"inLanguage":"pt-BR","potentialAction":[{"@type":"ReadAction","target":["https:\/\/www.notibras.com\/site\/mclanche-feliz-celebra-lancamento-de-divertida-mente-2\/"]}]},{"@type":"ImageObject","inLanguage":"pt-BR","@id":"https:\/\/www.notibras.com\/site\/mclanche-feliz-celebra-lancamento-de-divertida-mente-2\/#primaryimage","url":"https:\/\/www.notibras.com\/site\/wp-content\/uploads\/2024\/06\/unnamed-2024-06-12T110540.923-scaled.jpg","contentUrl":"https:\/\/www.notibras.com\/site\/wp-content\/uploads\/2024\/06\/unnamed-2024-06-12T110540.923-scaled.jpg","width":2560,"height":1589},{"@type":"BreadcrumbList","@id":"https:\/\/www.notibras.com\/site\/mclanche-feliz-celebra-lancamento-de-divertida-mente-2\/#breadcrumb","itemListElement":[{"@type":"ListItem","position":1,"name":"In\u00edcio","item":"https:\/\/www.notibras.com\/site\/"},{"@type":"ListItem","position":2,"name":"McLanche Feliz celebra lan\u00e7amento de \u201cDivertida Mente 2\u201d"}]},{"@type":"WebSite","@id":"https:\/\/www.notibras.com\/site\/#website","url":"https:\/\/www.notibras.com\/site\/","name":"Notibras","description":"Not\u00edcias de Bras\u00edlia, do Brasil e do Mundo","publisher":{"@id":"https:\/\/www.notibras.com\/site\/#organization"},"potentialAction":[{"@type":"SearchAction","target":{"@type":"EntryPoint","urlTemplate":"https:\/\/www.notibras.com\/site\/?s={search_term_string}"},"query-input":{"@type":"PropertyValueSpecification","valueRequired":true,"valueName":"search_term_string"}}],"inLanguage":"pt-BR"},{"@type":"Organization","@id":"https:\/\/www.notibras.com\/site\/#organization","name":"Grupo Notibras de Comunica\u00e7\u00e3o","url":"https:\/\/www.notibras.com\/site\/","logo":{"@type":"ImageObject","inLanguage":"pt-BR","@id":"https:\/\/www.notibras.com\/site\/#\/schema\/logo\/image\/","url":"https:\/\/www.notibras.com\/site\/wp-content\/uploads\/2023\/01\/notibras23.png","contentUrl":"https:\/\/www.notibras.com\/site\/wp-content\/uploads\/2023\/01\/notibras23.png","width":350,"height":87,"caption":"Grupo Notibras de Comunica\u00e7\u00e3o"},"image":{"@id":"https:\/\/www.notibras.com\/site\/#\/schema\/logo\/image\/"},"sameAs":["https:\/\/www.facebook.com\/notibras\/","https:\/\/x.com\/Notibras","https:\/\/www.instagram.com\/notibras\/"]},{"@type":"Person","@id":"https:\/\/www.notibras.com\/site\/#\/schema\/person\/36ab0979449956132d3e5b517ea76ac8","name":"Reda\u00e7\u00e3o","image":{"@type":"ImageObject","inLanguage":"pt-BR","@id":"https:\/\/secure.gravatar.com\/avatar\/e0a867bdedb85fd243eadf09663511f96fc81e0720a4a42581f334ad4303aa6b?s=96&d=mm&r=g","url":"https:\/\/secure.gravatar.com\/avatar\/e0a867bdedb85fd243eadf09663511f96fc81e0720a4a42581f334ad4303aa6b?s=96&d=mm&r=g","contentUrl":"https:\/\/secure.gravatar.com\/avatar\/e0a867bdedb85fd243eadf09663511f96fc81e0720a4a42581f334ad4303aa6b?s=96&d=mm&r=g","caption":"Reda\u00e7\u00e3o"}}]}},"amp_enabled":true,"_links":{"self":[{"href":"https:\/\/www.notibras.com\/site\/wp-json\/wp\/v2\/posts\/330605","targetHints":{"allow":["GET"]}}],"collection":[{"href":"https:\/\/www.notibras.com\/site\/wp-json\/wp\/v2\/posts"}],"about":[{"href":"https:\/\/www.notibras.com\/site\/wp-json\/wp\/v2\/types\/post"}],"author":[{"embeddable":true,"href":"https:\/\/www.notibras.com\/site\/wp-json\/wp\/v2\/users\/2"}],"replies":[{"embeddable":true,"href":"https:\/\/www.notibras.com\/site\/wp-json\/wp\/v2\/comments?post=330605"}],"version-history":[{"count":1,"href":"https:\/\/www.notibras.com\/site\/wp-json\/wp\/v2\/posts\/330605\/revisions"}],"predecessor-version":[{"id":330607,"href":"https:\/\/www.notibras.com\/site\/wp-json\/wp\/v2\/posts\/330605\/revisions\/330607"}],"wp:featuredmedia":[{"embeddable":true,"href":"https:\/\/www.notibras.com\/site\/wp-json\/wp\/v2\/media\/330606"}],"wp:attachment":[{"href":"https:\/\/www.notibras.com\/site\/wp-json\/wp\/v2\/media?parent=330605"}],"wp:term":[{"taxonomy":"category","embeddable":true,"href":"https:\/\/www.notibras.com\/site\/wp-json\/wp\/v2\/categories?post=330605"},{"taxonomy":"post_tag","embeddable":true,"href":"https:\/\/www.notibras.com\/site\/wp-json\/wp\/v2\/tags?post=330605"}],"curies":[{"name":"wp","href":"https:\/\/api.w.org\/{rel}","templated":true}]}}