{"id":330631,"date":"2024-06-13T01:52:42","date_gmt":"2024-06-13T04:52:42","guid":{"rendered":"https:\/\/www.notibras.com\/site\/?p=330631"},"modified":"2024-06-13T06:10:37","modified_gmt":"2024-06-13T09:10:37","slug":"salete-inocente-nao-entende-nome-de-hermogenes","status":"publish","type":"post","link":"https:\/\/www.notibras.com\/site\/salete-inocente-nao-entende-nome-de-hermogenes\/","title":{"rendered":"Salete, inocente, n\u00e3o entende nome de Herm\u00f3genes"},"content":{"rendered":"<p>Crian\u00e7a n\u00e3o \u00e9 apenas um ser humano em miniatura. N\u00e3o mesmo! Se fosse, era apenas quest\u00e3o de crescer bra\u00e7os, pernas, tronco, cabe\u00e7a, o corpo todo. Se voc\u00ea duvida, eis uma hist\u00f3ria real, que aconteceu l\u00e1 pelos lados de Formosa do Rio Preto, Bahia.<\/p>\n<p>Pelo que me chegou, o fato ocorreu em uma casa modesta, que era cercada por tantas outras do mesmo estilo. Nesse lar, moravam a m\u00e3e, o pai e as crian\u00e7as, que formavam uma escadinha. Salete, a maior, estava com quase oito. Silvano, apesar de ser o do meio, gostava de dizer que era o mais velho, mal contava com seis. J\u00e1 a Nicolina, a ca\u00e7ulinha, havia completado quatro anos nos primeiros dias de janeiro.<\/p>\n<p>A rotina daquela fam\u00edlia era o pai sair cedo para trabalhar, as crian\u00e7as irem para a escola no per\u00edodo da tarde, enquanto a esposa tomava conta de tudo, al\u00e9m de ganhar um dinheiro dando aula de refor\u00e7o para os filhos das vizinhas. De tanto trabalho, n\u00e3o raro, assim que o marido jantava, a mulher se recolhia para recuperar as energias para o dia seguinte, que prometia ser duro como todos os demais.<\/p>\n<p>Naquela noite, que nem estava t\u00e3o adiantada assim, a mulher j\u00e1 sonhava com o para\u00edso, talvez para esquecer o que a esperava no outro dia. O pai, que havia jantado, estava tomando banho para tamb\u00e9m ir se deitar, enquanto as crian\u00e7as brincavam na sala. Nisso, algu\u00e9m bateu \u00e0 porta. Salete, na sua autoridade de primog\u00eanita, foi ver quem era.<\/p>\n<p>A menina trocou algumas palavras com o homem por detr\u00e1s da porta. Em seguida, correu at\u00e9 o banheiro para avisar o pai, que ainda estava debaixo do chuveiro.<\/p>\n<p>\u2014 Pai, tem um homem l\u00e1 na porta querendo saber se o senhor morde.<\/p>\n<p>\u2014 O qu\u00ea? Que hist\u00f3ria \u00e9 essa, menina?<\/p>\n<p>O pai, enrolado na toalha, tratou logo de ver que hist\u00f3ria era aquela. Foi at\u00e9 a porta, a abriu e, ap\u00f3s trocar algumas palavras com o tal homem, retornou gargalhando.<\/p>\n<p>\u2014 Pai, o homem mordeu o senhor?<\/p>\n<p>\u2014 Que mordeu o qu\u00ea, Salete! Ele queria saber onde era a casa do senhor Herm\u00f3genes.<\/p>\n<p><strong>*Eduardo Mart\u00ednez \u00e9 autor do livro \u201c57 Contos e Cr\u00f4nicas por um Autor muito Velho\u201d.<\/strong><\/p>\n<p>Compre aqui\u00a0<span class=\"x19la9d6 x1fc57z9 x6ikm8r x10wlt62 x19co3pv x1g5zs5t xfibh0p xiy17q3 x1xsqp64 x1lkfr7t xexx8yu x4uap5 x18d9i69 xkhd6sd\"><span class=\"xrtxmta x1bhl96m\"><img decoding=\"async\" class=\"emoji\" role=\"img\" draggable=\"false\" src=\"https:\/\/s.w.org\/images\/core\/emoji\/14.0.0\/svg\/1f447-1f3ff.svg\" alt=\"&#x1f447;&#x1f3ff;\" \/><\/span><\/span><span class=\"x19la9d6 x1fc57z9 x6ikm8r x10wlt62 x19co3pv x1g5zs5t xfibh0p xiy17q3 x1xsqp64 x1lkfr7t xexx8yu x4uap5 x18d9i69 xkhd6sd\"><span class=\"xrtxmta x1bhl96m\"><img decoding=\"async\" class=\"emoji\" role=\"img\" draggable=\"false\" src=\"https:\/\/s.w.org\/images\/core\/emoji\/14.0.0\/svg\/1f447-1f3ff.svg\" alt=\"&#x1f447;&#x1f3ff;\" \/><\/span><\/span><span class=\"x19la9d6 x1fc57z9 x6ikm8r x10wlt62 x19co3pv x1g5zs5t xfibh0p xiy17q3 x1xsqp64 x1lkfr7t xexx8yu x4uap5 x18d9i69 xkhd6sd\"><span class=\"xrtxmta x1bhl96m\"><img decoding=\"async\" class=\"emoji\" role=\"img\" draggable=\"false\" src=\"https:\/\/s.w.org\/images\/core\/emoji\/14.0.0\/svg\/1f447-1f3ff.svg\" alt=\"&#x1f447;&#x1f3ff;\" \/><\/span><\/span><\/p>\n<p><a href=\"http:\/\/www.joanineditora.com.br\/57-contos-e-cronicas-por-um-autor-muito-velho\">http:\/\/www.joanineditora.com.br\/57-contos-e-cronicas-por-um-autor-muito-velho<\/a><\/p>\n","protected":false},"excerpt":{"rendered":"<p>Crian\u00e7a n\u00e3o \u00e9 apenas um ser humano em miniatura. N\u00e3o mesmo! Se fosse, era apenas quest\u00e3o de crescer bra\u00e7os, pernas, tronco, cabe\u00e7a, o corpo todo. Se voc\u00ea duvida, eis uma hist\u00f3ria real, que aconteceu l\u00e1 pelos lados de Formosa do Rio Preto, Bahia. Pelo que me chegou, o fato ocorreu em uma casa modesta, que [&hellip;]<\/p>\n","protected":false},"author":2,"featured_media":330632,"comment_status":"closed","ping_status":"closed","sticky":false,"template":"","format":"standard","meta":{"_acf_changed":false,"footnotes":""},"categories":[167,165],"tags":[],"class_list":["post-330631","post","type-post","status-publish","format-standard","has-post-thumbnail","hentry","category-bahia","category-nordeste"],"acf":[],"_links":{"self":[{"href":"https:\/\/www.notibras.com\/site\/wp-json\/wp\/v2\/posts\/330631","targetHints":{"allow":["GET"]}}],"collection":[{"href":"https:\/\/www.notibras.com\/site\/wp-json\/wp\/v2\/posts"}],"about":[{"href":"https:\/\/www.notibras.com\/site\/wp-json\/wp\/v2\/types\/post"}],"author":[{"embeddable":true,"href":"https:\/\/www.notibras.com\/site\/wp-json\/wp\/v2\/users\/2"}],"replies":[{"embeddable":true,"href":"https:\/\/www.notibras.com\/site\/wp-json\/wp\/v2\/comments?post=330631"}],"version-history":[{"count":2,"href":"https:\/\/www.notibras.com\/site\/wp-json\/wp\/v2\/posts\/330631\/revisions"}],"predecessor-version":[{"id":330711,"href":"https:\/\/www.notibras.com\/site\/wp-json\/wp\/v2\/posts\/330631\/revisions\/330711"}],"wp:featuredmedia":[{"embeddable":true,"href":"https:\/\/www.notibras.com\/site\/wp-json\/wp\/v2\/media\/330632"}],"wp:attachment":[{"href":"https:\/\/www.notibras.com\/site\/wp-json\/wp\/v2\/media?parent=330631"}],"wp:term":[{"taxonomy":"category","embeddable":true,"href":"https:\/\/www.notibras.com\/site\/wp-json\/wp\/v2\/categories?post=330631"},{"taxonomy":"post_tag","embeddable":true,"href":"https:\/\/www.notibras.com\/site\/wp-json\/wp\/v2\/tags?post=330631"}],"curies":[{"name":"wp","href":"https:\/\/api.w.org\/{rel}","templated":true}]}}