{"id":330661,"date":"2024-06-13T00:41:46","date_gmt":"2024-06-13T03:41:46","guid":{"rendered":"https:\/\/www.notibras.com\/site\/?p=330661"},"modified":"2024-06-13T03:43:37","modified_gmt":"2024-06-13T06:43:37","slug":"porte-e-uso-de-maconha-caminha-rapido-para-virar-crime","status":"publish","type":"post","link":"https:\/\/www.notibras.com\/site\/porte-e-uso-de-maconha-caminha-rapido-para-virar-crime\/","title":{"rendered":"Porte e uso de maconha caminha r\u00e1pido para virar crime"},"content":{"rendered":"<p>A proposta que inclui na Constitui\u00e7\u00e3o a criminaliza\u00e7\u00e3o do porte ou posse de qualquer quantidade de droga foi aprovada nesta quarta-feira (12) na Comiss\u00e3o de Constitui\u00e7\u00e3o e Justi\u00e7a (CCJ) da C\u00e2mara dos Deputados. Agora, a Proposta de Emenda \u00e0 Constitui\u00e7\u00e3o (PEC) 45\/2023 ser\u00e1 analisada em comiss\u00e3o especial da Casa, que ainda deve ser instalada. Se aprovada na comiss\u00e3o, a PEC segue para an\u00e1lise do plen\u00e1rio.<\/p>\n<p>Ap\u00f3s mais de quatro horas de sess\u00e3o, a proposta foi aprovada por 47 votos favor\u00e1veis e 17 contr\u00e1rios. O relator do texto na CCJ, deputado Ricardo Salles (PL-SP), defendeu a medida. \u201cSe n\u00f3s n\u00e3o tivermos uma medida constitucionalmente prevista que coloque responsabilidade sobre aqueles que s\u00e3o os verdadeiros originadores da demanda do tr\u00e1fico de drogas, haver\u00e1 um desincentivo, evidentemente, \u00e0 interrup\u00e7\u00e3o do relativo consumo de entorpecentes no Brasil\u201d, argumentou.<\/p>\n<p>Na reuni\u00e3o, o deputado Chico Alencar (PSOL-RJ) disse que a pol\u00edtica de drogas para os usu\u00e1rios deve ser uma quest\u00e3o de sa\u00fade p\u00fablica e n\u00e3o de pol\u00edcia. \u201cN\u00e3o acreditamos que colocar na Constitui\u00e7\u00e3o, em meio a outros artigos sobre direitos e garantias individuais da cidadania, seja de maneira alguma o melhor caminho para a gente tratar dessa quest\u00e3o, que \u00e9 uma quest\u00e3o de sa\u00fade p\u00fablica, \u00e9 uma quest\u00e3o social, \u00e9 uma quest\u00e3o humana, muito mais do que uma quest\u00e3o criminal. Estou me referindo aos usu\u00e1rios de drogas\u201d, disse.<\/p>\n<p>O deputado Lucas Redecker (PSDB-RS) defendeu a PEC como forma de impedir que o Supremo Tribunal Federal (STF) possa vir a descriminalizar o usu\u00e1rio. \u201cN\u00f3s estamos tratando aqui \u00e9 de fixar na Constitui\u00e7\u00e3o algo em que n\u00f3s possamos ter a certeza de que legislar sobre esse tema ser\u00e1 fun\u00e7\u00e3o da C\u00e2mara dos Deputados e do Senado Federal e n\u00e3o da interpreta\u00e7\u00e3o do Supremo Tribunal Federal\u201d, destacou.<\/p>\n<p>Parlamentares contr\u00e1rios \u00e0 medida, por outro lado, argumentaram que incluir a criminaliza\u00e7\u00e3o da posse e porte de drogas na Constitui\u00e7\u00e3o pode levar ao encarceramento de usu\u00e1rios, principalmente pobres e negros, uma vez que, nem a proposta nem a legisla\u00e7\u00e3o atual trazem os crit\u00e9rios para diferenciar usu\u00e1rio e traficante.<\/p>\n<p>A deputada federal Maria Arraes (Solidariedade-PE) avaliou que o objetivo deve ser combater a oferta e a distribui\u00e7\u00e3o em larga escala de entorpecentes. \u201cNo entanto, a PEC ignora a face mais grave do problema. Outro impacto nefasto nessa proposta recai sobre o sistema carcer\u00e1rio, j\u00e1 superlotado e ineficiente. J\u00e1 est\u00e1 provado que uma pol\u00edtica punitivista e repressiva \u00e9 ineficaz e produz impactos devastadores. S\u00f3 serve para levar mais gente, sem necessidade, para a pris\u00e3o\u201d, argumentou.<\/p>\n<p><strong>Entenda<\/strong><br \/>\nA PEC, de autoria do presidente do Senado, Rodrigo Pacheco (PSD-MG), foi uma rea\u00e7\u00e3o do Congresso Nacional ao julgamento do STF que analisa a poss\u00edvel descriminaliza\u00e7\u00e3o da posse de maconha. No Senado, a medida foi aprovada por 53 votos favor\u00e1veis e 9 contr\u00e1rios.<\/p>\n<p>A PEC acrescenta um inciso ao Artigo 5\u00ba da Constitui\u00e7\u00e3o para considerar crime a posse e o porte de qualquer quantidade de drogas sem autoriza\u00e7\u00e3o ou em desacordo com a lei.<\/p>\n<p>Segundo a proposta que vem do Senado, deve ser observada a distin\u00e7\u00e3o entre o traficante e o usu\u00e1rio pelas circunst\u00e2ncias f\u00e1ticas do caso concreto, aplicando aos usu\u00e1rios penas alternativas \u00e0 pris\u00e3o, al\u00e9m de tratamento contra a depend\u00eancia.<\/p>\n<p>Por\u00e9m, tanto a PEC 45 quanto a atual Lei de Drogas (11.343 de 2006) n\u00e3o definem crit\u00e9rios fixos para diferenciar usu\u00e1rio de traficante, o que fica a cargo do sistema de Justi\u00e7a \u2013 pol\u00edcias, Minist\u00e9rio P\u00fablico e Judici\u00e1rio.<\/p>\n","protected":false},"excerpt":{"rendered":"<p>A proposta que inclui na Constitui\u00e7\u00e3o a criminaliza\u00e7\u00e3o do porte ou posse de qualquer quantidade de droga foi aprovada nesta quarta-feira (12) na Comiss\u00e3o de Constitui\u00e7\u00e3o e Justi\u00e7a (CCJ) da C\u00e2mara dos Deputados. Agora, a Proposta de Emenda \u00e0 Constitui\u00e7\u00e3o (PEC) 45\/2023 ser\u00e1 analisada em comiss\u00e3o especial da Casa, que ainda deve ser instalada. Se [&hellip;]<\/p>\n","protected":false},"author":2,"featured_media":330662,"comment_status":"closed","ping_status":"closed","sticky":false,"template":"","format":"standard","meta":{"_acf_changed":false,"footnotes":""},"categories":[161],"tags":[],"class_list":["post-330661","post","type-post","status-publish","format-standard","has-post-thumbnail","hentry","category-quadradinho-em-foco"],"acf":[],"yoast_head":"<!-- This site is optimized with the Yoast SEO plugin v27.5 - https:\/\/yoast.com\/product\/yoast-seo-wordpress\/ -->\n<title>Porte e uso de maconha caminha r\u00e1pido para virar crime - Notibras<\/title>\n<meta name=\"robots\" content=\"index, follow, max-snippet:-1, max-image-preview:large, max-video-preview:-1\" \/>\n<link rel=\"canonical\" href=\"https:\/\/www.notibras.com\/site\/porte-e-uso-de-maconha-caminha-rapido-para-virar-crime\/\" \/>\n<meta property=\"og:locale\" content=\"pt_BR\" \/>\n<meta property=\"og:type\" content=\"article\" \/>\n<meta property=\"og:title\" content=\"Porte e uso de maconha caminha r\u00e1pido para virar crime - Notibras\" \/>\n<meta property=\"og:description\" content=\"A proposta que inclui na Constitui\u00e7\u00e3o a criminaliza\u00e7\u00e3o do porte ou posse de qualquer quantidade de droga foi aprovada nesta quarta-feira (12) na Comiss\u00e3o de Constitui\u00e7\u00e3o e Justi\u00e7a (CCJ) da C\u00e2mara dos Deputados. Agora, a Proposta de Emenda \u00e0 Constitui\u00e7\u00e3o (PEC) 45\/2023 ser\u00e1 analisada em comiss\u00e3o especial da Casa, que ainda deve ser instalada. Se [&hellip;]\" \/>\n<meta property=\"og:url\" content=\"https:\/\/www.notibras.com\/site\/porte-e-uso-de-maconha-caminha-rapido-para-virar-crime\/\" \/>\n<meta property=\"og:site_name\" content=\"Notibras\" \/>\n<meta property=\"article:publisher\" content=\"https:\/\/www.facebook.com\/notibras\/\" \/>\n<meta property=\"article:published_time\" content=\"2024-06-13T03:41:46+00:00\" \/>\n<meta property=\"article:modified_time\" content=\"2024-06-13T06:43:37+00:00\" \/>\n<meta property=\"og:image\" content=\"https:\/\/www.notibras.com\/site\/wp-content\/uploads\/2024\/06\/ccj_120624_brunospada02-1.jpg\" \/>\n\t<meta property=\"og:image:width\" content=\"1170\" \/>\n\t<meta property=\"og:image:height\" content=\"700\" \/>\n\t<meta property=\"og:image:type\" content=\"image\/jpeg\" \/>\n<meta name=\"author\" content=\"Reda\u00e7\u00e3o\" \/>\n<meta name=\"twitter:card\" content=\"summary_large_image\" \/>\n<meta name=\"twitter:creator\" content=\"@Notibras\" \/>\n<meta name=\"twitter:site\" content=\"@Notibras\" \/>\n<meta name=\"twitter:label1\" content=\"Escrito por\" \/>\n\t<meta name=\"twitter:data1\" content=\"Reda\u00e7\u00e3o\" \/>\n\t<meta name=\"twitter:label2\" content=\"Est. tempo de leitura\" \/>\n\t<meta name=\"twitter:data2\" content=\"4 minutos\" \/>\n<script type=\"application\/ld+json\" class=\"yoast-schema-graph\">{\"@context\":\"https:\\\/\\\/schema.org\",\"@graph\":[{\"@type\":\"Article\",\"@id\":\"https:\\\/\\\/www.notibras.com\\\/site\\\/porte-e-uso-de-maconha-caminha-rapido-para-virar-crime\\\/#article\",\"isPartOf\":{\"@id\":\"https:\\\/\\\/www.notibras.com\\\/site\\\/porte-e-uso-de-maconha-caminha-rapido-para-virar-crime\\\/\"},\"author\":{\"name\":\"Reda\u00e7\u00e3o\",\"@id\":\"https:\\\/\\\/www.notibras.com\\\/site\\\/#\\\/schema\\\/person\\\/36ab0979449956132d3e5b517ea76ac8\"},\"headline\":\"Porte e uso de maconha caminha r\u00e1pido para virar crime\",\"datePublished\":\"2024-06-13T03:41:46+00:00\",\"dateModified\":\"2024-06-13T06:43:37+00:00\",\"mainEntityOfPage\":{\"@id\":\"https:\\\/\\\/www.notibras.com\\\/site\\\/porte-e-uso-de-maconha-caminha-rapido-para-virar-crime\\\/\"},\"wordCount\":633,\"publisher\":{\"@id\":\"https:\\\/\\\/www.notibras.com\\\/site\\\/#organization\"},\"image\":{\"@id\":\"https:\\\/\\\/www.notibras.com\\\/site\\\/porte-e-uso-de-maconha-caminha-rapido-para-virar-crime\\\/#primaryimage\"},\"thumbnailUrl\":\"https:\\\/\\\/www.notibras.com\\\/site\\\/wp-content\\\/uploads\\\/2024\\\/06\\\/ccj_120624_brunospada02-1.jpg\",\"articleSection\":[\"Quadradinho em Foco\"],\"inLanguage\":\"pt-BR\"},{\"@type\":\"WebPage\",\"@id\":\"https:\\\/\\\/www.notibras.com\\\/site\\\/porte-e-uso-de-maconha-caminha-rapido-para-virar-crime\\\/\",\"url\":\"https:\\\/\\\/www.notibras.com\\\/site\\\/porte-e-uso-de-maconha-caminha-rapido-para-virar-crime\\\/\",\"name\":\"Porte e uso de maconha caminha r\u00e1pido para virar crime - Notibras\",\"isPartOf\":{\"@id\":\"https:\\\/\\\/www.notibras.com\\\/site\\\/#website\"},\"primaryImageOfPage\":{\"@id\":\"https:\\\/\\\/www.notibras.com\\\/site\\\/porte-e-uso-de-maconha-caminha-rapido-para-virar-crime\\\/#primaryimage\"},\"image\":{\"@id\":\"https:\\\/\\\/www.notibras.com\\\/site\\\/porte-e-uso-de-maconha-caminha-rapido-para-virar-crime\\\/#primaryimage\"},\"thumbnailUrl\":\"https:\\\/\\\/www.notibras.com\\\/site\\\/wp-content\\\/uploads\\\/2024\\\/06\\\/ccj_120624_brunospada02-1.jpg\",\"datePublished\":\"2024-06-13T03:41:46+00:00\",\"dateModified\":\"2024-06-13T06:43:37+00:00\",\"breadcrumb\":{\"@id\":\"https:\\\/\\\/www.notibras.com\\\/site\\\/porte-e-uso-de-maconha-caminha-rapido-para-virar-crime\\\/#breadcrumb\"},\"inLanguage\":\"pt-BR\",\"potentialAction\":[{\"@type\":\"ReadAction\",\"target\":[\"https:\\\/\\\/www.notibras.com\\\/site\\\/porte-e-uso-de-maconha-caminha-rapido-para-virar-crime\\\/\"]}]},{\"@type\":\"ImageObject\",\"inLanguage\":\"pt-BR\",\"@id\":\"https:\\\/\\\/www.notibras.com\\\/site\\\/porte-e-uso-de-maconha-caminha-rapido-para-virar-crime\\\/#primaryimage\",\"url\":\"https:\\\/\\\/www.notibras.com\\\/site\\\/wp-content\\\/uploads\\\/2024\\\/06\\\/ccj_120624_brunospada02-1.jpg\",\"contentUrl\":\"https:\\\/\\\/www.notibras.com\\\/site\\\/wp-content\\\/uploads\\\/2024\\\/06\\\/ccj_120624_brunospada02-1.jpg\",\"width\":1170,\"height\":700},{\"@type\":\"BreadcrumbList\",\"@id\":\"https:\\\/\\\/www.notibras.com\\\/site\\\/porte-e-uso-de-maconha-caminha-rapido-para-virar-crime\\\/#breadcrumb\",\"itemListElement\":[{\"@type\":\"ListItem\",\"position\":1,\"name\":\"In\u00edcio\",\"item\":\"https:\\\/\\\/www.notibras.com\\\/site\\\/\"},{\"@type\":\"ListItem\",\"position\":2,\"name\":\"Porte e uso de maconha caminha r\u00e1pido para virar crime\"}]},{\"@type\":\"WebSite\",\"@id\":\"https:\\\/\\\/www.notibras.com\\\/site\\\/#website\",\"url\":\"https:\\\/\\\/www.notibras.com\\\/site\\\/\",\"name\":\"Notibras\",\"description\":\"Not\u00edcias de Bras\u00edlia, do Brasil e do Mundo\",\"publisher\":{\"@id\":\"https:\\\/\\\/www.notibras.com\\\/site\\\/#organization\"},\"potentialAction\":[{\"@type\":\"SearchAction\",\"target\":{\"@type\":\"EntryPoint\",\"urlTemplate\":\"https:\\\/\\\/www.notibras.com\\\/site\\\/?s={search_term_string}\"},\"query-input\":{\"@type\":\"PropertyValueSpecification\",\"valueRequired\":true,\"valueName\":\"search_term_string\"}}],\"inLanguage\":\"pt-BR\"},{\"@type\":\"Organization\",\"@id\":\"https:\\\/\\\/www.notibras.com\\\/site\\\/#organization\",\"name\":\"Grupo Notibras de Comunica\u00e7\u00e3o\",\"url\":\"https:\\\/\\\/www.notibras.com\\\/site\\\/\",\"logo\":{\"@type\":\"ImageObject\",\"inLanguage\":\"pt-BR\",\"@id\":\"https:\\\/\\\/www.notibras.com\\\/site\\\/#\\\/schema\\\/logo\\\/image\\\/\",\"url\":\"https:\\\/\\\/www.notibras.com\\\/site\\\/wp-content\\\/uploads\\\/2023\\\/01\\\/notibras23.png\",\"contentUrl\":\"https:\\\/\\\/www.notibras.com\\\/site\\\/wp-content\\\/uploads\\\/2023\\\/01\\\/notibras23.png\",\"width\":350,\"height\":87,\"caption\":\"Grupo Notibras de Comunica\u00e7\u00e3o\"},\"image\":{\"@id\":\"https:\\\/\\\/www.notibras.com\\\/site\\\/#\\\/schema\\\/logo\\\/image\\\/\"},\"sameAs\":[\"https:\\\/\\\/www.facebook.com\\\/notibras\\\/\",\"https:\\\/\\\/x.com\\\/Notibras\",\"https:\\\/\\\/www.instagram.com\\\/notibras\\\/\"]},{\"@type\":\"Person\",\"@id\":\"https:\\\/\\\/www.notibras.com\\\/site\\\/#\\\/schema\\\/person\\\/36ab0979449956132d3e5b517ea76ac8\",\"name\":\"Reda\u00e7\u00e3o\",\"image\":{\"@type\":\"ImageObject\",\"inLanguage\":\"pt-BR\",\"@id\":\"https:\\\/\\\/secure.gravatar.com\\\/avatar\\\/e0a867bdedb85fd243eadf09663511f96fc81e0720a4a42581f334ad4303aa6b?s=96&d=mm&r=g\",\"url\":\"https:\\\/\\\/secure.gravatar.com\\\/avatar\\\/e0a867bdedb85fd243eadf09663511f96fc81e0720a4a42581f334ad4303aa6b?s=96&d=mm&r=g\",\"contentUrl\":\"https:\\\/\\\/secure.gravatar.com\\\/avatar\\\/e0a867bdedb85fd243eadf09663511f96fc81e0720a4a42581f334ad4303aa6b?s=96&d=mm&r=g\",\"caption\":\"Reda\u00e7\u00e3o\"}}]}<\/script>\n<!-- \/ Yoast SEO plugin. -->","yoast_head_json":{"title":"Porte e uso de maconha caminha r\u00e1pido para virar crime - Notibras","robots":{"index":"index","follow":"follow","max-snippet":"max-snippet:-1","max-image-preview":"max-image-preview:large","max-video-preview":"max-video-preview:-1"},"canonical":"https:\/\/www.notibras.com\/site\/porte-e-uso-de-maconha-caminha-rapido-para-virar-crime\/","og_locale":"pt_BR","og_type":"article","og_title":"Porte e uso de maconha caminha r\u00e1pido para virar crime - Notibras","og_description":"A proposta que inclui na Constitui\u00e7\u00e3o a criminaliza\u00e7\u00e3o do porte ou posse de qualquer quantidade de droga foi aprovada nesta quarta-feira (12) na Comiss\u00e3o de Constitui\u00e7\u00e3o e Justi\u00e7a (CCJ) da C\u00e2mara dos Deputados. Agora, a Proposta de Emenda \u00e0 Constitui\u00e7\u00e3o (PEC) 45\/2023 ser\u00e1 analisada em comiss\u00e3o especial da Casa, que ainda deve ser instalada. Se [&hellip;]","og_url":"https:\/\/www.notibras.com\/site\/porte-e-uso-de-maconha-caminha-rapido-para-virar-crime\/","og_site_name":"Notibras","article_publisher":"https:\/\/www.facebook.com\/notibras\/","article_published_time":"2024-06-13T03:41:46+00:00","article_modified_time":"2024-06-13T06:43:37+00:00","og_image":[{"width":1170,"height":700,"url":"https:\/\/www.notibras.com\/site\/wp-content\/uploads\/2024\/06\/ccj_120624_brunospada02-1.jpg","type":"image\/jpeg"}],"author":"Reda\u00e7\u00e3o","twitter_card":"summary_large_image","twitter_creator":"@Notibras","twitter_site":"@Notibras","twitter_misc":{"Escrito por":"Reda\u00e7\u00e3o","Est. tempo de leitura":"4 minutos"},"schema":{"@context":"https:\/\/schema.org","@graph":[{"@type":"Article","@id":"https:\/\/www.notibras.com\/site\/porte-e-uso-de-maconha-caminha-rapido-para-virar-crime\/#article","isPartOf":{"@id":"https:\/\/www.notibras.com\/site\/porte-e-uso-de-maconha-caminha-rapido-para-virar-crime\/"},"author":{"name":"Reda\u00e7\u00e3o","@id":"https:\/\/www.notibras.com\/site\/#\/schema\/person\/36ab0979449956132d3e5b517ea76ac8"},"headline":"Porte e uso de maconha caminha r\u00e1pido para virar crime","datePublished":"2024-06-13T03:41:46+00:00","dateModified":"2024-06-13T06:43:37+00:00","mainEntityOfPage":{"@id":"https:\/\/www.notibras.com\/site\/porte-e-uso-de-maconha-caminha-rapido-para-virar-crime\/"},"wordCount":633,"publisher":{"@id":"https:\/\/www.notibras.com\/site\/#organization"},"image":{"@id":"https:\/\/www.notibras.com\/site\/porte-e-uso-de-maconha-caminha-rapido-para-virar-crime\/#primaryimage"},"thumbnailUrl":"https:\/\/www.notibras.com\/site\/wp-content\/uploads\/2024\/06\/ccj_120624_brunospada02-1.jpg","articleSection":["Quadradinho em Foco"],"inLanguage":"pt-BR"},{"@type":"WebPage","@id":"https:\/\/www.notibras.com\/site\/porte-e-uso-de-maconha-caminha-rapido-para-virar-crime\/","url":"https:\/\/www.notibras.com\/site\/porte-e-uso-de-maconha-caminha-rapido-para-virar-crime\/","name":"Porte e uso de maconha caminha r\u00e1pido para virar crime - Notibras","isPartOf":{"@id":"https:\/\/www.notibras.com\/site\/#website"},"primaryImageOfPage":{"@id":"https:\/\/www.notibras.com\/site\/porte-e-uso-de-maconha-caminha-rapido-para-virar-crime\/#primaryimage"},"image":{"@id":"https:\/\/www.notibras.com\/site\/porte-e-uso-de-maconha-caminha-rapido-para-virar-crime\/#primaryimage"},"thumbnailUrl":"https:\/\/www.notibras.com\/site\/wp-content\/uploads\/2024\/06\/ccj_120624_brunospada02-1.jpg","datePublished":"2024-06-13T03:41:46+00:00","dateModified":"2024-06-13T06:43:37+00:00","breadcrumb":{"@id":"https:\/\/www.notibras.com\/site\/porte-e-uso-de-maconha-caminha-rapido-para-virar-crime\/#breadcrumb"},"inLanguage":"pt-BR","potentialAction":[{"@type":"ReadAction","target":["https:\/\/www.notibras.com\/site\/porte-e-uso-de-maconha-caminha-rapido-para-virar-crime\/"]}]},{"@type":"ImageObject","inLanguage":"pt-BR","@id":"https:\/\/www.notibras.com\/site\/porte-e-uso-de-maconha-caminha-rapido-para-virar-crime\/#primaryimage","url":"https:\/\/www.notibras.com\/site\/wp-content\/uploads\/2024\/06\/ccj_120624_brunospada02-1.jpg","contentUrl":"https:\/\/www.notibras.com\/site\/wp-content\/uploads\/2024\/06\/ccj_120624_brunospada02-1.jpg","width":1170,"height":700},{"@type":"BreadcrumbList","@id":"https:\/\/www.notibras.com\/site\/porte-e-uso-de-maconha-caminha-rapido-para-virar-crime\/#breadcrumb","itemListElement":[{"@type":"ListItem","position":1,"name":"In\u00edcio","item":"https:\/\/www.notibras.com\/site\/"},{"@type":"ListItem","position":2,"name":"Porte e uso de maconha caminha r\u00e1pido para virar crime"}]},{"@type":"WebSite","@id":"https:\/\/www.notibras.com\/site\/#website","url":"https:\/\/www.notibras.com\/site\/","name":"Notibras","description":"Not\u00edcias de Bras\u00edlia, do Brasil e do Mundo","publisher":{"@id":"https:\/\/www.notibras.com\/site\/#organization"},"potentialAction":[{"@type":"SearchAction","target":{"@type":"EntryPoint","urlTemplate":"https:\/\/www.notibras.com\/site\/?s={search_term_string}"},"query-input":{"@type":"PropertyValueSpecification","valueRequired":true,"valueName":"search_term_string"}}],"inLanguage":"pt-BR"},{"@type":"Organization","@id":"https:\/\/www.notibras.com\/site\/#organization","name":"Grupo Notibras de Comunica\u00e7\u00e3o","url":"https:\/\/www.notibras.com\/site\/","logo":{"@type":"ImageObject","inLanguage":"pt-BR","@id":"https:\/\/www.notibras.com\/site\/#\/schema\/logo\/image\/","url":"https:\/\/www.notibras.com\/site\/wp-content\/uploads\/2023\/01\/notibras23.png","contentUrl":"https:\/\/www.notibras.com\/site\/wp-content\/uploads\/2023\/01\/notibras23.png","width":350,"height":87,"caption":"Grupo Notibras de Comunica\u00e7\u00e3o"},"image":{"@id":"https:\/\/www.notibras.com\/site\/#\/schema\/logo\/image\/"},"sameAs":["https:\/\/www.facebook.com\/notibras\/","https:\/\/x.com\/Notibras","https:\/\/www.instagram.com\/notibras\/"]},{"@type":"Person","@id":"https:\/\/www.notibras.com\/site\/#\/schema\/person\/36ab0979449956132d3e5b517ea76ac8","name":"Reda\u00e7\u00e3o","image":{"@type":"ImageObject","inLanguage":"pt-BR","@id":"https:\/\/secure.gravatar.com\/avatar\/e0a867bdedb85fd243eadf09663511f96fc81e0720a4a42581f334ad4303aa6b?s=96&d=mm&r=g","url":"https:\/\/secure.gravatar.com\/avatar\/e0a867bdedb85fd243eadf09663511f96fc81e0720a4a42581f334ad4303aa6b?s=96&d=mm&r=g","contentUrl":"https:\/\/secure.gravatar.com\/avatar\/e0a867bdedb85fd243eadf09663511f96fc81e0720a4a42581f334ad4303aa6b?s=96&d=mm&r=g","caption":"Reda\u00e7\u00e3o"}}]}},"amp_enabled":true,"_links":{"self":[{"href":"https:\/\/www.notibras.com\/site\/wp-json\/wp\/v2\/posts\/330661","targetHints":{"allow":["GET"]}}],"collection":[{"href":"https:\/\/www.notibras.com\/site\/wp-json\/wp\/v2\/posts"}],"about":[{"href":"https:\/\/www.notibras.com\/site\/wp-json\/wp\/v2\/types\/post"}],"author":[{"embeddable":true,"href":"https:\/\/www.notibras.com\/site\/wp-json\/wp\/v2\/users\/2"}],"replies":[{"embeddable":true,"href":"https:\/\/www.notibras.com\/site\/wp-json\/wp\/v2\/comments?post=330661"}],"version-history":[{"count":1,"href":"https:\/\/www.notibras.com\/site\/wp-json\/wp\/v2\/posts\/330661\/revisions"}],"predecessor-version":[{"id":330663,"href":"https:\/\/www.notibras.com\/site\/wp-json\/wp\/v2\/posts\/330661\/revisions\/330663"}],"wp:featuredmedia":[{"embeddable":true,"href":"https:\/\/www.notibras.com\/site\/wp-json\/wp\/v2\/media\/330662"}],"wp:attachment":[{"href":"https:\/\/www.notibras.com\/site\/wp-json\/wp\/v2\/media?parent=330661"}],"wp:term":[{"taxonomy":"category","embeddable":true,"href":"https:\/\/www.notibras.com\/site\/wp-json\/wp\/v2\/categories?post=330661"},{"taxonomy":"post_tag","embeddable":true,"href":"https:\/\/www.notibras.com\/site\/wp-json\/wp\/v2\/tags?post=330661"}],"curies":[{"name":"wp","href":"https:\/\/api.w.org\/{rel}","templated":true}]}}