{"id":330664,"date":"2024-06-13T00:00:13","date_gmt":"2024-06-13T03:00:13","guid":{"rendered":"https:\/\/www.notibras.com\/site\/?p=330664"},"modified":"2024-06-13T03:49:56","modified_gmt":"2024-06-13T06:49:56","slug":"estudantes-participam-de-acao-educativa-sobre-o-cerrado","status":"publish","type":"post","link":"https:\/\/www.notibras.com\/site\/estudantes-participam-de-acao-educativa-sobre-o-cerrado\/","title":{"rendered":"Estudantes participam de a\u00e7\u00e3o educativa sobre o Cerrado"},"content":{"rendered":"<p>Em celebra\u00e7\u00e3o ao M\u00eas do Meio Ambiente, estudantes da Escola Classe (EC) 1 do Lago Sul participaram de uma a\u00e7\u00e3o educativa no Setor de Clubes Sul na quarta-feira, 12. O objetivo foi apresentar as caracter\u00edsticas do bioma Cerrado, as esta\u00e7\u00f5es sazonais, as medidas de enfrentamento \u00e0s mudan\u00e7as clim\u00e1ticas, a import\u00e2ncia do projeto Orla e iniciativas de recupera\u00e7\u00e3o, m\u00e9todos de recupera\u00e7\u00e3o florestal e estrat\u00e9gias necess\u00e1rias para a manuten\u00e7\u00e3o e sobreviv\u00eancia das mudas.<\/p>\n<p>A parte pr\u00e1tica da atividade consistiu em orientar os estudantes nos procedimentos de manuten\u00e7\u00e3o de ao menos uma muda de esp\u00e9cie nativa plantada anteriormente no local selecionado. A a\u00e7\u00e3o faz parte do plano de trabalho firmado no acordo de coopera\u00e7\u00e3o t\u00e9cnica firmado pela Secretaria de Meio Ambiente e Prote\u00e7\u00e3o Animal do DF (Sema) e o Instituto Bras\u00edlia Ambiental com o Instituto Perene.<\/p>\n<p>O projeto est\u00e1 sendo realizado nas orlas sul e norte do Lago Parano\u00e1, \u00c1rea de Relevante Interesse Ecol\u00f3gico (Arie) Parano\u00e1 Sul, Arie Riacho Fundo, Parque de Usos M\u00faltiplos da Asa Sul e Parque Ecol\u00f3gico do Parano\u00e1. O secret\u00e1rio do Meio Ambiente e Prote\u00e7\u00e3o Animal, Gutemberg Gomes, destacou a import\u00e2ncia de unir as atividades de recupera\u00e7\u00e3o com a educa\u00e7\u00e3o ambiental: \u201cQueremos plantar essa sementinha de conscientiza\u00e7\u00e3o no cora\u00e7\u00e3o dessas crian\u00e7as, para que aprendam desde cedo sobre a import\u00e2ncia da conserva\u00e7\u00e3o e recupera\u00e7\u00e3o do Cerrado\u201d.<\/p>\n<p><strong>Educa\u00e7\u00e3o ambiental<\/strong><br \/>\nSegundo o subsecret\u00e1rio de Assuntos Estrat\u00e9gicos da Sema, Genilson Duarte, a iniciativa permite a conex\u00e3o entre as aulas te\u00f3ricas na escola e a pr\u00e1tica do plantio. \u201cEles j\u00e1 estudam temas como meio ambiente e sustentabilidade na escola, e aqui conseguem ver na pr\u00e1tica a a\u00e7\u00e3o dos profissionais que trabalham com recupera\u00e7\u00e3o da vegeta\u00e7\u00e3o nativa e aprender mais sobre temas t\u00e3o importantes como as caracter\u00edsticas do nosso Cerrado e a import\u00e2ncia de preserv\u00e1-lo\u201d, explicou.<\/p>\n<p>\u201cConsidero este projeto essencial para as crian\u00e7as, pois estamos trabalhando com a conscientiza\u00e7\u00e3o ambiental desde cedo\u201d, afirmou a professora Ana L\u00facia de Barros Silva, da EC 1 do Lago Sul. \u201c\u00c9 fundamental que eles compreendam a import\u00e2ncia da preserva\u00e7\u00e3o do meio ambiente. Uma aula extraclasse como essa \u00e9 extremamente ben\u00e9fica. Os estudantes ficaram muito entusiasmados, e \u00e9 crucial que entendam como a preserva\u00e7\u00e3o ambiental ser\u00e1 vital para o futuro deles.\u201d<\/p>\n<p>O estudante Davyd Rodrigues, 8, expressou empolga\u00e7\u00e3o com o aprendizado sobre o meio ambiente: \u201cEu aprendi que as plantas s\u00e3o feitas para a gente respirar e que devemos cuidar do lago, das \u00e1rvores e do nosso meio ambiente\u201d. Os estudantes tamb\u00e9m saborearam lanches que inclu\u00edram picol\u00e9s feitos \u00e0 base de frutas do Cerrado.<\/p>\n","protected":false},"excerpt":{"rendered":"<p>Em celebra\u00e7\u00e3o ao M\u00eas do Meio Ambiente, estudantes da Escola Classe (EC) 1 do Lago Sul participaram de uma a\u00e7\u00e3o educativa no Setor de Clubes Sul na quarta-feira, 12. O objetivo foi apresentar as caracter\u00edsticas do bioma Cerrado, as esta\u00e7\u00f5es sazonais, as medidas de enfrentamento \u00e0s mudan\u00e7as clim\u00e1ticas, a import\u00e2ncia do projeto Orla e iniciativas [&hellip;]<\/p>\n","protected":false},"author":2,"featured_media":330665,"comment_status":"closed","ping_status":"closed","sticky":false,"template":"","format":"standard","meta":{"_acf_changed":false,"footnotes":""},"categories":[161],"tags":[],"class_list":["post-330664","post","type-post","status-publish","format-standard","has-post-thumbnail","hentry","category-quadradinho-em-foco"],"acf":[],"yoast_head":"<!-- This site is optimized with the Yoast SEO plugin v27.5 - https:\/\/yoast.com\/product\/yoast-seo-wordpress\/ -->\n<title>Estudantes participam de a\u00e7\u00e3o educativa sobre o Cerrado - Notibras<\/title>\n<meta name=\"robots\" content=\"index, follow, max-snippet:-1, max-image-preview:large, max-video-preview:-1\" \/>\n<link rel=\"canonical\" href=\"https:\/\/www.notibras.com\/site\/estudantes-participam-de-acao-educativa-sobre-o-cerrado\/\" \/>\n<meta property=\"og:locale\" content=\"pt_BR\" \/>\n<meta property=\"og:type\" content=\"article\" \/>\n<meta property=\"og:title\" content=\"Estudantes participam de a\u00e7\u00e3o educativa sobre o Cerrado - Notibras\" \/>\n<meta property=\"og:description\" content=\"Em celebra\u00e7\u00e3o ao M\u00eas do Meio Ambiente, estudantes da Escola Classe (EC) 1 do Lago Sul participaram de uma a\u00e7\u00e3o educativa no Setor de Clubes Sul na quarta-feira, 12. O objetivo foi apresentar as caracter\u00edsticas do bioma Cerrado, as esta\u00e7\u00f5es sazonais, as medidas de enfrentamento \u00e0s mudan\u00e7as clim\u00e1ticas, a import\u00e2ncia do projeto Orla e iniciativas [&hellip;]\" \/>\n<meta property=\"og:url\" content=\"https:\/\/www.notibras.com\/site\/estudantes-participam-de-acao-educativa-sobre-o-cerrado\/\" \/>\n<meta property=\"og:site_name\" content=\"Notibras\" \/>\n<meta property=\"article:publisher\" content=\"https:\/\/www.facebook.com\/notibras\/\" \/>\n<meta property=\"article:published_time\" content=\"2024-06-13T03:00:13+00:00\" \/>\n<meta property=\"article:modified_time\" content=\"2024-06-13T06:49:56+00:00\" \/>\n<meta property=\"og:image\" content=\"https:\/\/www.notibras.com\/site\/wp-content\/uploads\/2024\/06\/12.6.-Materia-Sema.-Foto-Divulgacao-Sema5-1536x1152-1.jpeg\" \/>\n\t<meta property=\"og:image:width\" content=\"1536\" \/>\n\t<meta property=\"og:image:height\" content=\"1152\" \/>\n\t<meta property=\"og:image:type\" content=\"image\/jpeg\" \/>\n<meta name=\"author\" content=\"Reda\u00e7\u00e3o\" \/>\n<meta name=\"twitter:card\" content=\"summary_large_image\" \/>\n<meta name=\"twitter:creator\" content=\"@Notibras\" \/>\n<meta name=\"twitter:site\" content=\"@Notibras\" \/>\n<meta name=\"twitter:label1\" content=\"Escrito por\" \/>\n\t<meta name=\"twitter:data1\" content=\"Reda\u00e7\u00e3o\" \/>\n\t<meta name=\"twitter:label2\" content=\"Est. tempo de leitura\" \/>\n\t<meta name=\"twitter:data2\" content=\"3 minutos\" \/>\n<script type=\"application\/ld+json\" class=\"yoast-schema-graph\">{\"@context\":\"https:\\\/\\\/schema.org\",\"@graph\":[{\"@type\":\"Article\",\"@id\":\"https:\\\/\\\/www.notibras.com\\\/site\\\/estudantes-participam-de-acao-educativa-sobre-o-cerrado\\\/#article\",\"isPartOf\":{\"@id\":\"https:\\\/\\\/www.notibras.com\\\/site\\\/estudantes-participam-de-acao-educativa-sobre-o-cerrado\\\/\"},\"author\":{\"name\":\"Reda\u00e7\u00e3o\",\"@id\":\"https:\\\/\\\/www.notibras.com\\\/site\\\/#\\\/schema\\\/person\\\/36ab0979449956132d3e5b517ea76ac8\"},\"headline\":\"Estudantes participam de a\u00e7\u00e3o educativa sobre o Cerrado\",\"datePublished\":\"2024-06-13T03:00:13+00:00\",\"dateModified\":\"2024-06-13T06:49:56+00:00\",\"mainEntityOfPage\":{\"@id\":\"https:\\\/\\\/www.notibras.com\\\/site\\\/estudantes-participam-de-acao-educativa-sobre-o-cerrado\\\/\"},\"wordCount\":478,\"publisher\":{\"@id\":\"https:\\\/\\\/www.notibras.com\\\/site\\\/#organization\"},\"image\":{\"@id\":\"https:\\\/\\\/www.notibras.com\\\/site\\\/estudantes-participam-de-acao-educativa-sobre-o-cerrado\\\/#primaryimage\"},\"thumbnailUrl\":\"https:\\\/\\\/www.notibras.com\\\/site\\\/wp-content\\\/uploads\\\/2024\\\/06\\\/12.6.-Materia-Sema.-Foto-Divulgacao-Sema5-1536x1152-1.jpeg\",\"articleSection\":[\"Quadradinho em Foco\"],\"inLanguage\":\"pt-BR\"},{\"@type\":\"WebPage\",\"@id\":\"https:\\\/\\\/www.notibras.com\\\/site\\\/estudantes-participam-de-acao-educativa-sobre-o-cerrado\\\/\",\"url\":\"https:\\\/\\\/www.notibras.com\\\/site\\\/estudantes-participam-de-acao-educativa-sobre-o-cerrado\\\/\",\"name\":\"Estudantes participam de a\u00e7\u00e3o educativa sobre o Cerrado - Notibras\",\"isPartOf\":{\"@id\":\"https:\\\/\\\/www.notibras.com\\\/site\\\/#website\"},\"primaryImageOfPage\":{\"@id\":\"https:\\\/\\\/www.notibras.com\\\/site\\\/estudantes-participam-de-acao-educativa-sobre-o-cerrado\\\/#primaryimage\"},\"image\":{\"@id\":\"https:\\\/\\\/www.notibras.com\\\/site\\\/estudantes-participam-de-acao-educativa-sobre-o-cerrado\\\/#primaryimage\"},\"thumbnailUrl\":\"https:\\\/\\\/www.notibras.com\\\/site\\\/wp-content\\\/uploads\\\/2024\\\/06\\\/12.6.-Materia-Sema.-Foto-Divulgacao-Sema5-1536x1152-1.jpeg\",\"datePublished\":\"2024-06-13T03:00:13+00:00\",\"dateModified\":\"2024-06-13T06:49:56+00:00\",\"breadcrumb\":{\"@id\":\"https:\\\/\\\/www.notibras.com\\\/site\\\/estudantes-participam-de-acao-educativa-sobre-o-cerrado\\\/#breadcrumb\"},\"inLanguage\":\"pt-BR\",\"potentialAction\":[{\"@type\":\"ReadAction\",\"target\":[\"https:\\\/\\\/www.notibras.com\\\/site\\\/estudantes-participam-de-acao-educativa-sobre-o-cerrado\\\/\"]}]},{\"@type\":\"ImageObject\",\"inLanguage\":\"pt-BR\",\"@id\":\"https:\\\/\\\/www.notibras.com\\\/site\\\/estudantes-participam-de-acao-educativa-sobre-o-cerrado\\\/#primaryimage\",\"url\":\"https:\\\/\\\/www.notibras.com\\\/site\\\/wp-content\\\/uploads\\\/2024\\\/06\\\/12.6.-Materia-Sema.-Foto-Divulgacao-Sema5-1536x1152-1.jpeg\",\"contentUrl\":\"https:\\\/\\\/www.notibras.com\\\/site\\\/wp-content\\\/uploads\\\/2024\\\/06\\\/12.6.-Materia-Sema.-Foto-Divulgacao-Sema5-1536x1152-1.jpeg\",\"width\":1536,\"height\":1152},{\"@type\":\"BreadcrumbList\",\"@id\":\"https:\\\/\\\/www.notibras.com\\\/site\\\/estudantes-participam-de-acao-educativa-sobre-o-cerrado\\\/#breadcrumb\",\"itemListElement\":[{\"@type\":\"ListItem\",\"position\":1,\"name\":\"In\u00edcio\",\"item\":\"https:\\\/\\\/www.notibras.com\\\/site\\\/\"},{\"@type\":\"ListItem\",\"position\":2,\"name\":\"Estudantes participam de a\u00e7\u00e3o educativa sobre o Cerrado\"}]},{\"@type\":\"WebSite\",\"@id\":\"https:\\\/\\\/www.notibras.com\\\/site\\\/#website\",\"url\":\"https:\\\/\\\/www.notibras.com\\\/site\\\/\",\"name\":\"Notibras\",\"description\":\"Not\u00edcias de Bras\u00edlia, do Brasil e do Mundo\",\"publisher\":{\"@id\":\"https:\\\/\\\/www.notibras.com\\\/site\\\/#organization\"},\"potentialAction\":[{\"@type\":\"SearchAction\",\"target\":{\"@type\":\"EntryPoint\",\"urlTemplate\":\"https:\\\/\\\/www.notibras.com\\\/site\\\/?s={search_term_string}\"},\"query-input\":{\"@type\":\"PropertyValueSpecification\",\"valueRequired\":true,\"valueName\":\"search_term_string\"}}],\"inLanguage\":\"pt-BR\"},{\"@type\":\"Organization\",\"@id\":\"https:\\\/\\\/www.notibras.com\\\/site\\\/#organization\",\"name\":\"Grupo Notibras de Comunica\u00e7\u00e3o\",\"url\":\"https:\\\/\\\/www.notibras.com\\\/site\\\/\",\"logo\":{\"@type\":\"ImageObject\",\"inLanguage\":\"pt-BR\",\"@id\":\"https:\\\/\\\/www.notibras.com\\\/site\\\/#\\\/schema\\\/logo\\\/image\\\/\",\"url\":\"https:\\\/\\\/www.notibras.com\\\/site\\\/wp-content\\\/uploads\\\/2023\\\/01\\\/notibras23.png\",\"contentUrl\":\"https:\\\/\\\/www.notibras.com\\\/site\\\/wp-content\\\/uploads\\\/2023\\\/01\\\/notibras23.png\",\"width\":350,\"height\":87,\"caption\":\"Grupo Notibras de Comunica\u00e7\u00e3o\"},\"image\":{\"@id\":\"https:\\\/\\\/www.notibras.com\\\/site\\\/#\\\/schema\\\/logo\\\/image\\\/\"},\"sameAs\":[\"https:\\\/\\\/www.facebook.com\\\/notibras\\\/\",\"https:\\\/\\\/x.com\\\/Notibras\",\"https:\\\/\\\/www.instagram.com\\\/notibras\\\/\"]},{\"@type\":\"Person\",\"@id\":\"https:\\\/\\\/www.notibras.com\\\/site\\\/#\\\/schema\\\/person\\\/36ab0979449956132d3e5b517ea76ac8\",\"name\":\"Reda\u00e7\u00e3o\",\"image\":{\"@type\":\"ImageObject\",\"inLanguage\":\"pt-BR\",\"@id\":\"https:\\\/\\\/secure.gravatar.com\\\/avatar\\\/e0a867bdedb85fd243eadf09663511f96fc81e0720a4a42581f334ad4303aa6b?s=96&d=mm&r=g\",\"url\":\"https:\\\/\\\/secure.gravatar.com\\\/avatar\\\/e0a867bdedb85fd243eadf09663511f96fc81e0720a4a42581f334ad4303aa6b?s=96&d=mm&r=g\",\"contentUrl\":\"https:\\\/\\\/secure.gravatar.com\\\/avatar\\\/e0a867bdedb85fd243eadf09663511f96fc81e0720a4a42581f334ad4303aa6b?s=96&d=mm&r=g\",\"caption\":\"Reda\u00e7\u00e3o\"}}]}<\/script>\n<!-- \/ Yoast SEO plugin. -->","yoast_head_json":{"title":"Estudantes participam de a\u00e7\u00e3o educativa sobre o Cerrado - Notibras","robots":{"index":"index","follow":"follow","max-snippet":"max-snippet:-1","max-image-preview":"max-image-preview:large","max-video-preview":"max-video-preview:-1"},"canonical":"https:\/\/www.notibras.com\/site\/estudantes-participam-de-acao-educativa-sobre-o-cerrado\/","og_locale":"pt_BR","og_type":"article","og_title":"Estudantes participam de a\u00e7\u00e3o educativa sobre o Cerrado - Notibras","og_description":"Em celebra\u00e7\u00e3o ao M\u00eas do Meio Ambiente, estudantes da Escola Classe (EC) 1 do Lago Sul participaram de uma a\u00e7\u00e3o educativa no Setor de Clubes Sul na quarta-feira, 12. O objetivo foi apresentar as caracter\u00edsticas do bioma Cerrado, as esta\u00e7\u00f5es sazonais, as medidas de enfrentamento \u00e0s mudan\u00e7as clim\u00e1ticas, a import\u00e2ncia do projeto Orla e iniciativas [&hellip;]","og_url":"https:\/\/www.notibras.com\/site\/estudantes-participam-de-acao-educativa-sobre-o-cerrado\/","og_site_name":"Notibras","article_publisher":"https:\/\/www.facebook.com\/notibras\/","article_published_time":"2024-06-13T03:00:13+00:00","article_modified_time":"2024-06-13T06:49:56+00:00","og_image":[{"width":1536,"height":1152,"url":"https:\/\/www.notibras.com\/site\/wp-content\/uploads\/2024\/06\/12.6.-Materia-Sema.-Foto-Divulgacao-Sema5-1536x1152-1.jpeg","type":"image\/jpeg"}],"author":"Reda\u00e7\u00e3o","twitter_card":"summary_large_image","twitter_creator":"@Notibras","twitter_site":"@Notibras","twitter_misc":{"Escrito por":"Reda\u00e7\u00e3o","Est. tempo de leitura":"3 minutos"},"schema":{"@context":"https:\/\/schema.org","@graph":[{"@type":"Article","@id":"https:\/\/www.notibras.com\/site\/estudantes-participam-de-acao-educativa-sobre-o-cerrado\/#article","isPartOf":{"@id":"https:\/\/www.notibras.com\/site\/estudantes-participam-de-acao-educativa-sobre-o-cerrado\/"},"author":{"name":"Reda\u00e7\u00e3o","@id":"https:\/\/www.notibras.com\/site\/#\/schema\/person\/36ab0979449956132d3e5b517ea76ac8"},"headline":"Estudantes participam de a\u00e7\u00e3o educativa sobre o Cerrado","datePublished":"2024-06-13T03:00:13+00:00","dateModified":"2024-06-13T06:49:56+00:00","mainEntityOfPage":{"@id":"https:\/\/www.notibras.com\/site\/estudantes-participam-de-acao-educativa-sobre-o-cerrado\/"},"wordCount":478,"publisher":{"@id":"https:\/\/www.notibras.com\/site\/#organization"},"image":{"@id":"https:\/\/www.notibras.com\/site\/estudantes-participam-de-acao-educativa-sobre-o-cerrado\/#primaryimage"},"thumbnailUrl":"https:\/\/www.notibras.com\/site\/wp-content\/uploads\/2024\/06\/12.6.-Materia-Sema.-Foto-Divulgacao-Sema5-1536x1152-1.jpeg","articleSection":["Quadradinho em Foco"],"inLanguage":"pt-BR"},{"@type":"WebPage","@id":"https:\/\/www.notibras.com\/site\/estudantes-participam-de-acao-educativa-sobre-o-cerrado\/","url":"https:\/\/www.notibras.com\/site\/estudantes-participam-de-acao-educativa-sobre-o-cerrado\/","name":"Estudantes participam de a\u00e7\u00e3o educativa sobre o Cerrado - Notibras","isPartOf":{"@id":"https:\/\/www.notibras.com\/site\/#website"},"primaryImageOfPage":{"@id":"https:\/\/www.notibras.com\/site\/estudantes-participam-de-acao-educativa-sobre-o-cerrado\/#primaryimage"},"image":{"@id":"https:\/\/www.notibras.com\/site\/estudantes-participam-de-acao-educativa-sobre-o-cerrado\/#primaryimage"},"thumbnailUrl":"https:\/\/www.notibras.com\/site\/wp-content\/uploads\/2024\/06\/12.6.-Materia-Sema.-Foto-Divulgacao-Sema5-1536x1152-1.jpeg","datePublished":"2024-06-13T03:00:13+00:00","dateModified":"2024-06-13T06:49:56+00:00","breadcrumb":{"@id":"https:\/\/www.notibras.com\/site\/estudantes-participam-de-acao-educativa-sobre-o-cerrado\/#breadcrumb"},"inLanguage":"pt-BR","potentialAction":[{"@type":"ReadAction","target":["https:\/\/www.notibras.com\/site\/estudantes-participam-de-acao-educativa-sobre-o-cerrado\/"]}]},{"@type":"ImageObject","inLanguage":"pt-BR","@id":"https:\/\/www.notibras.com\/site\/estudantes-participam-de-acao-educativa-sobre-o-cerrado\/#primaryimage","url":"https:\/\/www.notibras.com\/site\/wp-content\/uploads\/2024\/06\/12.6.-Materia-Sema.-Foto-Divulgacao-Sema5-1536x1152-1.jpeg","contentUrl":"https:\/\/www.notibras.com\/site\/wp-content\/uploads\/2024\/06\/12.6.-Materia-Sema.-Foto-Divulgacao-Sema5-1536x1152-1.jpeg","width":1536,"height":1152},{"@type":"BreadcrumbList","@id":"https:\/\/www.notibras.com\/site\/estudantes-participam-de-acao-educativa-sobre-o-cerrado\/#breadcrumb","itemListElement":[{"@type":"ListItem","position":1,"name":"In\u00edcio","item":"https:\/\/www.notibras.com\/site\/"},{"@type":"ListItem","position":2,"name":"Estudantes participam de a\u00e7\u00e3o educativa sobre o Cerrado"}]},{"@type":"WebSite","@id":"https:\/\/www.notibras.com\/site\/#website","url":"https:\/\/www.notibras.com\/site\/","name":"Notibras","description":"Not\u00edcias de Bras\u00edlia, do Brasil e do Mundo","publisher":{"@id":"https:\/\/www.notibras.com\/site\/#organization"},"potentialAction":[{"@type":"SearchAction","target":{"@type":"EntryPoint","urlTemplate":"https:\/\/www.notibras.com\/site\/?s={search_term_string}"},"query-input":{"@type":"PropertyValueSpecification","valueRequired":true,"valueName":"search_term_string"}}],"inLanguage":"pt-BR"},{"@type":"Organization","@id":"https:\/\/www.notibras.com\/site\/#organization","name":"Grupo Notibras de Comunica\u00e7\u00e3o","url":"https:\/\/www.notibras.com\/site\/","logo":{"@type":"ImageObject","inLanguage":"pt-BR","@id":"https:\/\/www.notibras.com\/site\/#\/schema\/logo\/image\/","url":"https:\/\/www.notibras.com\/site\/wp-content\/uploads\/2023\/01\/notibras23.png","contentUrl":"https:\/\/www.notibras.com\/site\/wp-content\/uploads\/2023\/01\/notibras23.png","width":350,"height":87,"caption":"Grupo Notibras de Comunica\u00e7\u00e3o"},"image":{"@id":"https:\/\/www.notibras.com\/site\/#\/schema\/logo\/image\/"},"sameAs":["https:\/\/www.facebook.com\/notibras\/","https:\/\/x.com\/Notibras","https:\/\/www.instagram.com\/notibras\/"]},{"@type":"Person","@id":"https:\/\/www.notibras.com\/site\/#\/schema\/person\/36ab0979449956132d3e5b517ea76ac8","name":"Reda\u00e7\u00e3o","image":{"@type":"ImageObject","inLanguage":"pt-BR","@id":"https:\/\/secure.gravatar.com\/avatar\/e0a867bdedb85fd243eadf09663511f96fc81e0720a4a42581f334ad4303aa6b?s=96&d=mm&r=g","url":"https:\/\/secure.gravatar.com\/avatar\/e0a867bdedb85fd243eadf09663511f96fc81e0720a4a42581f334ad4303aa6b?s=96&d=mm&r=g","contentUrl":"https:\/\/secure.gravatar.com\/avatar\/e0a867bdedb85fd243eadf09663511f96fc81e0720a4a42581f334ad4303aa6b?s=96&d=mm&r=g","caption":"Reda\u00e7\u00e3o"}}]}},"amp_enabled":true,"_links":{"self":[{"href":"https:\/\/www.notibras.com\/site\/wp-json\/wp\/v2\/posts\/330664","targetHints":{"allow":["GET"]}}],"collection":[{"href":"https:\/\/www.notibras.com\/site\/wp-json\/wp\/v2\/posts"}],"about":[{"href":"https:\/\/www.notibras.com\/site\/wp-json\/wp\/v2\/types\/post"}],"author":[{"embeddable":true,"href":"https:\/\/www.notibras.com\/site\/wp-json\/wp\/v2\/users\/2"}],"replies":[{"embeddable":true,"href":"https:\/\/www.notibras.com\/site\/wp-json\/wp\/v2\/comments?post=330664"}],"version-history":[{"count":1,"href":"https:\/\/www.notibras.com\/site\/wp-json\/wp\/v2\/posts\/330664\/revisions"}],"predecessor-version":[{"id":330666,"href":"https:\/\/www.notibras.com\/site\/wp-json\/wp\/v2\/posts\/330664\/revisions\/330666"}],"wp:featuredmedia":[{"embeddable":true,"href":"https:\/\/www.notibras.com\/site\/wp-json\/wp\/v2\/media\/330665"}],"wp:attachment":[{"href":"https:\/\/www.notibras.com\/site\/wp-json\/wp\/v2\/media?parent=330664"}],"wp:term":[{"taxonomy":"category","embeddable":true,"href":"https:\/\/www.notibras.com\/site\/wp-json\/wp\/v2\/categories?post=330664"},{"taxonomy":"post_tag","embeddable":true,"href":"https:\/\/www.notibras.com\/site\/wp-json\/wp\/v2\/tags?post=330664"}],"curies":[{"name":"wp","href":"https:\/\/api.w.org\/{rel}","templated":true}]}}