{"id":330670,"date":"2024-06-13T00:00:21","date_gmt":"2024-06-13T03:00:21","guid":{"rendered":"https:\/\/www.notibras.com\/site\/?p=330670"},"modified":"2024-06-13T04:06:54","modified_gmt":"2024-06-13T07:06:54","slug":"comeca-acao-de-acolhimento-da-populacao-em-situacao-de-rua","status":"publish","type":"post","link":"https:\/\/www.notibras.com\/site\/comeca-acao-de-acolhimento-da-populacao-em-situacao-de-rua\/","title":{"rendered":"Come\u00e7a a\u00e7\u00e3o de acolhimento da popula\u00e7\u00e3o em situa\u00e7\u00e3o de rua"},"content":{"rendered":"<p>O Governo do Distrito Federal far\u00e1 a oferta de acolhimento e assist\u00eancia social a pessoas que est\u00e3o instaladas em 11 endere\u00e7os distintos na Asa Norte. A a\u00e7\u00e3o est\u00e1 prevista para ter in\u00edcio \u00e0s 9h desta quinta-feira (13) e envolve as secretarias de Desenvolvimento Social (Sedes-DF), de Sa\u00fade (SES-DF), de Educa\u00e7\u00e3o (SEEDF), de Desenvolvimento Econ\u00f4mico Trabalho e Renda (Sedet-DF), de Seguran\u00e7a P\u00fablica (SSP-DF), de Prote\u00e7\u00e3o da Ordem Urban\u00edstica (DF Legal) e de Justi\u00e7a e Cidadania (Sejus-DF); o Servi\u00e7o de Limpeza Urbana (SLU), a Novacap, a Codhab, o Detran-DF, as pol\u00edcias Civil e Militar, o Corpo de Bombeiros e o Conselho Tutelar.<\/p>\n<p>A Sedes e demais pastas de assist\u00eancia social, sa\u00fade e de trabalho far\u00e3o o atendimento \u00e0s pessoas em situa\u00e7\u00e3o de rua. Se optarem, a DF Legal far\u00e1 o desmonte das estruturas e o transporte dos pertences ao local regular indicado pelo ocupante | Foto: Arquivo\/DF Legal<\/p>\n<p>As pessoas em situa\u00e7\u00e3o de rua ser\u00e3o encaminhadas para atendimento da Sedes e demais pastas de assist\u00eancia social, sa\u00fade e de trabalho, se optarem, e a DF Legal far\u00e1 o desmonte das estruturas e o transporte dos pertences ao local regular indicado pelo ocupante. Em \u00faltimo caso, o governo levar\u00e1 os objetos pessoais ao dep\u00f3sito da pasta para retirada em at\u00e9 60 dias, sem qualquer custo para o respons\u00e1vel.<\/p>\n<p>Cabe ressaltar que as secretarias de Sa\u00fade, de Educa\u00e7\u00e3o, de Desenvolvimento Social e de Desenvolvimento Econ\u00f4mico, Trabalho e Renda j\u00e1 realizaram abordagens sociais e atendimentos pr\u00e9vios nos locais no decorrer de toda a semana, fazendo mapeamento do p\u00fablico que ser\u00e1 atendido e de suas necessidades.<\/p>\n<p>Outros atendimentos espec\u00edficos necess\u00e1rios ficar\u00e3o a cargo dos outros \u00f3rg\u00e3os que estiverem presentes na a\u00e7\u00e3o.<\/p>\n<p>Os pontos previstos para a a\u00e7\u00e3o s\u00e3o:<br \/>\n\u2013 Altura da SQN 116, entre o Eixo W e o Eix\u00e3o<br \/>\n\u2013 Altura das quadras SQN 115 e 116, entre o Eixo W e o Eix\u00e3o<br \/>\n\u2013 Altura das quadras SQN 113 e 114, entre o Eixo W e o Eix\u00e3o<br \/>\n\u2013 Altura das quadras SQN 213 e 214, entre o Eixo L e o Eix\u00e3o<br \/>\n\u2013 Altura da quadra SQN 107, pr\u00f3ximo ao posto de gasolina, entre o Eixo W e o Eix\u00e3o<br \/>\n\u2013 Altura do Hospital Regional da Asa Norte (Hran), entre o Eixo W e o Eix\u00e3o<br \/>\n\u2013 SGAN 601<br \/>\n\u2013 Avenida das Na\u00e7\u00f5es, na altura da Esta\u00e7\u00e3o de Tratamento de Esgoto Norte e pr\u00f3ximo \u00e0 Vila Planalto<br \/>\n\u2013 Quadra 2\/3 do Setor de Clubes Esportivos Sul (SCES)<br \/>\n\u2013 Setor de Clubes Esportivos Norte (SCEN), atr\u00e1s de um posto<br \/>\n\u2013 Rua dos Engenheiros (Acampamento Pacheco Fernandes), na Vila Planalto<\/p>\n","protected":false},"excerpt":{"rendered":"<p>O Governo do Distrito Federal far\u00e1 a oferta de acolhimento e assist\u00eancia social a pessoas que est\u00e3o instaladas em 11 endere\u00e7os distintos na Asa Norte. A a\u00e7\u00e3o est\u00e1 prevista para ter in\u00edcio \u00e0s 9h desta quinta-feira (13) e envolve as secretarias de Desenvolvimento Social (Sedes-DF), de Sa\u00fade (SES-DF), de Educa\u00e7\u00e3o (SEEDF), de Desenvolvimento Econ\u00f4mico Trabalho [&hellip;]<\/p>\n","protected":false},"author":2,"featured_media":330671,"comment_status":"closed","ping_status":"closed","sticky":false,"template":"","format":"standard","meta":{"_acf_changed":false,"footnotes":""},"categories":[161],"tags":[],"class_list":["post-330670","post","type-post","status-publish","format-standard","has-post-thumbnail","hentry","category-quadradinho-em-foco"],"acf":[],"yoast_head":"<!-- This site is optimized with the Yoast SEO plugin v27.5 - https:\/\/yoast.com\/product\/yoast-seo-wordpress\/ -->\n<title>Come\u00e7a a\u00e7\u00e3o de acolhimento da popula\u00e7\u00e3o em situa\u00e7\u00e3o de rua - Notibras<\/title>\n<meta name=\"robots\" content=\"index, follow, max-snippet:-1, max-image-preview:large, max-video-preview:-1\" \/>\n<link rel=\"canonical\" href=\"https:\/\/www.notibras.com\/site\/comeca-acao-de-acolhimento-da-populacao-em-situacao-de-rua\/\" \/>\n<meta property=\"og:locale\" content=\"pt_BR\" \/>\n<meta property=\"og:type\" content=\"article\" \/>\n<meta property=\"og:title\" content=\"Come\u00e7a a\u00e7\u00e3o de acolhimento da popula\u00e7\u00e3o em situa\u00e7\u00e3o de rua - Notibras\" \/>\n<meta property=\"og:description\" content=\"O Governo do Distrito Federal far\u00e1 a oferta de acolhimento e assist\u00eancia social a pessoas que est\u00e3o instaladas em 11 endere\u00e7os distintos na Asa Norte. A a\u00e7\u00e3o est\u00e1 prevista para ter in\u00edcio \u00e0s 9h desta quinta-feira (13) e envolve as secretarias de Desenvolvimento Social (Sedes-DF), de Sa\u00fade (SES-DF), de Educa\u00e7\u00e3o (SEEDF), de Desenvolvimento Econ\u00f4mico Trabalho [&hellip;]\" \/>\n<meta property=\"og:url\" content=\"https:\/\/www.notibras.com\/site\/comeca-acao-de-acolhimento-da-populacao-em-situacao-de-rua\/\" \/>\n<meta property=\"og:site_name\" content=\"Notibras\" \/>\n<meta property=\"article:publisher\" content=\"https:\/\/www.facebook.com\/notibras\/\" \/>\n<meta property=\"article:published_time\" content=\"2024-06-13T03:00:21+00:00\" \/>\n<meta property=\"article:modified_time\" content=\"2024-06-13T07:06:54+00:00\" \/>\n<meta property=\"og:image\" content=\"https:\/\/www.notibras.com\/site\/wp-content\/uploads\/2024\/06\/53590051810_d08fbc65ca_k-1536x1024-1.jpg\" \/>\n\t<meta property=\"og:image:width\" content=\"1536\" \/>\n\t<meta property=\"og:image:height\" content=\"1024\" \/>\n\t<meta property=\"og:image:type\" content=\"image\/jpeg\" \/>\n<meta name=\"author\" content=\"Reda\u00e7\u00e3o\" \/>\n<meta name=\"twitter:card\" content=\"summary_large_image\" \/>\n<meta name=\"twitter:creator\" content=\"@Notibras\" \/>\n<meta name=\"twitter:site\" content=\"@Notibras\" \/>\n<meta name=\"twitter:label1\" content=\"Escrito por\" \/>\n\t<meta name=\"twitter:data1\" content=\"Reda\u00e7\u00e3o\" \/>\n\t<meta name=\"twitter:label2\" content=\"Est. tempo de leitura\" \/>\n\t<meta name=\"twitter:data2\" content=\"3 minutos\" \/>\n<script type=\"application\/ld+json\" class=\"yoast-schema-graph\">{\"@context\":\"https:\\\/\\\/schema.org\",\"@graph\":[{\"@type\":\"Article\",\"@id\":\"https:\\\/\\\/www.notibras.com\\\/site\\\/comeca-acao-de-acolhimento-da-populacao-em-situacao-de-rua\\\/#article\",\"isPartOf\":{\"@id\":\"https:\\\/\\\/www.notibras.com\\\/site\\\/comeca-acao-de-acolhimento-da-populacao-em-situacao-de-rua\\\/\"},\"author\":{\"name\":\"Reda\u00e7\u00e3o\",\"@id\":\"https:\\\/\\\/www.notibras.com\\\/site\\\/#\\\/schema\\\/person\\\/36ab0979449956132d3e5b517ea76ac8\"},\"headline\":\"Come\u00e7a a\u00e7\u00e3o de acolhimento da popula\u00e7\u00e3o em situa\u00e7\u00e3o de rua\",\"datePublished\":\"2024-06-13T03:00:21+00:00\",\"dateModified\":\"2024-06-13T07:06:54+00:00\",\"mainEntityOfPage\":{\"@id\":\"https:\\\/\\\/www.notibras.com\\\/site\\\/comeca-acao-de-acolhimento-da-populacao-em-situacao-de-rua\\\/\"},\"wordCount\":462,\"publisher\":{\"@id\":\"https:\\\/\\\/www.notibras.com\\\/site\\\/#organization\"},\"image\":{\"@id\":\"https:\\\/\\\/www.notibras.com\\\/site\\\/comeca-acao-de-acolhimento-da-populacao-em-situacao-de-rua\\\/#primaryimage\"},\"thumbnailUrl\":\"https:\\\/\\\/www.notibras.com\\\/site\\\/wp-content\\\/uploads\\\/2024\\\/06\\\/53590051810_d08fbc65ca_k-1536x1024-1.jpg\",\"articleSection\":[\"Quadradinho em Foco\"],\"inLanguage\":\"pt-BR\"},{\"@type\":\"WebPage\",\"@id\":\"https:\\\/\\\/www.notibras.com\\\/site\\\/comeca-acao-de-acolhimento-da-populacao-em-situacao-de-rua\\\/\",\"url\":\"https:\\\/\\\/www.notibras.com\\\/site\\\/comeca-acao-de-acolhimento-da-populacao-em-situacao-de-rua\\\/\",\"name\":\"Come\u00e7a a\u00e7\u00e3o de acolhimento da popula\u00e7\u00e3o em situa\u00e7\u00e3o de rua - Notibras\",\"isPartOf\":{\"@id\":\"https:\\\/\\\/www.notibras.com\\\/site\\\/#website\"},\"primaryImageOfPage\":{\"@id\":\"https:\\\/\\\/www.notibras.com\\\/site\\\/comeca-acao-de-acolhimento-da-populacao-em-situacao-de-rua\\\/#primaryimage\"},\"image\":{\"@id\":\"https:\\\/\\\/www.notibras.com\\\/site\\\/comeca-acao-de-acolhimento-da-populacao-em-situacao-de-rua\\\/#primaryimage\"},\"thumbnailUrl\":\"https:\\\/\\\/www.notibras.com\\\/site\\\/wp-content\\\/uploads\\\/2024\\\/06\\\/53590051810_d08fbc65ca_k-1536x1024-1.jpg\",\"datePublished\":\"2024-06-13T03:00:21+00:00\",\"dateModified\":\"2024-06-13T07:06:54+00:00\",\"breadcrumb\":{\"@id\":\"https:\\\/\\\/www.notibras.com\\\/site\\\/comeca-acao-de-acolhimento-da-populacao-em-situacao-de-rua\\\/#breadcrumb\"},\"inLanguage\":\"pt-BR\",\"potentialAction\":[{\"@type\":\"ReadAction\",\"target\":[\"https:\\\/\\\/www.notibras.com\\\/site\\\/comeca-acao-de-acolhimento-da-populacao-em-situacao-de-rua\\\/\"]}]},{\"@type\":\"ImageObject\",\"inLanguage\":\"pt-BR\",\"@id\":\"https:\\\/\\\/www.notibras.com\\\/site\\\/comeca-acao-de-acolhimento-da-populacao-em-situacao-de-rua\\\/#primaryimage\",\"url\":\"https:\\\/\\\/www.notibras.com\\\/site\\\/wp-content\\\/uploads\\\/2024\\\/06\\\/53590051810_d08fbc65ca_k-1536x1024-1.jpg\",\"contentUrl\":\"https:\\\/\\\/www.notibras.com\\\/site\\\/wp-content\\\/uploads\\\/2024\\\/06\\\/53590051810_d08fbc65ca_k-1536x1024-1.jpg\",\"width\":1536,\"height\":1024},{\"@type\":\"BreadcrumbList\",\"@id\":\"https:\\\/\\\/www.notibras.com\\\/site\\\/comeca-acao-de-acolhimento-da-populacao-em-situacao-de-rua\\\/#breadcrumb\",\"itemListElement\":[{\"@type\":\"ListItem\",\"position\":1,\"name\":\"In\u00edcio\",\"item\":\"https:\\\/\\\/www.notibras.com\\\/site\\\/\"},{\"@type\":\"ListItem\",\"position\":2,\"name\":\"Come\u00e7a a\u00e7\u00e3o de acolhimento da popula\u00e7\u00e3o em situa\u00e7\u00e3o de rua\"}]},{\"@type\":\"WebSite\",\"@id\":\"https:\\\/\\\/www.notibras.com\\\/site\\\/#website\",\"url\":\"https:\\\/\\\/www.notibras.com\\\/site\\\/\",\"name\":\"Notibras\",\"description\":\"Not\u00edcias de Bras\u00edlia, do Brasil e do Mundo\",\"publisher\":{\"@id\":\"https:\\\/\\\/www.notibras.com\\\/site\\\/#organization\"},\"potentialAction\":[{\"@type\":\"SearchAction\",\"target\":{\"@type\":\"EntryPoint\",\"urlTemplate\":\"https:\\\/\\\/www.notibras.com\\\/site\\\/?s={search_term_string}\"},\"query-input\":{\"@type\":\"PropertyValueSpecification\",\"valueRequired\":true,\"valueName\":\"search_term_string\"}}],\"inLanguage\":\"pt-BR\"},{\"@type\":\"Organization\",\"@id\":\"https:\\\/\\\/www.notibras.com\\\/site\\\/#organization\",\"name\":\"Grupo Notibras de Comunica\u00e7\u00e3o\",\"url\":\"https:\\\/\\\/www.notibras.com\\\/site\\\/\",\"logo\":{\"@type\":\"ImageObject\",\"inLanguage\":\"pt-BR\",\"@id\":\"https:\\\/\\\/www.notibras.com\\\/site\\\/#\\\/schema\\\/logo\\\/image\\\/\",\"url\":\"https:\\\/\\\/www.notibras.com\\\/site\\\/wp-content\\\/uploads\\\/2023\\\/01\\\/notibras23.png\",\"contentUrl\":\"https:\\\/\\\/www.notibras.com\\\/site\\\/wp-content\\\/uploads\\\/2023\\\/01\\\/notibras23.png\",\"width\":350,\"height\":87,\"caption\":\"Grupo Notibras de Comunica\u00e7\u00e3o\"},\"image\":{\"@id\":\"https:\\\/\\\/www.notibras.com\\\/site\\\/#\\\/schema\\\/logo\\\/image\\\/\"},\"sameAs\":[\"https:\\\/\\\/www.facebook.com\\\/notibras\\\/\",\"https:\\\/\\\/x.com\\\/Notibras\",\"https:\\\/\\\/www.instagram.com\\\/notibras\\\/\"]},{\"@type\":\"Person\",\"@id\":\"https:\\\/\\\/www.notibras.com\\\/site\\\/#\\\/schema\\\/person\\\/36ab0979449956132d3e5b517ea76ac8\",\"name\":\"Reda\u00e7\u00e3o\",\"image\":{\"@type\":\"ImageObject\",\"inLanguage\":\"pt-BR\",\"@id\":\"https:\\\/\\\/secure.gravatar.com\\\/avatar\\\/e0a867bdedb85fd243eadf09663511f96fc81e0720a4a42581f334ad4303aa6b?s=96&d=mm&r=g\",\"url\":\"https:\\\/\\\/secure.gravatar.com\\\/avatar\\\/e0a867bdedb85fd243eadf09663511f96fc81e0720a4a42581f334ad4303aa6b?s=96&d=mm&r=g\",\"contentUrl\":\"https:\\\/\\\/secure.gravatar.com\\\/avatar\\\/e0a867bdedb85fd243eadf09663511f96fc81e0720a4a42581f334ad4303aa6b?s=96&d=mm&r=g\",\"caption\":\"Reda\u00e7\u00e3o\"}}]}<\/script>\n<!-- \/ Yoast SEO plugin. -->","yoast_head_json":{"title":"Come\u00e7a a\u00e7\u00e3o de acolhimento da popula\u00e7\u00e3o em situa\u00e7\u00e3o de rua - Notibras","robots":{"index":"index","follow":"follow","max-snippet":"max-snippet:-1","max-image-preview":"max-image-preview:large","max-video-preview":"max-video-preview:-1"},"canonical":"https:\/\/www.notibras.com\/site\/comeca-acao-de-acolhimento-da-populacao-em-situacao-de-rua\/","og_locale":"pt_BR","og_type":"article","og_title":"Come\u00e7a a\u00e7\u00e3o de acolhimento da popula\u00e7\u00e3o em situa\u00e7\u00e3o de rua - Notibras","og_description":"O Governo do Distrito Federal far\u00e1 a oferta de acolhimento e assist\u00eancia social a pessoas que est\u00e3o instaladas em 11 endere\u00e7os distintos na Asa Norte. A a\u00e7\u00e3o est\u00e1 prevista para ter in\u00edcio \u00e0s 9h desta quinta-feira (13) e envolve as secretarias de Desenvolvimento Social (Sedes-DF), de Sa\u00fade (SES-DF), de Educa\u00e7\u00e3o (SEEDF), de Desenvolvimento Econ\u00f4mico Trabalho [&hellip;]","og_url":"https:\/\/www.notibras.com\/site\/comeca-acao-de-acolhimento-da-populacao-em-situacao-de-rua\/","og_site_name":"Notibras","article_publisher":"https:\/\/www.facebook.com\/notibras\/","article_published_time":"2024-06-13T03:00:21+00:00","article_modified_time":"2024-06-13T07:06:54+00:00","og_image":[{"width":1536,"height":1024,"url":"https:\/\/www.notibras.com\/site\/wp-content\/uploads\/2024\/06\/53590051810_d08fbc65ca_k-1536x1024-1.jpg","type":"image\/jpeg"}],"author":"Reda\u00e7\u00e3o","twitter_card":"summary_large_image","twitter_creator":"@Notibras","twitter_site":"@Notibras","twitter_misc":{"Escrito por":"Reda\u00e7\u00e3o","Est. tempo de leitura":"3 minutos"},"schema":{"@context":"https:\/\/schema.org","@graph":[{"@type":"Article","@id":"https:\/\/www.notibras.com\/site\/comeca-acao-de-acolhimento-da-populacao-em-situacao-de-rua\/#article","isPartOf":{"@id":"https:\/\/www.notibras.com\/site\/comeca-acao-de-acolhimento-da-populacao-em-situacao-de-rua\/"},"author":{"name":"Reda\u00e7\u00e3o","@id":"https:\/\/www.notibras.com\/site\/#\/schema\/person\/36ab0979449956132d3e5b517ea76ac8"},"headline":"Come\u00e7a a\u00e7\u00e3o de acolhimento da popula\u00e7\u00e3o em situa\u00e7\u00e3o de rua","datePublished":"2024-06-13T03:00:21+00:00","dateModified":"2024-06-13T07:06:54+00:00","mainEntityOfPage":{"@id":"https:\/\/www.notibras.com\/site\/comeca-acao-de-acolhimento-da-populacao-em-situacao-de-rua\/"},"wordCount":462,"publisher":{"@id":"https:\/\/www.notibras.com\/site\/#organization"},"image":{"@id":"https:\/\/www.notibras.com\/site\/comeca-acao-de-acolhimento-da-populacao-em-situacao-de-rua\/#primaryimage"},"thumbnailUrl":"https:\/\/www.notibras.com\/site\/wp-content\/uploads\/2024\/06\/53590051810_d08fbc65ca_k-1536x1024-1.jpg","articleSection":["Quadradinho em Foco"],"inLanguage":"pt-BR"},{"@type":"WebPage","@id":"https:\/\/www.notibras.com\/site\/comeca-acao-de-acolhimento-da-populacao-em-situacao-de-rua\/","url":"https:\/\/www.notibras.com\/site\/comeca-acao-de-acolhimento-da-populacao-em-situacao-de-rua\/","name":"Come\u00e7a a\u00e7\u00e3o de acolhimento da popula\u00e7\u00e3o em situa\u00e7\u00e3o de rua - Notibras","isPartOf":{"@id":"https:\/\/www.notibras.com\/site\/#website"},"primaryImageOfPage":{"@id":"https:\/\/www.notibras.com\/site\/comeca-acao-de-acolhimento-da-populacao-em-situacao-de-rua\/#primaryimage"},"image":{"@id":"https:\/\/www.notibras.com\/site\/comeca-acao-de-acolhimento-da-populacao-em-situacao-de-rua\/#primaryimage"},"thumbnailUrl":"https:\/\/www.notibras.com\/site\/wp-content\/uploads\/2024\/06\/53590051810_d08fbc65ca_k-1536x1024-1.jpg","datePublished":"2024-06-13T03:00:21+00:00","dateModified":"2024-06-13T07:06:54+00:00","breadcrumb":{"@id":"https:\/\/www.notibras.com\/site\/comeca-acao-de-acolhimento-da-populacao-em-situacao-de-rua\/#breadcrumb"},"inLanguage":"pt-BR","potentialAction":[{"@type":"ReadAction","target":["https:\/\/www.notibras.com\/site\/comeca-acao-de-acolhimento-da-populacao-em-situacao-de-rua\/"]}]},{"@type":"ImageObject","inLanguage":"pt-BR","@id":"https:\/\/www.notibras.com\/site\/comeca-acao-de-acolhimento-da-populacao-em-situacao-de-rua\/#primaryimage","url":"https:\/\/www.notibras.com\/site\/wp-content\/uploads\/2024\/06\/53590051810_d08fbc65ca_k-1536x1024-1.jpg","contentUrl":"https:\/\/www.notibras.com\/site\/wp-content\/uploads\/2024\/06\/53590051810_d08fbc65ca_k-1536x1024-1.jpg","width":1536,"height":1024},{"@type":"BreadcrumbList","@id":"https:\/\/www.notibras.com\/site\/comeca-acao-de-acolhimento-da-populacao-em-situacao-de-rua\/#breadcrumb","itemListElement":[{"@type":"ListItem","position":1,"name":"In\u00edcio","item":"https:\/\/www.notibras.com\/site\/"},{"@type":"ListItem","position":2,"name":"Come\u00e7a a\u00e7\u00e3o de acolhimento da popula\u00e7\u00e3o em situa\u00e7\u00e3o de rua"}]},{"@type":"WebSite","@id":"https:\/\/www.notibras.com\/site\/#website","url":"https:\/\/www.notibras.com\/site\/","name":"Notibras","description":"Not\u00edcias de Bras\u00edlia, do Brasil e do Mundo","publisher":{"@id":"https:\/\/www.notibras.com\/site\/#organization"},"potentialAction":[{"@type":"SearchAction","target":{"@type":"EntryPoint","urlTemplate":"https:\/\/www.notibras.com\/site\/?s={search_term_string}"},"query-input":{"@type":"PropertyValueSpecification","valueRequired":true,"valueName":"search_term_string"}}],"inLanguage":"pt-BR"},{"@type":"Organization","@id":"https:\/\/www.notibras.com\/site\/#organization","name":"Grupo Notibras de Comunica\u00e7\u00e3o","url":"https:\/\/www.notibras.com\/site\/","logo":{"@type":"ImageObject","inLanguage":"pt-BR","@id":"https:\/\/www.notibras.com\/site\/#\/schema\/logo\/image\/","url":"https:\/\/www.notibras.com\/site\/wp-content\/uploads\/2023\/01\/notibras23.png","contentUrl":"https:\/\/www.notibras.com\/site\/wp-content\/uploads\/2023\/01\/notibras23.png","width":350,"height":87,"caption":"Grupo Notibras de Comunica\u00e7\u00e3o"},"image":{"@id":"https:\/\/www.notibras.com\/site\/#\/schema\/logo\/image\/"},"sameAs":["https:\/\/www.facebook.com\/notibras\/","https:\/\/x.com\/Notibras","https:\/\/www.instagram.com\/notibras\/"]},{"@type":"Person","@id":"https:\/\/www.notibras.com\/site\/#\/schema\/person\/36ab0979449956132d3e5b517ea76ac8","name":"Reda\u00e7\u00e3o","image":{"@type":"ImageObject","inLanguage":"pt-BR","@id":"https:\/\/secure.gravatar.com\/avatar\/e0a867bdedb85fd243eadf09663511f96fc81e0720a4a42581f334ad4303aa6b?s=96&d=mm&r=g","url":"https:\/\/secure.gravatar.com\/avatar\/e0a867bdedb85fd243eadf09663511f96fc81e0720a4a42581f334ad4303aa6b?s=96&d=mm&r=g","contentUrl":"https:\/\/secure.gravatar.com\/avatar\/e0a867bdedb85fd243eadf09663511f96fc81e0720a4a42581f334ad4303aa6b?s=96&d=mm&r=g","caption":"Reda\u00e7\u00e3o"}}]}},"amp_enabled":true,"_links":{"self":[{"href":"https:\/\/www.notibras.com\/site\/wp-json\/wp\/v2\/posts\/330670","targetHints":{"allow":["GET"]}}],"collection":[{"href":"https:\/\/www.notibras.com\/site\/wp-json\/wp\/v2\/posts"}],"about":[{"href":"https:\/\/www.notibras.com\/site\/wp-json\/wp\/v2\/types\/post"}],"author":[{"embeddable":true,"href":"https:\/\/www.notibras.com\/site\/wp-json\/wp\/v2\/users\/2"}],"replies":[{"embeddable":true,"href":"https:\/\/www.notibras.com\/site\/wp-json\/wp\/v2\/comments?post=330670"}],"version-history":[{"count":1,"href":"https:\/\/www.notibras.com\/site\/wp-json\/wp\/v2\/posts\/330670\/revisions"}],"predecessor-version":[{"id":330672,"href":"https:\/\/www.notibras.com\/site\/wp-json\/wp\/v2\/posts\/330670\/revisions\/330672"}],"wp:featuredmedia":[{"embeddable":true,"href":"https:\/\/www.notibras.com\/site\/wp-json\/wp\/v2\/media\/330671"}],"wp:attachment":[{"href":"https:\/\/www.notibras.com\/site\/wp-json\/wp\/v2\/media?parent=330670"}],"wp:term":[{"taxonomy":"category","embeddable":true,"href":"https:\/\/www.notibras.com\/site\/wp-json\/wp\/v2\/categories?post=330670"},{"taxonomy":"post_tag","embeddable":true,"href":"https:\/\/www.notibras.com\/site\/wp-json\/wp\/v2\/tags?post=330670"}],"curies":[{"name":"wp","href":"https:\/\/api.w.org\/{rel}","templated":true}]}}