{"id":330673,"date":"2024-06-13T00:00:09","date_gmt":"2024-06-13T03:00:09","guid":{"rendered":"https:\/\/www.notibras.com\/site\/?p=330673"},"modified":"2024-06-13T04:14:41","modified_gmt":"2024-06-13T07:14:41","slug":"restaurantes-comunitarios-servem-pratos-para-esquentar-noites-frias","status":"publish","type":"post","link":"https:\/\/www.notibras.com\/site\/restaurantes-comunitarios-servem-pratos-para-esquentar-noites-frias\/","title":{"rendered":"Restaurantes comunit\u00e1rios servem pratos para esquentar noites frias"},"content":{"rendered":"<p>Sopas e caldos foram inclu\u00eddos no card\u00e1pio de jantar dos restaurantes comunit\u00e1rios deste m\u00eas. A medida do Governo do Distrito Federal (GDF), promovida pela Secretaria de Desenvolvimento Social (Sedes-DF), visa esquentar a popula\u00e7\u00e3o nas noites frias de inverno. Atualmente, o jantar est\u00e1 dispon\u00edvel em cinco unidades, ao custo de R$ 0,50, das 17h \u00e0s 19h \u2013 Arniqueira, Itapo\u00e3, Planaltina, Recanto das Emas e Sol Nascente\/P\u00f4r do Sol.<\/p>\n<p>Os pratos come\u00e7aram a ser servidos no come\u00e7o deste m\u00eas e v\u00e3o estar dispon\u00edveis nos dias 12, 20, 23, 24 e 28. O card\u00e1pio inclui caldo de mandioca com carne bovina, caldo verde com frango e batata, caldo de feij\u00e3o, macarr\u00e3o e carne, caldo de mandioca com frango, e sopa de frango, macarr\u00e3o e legumes. Acesse aqui o card\u00e1pio mensal dos restaurantes comunit\u00e1rios.<\/p>\n<p>Ao custo total de R$ 2, o cidad\u00e3o se alimenta nas tr\u00eas principais refei\u00e7\u00f5es do dia de forma saud\u00e1vel e equilibrada, sendo R$ 0,50 o caf\u00e9 da manh\u00e3, R$ 1 o almo\u00e7o e R$ 0,50 o jantar. De janeiro a maio deste ano, j\u00e1 foram servidas 5.457.989 refei\u00e7\u00f5es, incluindo todos os restaurantes comunit\u00e1rios. As unidades com maior distribui\u00e7\u00e3o s\u00e3o a de Planaltina, Arniqueira, Sol Nascente, Ceil\u00e2ndia e Recanto das Emas.<\/p>\n<p>A subsecret\u00e1ria de Seguran\u00e7a Alimentar e Nutricional, Vanderlea Cremonini, destaca a import\u00e2ncia de oferecer refei\u00e7\u00f5es nutricionalmente equilibradas a toda a popula\u00e7\u00e3o do DF. \u201cTodas as nossas sopas e caldos contam com prote\u00ednas, tanto a carne bovina ou o frango desfiado ou em peda\u00e7os, junto a carboidratos, que podem ser macarr\u00e3o ou at\u00e9 mandioca e batata, que d\u00e3o uma encorpada na refei\u00e7\u00e3o. Complementamos com legumes mais leves, que enriquecem a comida\u201d, explica.<\/p>\n<p>\u201cA sopa \u00e9 uma refei\u00e7\u00e3o afetiva, que combina com o frio e d\u00e1 aquele quentinho no cora\u00e7\u00e3o. Buscamos trabalhar a humaniza\u00e7\u00e3o nos restaurantes comunit\u00e1rios para que os espa\u00e7os sejam um ambiente familiar, em que pais e filhos v\u00e3o para comer uma refei\u00e7\u00e3o saborosa e equilibrada\u201d, observa Cremonini.<\/p>\n<p>Para os vizinhos Francisco Sales de Souza, 33 anos, e Renato Limeira da Silva, 53, a diversifica\u00e7\u00e3o do card\u00e1pio \u00e9 muito bem-vinda. Os dois est\u00e3o desempregados e, caso n\u00e3o tivessem acesso aos restaurantes comunit\u00e1rios, teriam dificuldades para manter a alimenta\u00e7\u00e3o. \u201cEu j\u00e1 fui em todos, praticamente: Ceil\u00e2ndia, Samambaia, Recanto das Emas, Itapo\u00e3\u2026 E sou feliz assim, pago pouco e como muito bem\u201d, revela Francisco.<\/p>\n<p>\u201cEu venho a p\u00e9 para c\u00e1 (unidade de Arniqueira). Tenho cadastro aqui, ent\u00e3o n\u00e3o pago. Acho \u00f3timo. A comida \u00e9 gostosa e saud\u00e1vel. O que a acho bom porque minha press\u00e3o estava muito alta e a\u00ed n\u00e3o posso exagerar nas coisas\u201d, comenta Renato.<\/p>\n<p>Quem tamb\u00e9m utiliza o restaurante comunit\u00e1rio de Arniqueira com frequ\u00eancia \u00e9 a auxiliar de limpeza Francisca Moura, 54. Ela garante a janta e o almo\u00e7o do dia seguinte, uma vez que \u00e9 permitido que cada cidad\u00e3o compre at\u00e9 duas refei\u00e7\u00f5es. \u201cCom o pre\u00e7o das coisas ultimamente, fica dif\u00edcil manter as contas em dia. Ent\u00e3o, eu venho para c\u00e1 depois do trabalho, janto e j\u00e1 compro o do outro dia. Assim vou economizando e conseguindo manter a casa\u201d, diz ela, que mora com a filha, que est\u00e1 desempregada, e a neta.<\/p>\n<p><strong>Suporte<\/strong><br \/>\nA meta do GDF \u00e9 que todos os restaurantes comunit\u00e1rios ofere\u00e7am caf\u00e9, almo\u00e7o e jantar e que funcionem de domingo a domingo, incluindo feriados. A amplia\u00e7\u00e3o \u00e9 executada conforme a renova\u00e7\u00e3o e mudan\u00e7a nos contratos da Sedes-DF, gestora dos restaurantes, com as empresas terceirizadas respons\u00e1veis pela produ\u00e7\u00e3o de alimenta\u00e7\u00e3o do equipamento. \u00c0 medida que forem vencendo os contratos antigos, todos os novos passar\u00e3o a prever as tr\u00eas refei\u00e7\u00f5es e abertura de domingo a domingo.<\/p>\n<p>Ainda neste ano outros dois restaurantes comunit\u00e1rios ser\u00e3o inaugurados. Um est\u00e1 localizado no Varj\u00e3o, com emprego de R$ 6,6 milh\u00f5es para servir aproximadamente 2,4 mil refei\u00e7\u00f5es por dia. O outro, no Setor de Expans\u00e3o, em Samambaia, ao custo total de R$ 7,5 milh\u00f5es, deve disponibilizar 5.150 refei\u00e7\u00f5es diariamente. As duas novas unidades ser\u00e3o entregues \u00e0 popula\u00e7\u00e3o j\u00e1 com hor\u00e1rio ampliado, de domingo a domingo, e com o caf\u00e9, almo\u00e7o e jantar previstos no card\u00e1pio.<\/p>\n<p>Desde o in\u00edcio de maio, os 16 restaurantes comunit\u00e1rios do Distrito Federal ofertam gratuitamente todas as refei\u00e7\u00f5es para pessoas em situa\u00e7\u00e3o de rua. Esse p\u00fablico \u00e9 acompanhado pelas equipes de Abordagem Social desde 2020, com garantia do almo\u00e7o nos equipamentos. Com o decreto assinado pelo governador Ibaneis Rocha, os restaurantes tamb\u00e9m passaram a oferecer caf\u00e9 da manh\u00e3 e jantar, conforme capacidade de atendimento de cada unidade.<\/p>\n<p>\u201cAs pessoas em situa\u00e7\u00e3o de rua s\u00e3o as que mais sofrem os impactos das baixas temperaturas\u201d, enfatiza a secret\u00e1ria de Desenvolvimento Social, Ana Paula Marra. \u201cN\u00f3s j\u00e1 come\u00e7amos a enfrentar essa quest\u00e3o com a refei\u00e7\u00e3o gratuita \u00e0 popula\u00e7\u00e3o de rua em qualquer restaurante comunit\u00e1rio. Providenciamos tamb\u00e9m o card\u00e1pio deste m\u00eas com sopas e caldos, por serem nutritivas e manterem a temperatura corporal por mais tempo em dias frios. E seguimos atentos ao alerta da Defesa Civil para o caso de propormos a\u00e7\u00f5es mais incisivas.\u201d<\/p>\n<p><strong>Veja o endere\u00e7o e as refei\u00e7\u00f5es servidas<\/strong><br \/>\nCaf\u00e9 da manh\u00e3, almo\u00e7o e jantar<br \/>\n\u2013 Arniqueira (QS 9 Avenida \u00c1guas Claras, Lote 3)<br \/>\n\u2013 Planaltina (Setor Recreativo e Cultural \u2013M\u00f3dulo Esportivo \u2013 Via WL 1-a\/NS)<br \/>\n\u2013 Recanto das Emas (Av Recanto das Emas \u2013 \u01eauadra 205 -Lote 01)<br \/>\n\u2013 Sol Nascente\/P\u00f4r do Sol \u2013 Unidade II (\u01eauadra 105, conjunto O, AE 1, trecho 02)<br \/>\n\u2013 Itapo\u00e3 (\u01eauadra 61 \u2013 \u00c1rea Especial \u2013 Entre Conjuntos D\/E, Condom\u00ednio Del Lago)<\/p>\n<p><strong>Caf\u00e9 da manh\u00e3 e almo\u00e7o<\/strong><br \/>\n\u2013 Brazl\u00e2ndia (\u01eauadra 36 \u2013 \u00c1rea Especial n\u00ba 01 \u2013 Vila S\u00e3o Jos\u00e9)<br \/>\n\u2013 Ceil\u00e2ndia (CNM 01 \u2013 Bloco 01 \u2013 Lote 01 \u2013 Ceil\u00e2ndia Centro)<br \/>\n\u2013 Estrutural (\u01eauadra 14 \u2013 \u00c1rea Especial \u2013 Vila Estrutural)<br \/>\n\u2013 Parano\u00e1 (\u01eauadra 2 \u2013 Lote A \u2013 Feira Livre \u2013 \u00c1reaEspecial)<br \/>\n\u2013 Samambaia (ADE\/S \u2013 Conjunto 15 \u2013 Lotes 01\/02 \u2013 \u00e0s margens da BR-061)<br \/>\n\u2013 S\u00e3o Sebasti\u00e3o (Centro de M\u00faltiplas Atividades \u2013 Lote 02 \u2013 pr\u00f3ximo \u00e0 administra\u00e7\u00e3o regional)<br \/>\n\u2013 Sobradinho (AR 13 \u2013 \u00c1rea Especial 08 \u2013 \u01eauadra 03 \u2013 Setor Administrativo)<br \/>\n\u2013 Sol Nascente\/P\u00f4r do Sol (\u01eaNR 01, \u00c1rea Especial n\u00ba 2, Ceil\u00e2ndia Norte)<\/p>\n<p><strong>Almo\u00e7o<\/strong><br \/>\n\u2013 Gama (Setor Central \u2013 \u00c1rea Especial \u2013 Complexo Esportivo do Gama \u2013 Est\u00e1dio Bezerr\u00e3o)<br \/>\n\u2013 Riacho Fundo II (\u01eauadra 10 \u2013 Conjunto 01 \u2013 Lote 01)<br \/>\n\u2013 Santa Maria (Avenida Alagados \u2013 \u00c1rea Central \u2013 junto ao pr\u00e9dio da administra\u00e7\u00e3o regional)<\/p>\n","protected":false},"excerpt":{"rendered":"<p>Sopas e caldos foram inclu\u00eddos no card\u00e1pio de jantar dos restaurantes comunit\u00e1rios deste m\u00eas. A medida do Governo do Distrito Federal (GDF), promovida pela Secretaria de Desenvolvimento Social (Sedes-DF), visa esquentar a popula\u00e7\u00e3o nas noites frias de inverno. Atualmente, o jantar est\u00e1 dispon\u00edvel em cinco unidades, ao custo de R$ 0,50, das 17h \u00e0s 19h [&hellip;]<\/p>\n","protected":false},"author":2,"featured_media":330674,"comment_status":"closed","ping_status":"closed","sticky":false,"template":"","format":"standard","meta":{"_acf_changed":false,"footnotes":""},"categories":[161],"tags":[],"class_list":["post-330673","post","type-post","status-publish","format-standard","has-post-thumbnail","hentry","category-quadradinho-em-foco"],"acf":[],"yoast_head":"<!-- This site is optimized with the Yoast SEO plugin v27.5 - https:\/\/yoast.com\/product\/yoast-seo-wordpress\/ -->\n<title>Restaurantes comunit\u00e1rios servem pratos para esquentar noites frias - Notibras<\/title>\n<meta name=\"robots\" content=\"index, follow, max-snippet:-1, max-image-preview:large, max-video-preview:-1\" \/>\n<link rel=\"canonical\" href=\"https:\/\/www.notibras.com\/site\/restaurantes-comunitarios-servem-pratos-para-esquentar-noites-frias\/\" \/>\n<meta property=\"og:locale\" content=\"pt_BR\" \/>\n<meta property=\"og:type\" content=\"article\" \/>\n<meta property=\"og:title\" content=\"Restaurantes comunit\u00e1rios servem pratos para esquentar noites frias - Notibras\" \/>\n<meta property=\"og:description\" content=\"Sopas e caldos foram inclu\u00eddos no card\u00e1pio de jantar dos restaurantes comunit\u00e1rios deste m\u00eas. A medida do Governo do Distrito Federal (GDF), promovida pela Secretaria de Desenvolvimento Social (Sedes-DF), visa esquentar a popula\u00e7\u00e3o nas noites frias de inverno. Atualmente, o jantar est\u00e1 dispon\u00edvel em cinco unidades, ao custo de R$ 0,50, das 17h \u00e0s 19h [&hellip;]\" \/>\n<meta property=\"og:url\" content=\"https:\/\/www.notibras.com\/site\/restaurantes-comunitarios-servem-pratos-para-esquentar-noites-frias\/\" \/>\n<meta property=\"og:site_name\" content=\"Notibras\" \/>\n<meta property=\"article:publisher\" content=\"https:\/\/www.facebook.com\/notibras\/\" \/>\n<meta property=\"article:published_time\" content=\"2024-06-13T03:00:09+00:00\" \/>\n<meta property=\"article:modified_time\" content=\"2024-06-13T07:14:41+00:00\" \/>\n<meta property=\"og:image\" content=\"https:\/\/www.notibras.com\/site\/wp-content\/uploads\/2024\/06\/DENTRO-JRO_4561.jpg\" \/>\n\t<meta property=\"og:image:width\" content=\"1181\" \/>\n\t<meta property=\"og:image:height\" content=\"787\" \/>\n\t<meta property=\"og:image:type\" content=\"image\/jpeg\" \/>\n<meta name=\"author\" content=\"Reda\u00e7\u00e3o\" \/>\n<meta name=\"twitter:card\" content=\"summary_large_image\" \/>\n<meta name=\"twitter:creator\" content=\"@Notibras\" \/>\n<meta name=\"twitter:site\" content=\"@Notibras\" \/>\n<meta name=\"twitter:label1\" content=\"Escrito por\" \/>\n\t<meta name=\"twitter:data1\" content=\"Reda\u00e7\u00e3o\" \/>\n\t<meta name=\"twitter:label2\" content=\"Est. tempo de leitura\" \/>\n\t<meta name=\"twitter:data2\" content=\"6 minutos\" \/>\n<script type=\"application\/ld+json\" class=\"yoast-schema-graph\">{\"@context\":\"https:\\\/\\\/schema.org\",\"@graph\":[{\"@type\":\"Article\",\"@id\":\"https:\\\/\\\/www.notibras.com\\\/site\\\/restaurantes-comunitarios-servem-pratos-para-esquentar-noites-frias\\\/#article\",\"isPartOf\":{\"@id\":\"https:\\\/\\\/www.notibras.com\\\/site\\\/restaurantes-comunitarios-servem-pratos-para-esquentar-noites-frias\\\/\"},\"author\":{\"name\":\"Reda\u00e7\u00e3o\",\"@id\":\"https:\\\/\\\/www.notibras.com\\\/site\\\/#\\\/schema\\\/person\\\/36ab0979449956132d3e5b517ea76ac8\"},\"headline\":\"Restaurantes comunit\u00e1rios servem pratos para esquentar noites frias\",\"datePublished\":\"2024-06-13T03:00:09+00:00\",\"dateModified\":\"2024-06-13T07:14:41+00:00\",\"mainEntityOfPage\":{\"@id\":\"https:\\\/\\\/www.notibras.com\\\/site\\\/restaurantes-comunitarios-servem-pratos-para-esquentar-noites-frias\\\/\"},\"wordCount\":1087,\"publisher\":{\"@id\":\"https:\\\/\\\/www.notibras.com\\\/site\\\/#organization\"},\"image\":{\"@id\":\"https:\\\/\\\/www.notibras.com\\\/site\\\/restaurantes-comunitarios-servem-pratos-para-esquentar-noites-frias\\\/#primaryimage\"},\"thumbnailUrl\":\"https:\\\/\\\/www.notibras.com\\\/site\\\/wp-content\\\/uploads\\\/2024\\\/06\\\/DENTRO-JRO_4561.jpg\",\"articleSection\":[\"Quadradinho em Foco\"],\"inLanguage\":\"pt-BR\"},{\"@type\":\"WebPage\",\"@id\":\"https:\\\/\\\/www.notibras.com\\\/site\\\/restaurantes-comunitarios-servem-pratos-para-esquentar-noites-frias\\\/\",\"url\":\"https:\\\/\\\/www.notibras.com\\\/site\\\/restaurantes-comunitarios-servem-pratos-para-esquentar-noites-frias\\\/\",\"name\":\"Restaurantes comunit\u00e1rios servem pratos para esquentar noites frias - Notibras\",\"isPartOf\":{\"@id\":\"https:\\\/\\\/www.notibras.com\\\/site\\\/#website\"},\"primaryImageOfPage\":{\"@id\":\"https:\\\/\\\/www.notibras.com\\\/site\\\/restaurantes-comunitarios-servem-pratos-para-esquentar-noites-frias\\\/#primaryimage\"},\"image\":{\"@id\":\"https:\\\/\\\/www.notibras.com\\\/site\\\/restaurantes-comunitarios-servem-pratos-para-esquentar-noites-frias\\\/#primaryimage\"},\"thumbnailUrl\":\"https:\\\/\\\/www.notibras.com\\\/site\\\/wp-content\\\/uploads\\\/2024\\\/06\\\/DENTRO-JRO_4561.jpg\",\"datePublished\":\"2024-06-13T03:00:09+00:00\",\"dateModified\":\"2024-06-13T07:14:41+00:00\",\"breadcrumb\":{\"@id\":\"https:\\\/\\\/www.notibras.com\\\/site\\\/restaurantes-comunitarios-servem-pratos-para-esquentar-noites-frias\\\/#breadcrumb\"},\"inLanguage\":\"pt-BR\",\"potentialAction\":[{\"@type\":\"ReadAction\",\"target\":[\"https:\\\/\\\/www.notibras.com\\\/site\\\/restaurantes-comunitarios-servem-pratos-para-esquentar-noites-frias\\\/\"]}]},{\"@type\":\"ImageObject\",\"inLanguage\":\"pt-BR\",\"@id\":\"https:\\\/\\\/www.notibras.com\\\/site\\\/restaurantes-comunitarios-servem-pratos-para-esquentar-noites-frias\\\/#primaryimage\",\"url\":\"https:\\\/\\\/www.notibras.com\\\/site\\\/wp-content\\\/uploads\\\/2024\\\/06\\\/DENTRO-JRO_4561.jpg\",\"contentUrl\":\"https:\\\/\\\/www.notibras.com\\\/site\\\/wp-content\\\/uploads\\\/2024\\\/06\\\/DENTRO-JRO_4561.jpg\",\"width\":1181,\"height\":787},{\"@type\":\"BreadcrumbList\",\"@id\":\"https:\\\/\\\/www.notibras.com\\\/site\\\/restaurantes-comunitarios-servem-pratos-para-esquentar-noites-frias\\\/#breadcrumb\",\"itemListElement\":[{\"@type\":\"ListItem\",\"position\":1,\"name\":\"In\u00edcio\",\"item\":\"https:\\\/\\\/www.notibras.com\\\/site\\\/\"},{\"@type\":\"ListItem\",\"position\":2,\"name\":\"Restaurantes comunit\u00e1rios servem pratos para esquentar noites frias\"}]},{\"@type\":\"WebSite\",\"@id\":\"https:\\\/\\\/www.notibras.com\\\/site\\\/#website\",\"url\":\"https:\\\/\\\/www.notibras.com\\\/site\\\/\",\"name\":\"Notibras\",\"description\":\"Not\u00edcias de Bras\u00edlia, do Brasil e do Mundo\",\"publisher\":{\"@id\":\"https:\\\/\\\/www.notibras.com\\\/site\\\/#organization\"},\"potentialAction\":[{\"@type\":\"SearchAction\",\"target\":{\"@type\":\"EntryPoint\",\"urlTemplate\":\"https:\\\/\\\/www.notibras.com\\\/site\\\/?s={search_term_string}\"},\"query-input\":{\"@type\":\"PropertyValueSpecification\",\"valueRequired\":true,\"valueName\":\"search_term_string\"}}],\"inLanguage\":\"pt-BR\"},{\"@type\":\"Organization\",\"@id\":\"https:\\\/\\\/www.notibras.com\\\/site\\\/#organization\",\"name\":\"Grupo Notibras de Comunica\u00e7\u00e3o\",\"url\":\"https:\\\/\\\/www.notibras.com\\\/site\\\/\",\"logo\":{\"@type\":\"ImageObject\",\"inLanguage\":\"pt-BR\",\"@id\":\"https:\\\/\\\/www.notibras.com\\\/site\\\/#\\\/schema\\\/logo\\\/image\\\/\",\"url\":\"https:\\\/\\\/www.notibras.com\\\/site\\\/wp-content\\\/uploads\\\/2023\\\/01\\\/notibras23.png\",\"contentUrl\":\"https:\\\/\\\/www.notibras.com\\\/site\\\/wp-content\\\/uploads\\\/2023\\\/01\\\/notibras23.png\",\"width\":350,\"height\":87,\"caption\":\"Grupo Notibras de Comunica\u00e7\u00e3o\"},\"image\":{\"@id\":\"https:\\\/\\\/www.notibras.com\\\/site\\\/#\\\/schema\\\/logo\\\/image\\\/\"},\"sameAs\":[\"https:\\\/\\\/www.facebook.com\\\/notibras\\\/\",\"https:\\\/\\\/x.com\\\/Notibras\",\"https:\\\/\\\/www.instagram.com\\\/notibras\\\/\"]},{\"@type\":\"Person\",\"@id\":\"https:\\\/\\\/www.notibras.com\\\/site\\\/#\\\/schema\\\/person\\\/36ab0979449956132d3e5b517ea76ac8\",\"name\":\"Reda\u00e7\u00e3o\",\"image\":{\"@type\":\"ImageObject\",\"inLanguage\":\"pt-BR\",\"@id\":\"https:\\\/\\\/secure.gravatar.com\\\/avatar\\\/e0a867bdedb85fd243eadf09663511f96fc81e0720a4a42581f334ad4303aa6b?s=96&d=mm&r=g\",\"url\":\"https:\\\/\\\/secure.gravatar.com\\\/avatar\\\/e0a867bdedb85fd243eadf09663511f96fc81e0720a4a42581f334ad4303aa6b?s=96&d=mm&r=g\",\"contentUrl\":\"https:\\\/\\\/secure.gravatar.com\\\/avatar\\\/e0a867bdedb85fd243eadf09663511f96fc81e0720a4a42581f334ad4303aa6b?s=96&d=mm&r=g\",\"caption\":\"Reda\u00e7\u00e3o\"}}]}<\/script>\n<!-- \/ Yoast SEO plugin. -->","yoast_head_json":{"title":"Restaurantes comunit\u00e1rios servem pratos para esquentar noites frias - Notibras","robots":{"index":"index","follow":"follow","max-snippet":"max-snippet:-1","max-image-preview":"max-image-preview:large","max-video-preview":"max-video-preview:-1"},"canonical":"https:\/\/www.notibras.com\/site\/restaurantes-comunitarios-servem-pratos-para-esquentar-noites-frias\/","og_locale":"pt_BR","og_type":"article","og_title":"Restaurantes comunit\u00e1rios servem pratos para esquentar noites frias - Notibras","og_description":"Sopas e caldos foram inclu\u00eddos no card\u00e1pio de jantar dos restaurantes comunit\u00e1rios deste m\u00eas. A medida do Governo do Distrito Federal (GDF), promovida pela Secretaria de Desenvolvimento Social (Sedes-DF), visa esquentar a popula\u00e7\u00e3o nas noites frias de inverno. Atualmente, o jantar est\u00e1 dispon\u00edvel em cinco unidades, ao custo de R$ 0,50, das 17h \u00e0s 19h [&hellip;]","og_url":"https:\/\/www.notibras.com\/site\/restaurantes-comunitarios-servem-pratos-para-esquentar-noites-frias\/","og_site_name":"Notibras","article_publisher":"https:\/\/www.facebook.com\/notibras\/","article_published_time":"2024-06-13T03:00:09+00:00","article_modified_time":"2024-06-13T07:14:41+00:00","og_image":[{"width":1181,"height":787,"url":"https:\/\/www.notibras.com\/site\/wp-content\/uploads\/2024\/06\/DENTRO-JRO_4561.jpg","type":"image\/jpeg"}],"author":"Reda\u00e7\u00e3o","twitter_card":"summary_large_image","twitter_creator":"@Notibras","twitter_site":"@Notibras","twitter_misc":{"Escrito por":"Reda\u00e7\u00e3o","Est. tempo de leitura":"6 minutos"},"schema":{"@context":"https:\/\/schema.org","@graph":[{"@type":"Article","@id":"https:\/\/www.notibras.com\/site\/restaurantes-comunitarios-servem-pratos-para-esquentar-noites-frias\/#article","isPartOf":{"@id":"https:\/\/www.notibras.com\/site\/restaurantes-comunitarios-servem-pratos-para-esquentar-noites-frias\/"},"author":{"name":"Reda\u00e7\u00e3o","@id":"https:\/\/www.notibras.com\/site\/#\/schema\/person\/36ab0979449956132d3e5b517ea76ac8"},"headline":"Restaurantes comunit\u00e1rios servem pratos para esquentar noites frias","datePublished":"2024-06-13T03:00:09+00:00","dateModified":"2024-06-13T07:14:41+00:00","mainEntityOfPage":{"@id":"https:\/\/www.notibras.com\/site\/restaurantes-comunitarios-servem-pratos-para-esquentar-noites-frias\/"},"wordCount":1087,"publisher":{"@id":"https:\/\/www.notibras.com\/site\/#organization"},"image":{"@id":"https:\/\/www.notibras.com\/site\/restaurantes-comunitarios-servem-pratos-para-esquentar-noites-frias\/#primaryimage"},"thumbnailUrl":"https:\/\/www.notibras.com\/site\/wp-content\/uploads\/2024\/06\/DENTRO-JRO_4561.jpg","articleSection":["Quadradinho em Foco"],"inLanguage":"pt-BR"},{"@type":"WebPage","@id":"https:\/\/www.notibras.com\/site\/restaurantes-comunitarios-servem-pratos-para-esquentar-noites-frias\/","url":"https:\/\/www.notibras.com\/site\/restaurantes-comunitarios-servem-pratos-para-esquentar-noites-frias\/","name":"Restaurantes comunit\u00e1rios servem pratos para esquentar noites frias - Notibras","isPartOf":{"@id":"https:\/\/www.notibras.com\/site\/#website"},"primaryImageOfPage":{"@id":"https:\/\/www.notibras.com\/site\/restaurantes-comunitarios-servem-pratos-para-esquentar-noites-frias\/#primaryimage"},"image":{"@id":"https:\/\/www.notibras.com\/site\/restaurantes-comunitarios-servem-pratos-para-esquentar-noites-frias\/#primaryimage"},"thumbnailUrl":"https:\/\/www.notibras.com\/site\/wp-content\/uploads\/2024\/06\/DENTRO-JRO_4561.jpg","datePublished":"2024-06-13T03:00:09+00:00","dateModified":"2024-06-13T07:14:41+00:00","breadcrumb":{"@id":"https:\/\/www.notibras.com\/site\/restaurantes-comunitarios-servem-pratos-para-esquentar-noites-frias\/#breadcrumb"},"inLanguage":"pt-BR","potentialAction":[{"@type":"ReadAction","target":["https:\/\/www.notibras.com\/site\/restaurantes-comunitarios-servem-pratos-para-esquentar-noites-frias\/"]}]},{"@type":"ImageObject","inLanguage":"pt-BR","@id":"https:\/\/www.notibras.com\/site\/restaurantes-comunitarios-servem-pratos-para-esquentar-noites-frias\/#primaryimage","url":"https:\/\/www.notibras.com\/site\/wp-content\/uploads\/2024\/06\/DENTRO-JRO_4561.jpg","contentUrl":"https:\/\/www.notibras.com\/site\/wp-content\/uploads\/2024\/06\/DENTRO-JRO_4561.jpg","width":1181,"height":787},{"@type":"BreadcrumbList","@id":"https:\/\/www.notibras.com\/site\/restaurantes-comunitarios-servem-pratos-para-esquentar-noites-frias\/#breadcrumb","itemListElement":[{"@type":"ListItem","position":1,"name":"In\u00edcio","item":"https:\/\/www.notibras.com\/site\/"},{"@type":"ListItem","position":2,"name":"Restaurantes comunit\u00e1rios servem pratos para esquentar noites frias"}]},{"@type":"WebSite","@id":"https:\/\/www.notibras.com\/site\/#website","url":"https:\/\/www.notibras.com\/site\/","name":"Notibras","description":"Not\u00edcias de Bras\u00edlia, do Brasil e do Mundo","publisher":{"@id":"https:\/\/www.notibras.com\/site\/#organization"},"potentialAction":[{"@type":"SearchAction","target":{"@type":"EntryPoint","urlTemplate":"https:\/\/www.notibras.com\/site\/?s={search_term_string}"},"query-input":{"@type":"PropertyValueSpecification","valueRequired":true,"valueName":"search_term_string"}}],"inLanguage":"pt-BR"},{"@type":"Organization","@id":"https:\/\/www.notibras.com\/site\/#organization","name":"Grupo Notibras de Comunica\u00e7\u00e3o","url":"https:\/\/www.notibras.com\/site\/","logo":{"@type":"ImageObject","inLanguage":"pt-BR","@id":"https:\/\/www.notibras.com\/site\/#\/schema\/logo\/image\/","url":"https:\/\/www.notibras.com\/site\/wp-content\/uploads\/2023\/01\/notibras23.png","contentUrl":"https:\/\/www.notibras.com\/site\/wp-content\/uploads\/2023\/01\/notibras23.png","width":350,"height":87,"caption":"Grupo Notibras de Comunica\u00e7\u00e3o"},"image":{"@id":"https:\/\/www.notibras.com\/site\/#\/schema\/logo\/image\/"},"sameAs":["https:\/\/www.facebook.com\/notibras\/","https:\/\/x.com\/Notibras","https:\/\/www.instagram.com\/notibras\/"]},{"@type":"Person","@id":"https:\/\/www.notibras.com\/site\/#\/schema\/person\/36ab0979449956132d3e5b517ea76ac8","name":"Reda\u00e7\u00e3o","image":{"@type":"ImageObject","inLanguage":"pt-BR","@id":"https:\/\/secure.gravatar.com\/avatar\/e0a867bdedb85fd243eadf09663511f96fc81e0720a4a42581f334ad4303aa6b?s=96&d=mm&r=g","url":"https:\/\/secure.gravatar.com\/avatar\/e0a867bdedb85fd243eadf09663511f96fc81e0720a4a42581f334ad4303aa6b?s=96&d=mm&r=g","contentUrl":"https:\/\/secure.gravatar.com\/avatar\/e0a867bdedb85fd243eadf09663511f96fc81e0720a4a42581f334ad4303aa6b?s=96&d=mm&r=g","caption":"Reda\u00e7\u00e3o"}}]}},"amp_enabled":true,"_links":{"self":[{"href":"https:\/\/www.notibras.com\/site\/wp-json\/wp\/v2\/posts\/330673","targetHints":{"allow":["GET"]}}],"collection":[{"href":"https:\/\/www.notibras.com\/site\/wp-json\/wp\/v2\/posts"}],"about":[{"href":"https:\/\/www.notibras.com\/site\/wp-json\/wp\/v2\/types\/post"}],"author":[{"embeddable":true,"href":"https:\/\/www.notibras.com\/site\/wp-json\/wp\/v2\/users\/2"}],"replies":[{"embeddable":true,"href":"https:\/\/www.notibras.com\/site\/wp-json\/wp\/v2\/comments?post=330673"}],"version-history":[{"count":1,"href":"https:\/\/www.notibras.com\/site\/wp-json\/wp\/v2\/posts\/330673\/revisions"}],"predecessor-version":[{"id":330675,"href":"https:\/\/www.notibras.com\/site\/wp-json\/wp\/v2\/posts\/330673\/revisions\/330675"}],"wp:featuredmedia":[{"embeddable":true,"href":"https:\/\/www.notibras.com\/site\/wp-json\/wp\/v2\/media\/330674"}],"wp:attachment":[{"href":"https:\/\/www.notibras.com\/site\/wp-json\/wp\/v2\/media?parent=330673"}],"wp:term":[{"taxonomy":"category","embeddable":true,"href":"https:\/\/www.notibras.com\/site\/wp-json\/wp\/v2\/categories?post=330673"},{"taxonomy":"post_tag","embeddable":true,"href":"https:\/\/www.notibras.com\/site\/wp-json\/wp\/v2\/tags?post=330673"}],"curies":[{"name":"wp","href":"https:\/\/api.w.org\/{rel}","templated":true}]}}