{"id":33073,"date":"2015-01-06T14:41:40","date_gmt":"2015-01-06T17:41:40","guid":{"rendered":"http:\/\/www.notibras.com\/site\/?p=33073"},"modified":"2015-01-07T18:33:26","modified_gmt":"2015-01-07T21:33:26","slug":"petrolao-enfiou-espeto-na-friboi-grupo-nega-ter-beneficiado-paulo-roberto","status":"publish","type":"post","link":"https:\/\/www.notibras.com\/site\/petrolao-enfiou-espeto-na-friboi-grupo-nega-ter-beneficiado-paulo-roberto\/","title":{"rendered":"Petrol\u00e3o enfiou espeto na Friboi; grupo nega ter beneficiado algu\u00e9m"},"content":{"rendered":"<p>Uma planilha encontrada no computador do ex-diretor de Abastecimento da Petrobras Paulo Roberto Costa indica que ele chegou a firmar contrato para prestar servi\u00e7os de consultoria para o Grupo J&amp;F, controlador do frigor\u00edfico Friboi (JBS) e maior doador de campanhas eleitorais em 2014.<\/p>\n<p>O documento, informa o jornal O Estado de S. Paulo, consta de um dos inqu\u00e9ritos da Opera\u00e7\u00e3o Lava Jato, que desbaratou em mar\u00e7o do ano passado um esquema de corrup\u00e7\u00e3o envolvendo contratos da estatal petrol\u00edfera.<\/p>\n<blockquote><p>Nas buscas da opera\u00e7\u00e3o, os policiais federais tamb\u00e9m encontraram anota\u00e7\u00f5es na agenda do ex-diretor que citam como os valores supostamente recebidos do J&amp;F seriam divididos.<\/p><\/blockquote>\n<p>Nessa indica\u00e7\u00e3o de partilha, h\u00e1 a sugest\u00e3o de que parte do dinheiro seria devolvida ao grupo controlador da Friboi.<\/p>\n<p>O J&amp;F nega que tenha fechado contrato com Costa e que tenha desembolsado qualquer valor ao ex-diretor da Petrobr\u00e1s.<\/p>\n<p>A planilha do computador e as anota\u00e7\u00f5es, por\u00e9m, foram considerados suspeitos pela Pol\u00edcia Federal, que passou a investigar se o grupo empresarial teve participa\u00e7\u00e3o ou se beneficiou-se do esquema que abasteceu o caixa 2 de pol\u00edticos e partidos no \u00faltimos dez anos no Pa\u00eds.<\/p>\n","protected":false},"excerpt":{"rendered":"<p>Uma planilha encontrada no computador do ex-diretor de Abastecimento da Petrobras Paulo Roberto Costa indica que ele chegou a firmar contrato para prestar servi\u00e7os de consultoria para o Grupo J&amp;F, controlador do frigor\u00edfico Friboi (JBS) e maior doador de campanhas eleitorais em 2014. O documento, informa o jornal O Estado de S. Paulo, consta de [&hellip;]<\/p>\n","protected":false},"author":2,"featured_media":33074,"comment_status":"open","ping_status":"closed","sticky":false,"template":"","format":"standard","meta":{"_acf_changed":false,"footnotes":""},"categories":[16],"tags":[],"class_list":["post-33073","post","type-post","status-publish","format-standard","has-post-thumbnail","hentry","category-brasil"],"acf":[],"yoast_head":"<!-- This site is optimized with the Yoast SEO plugin v27.2 - https:\/\/yoast.com\/product\/yoast-seo-wordpress\/ -->\n<title>Petrol\u00e3o enfiou espeto na Friboi; grupo nega ter beneficiado algu\u00e9m - Notibras<\/title>\n<meta name=\"robots\" content=\"index, follow, max-snippet:-1, max-image-preview:large, max-video-preview:-1\" \/>\n<link rel=\"canonical\" href=\"https:\/\/www.notibras.com\/site\/petrolao-enfiou-espeto-na-friboi-grupo-nega-ter-beneficiado-paulo-roberto\/\" \/>\n<meta property=\"og:locale\" content=\"pt_BR\" \/>\n<meta property=\"og:type\" content=\"article\" \/>\n<meta property=\"og:title\" content=\"Petrol\u00e3o enfiou espeto na Friboi; grupo nega ter beneficiado algu\u00e9m - Notibras\" \/>\n<meta property=\"og:description\" content=\"Uma planilha encontrada no computador do ex-diretor de Abastecimento da Petrobras Paulo Roberto Costa indica que ele chegou a firmar contrato para prestar servi\u00e7os de consultoria para o Grupo J&amp;F, controlador do frigor\u00edfico Friboi (JBS) e maior doador de campanhas eleitorais em 2014. O documento, informa o jornal O Estado de S. Paulo, consta de [&hellip;]\" \/>\n<meta property=\"og:url\" content=\"https:\/\/www.notibras.com\/site\/petrolao-enfiou-espeto-na-friboi-grupo-nega-ter-beneficiado-paulo-roberto\/\" \/>\n<meta property=\"og:site_name\" content=\"Notibras\" \/>\n<meta property=\"article:publisher\" content=\"https:\/\/www.facebook.com\/notibras\/\" \/>\n<meta property=\"article:published_time\" content=\"2015-01-06T17:41:40+00:00\" \/>\n<meta property=\"article:modified_time\" content=\"2015-01-07T21:33:26+00:00\" \/>\n<meta property=\"og:image\" content=\"https:\/\/www.notibras.com\/site\/wp-content\/uploads\/2015\/01\/650x375_paulo-roberto-costa_1481728.jpg\" \/>\n\t<meta property=\"og:image:width\" content=\"650\" \/>\n\t<meta property=\"og:image:height\" content=\"375\" \/>\n\t<meta property=\"og:image:type\" content=\"image\/jpeg\" \/>\n<meta name=\"author\" content=\"Reda\u00e7\u00e3o\" \/>\n<meta name=\"twitter:card\" content=\"summary_large_image\" \/>\n<meta name=\"twitter:creator\" content=\"@Notibras\" \/>\n<meta name=\"twitter:site\" content=\"@Notibras\" \/>\n<meta name=\"twitter:label1\" content=\"Escrito por\" \/>\n\t<meta name=\"twitter:data1\" content=\"Reda\u00e7\u00e3o\" \/>\n\t<meta name=\"twitter:label2\" content=\"Est. tempo de leitura\" \/>\n\t<meta name=\"twitter:data2\" content=\"1 minuto\" \/>\n<script type=\"application\/ld+json\" class=\"yoast-schema-graph\">{\"@context\":\"https:\/\/schema.org\",\"@graph\":[{\"@type\":\"Article\",\"@id\":\"https:\/\/www.notibras.com\/site\/petrolao-enfiou-espeto-na-friboi-grupo-nega-ter-beneficiado-paulo-roberto\/#article\",\"isPartOf\":{\"@id\":\"https:\/\/www.notibras.com\/site\/petrolao-enfiou-espeto-na-friboi-grupo-nega-ter-beneficiado-paulo-roberto\/\"},\"author\":{\"name\":\"Reda\u00e7\u00e3o\",\"@id\":\"https:\/\/www.notibras.com\/site\/#\/schema\/person\/36ab0979449956132d3e5b517ea76ac8\"},\"headline\":\"Petrol\u00e3o enfiou espeto na Friboi; grupo nega ter beneficiado algu\u00e9m\",\"datePublished\":\"2015-01-06T17:41:40+00:00\",\"dateModified\":\"2015-01-07T21:33:26+00:00\",\"mainEntityOfPage\":{\"@id\":\"https:\/\/www.notibras.com\/site\/petrolao-enfiou-espeto-na-friboi-grupo-nega-ter-beneficiado-paulo-roberto\/\"},\"wordCount\":220,\"commentCount\":0,\"publisher\":{\"@id\":\"https:\/\/www.notibras.com\/site\/#organization\"},\"image\":{\"@id\":\"https:\/\/www.notibras.com\/site\/petrolao-enfiou-espeto-na-friboi-grupo-nega-ter-beneficiado-paulo-roberto\/#primaryimage\"},\"thumbnailUrl\":\"https:\/\/www.notibras.com\/site\/wp-content\/uploads\/2015\/01\/650x375_paulo-roberto-costa_1481728.jpg\",\"articleSection\":[\"Brasil\"],\"inLanguage\":\"pt-BR\",\"potentialAction\":[{\"@type\":\"CommentAction\",\"name\":\"Comment\",\"target\":[\"https:\/\/www.notibras.com\/site\/petrolao-enfiou-espeto-na-friboi-grupo-nega-ter-beneficiado-paulo-roberto\/#respond\"]}]},{\"@type\":\"WebPage\",\"@id\":\"https:\/\/www.notibras.com\/site\/petrolao-enfiou-espeto-na-friboi-grupo-nega-ter-beneficiado-paulo-roberto\/\",\"url\":\"https:\/\/www.notibras.com\/site\/petrolao-enfiou-espeto-na-friboi-grupo-nega-ter-beneficiado-paulo-roberto\/\",\"name\":\"Petrol\u00e3o enfiou espeto na Friboi; grupo nega ter beneficiado algu\u00e9m - Notibras\",\"isPartOf\":{\"@id\":\"https:\/\/www.notibras.com\/site\/#website\"},\"primaryImageOfPage\":{\"@id\":\"https:\/\/www.notibras.com\/site\/petrolao-enfiou-espeto-na-friboi-grupo-nega-ter-beneficiado-paulo-roberto\/#primaryimage\"},\"image\":{\"@id\":\"https:\/\/www.notibras.com\/site\/petrolao-enfiou-espeto-na-friboi-grupo-nega-ter-beneficiado-paulo-roberto\/#primaryimage\"},\"thumbnailUrl\":\"https:\/\/www.notibras.com\/site\/wp-content\/uploads\/2015\/01\/650x375_paulo-roberto-costa_1481728.jpg\",\"datePublished\":\"2015-01-06T17:41:40+00:00\",\"dateModified\":\"2015-01-07T21:33:26+00:00\",\"breadcrumb\":{\"@id\":\"https:\/\/www.notibras.com\/site\/petrolao-enfiou-espeto-na-friboi-grupo-nega-ter-beneficiado-paulo-roberto\/#breadcrumb\"},\"inLanguage\":\"pt-BR\",\"potentialAction\":[{\"@type\":\"ReadAction\",\"target\":[\"https:\/\/www.notibras.com\/site\/petrolao-enfiou-espeto-na-friboi-grupo-nega-ter-beneficiado-paulo-roberto\/\"]}]},{\"@type\":\"ImageObject\",\"inLanguage\":\"pt-BR\",\"@id\":\"https:\/\/www.notibras.com\/site\/petrolao-enfiou-espeto-na-friboi-grupo-nega-ter-beneficiado-paulo-roberto\/#primaryimage\",\"url\":\"https:\/\/www.notibras.com\/site\/wp-content\/uploads\/2015\/01\/650x375_paulo-roberto-costa_1481728.jpg\",\"contentUrl\":\"https:\/\/www.notibras.com\/site\/wp-content\/uploads\/2015\/01\/650x375_paulo-roberto-costa_1481728.jpg\",\"width\":650,\"height\":375},{\"@type\":\"BreadcrumbList\",\"@id\":\"https:\/\/www.notibras.com\/site\/petrolao-enfiou-espeto-na-friboi-grupo-nega-ter-beneficiado-paulo-roberto\/#breadcrumb\",\"itemListElement\":[{\"@type\":\"ListItem\",\"position\":1,\"name\":\"In\u00edcio\",\"item\":\"https:\/\/www.notibras.com\/site\/\"},{\"@type\":\"ListItem\",\"position\":2,\"name\":\"Petrol\u00e3o enfiou espeto na Friboi; grupo nega ter beneficiado algu\u00e9m\"}]},{\"@type\":\"WebSite\",\"@id\":\"https:\/\/www.notibras.com\/site\/#website\",\"url\":\"https:\/\/www.notibras.com\/site\/\",\"name\":\"Notibras\",\"description\":\"Not\u00edcias de Bras\u00edlia, do Brasil e do Mundo\",\"publisher\":{\"@id\":\"https:\/\/www.notibras.com\/site\/#organization\"},\"potentialAction\":[{\"@type\":\"SearchAction\",\"target\":{\"@type\":\"EntryPoint\",\"urlTemplate\":\"https:\/\/www.notibras.com\/site\/?s={search_term_string}\"},\"query-input\":{\"@type\":\"PropertyValueSpecification\",\"valueRequired\":true,\"valueName\":\"search_term_string\"}}],\"inLanguage\":\"pt-BR\"},{\"@type\":\"Organization\",\"@id\":\"https:\/\/www.notibras.com\/site\/#organization\",\"name\":\"Grupo Notibras de Comunica\u00e7\u00e3o\",\"url\":\"https:\/\/www.notibras.com\/site\/\",\"logo\":{\"@type\":\"ImageObject\",\"inLanguage\":\"pt-BR\",\"@id\":\"https:\/\/www.notibras.com\/site\/#\/schema\/logo\/image\/\",\"url\":\"https:\/\/www.notibras.com\/site\/wp-content\/uploads\/2023\/01\/notibras23.png\",\"contentUrl\":\"https:\/\/www.notibras.com\/site\/wp-content\/uploads\/2023\/01\/notibras23.png\",\"width\":350,\"height\":87,\"caption\":\"Grupo Notibras de Comunica\u00e7\u00e3o\"},\"image\":{\"@id\":\"https:\/\/www.notibras.com\/site\/#\/schema\/logo\/image\/\"},\"sameAs\":[\"https:\/\/www.facebook.com\/notibras\/\",\"https:\/\/x.com\/Notibras\",\"https:\/\/www.instagram.com\/notibras\/\"]},{\"@type\":\"Person\",\"@id\":\"https:\/\/www.notibras.com\/site\/#\/schema\/person\/36ab0979449956132d3e5b517ea76ac8\",\"name\":\"Reda\u00e7\u00e3o\",\"image\":{\"@type\":\"ImageObject\",\"inLanguage\":\"pt-BR\",\"@id\":\"https:\/\/secure.gravatar.com\/avatar\/e0a867bdedb85fd243eadf09663511f96fc81e0720a4a42581f334ad4303aa6b?s=96&d=mm&r=g\",\"url\":\"https:\/\/secure.gravatar.com\/avatar\/e0a867bdedb85fd243eadf09663511f96fc81e0720a4a42581f334ad4303aa6b?s=96&d=mm&r=g\",\"contentUrl\":\"https:\/\/secure.gravatar.com\/avatar\/e0a867bdedb85fd243eadf09663511f96fc81e0720a4a42581f334ad4303aa6b?s=96&d=mm&r=g\",\"caption\":\"Reda\u00e7\u00e3o\"}}]}<\/script>\n<!-- \/ Yoast SEO plugin. -->","yoast_head_json":{"title":"Petrol\u00e3o enfiou espeto na Friboi; grupo nega ter beneficiado algu\u00e9m - Notibras","robots":{"index":"index","follow":"follow","max-snippet":"max-snippet:-1","max-image-preview":"max-image-preview:large","max-video-preview":"max-video-preview:-1"},"canonical":"https:\/\/www.notibras.com\/site\/petrolao-enfiou-espeto-na-friboi-grupo-nega-ter-beneficiado-paulo-roberto\/","og_locale":"pt_BR","og_type":"article","og_title":"Petrol\u00e3o enfiou espeto na Friboi; grupo nega ter beneficiado algu\u00e9m - Notibras","og_description":"Uma planilha encontrada no computador do ex-diretor de Abastecimento da Petrobras Paulo Roberto Costa indica que ele chegou a firmar contrato para prestar servi\u00e7os de consultoria para o Grupo J&amp;F, controlador do frigor\u00edfico Friboi (JBS) e maior doador de campanhas eleitorais em 2014. O documento, informa o jornal O Estado de S. Paulo, consta de [&hellip;]","og_url":"https:\/\/www.notibras.com\/site\/petrolao-enfiou-espeto-na-friboi-grupo-nega-ter-beneficiado-paulo-roberto\/","og_site_name":"Notibras","article_publisher":"https:\/\/www.facebook.com\/notibras\/","article_published_time":"2015-01-06T17:41:40+00:00","article_modified_time":"2015-01-07T21:33:26+00:00","og_image":[{"width":650,"height":375,"url":"https:\/\/www.notibras.com\/site\/wp-content\/uploads\/2015\/01\/650x375_paulo-roberto-costa_1481728.jpg","type":"image\/jpeg"}],"author":"Reda\u00e7\u00e3o","twitter_card":"summary_large_image","twitter_creator":"@Notibras","twitter_site":"@Notibras","twitter_misc":{"Escrito por":"Reda\u00e7\u00e3o","Est. tempo de leitura":"1 minuto"},"schema":{"@context":"https:\/\/schema.org","@graph":[{"@type":"Article","@id":"https:\/\/www.notibras.com\/site\/petrolao-enfiou-espeto-na-friboi-grupo-nega-ter-beneficiado-paulo-roberto\/#article","isPartOf":{"@id":"https:\/\/www.notibras.com\/site\/petrolao-enfiou-espeto-na-friboi-grupo-nega-ter-beneficiado-paulo-roberto\/"},"author":{"name":"Reda\u00e7\u00e3o","@id":"https:\/\/www.notibras.com\/site\/#\/schema\/person\/36ab0979449956132d3e5b517ea76ac8"},"headline":"Petrol\u00e3o enfiou espeto na Friboi; grupo nega ter beneficiado algu\u00e9m","datePublished":"2015-01-06T17:41:40+00:00","dateModified":"2015-01-07T21:33:26+00:00","mainEntityOfPage":{"@id":"https:\/\/www.notibras.com\/site\/petrolao-enfiou-espeto-na-friboi-grupo-nega-ter-beneficiado-paulo-roberto\/"},"wordCount":220,"commentCount":0,"publisher":{"@id":"https:\/\/www.notibras.com\/site\/#organization"},"image":{"@id":"https:\/\/www.notibras.com\/site\/petrolao-enfiou-espeto-na-friboi-grupo-nega-ter-beneficiado-paulo-roberto\/#primaryimage"},"thumbnailUrl":"https:\/\/www.notibras.com\/site\/wp-content\/uploads\/2015\/01\/650x375_paulo-roberto-costa_1481728.jpg","articleSection":["Brasil"],"inLanguage":"pt-BR","potentialAction":[{"@type":"CommentAction","name":"Comment","target":["https:\/\/www.notibras.com\/site\/petrolao-enfiou-espeto-na-friboi-grupo-nega-ter-beneficiado-paulo-roberto\/#respond"]}]},{"@type":"WebPage","@id":"https:\/\/www.notibras.com\/site\/petrolao-enfiou-espeto-na-friboi-grupo-nega-ter-beneficiado-paulo-roberto\/","url":"https:\/\/www.notibras.com\/site\/petrolao-enfiou-espeto-na-friboi-grupo-nega-ter-beneficiado-paulo-roberto\/","name":"Petrol\u00e3o enfiou espeto na Friboi; grupo nega ter beneficiado algu\u00e9m - Notibras","isPartOf":{"@id":"https:\/\/www.notibras.com\/site\/#website"},"primaryImageOfPage":{"@id":"https:\/\/www.notibras.com\/site\/petrolao-enfiou-espeto-na-friboi-grupo-nega-ter-beneficiado-paulo-roberto\/#primaryimage"},"image":{"@id":"https:\/\/www.notibras.com\/site\/petrolao-enfiou-espeto-na-friboi-grupo-nega-ter-beneficiado-paulo-roberto\/#primaryimage"},"thumbnailUrl":"https:\/\/www.notibras.com\/site\/wp-content\/uploads\/2015\/01\/650x375_paulo-roberto-costa_1481728.jpg","datePublished":"2015-01-06T17:41:40+00:00","dateModified":"2015-01-07T21:33:26+00:00","breadcrumb":{"@id":"https:\/\/www.notibras.com\/site\/petrolao-enfiou-espeto-na-friboi-grupo-nega-ter-beneficiado-paulo-roberto\/#breadcrumb"},"inLanguage":"pt-BR","potentialAction":[{"@type":"ReadAction","target":["https:\/\/www.notibras.com\/site\/petrolao-enfiou-espeto-na-friboi-grupo-nega-ter-beneficiado-paulo-roberto\/"]}]},{"@type":"ImageObject","inLanguage":"pt-BR","@id":"https:\/\/www.notibras.com\/site\/petrolao-enfiou-espeto-na-friboi-grupo-nega-ter-beneficiado-paulo-roberto\/#primaryimage","url":"https:\/\/www.notibras.com\/site\/wp-content\/uploads\/2015\/01\/650x375_paulo-roberto-costa_1481728.jpg","contentUrl":"https:\/\/www.notibras.com\/site\/wp-content\/uploads\/2015\/01\/650x375_paulo-roberto-costa_1481728.jpg","width":650,"height":375},{"@type":"BreadcrumbList","@id":"https:\/\/www.notibras.com\/site\/petrolao-enfiou-espeto-na-friboi-grupo-nega-ter-beneficiado-paulo-roberto\/#breadcrumb","itemListElement":[{"@type":"ListItem","position":1,"name":"In\u00edcio","item":"https:\/\/www.notibras.com\/site\/"},{"@type":"ListItem","position":2,"name":"Petrol\u00e3o enfiou espeto na Friboi; grupo nega ter beneficiado algu\u00e9m"}]},{"@type":"WebSite","@id":"https:\/\/www.notibras.com\/site\/#website","url":"https:\/\/www.notibras.com\/site\/","name":"Notibras","description":"Not\u00edcias de Bras\u00edlia, do Brasil e do Mundo","publisher":{"@id":"https:\/\/www.notibras.com\/site\/#organization"},"potentialAction":[{"@type":"SearchAction","target":{"@type":"EntryPoint","urlTemplate":"https:\/\/www.notibras.com\/site\/?s={search_term_string}"},"query-input":{"@type":"PropertyValueSpecification","valueRequired":true,"valueName":"search_term_string"}}],"inLanguage":"pt-BR"},{"@type":"Organization","@id":"https:\/\/www.notibras.com\/site\/#organization","name":"Grupo Notibras de Comunica\u00e7\u00e3o","url":"https:\/\/www.notibras.com\/site\/","logo":{"@type":"ImageObject","inLanguage":"pt-BR","@id":"https:\/\/www.notibras.com\/site\/#\/schema\/logo\/image\/","url":"https:\/\/www.notibras.com\/site\/wp-content\/uploads\/2023\/01\/notibras23.png","contentUrl":"https:\/\/www.notibras.com\/site\/wp-content\/uploads\/2023\/01\/notibras23.png","width":350,"height":87,"caption":"Grupo Notibras de Comunica\u00e7\u00e3o"},"image":{"@id":"https:\/\/www.notibras.com\/site\/#\/schema\/logo\/image\/"},"sameAs":["https:\/\/www.facebook.com\/notibras\/","https:\/\/x.com\/Notibras","https:\/\/www.instagram.com\/notibras\/"]},{"@type":"Person","@id":"https:\/\/www.notibras.com\/site\/#\/schema\/person\/36ab0979449956132d3e5b517ea76ac8","name":"Reda\u00e7\u00e3o","image":{"@type":"ImageObject","inLanguage":"pt-BR","@id":"https:\/\/secure.gravatar.com\/avatar\/e0a867bdedb85fd243eadf09663511f96fc81e0720a4a42581f334ad4303aa6b?s=96&d=mm&r=g","url":"https:\/\/secure.gravatar.com\/avatar\/e0a867bdedb85fd243eadf09663511f96fc81e0720a4a42581f334ad4303aa6b?s=96&d=mm&r=g","contentUrl":"https:\/\/secure.gravatar.com\/avatar\/e0a867bdedb85fd243eadf09663511f96fc81e0720a4a42581f334ad4303aa6b?s=96&d=mm&r=g","caption":"Reda\u00e7\u00e3o"}}]}},"amp_enabled":true,"_links":{"self":[{"href":"https:\/\/www.notibras.com\/site\/wp-json\/wp\/v2\/posts\/33073","targetHints":{"allow":["GET"]}}],"collection":[{"href":"https:\/\/www.notibras.com\/site\/wp-json\/wp\/v2\/posts"}],"about":[{"href":"https:\/\/www.notibras.com\/site\/wp-json\/wp\/v2\/types\/post"}],"author":[{"embeddable":true,"href":"https:\/\/www.notibras.com\/site\/wp-json\/wp\/v2\/users\/2"}],"replies":[{"embeddable":true,"href":"https:\/\/www.notibras.com\/site\/wp-json\/wp\/v2\/comments?post=33073"}],"version-history":[{"count":0,"href":"https:\/\/www.notibras.com\/site\/wp-json\/wp\/v2\/posts\/33073\/revisions"}],"wp:featuredmedia":[{"embeddable":true,"href":"https:\/\/www.notibras.com\/site\/wp-json\/wp\/v2\/media\/33074"}],"wp:attachment":[{"href":"https:\/\/www.notibras.com\/site\/wp-json\/wp\/v2\/media?parent=33073"}],"wp:term":[{"taxonomy":"category","embeddable":true,"href":"https:\/\/www.notibras.com\/site\/wp-json\/wp\/v2\/categories?post=33073"},{"taxonomy":"post_tag","embeddable":true,"href":"https:\/\/www.notibras.com\/site\/wp-json\/wp\/v2\/tags?post=33073"}],"curies":[{"name":"wp","href":"https:\/\/api.w.org\/{rel}","templated":true}]}}