{"id":330756,"date":"2024-06-14T06:58:42","date_gmt":"2024-06-14T09:58:42","guid":{"rendered":"https:\/\/www.notibras.com\/site\/?p=330756"},"modified":"2024-06-14T07:04:10","modified_gmt":"2024-06-14T10:04:10","slug":"ernesto-que-queria-ser-so-padilha-fica-sem-adalgiza","status":"publish","type":"post","link":"https:\/\/www.notibras.com\/site\/ernesto-que-queria-ser-so-padilha-fica-sem-adalgiza\/","title":{"rendered":"Ernesto, que queria ser s\u00f3 Padilha, fica sem Adalgiza"},"content":{"rendered":"<p>Ernesto Padilha. Ernesto para a fam\u00edlia, Padilha para o mundo. At\u00e9 Adalgiza, a colega de trabalho com quem o gajo estava de caso, s\u00f3 o chamava pelo sobrenome, inclusive nas horas de alcova. N\u00e3o se sabe se por conta do h\u00e1bito ou, ent\u00e3o, para n\u00e3o levantar suspeitas. Se bem que o buchicho corria solto entre os funcion\u00e1rios.<\/p>\n<p>Mal pisava em casa, a face do Ernesto se tornava funesta. Se dava um passo para fora, o sorriso estampava aquela cara de pau. Os amigos o recebiam de bra\u00e7os abertos, seja no bar, seja na reparti\u00e7\u00e3o, seja na esquina para um bate-papo sobre as \u00faltimas desimport\u00e2ncias.<\/p>\n<p>Padilha andava com ideias de separa\u00e7\u00e3o. Filhos quase criados, daqui a pouco era cada um por si e Deus para quem quisesse seguir a cartilha. Para Ol\u00edvia, a esposa, deixaria a casa e uma pens\u00e3o que n\u00e3o a deixasse passar fome. Estava de bom tamanho. Quanto a ele, cairia na esb\u00f3rnia, pois sabia que um homem n\u00e3o pode fugir do pr\u00f3prio destino. Que assim fosse, como est\u00e1 escrito no manual dos canalhas.<\/p>\n<p>Tudo parecia acertado para aquela sexta-feira. Pois \u00e9, uma sexta-feira! Melhor dia n\u00e3o poderia existir, j\u00e1 que sairia do servi\u00e7o direto para o bar com os amigos e, de l\u00e1, rumaria para algum hotelzinho da regi\u00e3o para passar mais uma noite com a Adalgiza. Pensando bem, j\u00e1 estava na hora de trocar a amante por outra, mesmo porque, vez ou outra, chega carne nova no a\u00e7ougue.<\/p>\n<p>Chega de Ernesto, agora era s\u00f3 Padilha! E l\u00e1 foi o homem, peito estufado, mais confiante que gorila em dia de briga contra mico, contar para o Juvenal, colega do trabalho. No entanto, aquele sorriso cheio de dentes bateu de cara contra a carranca do amigo.<\/p>\n<p>\u2014 O que houve? Que cara \u00e9 essa, Juvenal?<\/p>\n<p>\u2014 O chefe me mandou te entregar isso. Ele mandou dizer que n\u00e3o \u00e9 nada pessoal, mas apenas conten\u00e7\u00e3o de despesas.<\/p>\n<p>Padilha ficou branco assim que bateu os olhos naquele bilhete azul. Sem for\u00e7as para proferir palavras, deu meia-volta e retornou para a casa. Encontrou apenas a Ol\u00edvia, os filhos estavam na escola. A esposa, que de boba n\u00e3o tinha nada, percebeu que o marido havia sido despedido. Ela o abra\u00e7ou e procurou confort\u00e1-lo.<\/p>\n<p>\u2014 Vai ficar tudo bem, Ernesto.<\/p>\n<p><strong>*Eduardo Mart\u00ednez \u00e9 autor do livro \u201c57 Contos e Cr\u00f4nicas por um Autor muito Velho\u201d.<\/strong><\/p>\n<p>Compre aqui\u00a0<span class=\"x19la9d6 x1fc57z9 x6ikm8r x10wlt62 x19co3pv x1g5zs5t xfibh0p xiy17q3 x1xsqp64 x1lkfr7t xexx8yu x4uap5 x18d9i69 xkhd6sd\"><span class=\"xrtxmta x1bhl96m\"><img decoding=\"async\" class=\"emoji\" role=\"img\" draggable=\"false\" src=\"https:\/\/s.w.org\/images\/core\/emoji\/14.0.0\/svg\/1f447-1f3ff.svg\" alt=\"&#x1f447;&#x1f3ff;\" \/><\/span><\/span><span class=\"x19la9d6 x1fc57z9 x6ikm8r x10wlt62 x19co3pv x1g5zs5t xfibh0p xiy17q3 x1xsqp64 x1lkfr7t xexx8yu x4uap5 x18d9i69 xkhd6sd\"><span class=\"xrtxmta x1bhl96m\"><img decoding=\"async\" class=\"emoji\" role=\"img\" draggable=\"false\" src=\"https:\/\/s.w.org\/images\/core\/emoji\/14.0.0\/svg\/1f447-1f3ff.svg\" alt=\"&#x1f447;&#x1f3ff;\" \/><\/span><\/span><span class=\"x19la9d6 x1fc57z9 x6ikm8r x10wlt62 x19co3pv x1g5zs5t xfibh0p xiy17q3 x1xsqp64 x1lkfr7t xexx8yu x4uap5 x18d9i69 xkhd6sd\"><span class=\"xrtxmta x1bhl96m\"><img decoding=\"async\" class=\"emoji\" role=\"img\" draggable=\"false\" src=\"https:\/\/s.w.org\/images\/core\/emoji\/14.0.0\/svg\/1f447-1f3ff.svg\" alt=\"&#x1f447;&#x1f3ff;\" \/><\/span><\/span><\/p>\n<p><a href=\"http:\/\/www.joanineditora.com.br\/57-contos-e-cronicas-por-um-autor-muito-velho\">http:\/\/www.joanineditora.com.br\/57-contos-e-cronicas-por-um-autor-muito-velho<\/a><\/p>\n","protected":false},"excerpt":{"rendered":"<p>Ernesto Padilha. Ernesto para a fam\u00edlia, Padilha para o mundo. At\u00e9 Adalgiza, a colega de trabalho com quem o gajo estava de caso, s\u00f3 o chamava pelo sobrenome, inclusive nas horas de alcova. N\u00e3o se sabe se por conta do h\u00e1bito ou, ent\u00e3o, para n\u00e3o levantar suspeitas. Se bem que o buchicho corria solto entre [&hellip;]<\/p>\n","protected":false},"author":2,"featured_media":330757,"comment_status":"closed","ping_status":"closed","sticky":false,"template":"","format":"standard","meta":{"_acf_changed":false,"footnotes":""},"categories":[161],"tags":[],"class_list":["post-330756","post","type-post","status-publish","format-standard","has-post-thumbnail","hentry","category-quadradinho-em-foco"],"acf":[],"yoast_head":"<!-- This site is optimized with the Yoast SEO plugin v27.5 - https:\/\/yoast.com\/product\/yoast-seo-wordpress\/ -->\n<title>Ernesto, que queria ser s\u00f3 Padilha, fica sem Adalgiza - Notibras<\/title>\n<meta name=\"robots\" content=\"index, follow, max-snippet:-1, max-image-preview:large, max-video-preview:-1\" \/>\n<link rel=\"canonical\" href=\"https:\/\/www.notibras.com\/site\/ernesto-que-queria-ser-so-padilha-fica-sem-adalgiza\/\" \/>\n<meta property=\"og:locale\" content=\"pt_BR\" \/>\n<meta property=\"og:type\" content=\"article\" \/>\n<meta property=\"og:title\" content=\"Ernesto, que queria ser s\u00f3 Padilha, fica sem Adalgiza - Notibras\" \/>\n<meta property=\"og:description\" content=\"Ernesto Padilha. Ernesto para a fam\u00edlia, Padilha para o mundo. At\u00e9 Adalgiza, a colega de trabalho com quem o gajo estava de caso, s\u00f3 o chamava pelo sobrenome, inclusive nas horas de alcova. N\u00e3o se sabe se por conta do h\u00e1bito ou, ent\u00e3o, para n\u00e3o levantar suspeitas. Se bem que o buchicho corria solto entre [&hellip;]\" \/>\n<meta property=\"og:url\" content=\"https:\/\/www.notibras.com\/site\/ernesto-que-queria-ser-so-padilha-fica-sem-adalgiza\/\" \/>\n<meta property=\"og:site_name\" content=\"Notibras\" \/>\n<meta property=\"article:publisher\" content=\"https:\/\/www.facebook.com\/notibras\/\" \/>\n<meta property=\"article:published_time\" content=\"2024-06-14T09:58:42+00:00\" \/>\n<meta property=\"article:modified_time\" content=\"2024-06-14T10:04:10+00:00\" \/>\n<meta property=\"og:image\" content=\"https:\/\/www.notibras.com\/site\/wp-content\/uploads\/2024\/06\/1a97f84a-507a-4a42-9d75-ea41e1c0b097.jpeg\" \/>\n\t<meta property=\"og:image:width\" content=\"512\" \/>\n\t<meta property=\"og:image:height\" content=\"469\" \/>\n\t<meta property=\"og:image:type\" content=\"image\/jpeg\" \/>\n<meta name=\"author\" content=\"Reda\u00e7\u00e3o\" \/>\n<meta name=\"twitter:card\" content=\"summary_large_image\" \/>\n<meta name=\"twitter:creator\" content=\"@Notibras\" \/>\n<meta name=\"twitter:site\" content=\"@Notibras\" \/>\n<meta name=\"twitter:label1\" content=\"Escrito por\" \/>\n\t<meta name=\"twitter:data1\" content=\"Reda\u00e7\u00e3o\" \/>\n\t<meta name=\"twitter:label2\" content=\"Est. tempo de leitura\" \/>\n\t<meta name=\"twitter:data2\" content=\"4 minutos\" \/>\n<script type=\"application\/ld+json\" class=\"yoast-schema-graph\">{\"@context\":\"https:\\\/\\\/schema.org\",\"@graph\":[{\"@type\":\"Article\",\"@id\":\"https:\\\/\\\/www.notibras.com\\\/site\\\/ernesto-que-queria-ser-so-padilha-fica-sem-adalgiza\\\/#article\",\"isPartOf\":{\"@id\":\"https:\\\/\\\/www.notibras.com\\\/site\\\/ernesto-que-queria-ser-so-padilha-fica-sem-adalgiza\\\/\"},\"author\":{\"name\":\"Reda\u00e7\u00e3o\",\"@id\":\"https:\\\/\\\/www.notibras.com\\\/site\\\/#\\\/schema\\\/person\\\/36ab0979449956132d3e5b517ea76ac8\"},\"headline\":\"Ernesto, que queria ser s\u00f3 Padilha, fica sem Adalgiza\",\"datePublished\":\"2024-06-14T09:58:42+00:00\",\"dateModified\":\"2024-06-14T10:04:10+00:00\",\"mainEntityOfPage\":{\"@id\":\"https:\\\/\\\/www.notibras.com\\\/site\\\/ernesto-que-queria-ser-so-padilha-fica-sem-adalgiza\\\/\"},\"wordCount\":430,\"publisher\":{\"@id\":\"https:\\\/\\\/www.notibras.com\\\/site\\\/#organization\"},\"image\":{\"@id\":\"https:\\\/\\\/www.notibras.com\\\/site\\\/ernesto-que-queria-ser-so-padilha-fica-sem-adalgiza\\\/#primaryimage\"},\"thumbnailUrl\":\"https:\\\/\\\/www.notibras.com\\\/site\\\/wp-content\\\/uploads\\\/2024\\\/06\\\/1a97f84a-507a-4a42-9d75-ea41e1c0b097.jpeg\",\"articleSection\":[\"Quadradinho em Foco\"],\"inLanguage\":\"pt-BR\"},{\"@type\":\"WebPage\",\"@id\":\"https:\\\/\\\/www.notibras.com\\\/site\\\/ernesto-que-queria-ser-so-padilha-fica-sem-adalgiza\\\/\",\"url\":\"https:\\\/\\\/www.notibras.com\\\/site\\\/ernesto-que-queria-ser-so-padilha-fica-sem-adalgiza\\\/\",\"name\":\"Ernesto, que queria ser s\u00f3 Padilha, fica sem Adalgiza - Notibras\",\"isPartOf\":{\"@id\":\"https:\\\/\\\/www.notibras.com\\\/site\\\/#website\"},\"primaryImageOfPage\":{\"@id\":\"https:\\\/\\\/www.notibras.com\\\/site\\\/ernesto-que-queria-ser-so-padilha-fica-sem-adalgiza\\\/#primaryimage\"},\"image\":{\"@id\":\"https:\\\/\\\/www.notibras.com\\\/site\\\/ernesto-que-queria-ser-so-padilha-fica-sem-adalgiza\\\/#primaryimage\"},\"thumbnailUrl\":\"https:\\\/\\\/www.notibras.com\\\/site\\\/wp-content\\\/uploads\\\/2024\\\/06\\\/1a97f84a-507a-4a42-9d75-ea41e1c0b097.jpeg\",\"datePublished\":\"2024-06-14T09:58:42+00:00\",\"dateModified\":\"2024-06-14T10:04:10+00:00\",\"breadcrumb\":{\"@id\":\"https:\\\/\\\/www.notibras.com\\\/site\\\/ernesto-que-queria-ser-so-padilha-fica-sem-adalgiza\\\/#breadcrumb\"},\"inLanguage\":\"pt-BR\",\"potentialAction\":[{\"@type\":\"ReadAction\",\"target\":[\"https:\\\/\\\/www.notibras.com\\\/site\\\/ernesto-que-queria-ser-so-padilha-fica-sem-adalgiza\\\/\"]}]},{\"@type\":\"ImageObject\",\"inLanguage\":\"pt-BR\",\"@id\":\"https:\\\/\\\/www.notibras.com\\\/site\\\/ernesto-que-queria-ser-so-padilha-fica-sem-adalgiza\\\/#primaryimage\",\"url\":\"https:\\\/\\\/www.notibras.com\\\/site\\\/wp-content\\\/uploads\\\/2024\\\/06\\\/1a97f84a-507a-4a42-9d75-ea41e1c0b097.jpeg\",\"contentUrl\":\"https:\\\/\\\/www.notibras.com\\\/site\\\/wp-content\\\/uploads\\\/2024\\\/06\\\/1a97f84a-507a-4a42-9d75-ea41e1c0b097.jpeg\",\"width\":512,\"height\":469},{\"@type\":\"BreadcrumbList\",\"@id\":\"https:\\\/\\\/www.notibras.com\\\/site\\\/ernesto-que-queria-ser-so-padilha-fica-sem-adalgiza\\\/#breadcrumb\",\"itemListElement\":[{\"@type\":\"ListItem\",\"position\":1,\"name\":\"In\u00edcio\",\"item\":\"https:\\\/\\\/www.notibras.com\\\/site\\\/\"},{\"@type\":\"ListItem\",\"position\":2,\"name\":\"Ernesto, que queria ser s\u00f3 Padilha, fica sem Adalgiza\"}]},{\"@type\":\"WebSite\",\"@id\":\"https:\\\/\\\/www.notibras.com\\\/site\\\/#website\",\"url\":\"https:\\\/\\\/www.notibras.com\\\/site\\\/\",\"name\":\"Notibras\",\"description\":\"Not\u00edcias de Bras\u00edlia, do Brasil e do Mundo\",\"publisher\":{\"@id\":\"https:\\\/\\\/www.notibras.com\\\/site\\\/#organization\"},\"potentialAction\":[{\"@type\":\"SearchAction\",\"target\":{\"@type\":\"EntryPoint\",\"urlTemplate\":\"https:\\\/\\\/www.notibras.com\\\/site\\\/?s={search_term_string}\"},\"query-input\":{\"@type\":\"PropertyValueSpecification\",\"valueRequired\":true,\"valueName\":\"search_term_string\"}}],\"inLanguage\":\"pt-BR\"},{\"@type\":\"Organization\",\"@id\":\"https:\\\/\\\/www.notibras.com\\\/site\\\/#organization\",\"name\":\"Grupo Notibras de Comunica\u00e7\u00e3o\",\"url\":\"https:\\\/\\\/www.notibras.com\\\/site\\\/\",\"logo\":{\"@type\":\"ImageObject\",\"inLanguage\":\"pt-BR\",\"@id\":\"https:\\\/\\\/www.notibras.com\\\/site\\\/#\\\/schema\\\/logo\\\/image\\\/\",\"url\":\"https:\\\/\\\/www.notibras.com\\\/site\\\/wp-content\\\/uploads\\\/2023\\\/01\\\/notibras23.png\",\"contentUrl\":\"https:\\\/\\\/www.notibras.com\\\/site\\\/wp-content\\\/uploads\\\/2023\\\/01\\\/notibras23.png\",\"width\":350,\"height\":87,\"caption\":\"Grupo Notibras de Comunica\u00e7\u00e3o\"},\"image\":{\"@id\":\"https:\\\/\\\/www.notibras.com\\\/site\\\/#\\\/schema\\\/logo\\\/image\\\/\"},\"sameAs\":[\"https:\\\/\\\/www.facebook.com\\\/notibras\\\/\",\"https:\\\/\\\/x.com\\\/Notibras\",\"https:\\\/\\\/www.instagram.com\\\/notibras\\\/\"]},{\"@type\":\"Person\",\"@id\":\"https:\\\/\\\/www.notibras.com\\\/site\\\/#\\\/schema\\\/person\\\/36ab0979449956132d3e5b517ea76ac8\",\"name\":\"Reda\u00e7\u00e3o\",\"image\":{\"@type\":\"ImageObject\",\"inLanguage\":\"pt-BR\",\"@id\":\"https:\\\/\\\/secure.gravatar.com\\\/avatar\\\/e0a867bdedb85fd243eadf09663511f96fc81e0720a4a42581f334ad4303aa6b?s=96&d=mm&r=g\",\"url\":\"https:\\\/\\\/secure.gravatar.com\\\/avatar\\\/e0a867bdedb85fd243eadf09663511f96fc81e0720a4a42581f334ad4303aa6b?s=96&d=mm&r=g\",\"contentUrl\":\"https:\\\/\\\/secure.gravatar.com\\\/avatar\\\/e0a867bdedb85fd243eadf09663511f96fc81e0720a4a42581f334ad4303aa6b?s=96&d=mm&r=g\",\"caption\":\"Reda\u00e7\u00e3o\"}}]}<\/script>\n<!-- \/ Yoast SEO plugin. -->","yoast_head_json":{"title":"Ernesto, que queria ser s\u00f3 Padilha, fica sem Adalgiza - Notibras","robots":{"index":"index","follow":"follow","max-snippet":"max-snippet:-1","max-image-preview":"max-image-preview:large","max-video-preview":"max-video-preview:-1"},"canonical":"https:\/\/www.notibras.com\/site\/ernesto-que-queria-ser-so-padilha-fica-sem-adalgiza\/","og_locale":"pt_BR","og_type":"article","og_title":"Ernesto, que queria ser s\u00f3 Padilha, fica sem Adalgiza - Notibras","og_description":"Ernesto Padilha. Ernesto para a fam\u00edlia, Padilha para o mundo. At\u00e9 Adalgiza, a colega de trabalho com quem o gajo estava de caso, s\u00f3 o chamava pelo sobrenome, inclusive nas horas de alcova. N\u00e3o se sabe se por conta do h\u00e1bito ou, ent\u00e3o, para n\u00e3o levantar suspeitas. Se bem que o buchicho corria solto entre [&hellip;]","og_url":"https:\/\/www.notibras.com\/site\/ernesto-que-queria-ser-so-padilha-fica-sem-adalgiza\/","og_site_name":"Notibras","article_publisher":"https:\/\/www.facebook.com\/notibras\/","article_published_time":"2024-06-14T09:58:42+00:00","article_modified_time":"2024-06-14T10:04:10+00:00","og_image":[{"width":512,"height":469,"url":"https:\/\/www.notibras.com\/site\/wp-content\/uploads\/2024\/06\/1a97f84a-507a-4a42-9d75-ea41e1c0b097.jpeg","type":"image\/jpeg"}],"author":"Reda\u00e7\u00e3o","twitter_card":"summary_large_image","twitter_creator":"@Notibras","twitter_site":"@Notibras","twitter_misc":{"Escrito por":"Reda\u00e7\u00e3o","Est. tempo de leitura":"4 minutos"},"schema":{"@context":"https:\/\/schema.org","@graph":[{"@type":"Article","@id":"https:\/\/www.notibras.com\/site\/ernesto-que-queria-ser-so-padilha-fica-sem-adalgiza\/#article","isPartOf":{"@id":"https:\/\/www.notibras.com\/site\/ernesto-que-queria-ser-so-padilha-fica-sem-adalgiza\/"},"author":{"name":"Reda\u00e7\u00e3o","@id":"https:\/\/www.notibras.com\/site\/#\/schema\/person\/36ab0979449956132d3e5b517ea76ac8"},"headline":"Ernesto, que queria ser s\u00f3 Padilha, fica sem Adalgiza","datePublished":"2024-06-14T09:58:42+00:00","dateModified":"2024-06-14T10:04:10+00:00","mainEntityOfPage":{"@id":"https:\/\/www.notibras.com\/site\/ernesto-que-queria-ser-so-padilha-fica-sem-adalgiza\/"},"wordCount":430,"publisher":{"@id":"https:\/\/www.notibras.com\/site\/#organization"},"image":{"@id":"https:\/\/www.notibras.com\/site\/ernesto-que-queria-ser-so-padilha-fica-sem-adalgiza\/#primaryimage"},"thumbnailUrl":"https:\/\/www.notibras.com\/site\/wp-content\/uploads\/2024\/06\/1a97f84a-507a-4a42-9d75-ea41e1c0b097.jpeg","articleSection":["Quadradinho em Foco"],"inLanguage":"pt-BR"},{"@type":"WebPage","@id":"https:\/\/www.notibras.com\/site\/ernesto-que-queria-ser-so-padilha-fica-sem-adalgiza\/","url":"https:\/\/www.notibras.com\/site\/ernesto-que-queria-ser-so-padilha-fica-sem-adalgiza\/","name":"Ernesto, que queria ser s\u00f3 Padilha, fica sem Adalgiza - Notibras","isPartOf":{"@id":"https:\/\/www.notibras.com\/site\/#website"},"primaryImageOfPage":{"@id":"https:\/\/www.notibras.com\/site\/ernesto-que-queria-ser-so-padilha-fica-sem-adalgiza\/#primaryimage"},"image":{"@id":"https:\/\/www.notibras.com\/site\/ernesto-que-queria-ser-so-padilha-fica-sem-adalgiza\/#primaryimage"},"thumbnailUrl":"https:\/\/www.notibras.com\/site\/wp-content\/uploads\/2024\/06\/1a97f84a-507a-4a42-9d75-ea41e1c0b097.jpeg","datePublished":"2024-06-14T09:58:42+00:00","dateModified":"2024-06-14T10:04:10+00:00","breadcrumb":{"@id":"https:\/\/www.notibras.com\/site\/ernesto-que-queria-ser-so-padilha-fica-sem-adalgiza\/#breadcrumb"},"inLanguage":"pt-BR","potentialAction":[{"@type":"ReadAction","target":["https:\/\/www.notibras.com\/site\/ernesto-que-queria-ser-so-padilha-fica-sem-adalgiza\/"]}]},{"@type":"ImageObject","inLanguage":"pt-BR","@id":"https:\/\/www.notibras.com\/site\/ernesto-que-queria-ser-so-padilha-fica-sem-adalgiza\/#primaryimage","url":"https:\/\/www.notibras.com\/site\/wp-content\/uploads\/2024\/06\/1a97f84a-507a-4a42-9d75-ea41e1c0b097.jpeg","contentUrl":"https:\/\/www.notibras.com\/site\/wp-content\/uploads\/2024\/06\/1a97f84a-507a-4a42-9d75-ea41e1c0b097.jpeg","width":512,"height":469},{"@type":"BreadcrumbList","@id":"https:\/\/www.notibras.com\/site\/ernesto-que-queria-ser-so-padilha-fica-sem-adalgiza\/#breadcrumb","itemListElement":[{"@type":"ListItem","position":1,"name":"In\u00edcio","item":"https:\/\/www.notibras.com\/site\/"},{"@type":"ListItem","position":2,"name":"Ernesto, que queria ser s\u00f3 Padilha, fica sem Adalgiza"}]},{"@type":"WebSite","@id":"https:\/\/www.notibras.com\/site\/#website","url":"https:\/\/www.notibras.com\/site\/","name":"Notibras","description":"Not\u00edcias de Bras\u00edlia, do Brasil e do Mundo","publisher":{"@id":"https:\/\/www.notibras.com\/site\/#organization"},"potentialAction":[{"@type":"SearchAction","target":{"@type":"EntryPoint","urlTemplate":"https:\/\/www.notibras.com\/site\/?s={search_term_string}"},"query-input":{"@type":"PropertyValueSpecification","valueRequired":true,"valueName":"search_term_string"}}],"inLanguage":"pt-BR"},{"@type":"Organization","@id":"https:\/\/www.notibras.com\/site\/#organization","name":"Grupo Notibras de Comunica\u00e7\u00e3o","url":"https:\/\/www.notibras.com\/site\/","logo":{"@type":"ImageObject","inLanguage":"pt-BR","@id":"https:\/\/www.notibras.com\/site\/#\/schema\/logo\/image\/","url":"https:\/\/www.notibras.com\/site\/wp-content\/uploads\/2023\/01\/notibras23.png","contentUrl":"https:\/\/www.notibras.com\/site\/wp-content\/uploads\/2023\/01\/notibras23.png","width":350,"height":87,"caption":"Grupo Notibras de Comunica\u00e7\u00e3o"},"image":{"@id":"https:\/\/www.notibras.com\/site\/#\/schema\/logo\/image\/"},"sameAs":["https:\/\/www.facebook.com\/notibras\/","https:\/\/x.com\/Notibras","https:\/\/www.instagram.com\/notibras\/"]},{"@type":"Person","@id":"https:\/\/www.notibras.com\/site\/#\/schema\/person\/36ab0979449956132d3e5b517ea76ac8","name":"Reda\u00e7\u00e3o","image":{"@type":"ImageObject","inLanguage":"pt-BR","@id":"https:\/\/secure.gravatar.com\/avatar\/e0a867bdedb85fd243eadf09663511f96fc81e0720a4a42581f334ad4303aa6b?s=96&d=mm&r=g","url":"https:\/\/secure.gravatar.com\/avatar\/e0a867bdedb85fd243eadf09663511f96fc81e0720a4a42581f334ad4303aa6b?s=96&d=mm&r=g","contentUrl":"https:\/\/secure.gravatar.com\/avatar\/e0a867bdedb85fd243eadf09663511f96fc81e0720a4a42581f334ad4303aa6b?s=96&d=mm&r=g","caption":"Reda\u00e7\u00e3o"}}]}},"amp_enabled":true,"_links":{"self":[{"href":"https:\/\/www.notibras.com\/site\/wp-json\/wp\/v2\/posts\/330756","targetHints":{"allow":["GET"]}}],"collection":[{"href":"https:\/\/www.notibras.com\/site\/wp-json\/wp\/v2\/posts"}],"about":[{"href":"https:\/\/www.notibras.com\/site\/wp-json\/wp\/v2\/types\/post"}],"author":[{"embeddable":true,"href":"https:\/\/www.notibras.com\/site\/wp-json\/wp\/v2\/users\/2"}],"replies":[{"embeddable":true,"href":"https:\/\/www.notibras.com\/site\/wp-json\/wp\/v2\/comments?post=330756"}],"version-history":[{"count":4,"href":"https:\/\/www.notibras.com\/site\/wp-json\/wp\/v2\/posts\/330756\/revisions"}],"predecessor-version":[{"id":330761,"href":"https:\/\/www.notibras.com\/site\/wp-json\/wp\/v2\/posts\/330756\/revisions\/330761"}],"wp:featuredmedia":[{"embeddable":true,"href":"https:\/\/www.notibras.com\/site\/wp-json\/wp\/v2\/media\/330757"}],"wp:attachment":[{"href":"https:\/\/www.notibras.com\/site\/wp-json\/wp\/v2\/media?parent=330756"}],"wp:term":[{"taxonomy":"category","embeddable":true,"href":"https:\/\/www.notibras.com\/site\/wp-json\/wp\/v2\/categories?post=330756"},{"taxonomy":"post_tag","embeddable":true,"href":"https:\/\/www.notibras.com\/site\/wp-json\/wp\/v2\/tags?post=330756"}],"curies":[{"name":"wp","href":"https:\/\/api.w.org\/{rel}","templated":true}]}}