{"id":33080,"date":"2015-01-06T14:47:36","date_gmt":"2015-01-06T17:47:36","guid":{"rendered":"http:\/\/www.notibras.com\/site\/?p=33080"},"modified":"2015-01-06T15:58:28","modified_gmt":"2015-01-06T18:58:28","slug":"empregados-da-volkswagen-entram-em-greve-contra-demissao-de-800-metalurgicos","status":"publish","type":"post","link":"https:\/\/www.notibras.com\/site\/empregados-da-volkswagen-entram-em-greve-contra-demissao-de-800-metalurgicos\/","title":{"rendered":"Empregados da Volks entram em greve contra demiss\u00f5es"},"content":{"rendered":"<p>A Volkswagen anunciou hoje (6) a demiss\u00e3o de 800 metal\u00fargicos da f\u00e1brica Anchieta, na regi\u00e3o do ABC Paulista. Contra a decis\u00e3o, os empregados decidiram, durante assembleia no in\u00edcio da manh\u00e3, entrar em greve por tempo indeterminado, at\u00e9 que as demiss\u00f5es sejam revertidas, informou o Sindicato dos Metal\u00fargicos do ABC.<\/p>\n<p>De acordo com o sindicato, aproximadamente 7 mil trabalhadores que entram no primeiro turno de trabalho participaram da assembleia. No total, a f\u00e1brica emprega 13 mil funcion\u00e1rios. A assessoria de imprensa do sindicato informou que os metal\u00fargicos est\u00e3o dentro da f\u00e1brica, mas permanecem de bra\u00e7os cruzados. A Volkswagen, por sua vez, preferiu n\u00e3o comentar a quest\u00e3o.<\/p>\n<p>Desde o ano passado, a Volkswagen adota medidas como f\u00e9rias coletivas e suspens\u00e3o tempor\u00e1ria de contrato de trabalho (<em>lay-off<\/em>) na f\u00e1brica. Segundo a empresa, os funcion\u00e1rios demitidos entram em licen\u00e7a remunerada por 30 dias e depois ser\u00e3o desligados.<\/p>\n<blockquote><p>Os empregados foram informados das demiss\u00f5es por meio de uma carta, enviada no dia 31 de dezembro, dizendo que os metal\u00fargicos n\u00e3o deveriam retornar aos postos de trabalho ap\u00f3s as f\u00e9rias coletivas, e que deveriam procurar o setor de Recursos Humanos da empresa.<\/p><\/blockquote>\n<p>Segundo a Volkswagen, o cen\u00e1rio de retra\u00e7\u00e3o da ind\u00fastria automobil\u00edstica no pa\u00eds nos \u00faltimos dois anos e o aumento da concorr\u00eancia impactaram em seus resultados. Segundo a montadora, de janeiro a dezembro de 2014 a ind\u00fastria automotiva brasileira teve queda aproximada de 7% nas vendas e de mais de 40% nas exporta\u00e7\u00f5es, comparado com o ano de 2013, resultando numa retra\u00e7\u00e3o de 15% na produ\u00e7\u00e3o.<\/p>\n<p>Em 2012, o sindicato e a Volkswagen firmaram um acordo coletivo, com validade at\u00e9 2016, prevendo quest\u00f5es como estabilidade e politica de reajustes. No ano passado, por\u00e9m, a empresa quis rever o acordo, mas a proposta foi rejeitada em assembleia pelos metal\u00fargicos. O sindicato reclama que a empresa, desde ent\u00e3o, n\u00e3o chamou os trabalhadores para negociar e tomou uma decis\u00e3o unilateral com as demiss\u00f5es.<\/p>\n<p>A empresa argumenta que, quando o acordo foi firmado, ap\u00f3s anos de crescimento, a perspectiva para a ind\u00fastria automobil\u00edstica era positiva, pois acreditava-se que seriam vendidas quatro milh\u00f5es de unidades em 2014. \u201cO que ocorreu foi uma retra\u00e7\u00e3o para 3,3 milh\u00f5es. \u00c9 importante lembrar que, na unidade Anchieta, o n\u00edvel de remunera\u00e7\u00e3o m\u00e9dio \u00e9 mais alto que os principais concorrentes, inclusive na regi\u00e3o\u201d, diz a nota da empresa.<\/p>\n<p><strong>Fernanda Cruz, ABr<br \/>\n<\/strong><\/p>\n","protected":false},"excerpt":{"rendered":"<p>A Volkswagen anunciou hoje (6) a demiss\u00e3o de 800 metal\u00fargicos da f\u00e1brica Anchieta, na regi\u00e3o do ABC Paulista. Contra a decis\u00e3o, os empregados decidiram, durante assembleia no in\u00edcio da manh\u00e3, entrar em greve por tempo indeterminado, at\u00e9 que as demiss\u00f5es sejam revertidas, informou o Sindicato dos Metal\u00fargicos do ABC. De acordo com o sindicato, aproximadamente [&hellip;]<\/p>\n","protected":false},"author":1,"featured_media":33082,"comment_status":"open","ping_status":"closed","sticky":false,"template":"","format":"standard","meta":{"_acf_changed":false,"footnotes":""},"categories":[16],"tags":[],"class_list":["post-33080","post","type-post","status-publish","format-standard","has-post-thumbnail","hentry","category-brasil"],"acf":[],"yoast_head":"<!-- This site is optimized with the Yoast SEO plugin v27.2 - https:\/\/yoast.com\/product\/yoast-seo-wordpress\/ -->\n<title>Empregados da Volks entram em greve contra demiss\u00f5es - Notibras<\/title>\n<meta name=\"robots\" content=\"index, follow, max-snippet:-1, max-image-preview:large, max-video-preview:-1\" \/>\n<link rel=\"canonical\" href=\"https:\/\/www.notibras.com\/site\/empregados-da-volkswagen-entram-em-greve-contra-demissao-de-800-metalurgicos\/\" \/>\n<meta property=\"og:locale\" content=\"pt_BR\" \/>\n<meta property=\"og:type\" content=\"article\" \/>\n<meta property=\"og:title\" content=\"Empregados da Volks entram em greve contra demiss\u00f5es - Notibras\" \/>\n<meta property=\"og:description\" content=\"A Volkswagen anunciou hoje (6) a demiss\u00e3o de 800 metal\u00fargicos da f\u00e1brica Anchieta, na regi\u00e3o do ABC Paulista. Contra a decis\u00e3o, os empregados decidiram, durante assembleia no in\u00edcio da manh\u00e3, entrar em greve por tempo indeterminado, at\u00e9 que as demiss\u00f5es sejam revertidas, informou o Sindicato dos Metal\u00fargicos do ABC. De acordo com o sindicato, aproximadamente [&hellip;]\" \/>\n<meta property=\"og:url\" content=\"https:\/\/www.notibras.com\/site\/empregados-da-volkswagen-entram-em-greve-contra-demissao-de-800-metalurgicos\/\" \/>\n<meta property=\"og:site_name\" content=\"Notibras\" \/>\n<meta property=\"article:publisher\" content=\"https:\/\/www.facebook.com\/notibras\/\" \/>\n<meta property=\"article:published_time\" content=\"2015-01-06T17:47:36+00:00\" \/>\n<meta property=\"article:modified_time\" content=\"2015-01-06T18:58:28+00:00\" \/>\n<meta property=\"og:image\" content=\"https:\/\/www.notibras.com\/site\/wp-content\/uploads\/2015\/01\/Sem-t\u00edtulo-110.jpg\" \/>\n\t<meta property=\"og:image:width\" content=\"525\" \/>\n\t<meta property=\"og:image:height\" content=\"350\" \/>\n\t<meta property=\"og:image:type\" content=\"image\/jpeg\" \/>\n<meta name=\"author\" content=\"Reda\u00e7\u00e3o\" \/>\n<meta name=\"twitter:card\" content=\"summary_large_image\" \/>\n<meta name=\"twitter:creator\" content=\"@Notibras\" \/>\n<meta name=\"twitter:site\" content=\"@Notibras\" \/>\n<meta name=\"twitter:label1\" content=\"Escrito por\" \/>\n\t<meta name=\"twitter:data1\" content=\"Reda\u00e7\u00e3o\" \/>\n\t<meta name=\"twitter:label2\" content=\"Est. tempo de leitura\" \/>\n\t<meta name=\"twitter:data2\" content=\"2 minutos\" \/>\n<script type=\"application\/ld+json\" class=\"yoast-schema-graph\">{\"@context\":\"https:\/\/schema.org\",\"@graph\":[{\"@type\":\"Article\",\"@id\":\"https:\/\/www.notibras.com\/site\/empregados-da-volkswagen-entram-em-greve-contra-demissao-de-800-metalurgicos\/#article\",\"isPartOf\":{\"@id\":\"https:\/\/www.notibras.com\/site\/empregados-da-volkswagen-entram-em-greve-contra-demissao-de-800-metalurgicos\/\"},\"author\":{\"name\":\"Reda\u00e7\u00e3o\",\"@id\":\"https:\/\/www.notibras.com\/site\/#\/schema\/person\/00b8e1aa08f9ef6563e878c5159d01cf\"},\"headline\":\"Empregados da Volks entram em greve contra demiss\u00f5es\",\"datePublished\":\"2015-01-06T17:47:36+00:00\",\"dateModified\":\"2015-01-06T18:58:28+00:00\",\"mainEntityOfPage\":{\"@id\":\"https:\/\/www.notibras.com\/site\/empregados-da-volkswagen-entram-em-greve-contra-demissao-de-800-metalurgicos\/\"},\"wordCount\":433,\"commentCount\":0,\"publisher\":{\"@id\":\"https:\/\/www.notibras.com\/site\/#organization\"},\"image\":{\"@id\":\"https:\/\/www.notibras.com\/site\/empregados-da-volkswagen-entram-em-greve-contra-demissao-de-800-metalurgicos\/#primaryimage\"},\"thumbnailUrl\":\"https:\/\/www.notibras.com\/site\/wp-content\/uploads\/2015\/01\/Sem-t\u00edtulo-110.jpg\",\"articleSection\":[\"Brasil\"],\"inLanguage\":\"pt-BR\",\"potentialAction\":[{\"@type\":\"CommentAction\",\"name\":\"Comment\",\"target\":[\"https:\/\/www.notibras.com\/site\/empregados-da-volkswagen-entram-em-greve-contra-demissao-de-800-metalurgicos\/#respond\"]}]},{\"@type\":\"WebPage\",\"@id\":\"https:\/\/www.notibras.com\/site\/empregados-da-volkswagen-entram-em-greve-contra-demissao-de-800-metalurgicos\/\",\"url\":\"https:\/\/www.notibras.com\/site\/empregados-da-volkswagen-entram-em-greve-contra-demissao-de-800-metalurgicos\/\",\"name\":\"Empregados da Volks entram em greve contra demiss\u00f5es - Notibras\",\"isPartOf\":{\"@id\":\"https:\/\/www.notibras.com\/site\/#website\"},\"primaryImageOfPage\":{\"@id\":\"https:\/\/www.notibras.com\/site\/empregados-da-volkswagen-entram-em-greve-contra-demissao-de-800-metalurgicos\/#primaryimage\"},\"image\":{\"@id\":\"https:\/\/www.notibras.com\/site\/empregados-da-volkswagen-entram-em-greve-contra-demissao-de-800-metalurgicos\/#primaryimage\"},\"thumbnailUrl\":\"https:\/\/www.notibras.com\/site\/wp-content\/uploads\/2015\/01\/Sem-t\u00edtulo-110.jpg\",\"datePublished\":\"2015-01-06T17:47:36+00:00\",\"dateModified\":\"2015-01-06T18:58:28+00:00\",\"breadcrumb\":{\"@id\":\"https:\/\/www.notibras.com\/site\/empregados-da-volkswagen-entram-em-greve-contra-demissao-de-800-metalurgicos\/#breadcrumb\"},\"inLanguage\":\"pt-BR\",\"potentialAction\":[{\"@type\":\"ReadAction\",\"target\":[\"https:\/\/www.notibras.com\/site\/empregados-da-volkswagen-entram-em-greve-contra-demissao-de-800-metalurgicos\/\"]}]},{\"@type\":\"ImageObject\",\"inLanguage\":\"pt-BR\",\"@id\":\"https:\/\/www.notibras.com\/site\/empregados-da-volkswagen-entram-em-greve-contra-demissao-de-800-metalurgicos\/#primaryimage\",\"url\":\"https:\/\/www.notibras.com\/site\/wp-content\/uploads\/2015\/01\/Sem-t\u00edtulo-110.jpg\",\"contentUrl\":\"https:\/\/www.notibras.com\/site\/wp-content\/uploads\/2015\/01\/Sem-t\u00edtulo-110.jpg\",\"width\":525,\"height\":350},{\"@type\":\"BreadcrumbList\",\"@id\":\"https:\/\/www.notibras.com\/site\/empregados-da-volkswagen-entram-em-greve-contra-demissao-de-800-metalurgicos\/#breadcrumb\",\"itemListElement\":[{\"@type\":\"ListItem\",\"position\":1,\"name\":\"In\u00edcio\",\"item\":\"https:\/\/www.notibras.com\/site\/\"},{\"@type\":\"ListItem\",\"position\":2,\"name\":\"Empregados da Volks entram em greve contra demiss\u00f5es\"}]},{\"@type\":\"WebSite\",\"@id\":\"https:\/\/www.notibras.com\/site\/#website\",\"url\":\"https:\/\/www.notibras.com\/site\/\",\"name\":\"Notibras\",\"description\":\"Not\u00edcias de Bras\u00edlia, do Brasil e do Mundo\",\"publisher\":{\"@id\":\"https:\/\/www.notibras.com\/site\/#organization\"},\"potentialAction\":[{\"@type\":\"SearchAction\",\"target\":{\"@type\":\"EntryPoint\",\"urlTemplate\":\"https:\/\/www.notibras.com\/site\/?s={search_term_string}\"},\"query-input\":{\"@type\":\"PropertyValueSpecification\",\"valueRequired\":true,\"valueName\":\"search_term_string\"}}],\"inLanguage\":\"pt-BR\"},{\"@type\":\"Organization\",\"@id\":\"https:\/\/www.notibras.com\/site\/#organization\",\"name\":\"Grupo Notibras de Comunica\u00e7\u00e3o\",\"url\":\"https:\/\/www.notibras.com\/site\/\",\"logo\":{\"@type\":\"ImageObject\",\"inLanguage\":\"pt-BR\",\"@id\":\"https:\/\/www.notibras.com\/site\/#\/schema\/logo\/image\/\",\"url\":\"https:\/\/www.notibras.com\/site\/wp-content\/uploads\/2023\/01\/notibras23.png\",\"contentUrl\":\"https:\/\/www.notibras.com\/site\/wp-content\/uploads\/2023\/01\/notibras23.png\",\"width\":350,\"height\":87,\"caption\":\"Grupo Notibras de Comunica\u00e7\u00e3o\"},\"image\":{\"@id\":\"https:\/\/www.notibras.com\/site\/#\/schema\/logo\/image\/\"},\"sameAs\":[\"https:\/\/www.facebook.com\/notibras\/\",\"https:\/\/x.com\/Notibras\",\"https:\/\/www.instagram.com\/notibras\/\"]},{\"@type\":\"Person\",\"@id\":\"https:\/\/www.notibras.com\/site\/#\/schema\/person\/00b8e1aa08f9ef6563e878c5159d01cf\",\"name\":\"Reda\u00e7\u00e3o\",\"image\":{\"@type\":\"ImageObject\",\"inLanguage\":\"pt-BR\",\"@id\":\"https:\/\/secure.gravatar.com\/avatar\/ac5a707d5b47784a5ed426c6e213e201423c750890f64e4c379114dade67dfb9?s=96&d=mm&r=g\",\"url\":\"https:\/\/secure.gravatar.com\/avatar\/ac5a707d5b47784a5ed426c6e213e201423c750890f64e4c379114dade67dfb9?s=96&d=mm&r=g\",\"contentUrl\":\"https:\/\/secure.gravatar.com\/avatar\/ac5a707d5b47784a5ed426c6e213e201423c750890f64e4c379114dade67dfb9?s=96&d=mm&r=g\",\"caption\":\"Reda\u00e7\u00e3o\"}}]}<\/script>\n<!-- \/ Yoast SEO plugin. -->","yoast_head_json":{"title":"Empregados da Volks entram em greve contra demiss\u00f5es - Notibras","robots":{"index":"index","follow":"follow","max-snippet":"max-snippet:-1","max-image-preview":"max-image-preview:large","max-video-preview":"max-video-preview:-1"},"canonical":"https:\/\/www.notibras.com\/site\/empregados-da-volkswagen-entram-em-greve-contra-demissao-de-800-metalurgicos\/","og_locale":"pt_BR","og_type":"article","og_title":"Empregados da Volks entram em greve contra demiss\u00f5es - Notibras","og_description":"A Volkswagen anunciou hoje (6) a demiss\u00e3o de 800 metal\u00fargicos da f\u00e1brica Anchieta, na regi\u00e3o do ABC Paulista. Contra a decis\u00e3o, os empregados decidiram, durante assembleia no in\u00edcio da manh\u00e3, entrar em greve por tempo indeterminado, at\u00e9 que as demiss\u00f5es sejam revertidas, informou o Sindicato dos Metal\u00fargicos do ABC. De acordo com o sindicato, aproximadamente [&hellip;]","og_url":"https:\/\/www.notibras.com\/site\/empregados-da-volkswagen-entram-em-greve-contra-demissao-de-800-metalurgicos\/","og_site_name":"Notibras","article_publisher":"https:\/\/www.facebook.com\/notibras\/","article_published_time":"2015-01-06T17:47:36+00:00","article_modified_time":"2015-01-06T18:58:28+00:00","og_image":[{"width":525,"height":350,"url":"https:\/\/www.notibras.com\/site\/wp-content\/uploads\/2015\/01\/Sem-t\u00edtulo-110.jpg","type":"image\/jpeg"}],"author":"Reda\u00e7\u00e3o","twitter_card":"summary_large_image","twitter_creator":"@Notibras","twitter_site":"@Notibras","twitter_misc":{"Escrito por":"Reda\u00e7\u00e3o","Est. tempo de leitura":"2 minutos"},"schema":{"@context":"https:\/\/schema.org","@graph":[{"@type":"Article","@id":"https:\/\/www.notibras.com\/site\/empregados-da-volkswagen-entram-em-greve-contra-demissao-de-800-metalurgicos\/#article","isPartOf":{"@id":"https:\/\/www.notibras.com\/site\/empregados-da-volkswagen-entram-em-greve-contra-demissao-de-800-metalurgicos\/"},"author":{"name":"Reda\u00e7\u00e3o","@id":"https:\/\/www.notibras.com\/site\/#\/schema\/person\/00b8e1aa08f9ef6563e878c5159d01cf"},"headline":"Empregados da Volks entram em greve contra demiss\u00f5es","datePublished":"2015-01-06T17:47:36+00:00","dateModified":"2015-01-06T18:58:28+00:00","mainEntityOfPage":{"@id":"https:\/\/www.notibras.com\/site\/empregados-da-volkswagen-entram-em-greve-contra-demissao-de-800-metalurgicos\/"},"wordCount":433,"commentCount":0,"publisher":{"@id":"https:\/\/www.notibras.com\/site\/#organization"},"image":{"@id":"https:\/\/www.notibras.com\/site\/empregados-da-volkswagen-entram-em-greve-contra-demissao-de-800-metalurgicos\/#primaryimage"},"thumbnailUrl":"https:\/\/www.notibras.com\/site\/wp-content\/uploads\/2015\/01\/Sem-t\u00edtulo-110.jpg","articleSection":["Brasil"],"inLanguage":"pt-BR","potentialAction":[{"@type":"CommentAction","name":"Comment","target":["https:\/\/www.notibras.com\/site\/empregados-da-volkswagen-entram-em-greve-contra-demissao-de-800-metalurgicos\/#respond"]}]},{"@type":"WebPage","@id":"https:\/\/www.notibras.com\/site\/empregados-da-volkswagen-entram-em-greve-contra-demissao-de-800-metalurgicos\/","url":"https:\/\/www.notibras.com\/site\/empregados-da-volkswagen-entram-em-greve-contra-demissao-de-800-metalurgicos\/","name":"Empregados da Volks entram em greve contra demiss\u00f5es - Notibras","isPartOf":{"@id":"https:\/\/www.notibras.com\/site\/#website"},"primaryImageOfPage":{"@id":"https:\/\/www.notibras.com\/site\/empregados-da-volkswagen-entram-em-greve-contra-demissao-de-800-metalurgicos\/#primaryimage"},"image":{"@id":"https:\/\/www.notibras.com\/site\/empregados-da-volkswagen-entram-em-greve-contra-demissao-de-800-metalurgicos\/#primaryimage"},"thumbnailUrl":"https:\/\/www.notibras.com\/site\/wp-content\/uploads\/2015\/01\/Sem-t\u00edtulo-110.jpg","datePublished":"2015-01-06T17:47:36+00:00","dateModified":"2015-01-06T18:58:28+00:00","breadcrumb":{"@id":"https:\/\/www.notibras.com\/site\/empregados-da-volkswagen-entram-em-greve-contra-demissao-de-800-metalurgicos\/#breadcrumb"},"inLanguage":"pt-BR","potentialAction":[{"@type":"ReadAction","target":["https:\/\/www.notibras.com\/site\/empregados-da-volkswagen-entram-em-greve-contra-demissao-de-800-metalurgicos\/"]}]},{"@type":"ImageObject","inLanguage":"pt-BR","@id":"https:\/\/www.notibras.com\/site\/empregados-da-volkswagen-entram-em-greve-contra-demissao-de-800-metalurgicos\/#primaryimage","url":"https:\/\/www.notibras.com\/site\/wp-content\/uploads\/2015\/01\/Sem-t\u00edtulo-110.jpg","contentUrl":"https:\/\/www.notibras.com\/site\/wp-content\/uploads\/2015\/01\/Sem-t\u00edtulo-110.jpg","width":525,"height":350},{"@type":"BreadcrumbList","@id":"https:\/\/www.notibras.com\/site\/empregados-da-volkswagen-entram-em-greve-contra-demissao-de-800-metalurgicos\/#breadcrumb","itemListElement":[{"@type":"ListItem","position":1,"name":"In\u00edcio","item":"https:\/\/www.notibras.com\/site\/"},{"@type":"ListItem","position":2,"name":"Empregados da Volks entram em greve contra demiss\u00f5es"}]},{"@type":"WebSite","@id":"https:\/\/www.notibras.com\/site\/#website","url":"https:\/\/www.notibras.com\/site\/","name":"Notibras","description":"Not\u00edcias de Bras\u00edlia, do Brasil e do Mundo","publisher":{"@id":"https:\/\/www.notibras.com\/site\/#organization"},"potentialAction":[{"@type":"SearchAction","target":{"@type":"EntryPoint","urlTemplate":"https:\/\/www.notibras.com\/site\/?s={search_term_string}"},"query-input":{"@type":"PropertyValueSpecification","valueRequired":true,"valueName":"search_term_string"}}],"inLanguage":"pt-BR"},{"@type":"Organization","@id":"https:\/\/www.notibras.com\/site\/#organization","name":"Grupo Notibras de Comunica\u00e7\u00e3o","url":"https:\/\/www.notibras.com\/site\/","logo":{"@type":"ImageObject","inLanguage":"pt-BR","@id":"https:\/\/www.notibras.com\/site\/#\/schema\/logo\/image\/","url":"https:\/\/www.notibras.com\/site\/wp-content\/uploads\/2023\/01\/notibras23.png","contentUrl":"https:\/\/www.notibras.com\/site\/wp-content\/uploads\/2023\/01\/notibras23.png","width":350,"height":87,"caption":"Grupo Notibras de Comunica\u00e7\u00e3o"},"image":{"@id":"https:\/\/www.notibras.com\/site\/#\/schema\/logo\/image\/"},"sameAs":["https:\/\/www.facebook.com\/notibras\/","https:\/\/x.com\/Notibras","https:\/\/www.instagram.com\/notibras\/"]},{"@type":"Person","@id":"https:\/\/www.notibras.com\/site\/#\/schema\/person\/00b8e1aa08f9ef6563e878c5159d01cf","name":"Reda\u00e7\u00e3o","image":{"@type":"ImageObject","inLanguage":"pt-BR","@id":"https:\/\/secure.gravatar.com\/avatar\/ac5a707d5b47784a5ed426c6e213e201423c750890f64e4c379114dade67dfb9?s=96&d=mm&r=g","url":"https:\/\/secure.gravatar.com\/avatar\/ac5a707d5b47784a5ed426c6e213e201423c750890f64e4c379114dade67dfb9?s=96&d=mm&r=g","contentUrl":"https:\/\/secure.gravatar.com\/avatar\/ac5a707d5b47784a5ed426c6e213e201423c750890f64e4c379114dade67dfb9?s=96&d=mm&r=g","caption":"Reda\u00e7\u00e3o"}}]}},"amp_enabled":true,"_links":{"self":[{"href":"https:\/\/www.notibras.com\/site\/wp-json\/wp\/v2\/posts\/33080","targetHints":{"allow":["GET"]}}],"collection":[{"href":"https:\/\/www.notibras.com\/site\/wp-json\/wp\/v2\/posts"}],"about":[{"href":"https:\/\/www.notibras.com\/site\/wp-json\/wp\/v2\/types\/post"}],"author":[{"embeddable":true,"href":"https:\/\/www.notibras.com\/site\/wp-json\/wp\/v2\/users\/1"}],"replies":[{"embeddable":true,"href":"https:\/\/www.notibras.com\/site\/wp-json\/wp\/v2\/comments?post=33080"}],"version-history":[{"count":0,"href":"https:\/\/www.notibras.com\/site\/wp-json\/wp\/v2\/posts\/33080\/revisions"}],"wp:featuredmedia":[{"embeddable":true,"href":"https:\/\/www.notibras.com\/site\/wp-json\/wp\/v2\/media\/33082"}],"wp:attachment":[{"href":"https:\/\/www.notibras.com\/site\/wp-json\/wp\/v2\/media?parent=33080"}],"wp:term":[{"taxonomy":"category","embeddable":true,"href":"https:\/\/www.notibras.com\/site\/wp-json\/wp\/v2\/categories?post=33080"},{"taxonomy":"post_tag","embeddable":true,"href":"https:\/\/www.notibras.com\/site\/wp-json\/wp\/v2\/tags?post=33080"}],"curies":[{"name":"wp","href":"https:\/\/api.w.org\/{rel}","templated":true}]}}