{"id":330806,"date":"2024-06-15T00:45:41","date_gmt":"2024-06-15T03:45:41","guid":{"rendered":"https:\/\/www.notibras.com\/site\/?p=330806"},"modified":"2024-06-15T05:48:07","modified_gmt":"2024-06-15T08:48:07","slug":"embrapa-debate-tecnica-de-agricultura-irrigada-no-cerrado","status":"publish","type":"post","link":"https:\/\/www.notibras.com\/site\/embrapa-debate-tecnica-de-agricultura-irrigada-no-cerrado\/","title":{"rendered":"Embrapa debate t\u00e9cnica de agricultura irrigada no Cerrado"},"content":{"rendered":"<p>&#8220;N\u00e3o existe nenhuma tecnologia melhor do que a irriga\u00e7\u00e3o para que a produ\u00e7\u00e3o agr\u00edcola seja intensificada e o Brasil consiga atender \u00e0 crescente demanda mundial por produ\u00e7\u00e3o de alimentos dos pr\u00f3ximos anos&#8221;. \u00c9 o que afirmou o pesquisador da Embrapa Cerrados, Lineu Rodrigues, durante palestra no III Encontro de Agricultura Irrigada do Brasil Central &#8211; evento realizado pelo Instituto de Pesquisa e Inova\u00e7\u00e3o na Agricultura Irrigada \u2013 Inovagri, no Centro Comunit\u00e1rio Athos Bulc\u00e3o, da UnB.<\/p>\n<p>O pesquisador participou de uma das mesas-redondas do evento e apresentou a palestra &#8220;Agricultura irrigada: desafios, estrat\u00e9gias de representa\u00e7\u00e3o e defesa do desenvolvimento sustent\u00e1vel&#8221;. Segundo Rodrigues, produzir alimento ser\u00e1 cada vez mais desafiador por conta do clima. &#8220;Temos muitas incertezas, mas algumas certezas. A chuva ficar\u00e1 cada vez mais concentrada e intensa. Isso n\u00e3o \u00e9 bom para produzir alimentos e impacta diretamente na demanda de irriga\u00e7\u00e3o, que tem mais rela\u00e7\u00e3o com a distribui\u00e7\u00e3o da chuva do que com a quantidade&#8221;, explicou.<\/p>\n<p>De acordo com o pesquisador, o Brasil tem 12% das reservas de \u00e1gua doce do planeta. &#8220;N\u00e3o d\u00e1 para falar em falta de \u00e1gua para a agricultura em um pa\u00eds como o nosso&#8221;, ponderou. Segundo ele, o que h\u00e1, de fato, \u00e9 uma variabilidade temporal e espacial de \u00e1gua no pa\u00eds, o que pode ser resolvido com as barragens, que servem para transpor \u00e1gua no tempo, e com as transposi\u00e7\u00f5es de \u00e1gua entre regi\u00f5es. A \u00e1rea irrigada no Brasil \u00e9 de cerca de 8,5 milh\u00f5es de hectares, sendo a \u00e1rea potencial de 55 milh\u00f5es de ha. &#8220;O Brasil irriga hoje 2% do que se irriga no mundo e utiliza menos de 1% da vaz\u00e3o dispon\u00edvel&#8221;.<\/p>\n<p>Para o especialista, um dos grandes benef\u00edcios da irriga\u00e7\u00e3o \u00e9 justamente proporcionar estabilidade de produ\u00e7\u00e3o, uma vez que com ela se reduz o impacto do clima nas culturas. Ele elencou ainda outras raz\u00f5es para que a agricultura irrigada seja pensada de forma positiva, que v\u00e3o desde o aumento de produtividade, uma vez que no irrigado ela (produtividade) \u00e9 em m\u00e9dia tr\u00eas vezes maior do que no sequeiro, viabilidade de produ\u00e7\u00e3o durante o ano todo e garantia de qualidade ao produto final.<\/p>\n<p>O pesquisador destacou, ainda, que com a irriga\u00e7\u00e3o \u00e9 poss\u00edvel viabilizar a produ\u00e7\u00e3o de certas culturas, como, por exemplo, hortali\u00e7as e frutas. &#8220;A irriga\u00e7\u00e3o permite melhorar a vida das pessoas e n\u00e3o tem nada mais importante do que isso. Ningu\u00e9m pensa em mudan\u00e7as clim\u00e1ticas passando fome&#8221;, enfatizou. Ele citou um exemplo de como a agricultura irrigada est\u00e1 sendo promotora do desenvolvimento regional: o projeto Fruticultura Irrigada do V\u00e3o do Paran\u00e3, desenvolvido no nordeste de Goi\u00e1s e que conta com a Embrapa como parceira. &#8220;Trata-se de um projeto refer\u00eancia para o Brasil e que poder\u00e1 ser replicado em outras partes do Pa\u00eds&#8221;.<\/p>\n<p>De acordo com o pesquisador Lineu Rodrigues, hoje o Brasil \u00e9 refer\u00eancia em quest\u00e3o de tecnologia de irriga\u00e7\u00e3o, mas por outro lado precisa avan\u00e7ar quando o assunto \u00e9 a legisla\u00e7\u00e3o, para adequ\u00e1-la \u00e0s novas tecnologias. &#8220;Para isso, criamos em 2021 a Rede Nacional de Agricultura Irrigada (Renai) a fim de atuar junto ao parlamento e ao executivo em quest\u00f5es estrat\u00e9gicas para o desenvolvimento sustent\u00e1vel da agricultura irrigada&#8221;. Segundo ele, o que se busca com a rede \u00e9 apresentar a agricultura irrigada como um vetor para o desenvolvimento, com contribui\u00e7\u00f5es efetivas para seguran\u00e7a alimentar, econ\u00f4mica e ambiental do Brasil.<\/p>\n<p>Capacita\u00e7\u00e3o e visita \u2013 na programa\u00e7\u00e3o do Encontro tamb\u00e9m teve minicursos. Um deles foi sobre o Zoneamento Agr\u00edcola de Risco Clim\u00e1tico para cultivos irrigados, conduzido pela pesquisadora da Embrapa Cerrados, Maria Em\u00edlia Borges. A capacita\u00e7\u00e3o contou com 30 participantes e abordou uma vis\u00e3o geral do zoneamento e a metodologia para a gera\u00e7\u00e3o dele para os cultivos irrigados, o que o diferencia daquele para os cultivos de sequeiro. &#8220;E a fim de demonstrar a sua metodologia e aplicabilidade, foi apresentado o estudo de caso do ZARC para a cafeicultura irrigada&#8221;, explicou a pesquisadora.<\/p>\n<p>A programa\u00e7\u00e3o do evento contou ainda com visitas t\u00e9cnicas, uma delas foi realizada na Embrapa Cerrados (Planaltina-DF), na quarta-feira (11). Participaram cerca de 60 alunos dos cursos de Agronomia e Engenharia Agr\u00edcola da Universidade Federal de Alagoas, da Universidade Federal de Uberl\u00e2ndia (campus Monte Carmelo) e da Universidade Federal dos Vales Jequitinhonha e Mucuri (campus Una\u00ed).<\/p>\n<p>Os estudantes foram recebidos pela pesquisadora Maria Em\u00edlia Borges, que falou sobre a import\u00e2ncia da Unidade para o desenvolvimento agropecu\u00e1rio do Cerrado e exibiu o v\u00eddeo institucional do centro de pesquisa. Nos campos experimentais, a pesquisadora apresentou a Unidade de Refer\u00eancia em Manejo de \u00c1gua (URMA) II. Os visitantes tamb\u00e9m conheceram os experimentos com caf\u00e9 irrigado, mostrados pelo pesquisador Adriano Veiga.<\/p>\n","protected":false},"excerpt":{"rendered":"<p>&#8220;N\u00e3o existe nenhuma tecnologia melhor do que a irriga\u00e7\u00e3o para que a produ\u00e7\u00e3o agr\u00edcola seja intensificada e o Brasil consiga atender \u00e0 crescente demanda mundial por produ\u00e7\u00e3o de alimentos dos pr\u00f3ximos anos&#8221;. \u00c9 o que afirmou o pesquisador da Embrapa Cerrados, Lineu Rodrigues, durante palestra no III Encontro de Agricultura Irrigada do Brasil Central &#8211; [&hellip;]<\/p>\n","protected":false},"author":2,"featured_media":271766,"comment_status":"closed","ping_status":"closed","sticky":false,"template":"","format":"standard","meta":{"_acf_changed":false,"footnotes":""},"categories":[161],"tags":[],"class_list":["post-330806","post","type-post","status-publish","format-standard","has-post-thumbnail","hentry","category-quadradinho-em-foco"],"acf":[],"yoast_head":"<!-- This site is optimized with the Yoast SEO plugin v27.5 - https:\/\/yoast.com\/product\/yoast-seo-wordpress\/ -->\n<title>Embrapa debate t\u00e9cnica de agricultura irrigada no Cerrado - Notibras<\/title>\n<meta name=\"robots\" content=\"index, follow, max-snippet:-1, max-image-preview:large, max-video-preview:-1\" \/>\n<link rel=\"canonical\" href=\"https:\/\/www.notibras.com\/site\/embrapa-debate-tecnica-de-agricultura-irrigada-no-cerrado\/\" \/>\n<meta property=\"og:locale\" content=\"pt_BR\" \/>\n<meta property=\"og:type\" content=\"article\" \/>\n<meta property=\"og:title\" content=\"Embrapa debate t\u00e9cnica de agricultura irrigada no Cerrado - Notibras\" \/>\n<meta property=\"og:description\" content=\"&#8220;N\u00e3o existe nenhuma tecnologia melhor do que a irriga\u00e7\u00e3o para que a produ\u00e7\u00e3o agr\u00edcola seja intensificada e o Brasil consiga atender \u00e0 crescente demanda mundial por produ\u00e7\u00e3o de alimentos dos pr\u00f3ximos anos&#8221;. \u00c9 o que afirmou o pesquisador da Embrapa Cerrados, Lineu Rodrigues, durante palestra no III Encontro de Agricultura Irrigada do Brasil Central &#8211; [&hellip;]\" \/>\n<meta property=\"og:url\" content=\"https:\/\/www.notibras.com\/site\/embrapa-debate-tecnica-de-agricultura-irrigada-no-cerrado\/\" \/>\n<meta property=\"og:site_name\" content=\"Notibras\" \/>\n<meta property=\"article:publisher\" content=\"https:\/\/www.facebook.com\/notibras\/\" \/>\n<meta property=\"article:published_time\" content=\"2024-06-15T03:45:41+00:00\" \/>\n<meta property=\"article:modified_time\" content=\"2024-06-15T08:48:07+00:00\" \/>\n<meta property=\"og:image\" content=\"https:\/\/www.notibras.com\/site\/wp-content\/uploads\/2021\/10\/agricultura-ilton-alves.jpg\" \/>\n\t<meta property=\"og:image:width\" content=\"1170\" \/>\n\t<meta property=\"og:image:height\" content=\"700\" \/>\n\t<meta property=\"og:image:type\" content=\"image\/jpeg\" \/>\n<meta name=\"author\" content=\"Reda\u00e7\u00e3o\" \/>\n<meta name=\"twitter:card\" content=\"summary_large_image\" \/>\n<meta name=\"twitter:creator\" content=\"@Notibras\" \/>\n<meta name=\"twitter:site\" content=\"@Notibras\" \/>\n<meta name=\"twitter:label1\" content=\"Escrito por\" \/>\n\t<meta name=\"twitter:data1\" content=\"Reda\u00e7\u00e3o\" \/>\n\t<meta name=\"twitter:label2\" content=\"Est. tempo de leitura\" \/>\n\t<meta name=\"twitter:data2\" content=\"5 minutos\" \/>\n<script type=\"application\/ld+json\" class=\"yoast-schema-graph\">{\"@context\":\"https:\\\/\\\/schema.org\",\"@graph\":[{\"@type\":\"Article\",\"@id\":\"https:\\\/\\\/www.notibras.com\\\/site\\\/embrapa-debate-tecnica-de-agricultura-irrigada-no-cerrado\\\/#article\",\"isPartOf\":{\"@id\":\"https:\\\/\\\/www.notibras.com\\\/site\\\/embrapa-debate-tecnica-de-agricultura-irrigada-no-cerrado\\\/\"},\"author\":{\"name\":\"Reda\u00e7\u00e3o\",\"@id\":\"https:\\\/\\\/www.notibras.com\\\/site\\\/#\\\/schema\\\/person\\\/36ab0979449956132d3e5b517ea76ac8\"},\"headline\":\"Embrapa debate t\u00e9cnica de agricultura irrigada no Cerrado\",\"datePublished\":\"2024-06-15T03:45:41+00:00\",\"dateModified\":\"2024-06-15T08:48:07+00:00\",\"mainEntityOfPage\":{\"@id\":\"https:\\\/\\\/www.notibras.com\\\/site\\\/embrapa-debate-tecnica-de-agricultura-irrigada-no-cerrado\\\/\"},\"wordCount\":824,\"publisher\":{\"@id\":\"https:\\\/\\\/www.notibras.com\\\/site\\\/#organization\"},\"image\":{\"@id\":\"https:\\\/\\\/www.notibras.com\\\/site\\\/embrapa-debate-tecnica-de-agricultura-irrigada-no-cerrado\\\/#primaryimage\"},\"thumbnailUrl\":\"https:\\\/\\\/www.notibras.com\\\/site\\\/wp-content\\\/uploads\\\/2021\\\/10\\\/agricultura-ilton-alves.jpg\",\"articleSection\":[\"Quadradinho em Foco\"],\"inLanguage\":\"pt-BR\"},{\"@type\":\"WebPage\",\"@id\":\"https:\\\/\\\/www.notibras.com\\\/site\\\/embrapa-debate-tecnica-de-agricultura-irrigada-no-cerrado\\\/\",\"url\":\"https:\\\/\\\/www.notibras.com\\\/site\\\/embrapa-debate-tecnica-de-agricultura-irrigada-no-cerrado\\\/\",\"name\":\"Embrapa debate t\u00e9cnica de agricultura irrigada no Cerrado - Notibras\",\"isPartOf\":{\"@id\":\"https:\\\/\\\/www.notibras.com\\\/site\\\/#website\"},\"primaryImageOfPage\":{\"@id\":\"https:\\\/\\\/www.notibras.com\\\/site\\\/embrapa-debate-tecnica-de-agricultura-irrigada-no-cerrado\\\/#primaryimage\"},\"image\":{\"@id\":\"https:\\\/\\\/www.notibras.com\\\/site\\\/embrapa-debate-tecnica-de-agricultura-irrigada-no-cerrado\\\/#primaryimage\"},\"thumbnailUrl\":\"https:\\\/\\\/www.notibras.com\\\/site\\\/wp-content\\\/uploads\\\/2021\\\/10\\\/agricultura-ilton-alves.jpg\",\"datePublished\":\"2024-06-15T03:45:41+00:00\",\"dateModified\":\"2024-06-15T08:48:07+00:00\",\"breadcrumb\":{\"@id\":\"https:\\\/\\\/www.notibras.com\\\/site\\\/embrapa-debate-tecnica-de-agricultura-irrigada-no-cerrado\\\/#breadcrumb\"},\"inLanguage\":\"pt-BR\",\"potentialAction\":[{\"@type\":\"ReadAction\",\"target\":[\"https:\\\/\\\/www.notibras.com\\\/site\\\/embrapa-debate-tecnica-de-agricultura-irrigada-no-cerrado\\\/\"]}]},{\"@type\":\"ImageObject\",\"inLanguage\":\"pt-BR\",\"@id\":\"https:\\\/\\\/www.notibras.com\\\/site\\\/embrapa-debate-tecnica-de-agricultura-irrigada-no-cerrado\\\/#primaryimage\",\"url\":\"https:\\\/\\\/www.notibras.com\\\/site\\\/wp-content\\\/uploads\\\/2021\\\/10\\\/agricultura-ilton-alves.jpg\",\"contentUrl\":\"https:\\\/\\\/www.notibras.com\\\/site\\\/wp-content\\\/uploads\\\/2021\\\/10\\\/agricultura-ilton-alves.jpg\",\"width\":1170,\"height\":700},{\"@type\":\"BreadcrumbList\",\"@id\":\"https:\\\/\\\/www.notibras.com\\\/site\\\/embrapa-debate-tecnica-de-agricultura-irrigada-no-cerrado\\\/#breadcrumb\",\"itemListElement\":[{\"@type\":\"ListItem\",\"position\":1,\"name\":\"In\u00edcio\",\"item\":\"https:\\\/\\\/www.notibras.com\\\/site\\\/\"},{\"@type\":\"ListItem\",\"position\":2,\"name\":\"Embrapa debate t\u00e9cnica de agricultura irrigada no Cerrado\"}]},{\"@type\":\"WebSite\",\"@id\":\"https:\\\/\\\/www.notibras.com\\\/site\\\/#website\",\"url\":\"https:\\\/\\\/www.notibras.com\\\/site\\\/\",\"name\":\"Notibras\",\"description\":\"Not\u00edcias de Bras\u00edlia, do Brasil e do Mundo\",\"publisher\":{\"@id\":\"https:\\\/\\\/www.notibras.com\\\/site\\\/#organization\"},\"potentialAction\":[{\"@type\":\"SearchAction\",\"target\":{\"@type\":\"EntryPoint\",\"urlTemplate\":\"https:\\\/\\\/www.notibras.com\\\/site\\\/?s={search_term_string}\"},\"query-input\":{\"@type\":\"PropertyValueSpecification\",\"valueRequired\":true,\"valueName\":\"search_term_string\"}}],\"inLanguage\":\"pt-BR\"},{\"@type\":\"Organization\",\"@id\":\"https:\\\/\\\/www.notibras.com\\\/site\\\/#organization\",\"name\":\"Grupo Notibras de Comunica\u00e7\u00e3o\",\"url\":\"https:\\\/\\\/www.notibras.com\\\/site\\\/\",\"logo\":{\"@type\":\"ImageObject\",\"inLanguage\":\"pt-BR\",\"@id\":\"https:\\\/\\\/www.notibras.com\\\/site\\\/#\\\/schema\\\/logo\\\/image\\\/\",\"url\":\"https:\\\/\\\/www.notibras.com\\\/site\\\/wp-content\\\/uploads\\\/2023\\\/01\\\/notibras23.png\",\"contentUrl\":\"https:\\\/\\\/www.notibras.com\\\/site\\\/wp-content\\\/uploads\\\/2023\\\/01\\\/notibras23.png\",\"width\":350,\"height\":87,\"caption\":\"Grupo Notibras de Comunica\u00e7\u00e3o\"},\"image\":{\"@id\":\"https:\\\/\\\/www.notibras.com\\\/site\\\/#\\\/schema\\\/logo\\\/image\\\/\"},\"sameAs\":[\"https:\\\/\\\/www.facebook.com\\\/notibras\\\/\",\"https:\\\/\\\/x.com\\\/Notibras\",\"https:\\\/\\\/www.instagram.com\\\/notibras\\\/\"]},{\"@type\":\"Person\",\"@id\":\"https:\\\/\\\/www.notibras.com\\\/site\\\/#\\\/schema\\\/person\\\/36ab0979449956132d3e5b517ea76ac8\",\"name\":\"Reda\u00e7\u00e3o\",\"image\":{\"@type\":\"ImageObject\",\"inLanguage\":\"pt-BR\",\"@id\":\"https:\\\/\\\/secure.gravatar.com\\\/avatar\\\/e0a867bdedb85fd243eadf09663511f96fc81e0720a4a42581f334ad4303aa6b?s=96&d=mm&r=g\",\"url\":\"https:\\\/\\\/secure.gravatar.com\\\/avatar\\\/e0a867bdedb85fd243eadf09663511f96fc81e0720a4a42581f334ad4303aa6b?s=96&d=mm&r=g\",\"contentUrl\":\"https:\\\/\\\/secure.gravatar.com\\\/avatar\\\/e0a867bdedb85fd243eadf09663511f96fc81e0720a4a42581f334ad4303aa6b?s=96&d=mm&r=g\",\"caption\":\"Reda\u00e7\u00e3o\"}}]}<\/script>\n<!-- \/ Yoast SEO plugin. -->","yoast_head_json":{"title":"Embrapa debate t\u00e9cnica de agricultura irrigada no Cerrado - Notibras","robots":{"index":"index","follow":"follow","max-snippet":"max-snippet:-1","max-image-preview":"max-image-preview:large","max-video-preview":"max-video-preview:-1"},"canonical":"https:\/\/www.notibras.com\/site\/embrapa-debate-tecnica-de-agricultura-irrigada-no-cerrado\/","og_locale":"pt_BR","og_type":"article","og_title":"Embrapa debate t\u00e9cnica de agricultura irrigada no Cerrado - Notibras","og_description":"&#8220;N\u00e3o existe nenhuma tecnologia melhor do que a irriga\u00e7\u00e3o para que a produ\u00e7\u00e3o agr\u00edcola seja intensificada e o Brasil consiga atender \u00e0 crescente demanda mundial por produ\u00e7\u00e3o de alimentos dos pr\u00f3ximos anos&#8221;. \u00c9 o que afirmou o pesquisador da Embrapa Cerrados, Lineu Rodrigues, durante palestra no III Encontro de Agricultura Irrigada do Brasil Central &#8211; [&hellip;]","og_url":"https:\/\/www.notibras.com\/site\/embrapa-debate-tecnica-de-agricultura-irrigada-no-cerrado\/","og_site_name":"Notibras","article_publisher":"https:\/\/www.facebook.com\/notibras\/","article_published_time":"2024-06-15T03:45:41+00:00","article_modified_time":"2024-06-15T08:48:07+00:00","og_image":[{"width":1170,"height":700,"url":"https:\/\/www.notibras.com\/site\/wp-content\/uploads\/2021\/10\/agricultura-ilton-alves.jpg","type":"image\/jpeg"}],"author":"Reda\u00e7\u00e3o","twitter_card":"summary_large_image","twitter_creator":"@Notibras","twitter_site":"@Notibras","twitter_misc":{"Escrito por":"Reda\u00e7\u00e3o","Est. tempo de leitura":"5 minutos"},"schema":{"@context":"https:\/\/schema.org","@graph":[{"@type":"Article","@id":"https:\/\/www.notibras.com\/site\/embrapa-debate-tecnica-de-agricultura-irrigada-no-cerrado\/#article","isPartOf":{"@id":"https:\/\/www.notibras.com\/site\/embrapa-debate-tecnica-de-agricultura-irrigada-no-cerrado\/"},"author":{"name":"Reda\u00e7\u00e3o","@id":"https:\/\/www.notibras.com\/site\/#\/schema\/person\/36ab0979449956132d3e5b517ea76ac8"},"headline":"Embrapa debate t\u00e9cnica de agricultura irrigada no Cerrado","datePublished":"2024-06-15T03:45:41+00:00","dateModified":"2024-06-15T08:48:07+00:00","mainEntityOfPage":{"@id":"https:\/\/www.notibras.com\/site\/embrapa-debate-tecnica-de-agricultura-irrigada-no-cerrado\/"},"wordCount":824,"publisher":{"@id":"https:\/\/www.notibras.com\/site\/#organization"},"image":{"@id":"https:\/\/www.notibras.com\/site\/embrapa-debate-tecnica-de-agricultura-irrigada-no-cerrado\/#primaryimage"},"thumbnailUrl":"https:\/\/www.notibras.com\/site\/wp-content\/uploads\/2021\/10\/agricultura-ilton-alves.jpg","articleSection":["Quadradinho em Foco"],"inLanguage":"pt-BR"},{"@type":"WebPage","@id":"https:\/\/www.notibras.com\/site\/embrapa-debate-tecnica-de-agricultura-irrigada-no-cerrado\/","url":"https:\/\/www.notibras.com\/site\/embrapa-debate-tecnica-de-agricultura-irrigada-no-cerrado\/","name":"Embrapa debate t\u00e9cnica de agricultura irrigada no Cerrado - Notibras","isPartOf":{"@id":"https:\/\/www.notibras.com\/site\/#website"},"primaryImageOfPage":{"@id":"https:\/\/www.notibras.com\/site\/embrapa-debate-tecnica-de-agricultura-irrigada-no-cerrado\/#primaryimage"},"image":{"@id":"https:\/\/www.notibras.com\/site\/embrapa-debate-tecnica-de-agricultura-irrigada-no-cerrado\/#primaryimage"},"thumbnailUrl":"https:\/\/www.notibras.com\/site\/wp-content\/uploads\/2021\/10\/agricultura-ilton-alves.jpg","datePublished":"2024-06-15T03:45:41+00:00","dateModified":"2024-06-15T08:48:07+00:00","breadcrumb":{"@id":"https:\/\/www.notibras.com\/site\/embrapa-debate-tecnica-de-agricultura-irrigada-no-cerrado\/#breadcrumb"},"inLanguage":"pt-BR","potentialAction":[{"@type":"ReadAction","target":["https:\/\/www.notibras.com\/site\/embrapa-debate-tecnica-de-agricultura-irrigada-no-cerrado\/"]}]},{"@type":"ImageObject","inLanguage":"pt-BR","@id":"https:\/\/www.notibras.com\/site\/embrapa-debate-tecnica-de-agricultura-irrigada-no-cerrado\/#primaryimage","url":"https:\/\/www.notibras.com\/site\/wp-content\/uploads\/2021\/10\/agricultura-ilton-alves.jpg","contentUrl":"https:\/\/www.notibras.com\/site\/wp-content\/uploads\/2021\/10\/agricultura-ilton-alves.jpg","width":1170,"height":700},{"@type":"BreadcrumbList","@id":"https:\/\/www.notibras.com\/site\/embrapa-debate-tecnica-de-agricultura-irrigada-no-cerrado\/#breadcrumb","itemListElement":[{"@type":"ListItem","position":1,"name":"In\u00edcio","item":"https:\/\/www.notibras.com\/site\/"},{"@type":"ListItem","position":2,"name":"Embrapa debate t\u00e9cnica de agricultura irrigada no Cerrado"}]},{"@type":"WebSite","@id":"https:\/\/www.notibras.com\/site\/#website","url":"https:\/\/www.notibras.com\/site\/","name":"Notibras","description":"Not\u00edcias de Bras\u00edlia, do Brasil e do Mundo","publisher":{"@id":"https:\/\/www.notibras.com\/site\/#organization"},"potentialAction":[{"@type":"SearchAction","target":{"@type":"EntryPoint","urlTemplate":"https:\/\/www.notibras.com\/site\/?s={search_term_string}"},"query-input":{"@type":"PropertyValueSpecification","valueRequired":true,"valueName":"search_term_string"}}],"inLanguage":"pt-BR"},{"@type":"Organization","@id":"https:\/\/www.notibras.com\/site\/#organization","name":"Grupo Notibras de Comunica\u00e7\u00e3o","url":"https:\/\/www.notibras.com\/site\/","logo":{"@type":"ImageObject","inLanguage":"pt-BR","@id":"https:\/\/www.notibras.com\/site\/#\/schema\/logo\/image\/","url":"https:\/\/www.notibras.com\/site\/wp-content\/uploads\/2023\/01\/notibras23.png","contentUrl":"https:\/\/www.notibras.com\/site\/wp-content\/uploads\/2023\/01\/notibras23.png","width":350,"height":87,"caption":"Grupo Notibras de Comunica\u00e7\u00e3o"},"image":{"@id":"https:\/\/www.notibras.com\/site\/#\/schema\/logo\/image\/"},"sameAs":["https:\/\/www.facebook.com\/notibras\/","https:\/\/x.com\/Notibras","https:\/\/www.instagram.com\/notibras\/"]},{"@type":"Person","@id":"https:\/\/www.notibras.com\/site\/#\/schema\/person\/36ab0979449956132d3e5b517ea76ac8","name":"Reda\u00e7\u00e3o","image":{"@type":"ImageObject","inLanguage":"pt-BR","@id":"https:\/\/secure.gravatar.com\/avatar\/e0a867bdedb85fd243eadf09663511f96fc81e0720a4a42581f334ad4303aa6b?s=96&d=mm&r=g","url":"https:\/\/secure.gravatar.com\/avatar\/e0a867bdedb85fd243eadf09663511f96fc81e0720a4a42581f334ad4303aa6b?s=96&d=mm&r=g","contentUrl":"https:\/\/secure.gravatar.com\/avatar\/e0a867bdedb85fd243eadf09663511f96fc81e0720a4a42581f334ad4303aa6b?s=96&d=mm&r=g","caption":"Reda\u00e7\u00e3o"}}]}},"amp_enabled":true,"_links":{"self":[{"href":"https:\/\/www.notibras.com\/site\/wp-json\/wp\/v2\/posts\/330806","targetHints":{"allow":["GET"]}}],"collection":[{"href":"https:\/\/www.notibras.com\/site\/wp-json\/wp\/v2\/posts"}],"about":[{"href":"https:\/\/www.notibras.com\/site\/wp-json\/wp\/v2\/types\/post"}],"author":[{"embeddable":true,"href":"https:\/\/www.notibras.com\/site\/wp-json\/wp\/v2\/users\/2"}],"replies":[{"embeddable":true,"href":"https:\/\/www.notibras.com\/site\/wp-json\/wp\/v2\/comments?post=330806"}],"version-history":[{"count":1,"href":"https:\/\/www.notibras.com\/site\/wp-json\/wp\/v2\/posts\/330806\/revisions"}],"predecessor-version":[{"id":330807,"href":"https:\/\/www.notibras.com\/site\/wp-json\/wp\/v2\/posts\/330806\/revisions\/330807"}],"wp:featuredmedia":[{"embeddable":true,"href":"https:\/\/www.notibras.com\/site\/wp-json\/wp\/v2\/media\/271766"}],"wp:attachment":[{"href":"https:\/\/www.notibras.com\/site\/wp-json\/wp\/v2\/media?parent=330806"}],"wp:term":[{"taxonomy":"category","embeddable":true,"href":"https:\/\/www.notibras.com\/site\/wp-json\/wp\/v2\/categories?post=330806"},{"taxonomy":"post_tag","embeddable":true,"href":"https:\/\/www.notibras.com\/site\/wp-json\/wp\/v2\/tags?post=330806"}],"curies":[{"name":"wp","href":"https:\/\/api.w.org\/{rel}","templated":true}]}}