{"id":330813,"date":"2024-06-15T06:48:11","date_gmt":"2024-06-15T09:48:11","guid":{"rendered":"https:\/\/www.notibras.com\/site\/?p=330813"},"modified":"2024-06-15T06:48:36","modified_gmt":"2024-06-15T09:48:36","slug":"malulinha-gaucha-cacula-e-carioca-de-coracao","status":"publish","type":"post","link":"https:\/\/www.notibras.com\/site\/malulinha-gaucha-cacula-e-carioca-de-coracao\/","title":{"rendered":"Malulinha, ga\u00facha, ca\u00e7ula, \u00e9 carioca de cora\u00e7\u00e3o"},"content":{"rendered":"<p>N\u00e3o eram trig\u00eameas, o que poderia ser facilmente constatado pela flagrante diferen\u00e7a de idades, especialmente entre as duas maiores e a ca\u00e7ula. No entanto, de t\u00e3o parecidas, era n\u00edtido que aquelas tr\u00eas possu\u00edam semelhan\u00e7as bem al\u00e9m do DNA. Eram irm\u00e3s, mas havia algo muito mais poderoso que as unia: o amor.<\/p>\n<p>Poderia come\u00e7ar pela mais velha ou at\u00e9 mesmo pela mais nova. Todavia, iniciarei pela Mariana, cujos 21 anos poderiam ser contados a partir do dia do seu nascimento, ocorrido na cidade mais linda do mundo, a despeito dos despeitados de plant\u00e3o. Pura inveja!<\/p>\n<p>Pois bem, essa garota, ap\u00f3s alguns anos, devido a conjunturas da vida, acabou se mudando para um apraz\u00edvel vilarejo chamado Coqueiral, que fica l\u00e1 em Aracruz-ES. Mas, quando chegou o tempo de fazer faculdade, n\u00e3o teve d\u00favida. &#8220;Quero estudar na USP!&#8221; E l\u00e1 foi a garota seguir seu sonho na capital paulista.<\/p>\n<p>Quanto \u00e0 maior, aos 28 anos, \u00e9 advogada em Bras\u00edlia. Ali\u00e1s, acredite ou n\u00e3o, a Ana Maria, pois \u00e9 como se chama a mo\u00e7oila, n\u00e3o raro, afirma categoricamente que est\u00e1 velha. Velha? Aos 28 anos? \u00c9 s\u00e9rio? Deve ser porque a ca\u00e7ulinha, a Maria Luiza, est\u00e1 longe de completar o primeiro anivers\u00e1rio. Seja como for, daqui a 40 anos ou mais, caso a doutora resolva reler tal cr\u00f4nica, perceber\u00e1 que ningu\u00e9m \u00e9 velho em idade t\u00e3o tenra. Certamente dar\u00e1 boas gargalhadas da sua equivocada percep\u00e7\u00e3o de agora.<\/p>\n<p>J\u00e1 a Malulinha, antes de nascer, foi tema de altas discuss\u00f5es. A primeira, que na verdade nem \u00e9 disc\u00f3rdia, mas constata\u00e7\u00e3o de algo que viria a acontecer. \u00c9 que a Mariana ficou muito feliz e pulava que nem canguru em dia de feira. &#8220;Nem acredito que n\u00e3o vou ser mais a ca\u00e7ula! Agora vou ter algu\u00e9m que posso mandar!&#8221; A verdadeira ciz\u00e2nia foi outra.<\/p>\n<p>Como a Ana Maria e a Mariana nasceram no Rio, elas queriam porque queriam que a irm\u00e3 tamb\u00e9m nascesse na Cidade Maravilhosa. No entanto, ap\u00f3s uma s\u00e9rie quase infinita de reuni\u00f5es acaloradas com a minha esposa, a famosa Dona Irene, eis que o palanque n\u00e3o funcionou. Valeu o bom senso da Malulinha nascer em Porto Alegre, que \u00e9 onde moramos atualmente.<\/p>\n<p>Pois \u00e9, a gauchinha da fam\u00edlia, sempre que encontra as irm\u00e3s, se diverte muito, pois solta boas gargalhadas. \u00c9 muito bom v\u00ea-las reunidas, ainda mais porque percebo que a Ana Maria e a Mariana n\u00e3o desistiram daquela pauta de tantas e tantas reuni\u00f5es, pois fazem quest\u00e3o de falar com a ca\u00e7ulinha: &#8220;N\u00e3o fique triste, pois voc\u00ea \u00e9 carioca de cora\u00e7\u00e3o!&#8221;<\/p>\n<p><strong>*Eduardo Mart\u00ednez \u00e9 autor do livro \u201c57 Contos e Cr\u00f4nicas por um Autor muito Velho\u201d.<\/strong><\/p>\n<p>Compre aqui\u00a0<span class=\"x19la9d6 x1fc57z9 x6ikm8r x10wlt62 x19co3pv x1g5zs5t xfibh0p xiy17q3 x1xsqp64 x1lkfr7t xexx8yu x4uap5 x18d9i69 xkhd6sd\"><span class=\"xrtxmta x1bhl96m\"><img decoding=\"async\" class=\"emoji\" role=\"img\" draggable=\"false\" src=\"https:\/\/s.w.org\/images\/core\/emoji\/14.0.0\/svg\/1f447-1f3ff.svg\" alt=\"&#x1f447;&#x1f3ff;\" \/><\/span><\/span><span class=\"x19la9d6 x1fc57z9 x6ikm8r x10wlt62 x19co3pv x1g5zs5t xfibh0p xiy17q3 x1xsqp64 x1lkfr7t xexx8yu x4uap5 x18d9i69 xkhd6sd\"><span class=\"xrtxmta x1bhl96m\"><img decoding=\"async\" class=\"emoji\" role=\"img\" draggable=\"false\" src=\"https:\/\/s.w.org\/images\/core\/emoji\/14.0.0\/svg\/1f447-1f3ff.svg\" alt=\"&#x1f447;&#x1f3ff;\" \/><\/span><\/span><span class=\"x19la9d6 x1fc57z9 x6ikm8r x10wlt62 x19co3pv x1g5zs5t xfibh0p xiy17q3 x1xsqp64 x1lkfr7t xexx8yu x4uap5 x18d9i69 xkhd6sd\"><span class=\"xrtxmta x1bhl96m\"><img decoding=\"async\" class=\"emoji\" role=\"img\" draggable=\"false\" src=\"https:\/\/s.w.org\/images\/core\/emoji\/14.0.0\/svg\/1f447-1f3ff.svg\" alt=\"&#x1f447;&#x1f3ff;\" \/><\/span><\/span><\/p>\n<p><a href=\"http:\/\/www.joanineditora.com.br\/57-contos-e-cronicas-por-um-autor-muito-velho\">http:\/\/www.joanineditora.com.br\/57-contos-e-cronicas-por-um-autor-muito-velho<\/a><\/p>\n","protected":false},"excerpt":{"rendered":"<p>N\u00e3o eram trig\u00eameas, o que poderia ser facilmente constatado pela flagrante diferen\u00e7a de idades, especialmente entre as duas maiores e a ca\u00e7ula. No entanto, de t\u00e3o parecidas, era n\u00edtido que aquelas tr\u00eas possu\u00edam semelhan\u00e7as bem al\u00e9m do DNA. Eram irm\u00e3s, mas havia algo muito mais poderoso que as unia: o amor. Poderia come\u00e7ar pela mais [&hellip;]<\/p>\n","protected":false},"author":2,"featured_media":330815,"comment_status":"closed","ping_status":"closed","sticky":false,"template":"","format":"standard","meta":{"_acf_changed":false,"footnotes":""},"categories":[161],"tags":[],"class_list":["post-330813","post","type-post","status-publish","format-standard","has-post-thumbnail","hentry","category-quadradinho-em-foco"],"acf":[],"yoast_head":"<!-- This site is optimized with the Yoast SEO plugin v27.5 - https:\/\/yoast.com\/product\/yoast-seo-wordpress\/ -->\n<title>Malulinha, ga\u00facha, ca\u00e7ula, \u00e9 carioca de cora\u00e7\u00e3o - Notibras<\/title>\n<meta name=\"robots\" content=\"index, follow, max-snippet:-1, max-image-preview:large, max-video-preview:-1\" \/>\n<link rel=\"canonical\" href=\"https:\/\/www.notibras.com\/site\/malulinha-gaucha-cacula-e-carioca-de-coracao\/\" \/>\n<meta property=\"og:locale\" content=\"pt_BR\" \/>\n<meta property=\"og:type\" content=\"article\" \/>\n<meta property=\"og:title\" content=\"Malulinha, ga\u00facha, ca\u00e7ula, \u00e9 carioca de cora\u00e7\u00e3o - Notibras\" \/>\n<meta property=\"og:description\" content=\"N\u00e3o eram trig\u00eameas, o que poderia ser facilmente constatado pela flagrante diferen\u00e7a de idades, especialmente entre as duas maiores e a ca\u00e7ula. No entanto, de t\u00e3o parecidas, era n\u00edtido que aquelas tr\u00eas possu\u00edam semelhan\u00e7as bem al\u00e9m do DNA. Eram irm\u00e3s, mas havia algo muito mais poderoso que as unia: o amor. Poderia come\u00e7ar pela mais [&hellip;]\" \/>\n<meta property=\"og:url\" content=\"https:\/\/www.notibras.com\/site\/malulinha-gaucha-cacula-e-carioca-de-coracao\/\" \/>\n<meta property=\"og:site_name\" content=\"Notibras\" \/>\n<meta property=\"article:publisher\" content=\"https:\/\/www.facebook.com\/notibras\/\" \/>\n<meta property=\"article:published_time\" content=\"2024-06-15T09:48:11+00:00\" \/>\n<meta property=\"article:modified_time\" content=\"2024-06-15T09:48:36+00:00\" \/>\n<meta property=\"og:image\" content=\"https:\/\/www.notibras.com\/site\/wp-content\/uploads\/2024\/06\/8edae6f3-c0d9-4853-bc3e-5691e2c18007.jpeg\" \/>\n\t<meta property=\"og:image:width\" content=\"960\" \/>\n\t<meta property=\"og:image:height\" content=\"1280\" \/>\n\t<meta property=\"og:image:type\" content=\"image\/jpeg\" \/>\n<meta name=\"author\" content=\"Reda\u00e7\u00e3o\" \/>\n<meta name=\"twitter:card\" content=\"summary_large_image\" \/>\n<meta name=\"twitter:creator\" content=\"@Notibras\" \/>\n<meta name=\"twitter:site\" content=\"@Notibras\" \/>\n<meta name=\"twitter:label1\" content=\"Escrito por\" \/>\n\t<meta name=\"twitter:data1\" content=\"Reda\u00e7\u00e3o\" \/>\n\t<meta name=\"twitter:label2\" content=\"Est. tempo de leitura\" \/>\n\t<meta name=\"twitter:data2\" content=\"4 minutos\" \/>\n<script type=\"application\/ld+json\" class=\"yoast-schema-graph\">{\"@context\":\"https:\\\/\\\/schema.org\",\"@graph\":[{\"@type\":\"Article\",\"@id\":\"https:\\\/\\\/www.notibras.com\\\/site\\\/malulinha-gaucha-cacula-e-carioca-de-coracao\\\/#article\",\"isPartOf\":{\"@id\":\"https:\\\/\\\/www.notibras.com\\\/site\\\/malulinha-gaucha-cacula-e-carioca-de-coracao\\\/\"},\"author\":{\"name\":\"Reda\u00e7\u00e3o\",\"@id\":\"https:\\\/\\\/www.notibras.com\\\/site\\\/#\\\/schema\\\/person\\\/36ab0979449956132d3e5b517ea76ac8\"},\"headline\":\"Malulinha, ga\u00facha, ca\u00e7ula, \u00e9 carioca de cora\u00e7\u00e3o\",\"datePublished\":\"2024-06-15T09:48:11+00:00\",\"dateModified\":\"2024-06-15T09:48:36+00:00\",\"mainEntityOfPage\":{\"@id\":\"https:\\\/\\\/www.notibras.com\\\/site\\\/malulinha-gaucha-cacula-e-carioca-de-coracao\\\/\"},\"wordCount\":485,\"publisher\":{\"@id\":\"https:\\\/\\\/www.notibras.com\\\/site\\\/#organization\"},\"image\":{\"@id\":\"https:\\\/\\\/www.notibras.com\\\/site\\\/malulinha-gaucha-cacula-e-carioca-de-coracao\\\/#primaryimage\"},\"thumbnailUrl\":\"https:\\\/\\\/www.notibras.com\\\/site\\\/wp-content\\\/uploads\\\/2024\\\/06\\\/8edae6f3-c0d9-4853-bc3e-5691e2c18007.jpeg\",\"articleSection\":[\"Quadradinho em Foco\"],\"inLanguage\":\"pt-BR\"},{\"@type\":\"WebPage\",\"@id\":\"https:\\\/\\\/www.notibras.com\\\/site\\\/malulinha-gaucha-cacula-e-carioca-de-coracao\\\/\",\"url\":\"https:\\\/\\\/www.notibras.com\\\/site\\\/malulinha-gaucha-cacula-e-carioca-de-coracao\\\/\",\"name\":\"Malulinha, ga\u00facha, ca\u00e7ula, \u00e9 carioca de cora\u00e7\u00e3o - Notibras\",\"isPartOf\":{\"@id\":\"https:\\\/\\\/www.notibras.com\\\/site\\\/#website\"},\"primaryImageOfPage\":{\"@id\":\"https:\\\/\\\/www.notibras.com\\\/site\\\/malulinha-gaucha-cacula-e-carioca-de-coracao\\\/#primaryimage\"},\"image\":{\"@id\":\"https:\\\/\\\/www.notibras.com\\\/site\\\/malulinha-gaucha-cacula-e-carioca-de-coracao\\\/#primaryimage\"},\"thumbnailUrl\":\"https:\\\/\\\/www.notibras.com\\\/site\\\/wp-content\\\/uploads\\\/2024\\\/06\\\/8edae6f3-c0d9-4853-bc3e-5691e2c18007.jpeg\",\"datePublished\":\"2024-06-15T09:48:11+00:00\",\"dateModified\":\"2024-06-15T09:48:36+00:00\",\"breadcrumb\":{\"@id\":\"https:\\\/\\\/www.notibras.com\\\/site\\\/malulinha-gaucha-cacula-e-carioca-de-coracao\\\/#breadcrumb\"},\"inLanguage\":\"pt-BR\",\"potentialAction\":[{\"@type\":\"ReadAction\",\"target\":[\"https:\\\/\\\/www.notibras.com\\\/site\\\/malulinha-gaucha-cacula-e-carioca-de-coracao\\\/\"]}]},{\"@type\":\"ImageObject\",\"inLanguage\":\"pt-BR\",\"@id\":\"https:\\\/\\\/www.notibras.com\\\/site\\\/malulinha-gaucha-cacula-e-carioca-de-coracao\\\/#primaryimage\",\"url\":\"https:\\\/\\\/www.notibras.com\\\/site\\\/wp-content\\\/uploads\\\/2024\\\/06\\\/8edae6f3-c0d9-4853-bc3e-5691e2c18007.jpeg\",\"contentUrl\":\"https:\\\/\\\/www.notibras.com\\\/site\\\/wp-content\\\/uploads\\\/2024\\\/06\\\/8edae6f3-c0d9-4853-bc3e-5691e2c18007.jpeg\",\"width\":960,\"height\":1280},{\"@type\":\"BreadcrumbList\",\"@id\":\"https:\\\/\\\/www.notibras.com\\\/site\\\/malulinha-gaucha-cacula-e-carioca-de-coracao\\\/#breadcrumb\",\"itemListElement\":[{\"@type\":\"ListItem\",\"position\":1,\"name\":\"In\u00edcio\",\"item\":\"https:\\\/\\\/www.notibras.com\\\/site\\\/\"},{\"@type\":\"ListItem\",\"position\":2,\"name\":\"Malulinha, ga\u00facha, ca\u00e7ula, \u00e9 carioca de cora\u00e7\u00e3o\"}]},{\"@type\":\"WebSite\",\"@id\":\"https:\\\/\\\/www.notibras.com\\\/site\\\/#website\",\"url\":\"https:\\\/\\\/www.notibras.com\\\/site\\\/\",\"name\":\"Notibras\",\"description\":\"Not\u00edcias de Bras\u00edlia, do Brasil e do Mundo\",\"publisher\":{\"@id\":\"https:\\\/\\\/www.notibras.com\\\/site\\\/#organization\"},\"potentialAction\":[{\"@type\":\"SearchAction\",\"target\":{\"@type\":\"EntryPoint\",\"urlTemplate\":\"https:\\\/\\\/www.notibras.com\\\/site\\\/?s={search_term_string}\"},\"query-input\":{\"@type\":\"PropertyValueSpecification\",\"valueRequired\":true,\"valueName\":\"search_term_string\"}}],\"inLanguage\":\"pt-BR\"},{\"@type\":\"Organization\",\"@id\":\"https:\\\/\\\/www.notibras.com\\\/site\\\/#organization\",\"name\":\"Grupo Notibras de Comunica\u00e7\u00e3o\",\"url\":\"https:\\\/\\\/www.notibras.com\\\/site\\\/\",\"logo\":{\"@type\":\"ImageObject\",\"inLanguage\":\"pt-BR\",\"@id\":\"https:\\\/\\\/www.notibras.com\\\/site\\\/#\\\/schema\\\/logo\\\/image\\\/\",\"url\":\"https:\\\/\\\/www.notibras.com\\\/site\\\/wp-content\\\/uploads\\\/2023\\\/01\\\/notibras23.png\",\"contentUrl\":\"https:\\\/\\\/www.notibras.com\\\/site\\\/wp-content\\\/uploads\\\/2023\\\/01\\\/notibras23.png\",\"width\":350,\"height\":87,\"caption\":\"Grupo Notibras de Comunica\u00e7\u00e3o\"},\"image\":{\"@id\":\"https:\\\/\\\/www.notibras.com\\\/site\\\/#\\\/schema\\\/logo\\\/image\\\/\"},\"sameAs\":[\"https:\\\/\\\/www.facebook.com\\\/notibras\\\/\",\"https:\\\/\\\/x.com\\\/Notibras\",\"https:\\\/\\\/www.instagram.com\\\/notibras\\\/\"]},{\"@type\":\"Person\",\"@id\":\"https:\\\/\\\/www.notibras.com\\\/site\\\/#\\\/schema\\\/person\\\/36ab0979449956132d3e5b517ea76ac8\",\"name\":\"Reda\u00e7\u00e3o\",\"image\":{\"@type\":\"ImageObject\",\"inLanguage\":\"pt-BR\",\"@id\":\"https:\\\/\\\/secure.gravatar.com\\\/avatar\\\/e0a867bdedb85fd243eadf09663511f96fc81e0720a4a42581f334ad4303aa6b?s=96&d=mm&r=g\",\"url\":\"https:\\\/\\\/secure.gravatar.com\\\/avatar\\\/e0a867bdedb85fd243eadf09663511f96fc81e0720a4a42581f334ad4303aa6b?s=96&d=mm&r=g\",\"contentUrl\":\"https:\\\/\\\/secure.gravatar.com\\\/avatar\\\/e0a867bdedb85fd243eadf09663511f96fc81e0720a4a42581f334ad4303aa6b?s=96&d=mm&r=g\",\"caption\":\"Reda\u00e7\u00e3o\"}}]}<\/script>\n<!-- \/ Yoast SEO plugin. -->","yoast_head_json":{"title":"Malulinha, ga\u00facha, ca\u00e7ula, \u00e9 carioca de cora\u00e7\u00e3o - Notibras","robots":{"index":"index","follow":"follow","max-snippet":"max-snippet:-1","max-image-preview":"max-image-preview:large","max-video-preview":"max-video-preview:-1"},"canonical":"https:\/\/www.notibras.com\/site\/malulinha-gaucha-cacula-e-carioca-de-coracao\/","og_locale":"pt_BR","og_type":"article","og_title":"Malulinha, ga\u00facha, ca\u00e7ula, \u00e9 carioca de cora\u00e7\u00e3o - Notibras","og_description":"N\u00e3o eram trig\u00eameas, o que poderia ser facilmente constatado pela flagrante diferen\u00e7a de idades, especialmente entre as duas maiores e a ca\u00e7ula. No entanto, de t\u00e3o parecidas, era n\u00edtido que aquelas tr\u00eas possu\u00edam semelhan\u00e7as bem al\u00e9m do DNA. Eram irm\u00e3s, mas havia algo muito mais poderoso que as unia: o amor. Poderia come\u00e7ar pela mais [&hellip;]","og_url":"https:\/\/www.notibras.com\/site\/malulinha-gaucha-cacula-e-carioca-de-coracao\/","og_site_name":"Notibras","article_publisher":"https:\/\/www.facebook.com\/notibras\/","article_published_time":"2024-06-15T09:48:11+00:00","article_modified_time":"2024-06-15T09:48:36+00:00","og_image":[{"width":960,"height":1280,"url":"https:\/\/www.notibras.com\/site\/wp-content\/uploads\/2024\/06\/8edae6f3-c0d9-4853-bc3e-5691e2c18007.jpeg","type":"image\/jpeg"}],"author":"Reda\u00e7\u00e3o","twitter_card":"summary_large_image","twitter_creator":"@Notibras","twitter_site":"@Notibras","twitter_misc":{"Escrito por":"Reda\u00e7\u00e3o","Est. tempo de leitura":"4 minutos"},"schema":{"@context":"https:\/\/schema.org","@graph":[{"@type":"Article","@id":"https:\/\/www.notibras.com\/site\/malulinha-gaucha-cacula-e-carioca-de-coracao\/#article","isPartOf":{"@id":"https:\/\/www.notibras.com\/site\/malulinha-gaucha-cacula-e-carioca-de-coracao\/"},"author":{"name":"Reda\u00e7\u00e3o","@id":"https:\/\/www.notibras.com\/site\/#\/schema\/person\/36ab0979449956132d3e5b517ea76ac8"},"headline":"Malulinha, ga\u00facha, ca\u00e7ula, \u00e9 carioca de cora\u00e7\u00e3o","datePublished":"2024-06-15T09:48:11+00:00","dateModified":"2024-06-15T09:48:36+00:00","mainEntityOfPage":{"@id":"https:\/\/www.notibras.com\/site\/malulinha-gaucha-cacula-e-carioca-de-coracao\/"},"wordCount":485,"publisher":{"@id":"https:\/\/www.notibras.com\/site\/#organization"},"image":{"@id":"https:\/\/www.notibras.com\/site\/malulinha-gaucha-cacula-e-carioca-de-coracao\/#primaryimage"},"thumbnailUrl":"https:\/\/www.notibras.com\/site\/wp-content\/uploads\/2024\/06\/8edae6f3-c0d9-4853-bc3e-5691e2c18007.jpeg","articleSection":["Quadradinho em Foco"],"inLanguage":"pt-BR"},{"@type":"WebPage","@id":"https:\/\/www.notibras.com\/site\/malulinha-gaucha-cacula-e-carioca-de-coracao\/","url":"https:\/\/www.notibras.com\/site\/malulinha-gaucha-cacula-e-carioca-de-coracao\/","name":"Malulinha, ga\u00facha, ca\u00e7ula, \u00e9 carioca de cora\u00e7\u00e3o - Notibras","isPartOf":{"@id":"https:\/\/www.notibras.com\/site\/#website"},"primaryImageOfPage":{"@id":"https:\/\/www.notibras.com\/site\/malulinha-gaucha-cacula-e-carioca-de-coracao\/#primaryimage"},"image":{"@id":"https:\/\/www.notibras.com\/site\/malulinha-gaucha-cacula-e-carioca-de-coracao\/#primaryimage"},"thumbnailUrl":"https:\/\/www.notibras.com\/site\/wp-content\/uploads\/2024\/06\/8edae6f3-c0d9-4853-bc3e-5691e2c18007.jpeg","datePublished":"2024-06-15T09:48:11+00:00","dateModified":"2024-06-15T09:48:36+00:00","breadcrumb":{"@id":"https:\/\/www.notibras.com\/site\/malulinha-gaucha-cacula-e-carioca-de-coracao\/#breadcrumb"},"inLanguage":"pt-BR","potentialAction":[{"@type":"ReadAction","target":["https:\/\/www.notibras.com\/site\/malulinha-gaucha-cacula-e-carioca-de-coracao\/"]}]},{"@type":"ImageObject","inLanguage":"pt-BR","@id":"https:\/\/www.notibras.com\/site\/malulinha-gaucha-cacula-e-carioca-de-coracao\/#primaryimage","url":"https:\/\/www.notibras.com\/site\/wp-content\/uploads\/2024\/06\/8edae6f3-c0d9-4853-bc3e-5691e2c18007.jpeg","contentUrl":"https:\/\/www.notibras.com\/site\/wp-content\/uploads\/2024\/06\/8edae6f3-c0d9-4853-bc3e-5691e2c18007.jpeg","width":960,"height":1280},{"@type":"BreadcrumbList","@id":"https:\/\/www.notibras.com\/site\/malulinha-gaucha-cacula-e-carioca-de-coracao\/#breadcrumb","itemListElement":[{"@type":"ListItem","position":1,"name":"In\u00edcio","item":"https:\/\/www.notibras.com\/site\/"},{"@type":"ListItem","position":2,"name":"Malulinha, ga\u00facha, ca\u00e7ula, \u00e9 carioca de cora\u00e7\u00e3o"}]},{"@type":"WebSite","@id":"https:\/\/www.notibras.com\/site\/#website","url":"https:\/\/www.notibras.com\/site\/","name":"Notibras","description":"Not\u00edcias de Bras\u00edlia, do Brasil e do Mundo","publisher":{"@id":"https:\/\/www.notibras.com\/site\/#organization"},"potentialAction":[{"@type":"SearchAction","target":{"@type":"EntryPoint","urlTemplate":"https:\/\/www.notibras.com\/site\/?s={search_term_string}"},"query-input":{"@type":"PropertyValueSpecification","valueRequired":true,"valueName":"search_term_string"}}],"inLanguage":"pt-BR"},{"@type":"Organization","@id":"https:\/\/www.notibras.com\/site\/#organization","name":"Grupo Notibras de Comunica\u00e7\u00e3o","url":"https:\/\/www.notibras.com\/site\/","logo":{"@type":"ImageObject","inLanguage":"pt-BR","@id":"https:\/\/www.notibras.com\/site\/#\/schema\/logo\/image\/","url":"https:\/\/www.notibras.com\/site\/wp-content\/uploads\/2023\/01\/notibras23.png","contentUrl":"https:\/\/www.notibras.com\/site\/wp-content\/uploads\/2023\/01\/notibras23.png","width":350,"height":87,"caption":"Grupo Notibras de Comunica\u00e7\u00e3o"},"image":{"@id":"https:\/\/www.notibras.com\/site\/#\/schema\/logo\/image\/"},"sameAs":["https:\/\/www.facebook.com\/notibras\/","https:\/\/x.com\/Notibras","https:\/\/www.instagram.com\/notibras\/"]},{"@type":"Person","@id":"https:\/\/www.notibras.com\/site\/#\/schema\/person\/36ab0979449956132d3e5b517ea76ac8","name":"Reda\u00e7\u00e3o","image":{"@type":"ImageObject","inLanguage":"pt-BR","@id":"https:\/\/secure.gravatar.com\/avatar\/e0a867bdedb85fd243eadf09663511f96fc81e0720a4a42581f334ad4303aa6b?s=96&d=mm&r=g","url":"https:\/\/secure.gravatar.com\/avatar\/e0a867bdedb85fd243eadf09663511f96fc81e0720a4a42581f334ad4303aa6b?s=96&d=mm&r=g","contentUrl":"https:\/\/secure.gravatar.com\/avatar\/e0a867bdedb85fd243eadf09663511f96fc81e0720a4a42581f334ad4303aa6b?s=96&d=mm&r=g","caption":"Reda\u00e7\u00e3o"}}]}},"amp_enabled":true,"_links":{"self":[{"href":"https:\/\/www.notibras.com\/site\/wp-json\/wp\/v2\/posts\/330813","targetHints":{"allow":["GET"]}}],"collection":[{"href":"https:\/\/www.notibras.com\/site\/wp-json\/wp\/v2\/posts"}],"about":[{"href":"https:\/\/www.notibras.com\/site\/wp-json\/wp\/v2\/types\/post"}],"author":[{"embeddable":true,"href":"https:\/\/www.notibras.com\/site\/wp-json\/wp\/v2\/users\/2"}],"replies":[{"embeddable":true,"href":"https:\/\/www.notibras.com\/site\/wp-json\/wp\/v2\/comments?post=330813"}],"version-history":[{"count":1,"href":"https:\/\/www.notibras.com\/site\/wp-json\/wp\/v2\/posts\/330813\/revisions"}],"predecessor-version":[{"id":330816,"href":"https:\/\/www.notibras.com\/site\/wp-json\/wp\/v2\/posts\/330813\/revisions\/330816"}],"wp:featuredmedia":[{"embeddable":true,"href":"https:\/\/www.notibras.com\/site\/wp-json\/wp\/v2\/media\/330815"}],"wp:attachment":[{"href":"https:\/\/www.notibras.com\/site\/wp-json\/wp\/v2\/media?parent=330813"}],"wp:term":[{"taxonomy":"category","embeddable":true,"href":"https:\/\/www.notibras.com\/site\/wp-json\/wp\/v2\/categories?post=330813"},{"taxonomy":"post_tag","embeddable":true,"href":"https:\/\/www.notibras.com\/site\/wp-json\/wp\/v2\/tags?post=330813"}],"curies":[{"name":"wp","href":"https:\/\/api.w.org\/{rel}","templated":true}]}}