{"id":33085,"date":"2015-01-06T14:53:07","date_gmt":"2015-01-06T17:53:07","guid":{"rendered":"http:\/\/www.notibras.com\/site\/?p=33085"},"modified":"2015-01-06T18:30:38","modified_gmt":"2015-01-06T21:30:38","slug":"pescadores-impedem-saida-de-transatlantico-em-protesto-a-veto-para-pescar","status":"publish","type":"post","link":"https:\/\/www.notibras.com\/site\/pescadores-impedem-saida-de-transatlantico-em-protesto-a-veto-para-pescar\/","title":{"rendered":"Sindicato de pescadores anuncia fim do bloqueio mar\u00edtimo em Santa Catarina"},"content":{"rendered":"<p>O Sindicato dos Armadores e Ind\u00fastria da Pesca (Sindipi) anunciou \u00e0s 15h30 desta ter\u00e7a-feira (6) o fim do bloqueio do Rio Itaja\u00ed-A\u00e7u. De 250 embarca\u00e7\u00f5es que participaram do protesto, apenas 20 permaneciam no local \u00e0s 16h. Um navio de cruzeiro, com 2,4 mil pessoas &#8211; sendo 1.877 turistas &#8211; continuava atracado no P\u00eder Tur\u00edstico de Itaja\u00ed, \u00e0 espera de libera\u00e7\u00e3o, para o destino final: Montevideo, no Uruguai. Segundo a praticagem do Complexo Portu\u00e1rio, o hor\u00e1rio previsto de sa\u00edda do navio Empress \u00e9 18h15. \u00c0s 18h45, dois navios cargueiros ir\u00e3o atracar.<\/p>\n<p>A decis\u00e3o foi tomada ap\u00f3s o recebimento de uma carta do governo federal que se compromete a incluir o setor pesqueiro regional no debate da portaria n\u00famero 445 de 17 de dezembro de 2014, que restringe a captura de diversas esp\u00e9cies amea\u00e7adas de extin\u00e7\u00e3o. Uma reuni\u00e3o interministerial entre Meio Ambiente e Pesca e representantes regionais do setor foi marcada para a pr\u00f3xima quinta-feira (8) em Bras\u00edlia.<\/p>\n<p>A paralisa\u00e7\u00e3o durou mais de 30 horas. Os manifestantes come\u00e7aram o bloqueio mar\u00edtimo com cerca de 30 barcos \u00e0s 9h de segunda-feira (5) e chegaram a reunir mais de 250 embarca\u00e7\u00f5es na tarde desta ter\u00e7a, de acordo com o Sindipi. Eles pediam a revoga\u00e7\u00e3o da portaria que, segundo a categoria, prejudicaria a atividade do setor que emprega cerca de 60 mil pessoas em Santa Catarina, das quais 40 mil s\u00e3o da regi\u00e3o de Itaja\u00ed.<\/p>\n<p>Por causa do protesto, um transatl\u00e2ntico da Pullmantur, que chegou na cidade na manh\u00e3 de segunda, ficou sem conseguir sair at\u00e9 a tarde desta ter\u00e7a. Com 2,4 mil pessoas, sendo 1.877 turistas, o navio Empress tem como destino Montevideo, no Uruguai, e permanecer\u00e1 mais de 24h atracado no P\u00eder Tur\u00edstico da cidade.<\/p>\n<p>Os manifestantes tamb\u00e9m bloquearam o transporte de carros e pessoas entre Itaja\u00ed e Navegantes, pelo rio Itaja\u00ed-A\u00e7u. Nesta ter\u00e7a, o ferry boat teve a passagem bloqueada duas vezes &#8211; pela manh\u00e3 e tarde &#8211; e teve a travessia autorizada \u00e0s 15h30, depois de uma hora de bloqueio total.<\/p>\n<p>O documento que motivou o fim da paralisa\u00e7\u00e3o foi assinado pelo Ministro da Pesca e Aquicultura, Helder Barbalho. O of\u00edcio foi uma resposta a um documento encaminhado pelo Sindipi e Sintrapesca que deu condicionantes para a libera\u00e7\u00e3o do canal do porto de Itaja\u00ed. Barbalho afirma que o Minist\u00e9rio da Pesca e o Minist\u00e9rio do Meio Ambiente receber\u00e3o\u00a0 cinco representantes do setor para discutir os itens da portaria, que pro\u00edbe a pesca de esp\u00e9cies de peixe por categoriz\u00e1-los como em extin\u00e7\u00e3o.<\/p>\n<blockquote><p><strong>Entenda o caso<br \/>\n<\/strong>Desde a manh\u00e3 de segunda (5), cerca de 220 barcos estavam no rio\u00a0 em protesto, onde seguiam at\u00e9 a tarde desta ter\u00e7a. Os pescadores querem a revoga\u00e7\u00e3o da portaria n\u00famero 445 de 17 de dezembro de 2014, do governo federal, relacionada \u00e0 proibi\u00e7\u00e3o da pesca de esp\u00e9cies em extin\u00e7\u00e3o. Entre eles, est\u00e3o peixes como garoupa, namorado, ca\u00e7\u00f5es, emplasto e arraias.<\/p>\n<p>Na noite do mesmo dia, a Justi\u00e7a concedeu liminar exigindo a retirada das embarca\u00e7\u00f5es. Pouco antes, os minist\u00e9rios da Aquicultura e Pesca e do Meio Ambiente institu\u00edram um grupo de trabalho, para reavaliar a portaria. Mesmo com as duas manifesta\u00e7\u00f5es, os pescadores decidiram continuar o protesto.<\/p>\n<p>Os sindicatos que lideravam a manifesta\u00e7\u00e3o decidiram acatar a decis\u00e3o, mas ela foi negada pelos pescadores que permaneceram fazendo o bloqueio. Segundo a Capitania dos Portos, todas as autoridades mar\u00edtimas da regi\u00e3o se reuniram\u00a0 para definir uma estrat\u00e9gia de retirada dos barcos. Segundo a comunica\u00e7\u00e3o do grupo, o movimento cresceu e alguns pescadores est\u00e3o agindo de forma independente. Conforme representantes do setor, h\u00e1 cerca de 60 mil pessoas que dependem da pesca em todo o estado, sendo 40 mil, apenas na regi\u00e3o de Itaja\u00ed.<\/p><\/blockquote>\n","protected":false},"excerpt":{"rendered":"<p>O Sindicato dos Armadores e Ind\u00fastria da Pesca (Sindipi) anunciou \u00e0s 15h30 desta ter\u00e7a-feira (6) o fim do bloqueio do Rio Itaja\u00ed-A\u00e7u. De 250 embarca\u00e7\u00f5es que participaram do protesto, apenas 20 permaneciam no local \u00e0s 16h. Um navio de cruzeiro, com 2,4 mil pessoas &#8211; sendo 1.877 turistas &#8211; continuava atracado no P\u00eder Tur\u00edstico de [&hellip;]<\/p>\n","protected":false},"author":2,"featured_media":33086,"comment_status":"open","ping_status":"closed","sticky":false,"template":"","format":"standard","meta":{"_acf_changed":false,"footnotes":""},"categories":[16],"tags":[],"class_list":["post-33085","post","type-post","status-publish","format-standard","has-post-thumbnail","hentry","category-brasil"],"acf":[],"yoast_head":"<!-- This site is optimized with the Yoast SEO plugin v27.2 - https:\/\/yoast.com\/product\/yoast-seo-wordpress\/ -->\n<title>Sindicato de pescadores anuncia fim do bloqueio mar\u00edtimo em Santa Catarina - Notibras<\/title>\n<meta name=\"robots\" content=\"index, follow, max-snippet:-1, max-image-preview:large, max-video-preview:-1\" \/>\n<link rel=\"canonical\" href=\"https:\/\/www.notibras.com\/site\/pescadores-impedem-saida-de-transatlantico-em-protesto-a-veto-para-pescar\/\" \/>\n<meta property=\"og:locale\" content=\"pt_BR\" \/>\n<meta property=\"og:type\" content=\"article\" \/>\n<meta property=\"og:title\" content=\"Sindicato de pescadores anuncia fim do bloqueio mar\u00edtimo em Santa Catarina - Notibras\" \/>\n<meta property=\"og:description\" content=\"O Sindicato dos Armadores e Ind\u00fastria da Pesca (Sindipi) anunciou \u00e0s 15h30 desta ter\u00e7a-feira (6) o fim do bloqueio do Rio Itaja\u00ed-A\u00e7u. De 250 embarca\u00e7\u00f5es que participaram do protesto, apenas 20 permaneciam no local \u00e0s 16h. Um navio de cruzeiro, com 2,4 mil pessoas &#8211; sendo 1.877 turistas &#8211; continuava atracado no P\u00eder Tur\u00edstico de [&hellip;]\" \/>\n<meta property=\"og:url\" content=\"https:\/\/www.notibras.com\/site\/pescadores-impedem-saida-de-transatlantico-em-protesto-a-veto-para-pescar\/\" \/>\n<meta property=\"og:site_name\" content=\"Notibras\" \/>\n<meta property=\"article:publisher\" content=\"https:\/\/www.facebook.com\/notibras\/\" \/>\n<meta property=\"article:published_time\" content=\"2015-01-06T17:53:07+00:00\" \/>\n<meta property=\"article:modified_time\" content=\"2015-01-06T21:30:38+00:00\" \/>\n<meta property=\"og:image\" content=\"https:\/\/www.notibras.com\/site\/wp-content\/uploads\/2015\/01\/protestopescadoresitajaitransatlanticovc-reportersindipdiv.jpg\" \/>\n\t<meta property=\"og:image:width\" content=\"460\" \/>\n\t<meta property=\"og:image:height\" content=\"340\" \/>\n\t<meta property=\"og:image:type\" content=\"image\/jpeg\" \/>\n<meta name=\"author\" content=\"Reda\u00e7\u00e3o\" \/>\n<meta name=\"twitter:card\" content=\"summary_large_image\" \/>\n<meta name=\"twitter:creator\" content=\"@Notibras\" \/>\n<meta name=\"twitter:site\" content=\"@Notibras\" \/>\n<meta name=\"twitter:label1\" content=\"Escrito por\" \/>\n\t<meta name=\"twitter:data1\" content=\"Reda\u00e7\u00e3o\" \/>\n\t<meta name=\"twitter:label2\" content=\"Est. tempo de leitura\" \/>\n\t<meta name=\"twitter:data2\" content=\"3 minutos\" \/>\n<script type=\"application\/ld+json\" class=\"yoast-schema-graph\">{\"@context\":\"https:\/\/schema.org\",\"@graph\":[{\"@type\":\"Article\",\"@id\":\"https:\/\/www.notibras.com\/site\/pescadores-impedem-saida-de-transatlantico-em-protesto-a-veto-para-pescar\/#article\",\"isPartOf\":{\"@id\":\"https:\/\/www.notibras.com\/site\/pescadores-impedem-saida-de-transatlantico-em-protesto-a-veto-para-pescar\/\"},\"author\":{\"name\":\"Reda\u00e7\u00e3o\",\"@id\":\"https:\/\/www.notibras.com\/site\/#\/schema\/person\/36ab0979449956132d3e5b517ea76ac8\"},\"headline\":\"Sindicato de pescadores anuncia fim do bloqueio mar\u00edtimo em Santa Catarina\",\"datePublished\":\"2015-01-06T17:53:07+00:00\",\"dateModified\":\"2015-01-06T21:30:38+00:00\",\"mainEntityOfPage\":{\"@id\":\"https:\/\/www.notibras.com\/site\/pescadores-impedem-saida-de-transatlantico-em-protesto-a-veto-para-pescar\/\"},\"wordCount\":656,\"commentCount\":0,\"publisher\":{\"@id\":\"https:\/\/www.notibras.com\/site\/#organization\"},\"image\":{\"@id\":\"https:\/\/www.notibras.com\/site\/pescadores-impedem-saida-de-transatlantico-em-protesto-a-veto-para-pescar\/#primaryimage\"},\"thumbnailUrl\":\"https:\/\/www.notibras.com\/site\/wp-content\/uploads\/2015\/01\/protestopescadoresitajaitransatlanticovc-reportersindipdiv.jpg\",\"articleSection\":[\"Brasil\"],\"inLanguage\":\"pt-BR\",\"potentialAction\":[{\"@type\":\"CommentAction\",\"name\":\"Comment\",\"target\":[\"https:\/\/www.notibras.com\/site\/pescadores-impedem-saida-de-transatlantico-em-protesto-a-veto-para-pescar\/#respond\"]}]},{\"@type\":\"WebPage\",\"@id\":\"https:\/\/www.notibras.com\/site\/pescadores-impedem-saida-de-transatlantico-em-protesto-a-veto-para-pescar\/\",\"url\":\"https:\/\/www.notibras.com\/site\/pescadores-impedem-saida-de-transatlantico-em-protesto-a-veto-para-pescar\/\",\"name\":\"Sindicato de pescadores anuncia fim do bloqueio mar\u00edtimo em Santa Catarina - Notibras\",\"isPartOf\":{\"@id\":\"https:\/\/www.notibras.com\/site\/#website\"},\"primaryImageOfPage\":{\"@id\":\"https:\/\/www.notibras.com\/site\/pescadores-impedem-saida-de-transatlantico-em-protesto-a-veto-para-pescar\/#primaryimage\"},\"image\":{\"@id\":\"https:\/\/www.notibras.com\/site\/pescadores-impedem-saida-de-transatlantico-em-protesto-a-veto-para-pescar\/#primaryimage\"},\"thumbnailUrl\":\"https:\/\/www.notibras.com\/site\/wp-content\/uploads\/2015\/01\/protestopescadoresitajaitransatlanticovc-reportersindipdiv.jpg\",\"datePublished\":\"2015-01-06T17:53:07+00:00\",\"dateModified\":\"2015-01-06T21:30:38+00:00\",\"breadcrumb\":{\"@id\":\"https:\/\/www.notibras.com\/site\/pescadores-impedem-saida-de-transatlantico-em-protesto-a-veto-para-pescar\/#breadcrumb\"},\"inLanguage\":\"pt-BR\",\"potentialAction\":[{\"@type\":\"ReadAction\",\"target\":[\"https:\/\/www.notibras.com\/site\/pescadores-impedem-saida-de-transatlantico-em-protesto-a-veto-para-pescar\/\"]}]},{\"@type\":\"ImageObject\",\"inLanguage\":\"pt-BR\",\"@id\":\"https:\/\/www.notibras.com\/site\/pescadores-impedem-saida-de-transatlantico-em-protesto-a-veto-para-pescar\/#primaryimage\",\"url\":\"https:\/\/www.notibras.com\/site\/wp-content\/uploads\/2015\/01\/protestopescadoresitajaitransatlanticovc-reportersindipdiv.jpg\",\"contentUrl\":\"https:\/\/www.notibras.com\/site\/wp-content\/uploads\/2015\/01\/protestopescadoresitajaitransatlanticovc-reportersindipdiv.jpg\",\"width\":460,\"height\":340},{\"@type\":\"BreadcrumbList\",\"@id\":\"https:\/\/www.notibras.com\/site\/pescadores-impedem-saida-de-transatlantico-em-protesto-a-veto-para-pescar\/#breadcrumb\",\"itemListElement\":[{\"@type\":\"ListItem\",\"position\":1,\"name\":\"In\u00edcio\",\"item\":\"https:\/\/www.notibras.com\/site\/\"},{\"@type\":\"ListItem\",\"position\":2,\"name\":\"Sindicato de pescadores anuncia fim do bloqueio mar\u00edtimo em Santa Catarina\"}]},{\"@type\":\"WebSite\",\"@id\":\"https:\/\/www.notibras.com\/site\/#website\",\"url\":\"https:\/\/www.notibras.com\/site\/\",\"name\":\"Notibras\",\"description\":\"Not\u00edcias de Bras\u00edlia, do Brasil e do Mundo\",\"publisher\":{\"@id\":\"https:\/\/www.notibras.com\/site\/#organization\"},\"potentialAction\":[{\"@type\":\"SearchAction\",\"target\":{\"@type\":\"EntryPoint\",\"urlTemplate\":\"https:\/\/www.notibras.com\/site\/?s={search_term_string}\"},\"query-input\":{\"@type\":\"PropertyValueSpecification\",\"valueRequired\":true,\"valueName\":\"search_term_string\"}}],\"inLanguage\":\"pt-BR\"},{\"@type\":\"Organization\",\"@id\":\"https:\/\/www.notibras.com\/site\/#organization\",\"name\":\"Grupo Notibras de Comunica\u00e7\u00e3o\",\"url\":\"https:\/\/www.notibras.com\/site\/\",\"logo\":{\"@type\":\"ImageObject\",\"inLanguage\":\"pt-BR\",\"@id\":\"https:\/\/www.notibras.com\/site\/#\/schema\/logo\/image\/\",\"url\":\"https:\/\/www.notibras.com\/site\/wp-content\/uploads\/2023\/01\/notibras23.png\",\"contentUrl\":\"https:\/\/www.notibras.com\/site\/wp-content\/uploads\/2023\/01\/notibras23.png\",\"width\":350,\"height\":87,\"caption\":\"Grupo Notibras de Comunica\u00e7\u00e3o\"},\"image\":{\"@id\":\"https:\/\/www.notibras.com\/site\/#\/schema\/logo\/image\/\"},\"sameAs\":[\"https:\/\/www.facebook.com\/notibras\/\",\"https:\/\/x.com\/Notibras\",\"https:\/\/www.instagram.com\/notibras\/\"]},{\"@type\":\"Person\",\"@id\":\"https:\/\/www.notibras.com\/site\/#\/schema\/person\/36ab0979449956132d3e5b517ea76ac8\",\"name\":\"Reda\u00e7\u00e3o\",\"image\":{\"@type\":\"ImageObject\",\"inLanguage\":\"pt-BR\",\"@id\":\"https:\/\/secure.gravatar.com\/avatar\/e0a867bdedb85fd243eadf09663511f96fc81e0720a4a42581f334ad4303aa6b?s=96&d=mm&r=g\",\"url\":\"https:\/\/secure.gravatar.com\/avatar\/e0a867bdedb85fd243eadf09663511f96fc81e0720a4a42581f334ad4303aa6b?s=96&d=mm&r=g\",\"contentUrl\":\"https:\/\/secure.gravatar.com\/avatar\/e0a867bdedb85fd243eadf09663511f96fc81e0720a4a42581f334ad4303aa6b?s=96&d=mm&r=g\",\"caption\":\"Reda\u00e7\u00e3o\"}}]}<\/script>\n<!-- \/ Yoast SEO plugin. -->","yoast_head_json":{"title":"Sindicato de pescadores anuncia fim do bloqueio mar\u00edtimo em Santa Catarina - Notibras","robots":{"index":"index","follow":"follow","max-snippet":"max-snippet:-1","max-image-preview":"max-image-preview:large","max-video-preview":"max-video-preview:-1"},"canonical":"https:\/\/www.notibras.com\/site\/pescadores-impedem-saida-de-transatlantico-em-protesto-a-veto-para-pescar\/","og_locale":"pt_BR","og_type":"article","og_title":"Sindicato de pescadores anuncia fim do bloqueio mar\u00edtimo em Santa Catarina - Notibras","og_description":"O Sindicato dos Armadores e Ind\u00fastria da Pesca (Sindipi) anunciou \u00e0s 15h30 desta ter\u00e7a-feira (6) o fim do bloqueio do Rio Itaja\u00ed-A\u00e7u. De 250 embarca\u00e7\u00f5es que participaram do protesto, apenas 20 permaneciam no local \u00e0s 16h. Um navio de cruzeiro, com 2,4 mil pessoas &#8211; sendo 1.877 turistas &#8211; continuava atracado no P\u00eder Tur\u00edstico de [&hellip;]","og_url":"https:\/\/www.notibras.com\/site\/pescadores-impedem-saida-de-transatlantico-em-protesto-a-veto-para-pescar\/","og_site_name":"Notibras","article_publisher":"https:\/\/www.facebook.com\/notibras\/","article_published_time":"2015-01-06T17:53:07+00:00","article_modified_time":"2015-01-06T21:30:38+00:00","og_image":[{"width":460,"height":340,"url":"https:\/\/www.notibras.com\/site\/wp-content\/uploads\/2015\/01\/protestopescadoresitajaitransatlanticovc-reportersindipdiv.jpg","type":"image\/jpeg"}],"author":"Reda\u00e7\u00e3o","twitter_card":"summary_large_image","twitter_creator":"@Notibras","twitter_site":"@Notibras","twitter_misc":{"Escrito por":"Reda\u00e7\u00e3o","Est. tempo de leitura":"3 minutos"},"schema":{"@context":"https:\/\/schema.org","@graph":[{"@type":"Article","@id":"https:\/\/www.notibras.com\/site\/pescadores-impedem-saida-de-transatlantico-em-protesto-a-veto-para-pescar\/#article","isPartOf":{"@id":"https:\/\/www.notibras.com\/site\/pescadores-impedem-saida-de-transatlantico-em-protesto-a-veto-para-pescar\/"},"author":{"name":"Reda\u00e7\u00e3o","@id":"https:\/\/www.notibras.com\/site\/#\/schema\/person\/36ab0979449956132d3e5b517ea76ac8"},"headline":"Sindicato de pescadores anuncia fim do bloqueio mar\u00edtimo em Santa Catarina","datePublished":"2015-01-06T17:53:07+00:00","dateModified":"2015-01-06T21:30:38+00:00","mainEntityOfPage":{"@id":"https:\/\/www.notibras.com\/site\/pescadores-impedem-saida-de-transatlantico-em-protesto-a-veto-para-pescar\/"},"wordCount":656,"commentCount":0,"publisher":{"@id":"https:\/\/www.notibras.com\/site\/#organization"},"image":{"@id":"https:\/\/www.notibras.com\/site\/pescadores-impedem-saida-de-transatlantico-em-protesto-a-veto-para-pescar\/#primaryimage"},"thumbnailUrl":"https:\/\/www.notibras.com\/site\/wp-content\/uploads\/2015\/01\/protestopescadoresitajaitransatlanticovc-reportersindipdiv.jpg","articleSection":["Brasil"],"inLanguage":"pt-BR","potentialAction":[{"@type":"CommentAction","name":"Comment","target":["https:\/\/www.notibras.com\/site\/pescadores-impedem-saida-de-transatlantico-em-protesto-a-veto-para-pescar\/#respond"]}]},{"@type":"WebPage","@id":"https:\/\/www.notibras.com\/site\/pescadores-impedem-saida-de-transatlantico-em-protesto-a-veto-para-pescar\/","url":"https:\/\/www.notibras.com\/site\/pescadores-impedem-saida-de-transatlantico-em-protesto-a-veto-para-pescar\/","name":"Sindicato de pescadores anuncia fim do bloqueio mar\u00edtimo em Santa Catarina - Notibras","isPartOf":{"@id":"https:\/\/www.notibras.com\/site\/#website"},"primaryImageOfPage":{"@id":"https:\/\/www.notibras.com\/site\/pescadores-impedem-saida-de-transatlantico-em-protesto-a-veto-para-pescar\/#primaryimage"},"image":{"@id":"https:\/\/www.notibras.com\/site\/pescadores-impedem-saida-de-transatlantico-em-protesto-a-veto-para-pescar\/#primaryimage"},"thumbnailUrl":"https:\/\/www.notibras.com\/site\/wp-content\/uploads\/2015\/01\/protestopescadoresitajaitransatlanticovc-reportersindipdiv.jpg","datePublished":"2015-01-06T17:53:07+00:00","dateModified":"2015-01-06T21:30:38+00:00","breadcrumb":{"@id":"https:\/\/www.notibras.com\/site\/pescadores-impedem-saida-de-transatlantico-em-protesto-a-veto-para-pescar\/#breadcrumb"},"inLanguage":"pt-BR","potentialAction":[{"@type":"ReadAction","target":["https:\/\/www.notibras.com\/site\/pescadores-impedem-saida-de-transatlantico-em-protesto-a-veto-para-pescar\/"]}]},{"@type":"ImageObject","inLanguage":"pt-BR","@id":"https:\/\/www.notibras.com\/site\/pescadores-impedem-saida-de-transatlantico-em-protesto-a-veto-para-pescar\/#primaryimage","url":"https:\/\/www.notibras.com\/site\/wp-content\/uploads\/2015\/01\/protestopescadoresitajaitransatlanticovc-reportersindipdiv.jpg","contentUrl":"https:\/\/www.notibras.com\/site\/wp-content\/uploads\/2015\/01\/protestopescadoresitajaitransatlanticovc-reportersindipdiv.jpg","width":460,"height":340},{"@type":"BreadcrumbList","@id":"https:\/\/www.notibras.com\/site\/pescadores-impedem-saida-de-transatlantico-em-protesto-a-veto-para-pescar\/#breadcrumb","itemListElement":[{"@type":"ListItem","position":1,"name":"In\u00edcio","item":"https:\/\/www.notibras.com\/site\/"},{"@type":"ListItem","position":2,"name":"Sindicato de pescadores anuncia fim do bloqueio mar\u00edtimo em Santa Catarina"}]},{"@type":"WebSite","@id":"https:\/\/www.notibras.com\/site\/#website","url":"https:\/\/www.notibras.com\/site\/","name":"Notibras","description":"Not\u00edcias de Bras\u00edlia, do Brasil e do Mundo","publisher":{"@id":"https:\/\/www.notibras.com\/site\/#organization"},"potentialAction":[{"@type":"SearchAction","target":{"@type":"EntryPoint","urlTemplate":"https:\/\/www.notibras.com\/site\/?s={search_term_string}"},"query-input":{"@type":"PropertyValueSpecification","valueRequired":true,"valueName":"search_term_string"}}],"inLanguage":"pt-BR"},{"@type":"Organization","@id":"https:\/\/www.notibras.com\/site\/#organization","name":"Grupo Notibras de Comunica\u00e7\u00e3o","url":"https:\/\/www.notibras.com\/site\/","logo":{"@type":"ImageObject","inLanguage":"pt-BR","@id":"https:\/\/www.notibras.com\/site\/#\/schema\/logo\/image\/","url":"https:\/\/www.notibras.com\/site\/wp-content\/uploads\/2023\/01\/notibras23.png","contentUrl":"https:\/\/www.notibras.com\/site\/wp-content\/uploads\/2023\/01\/notibras23.png","width":350,"height":87,"caption":"Grupo Notibras de Comunica\u00e7\u00e3o"},"image":{"@id":"https:\/\/www.notibras.com\/site\/#\/schema\/logo\/image\/"},"sameAs":["https:\/\/www.facebook.com\/notibras\/","https:\/\/x.com\/Notibras","https:\/\/www.instagram.com\/notibras\/"]},{"@type":"Person","@id":"https:\/\/www.notibras.com\/site\/#\/schema\/person\/36ab0979449956132d3e5b517ea76ac8","name":"Reda\u00e7\u00e3o","image":{"@type":"ImageObject","inLanguage":"pt-BR","@id":"https:\/\/secure.gravatar.com\/avatar\/e0a867bdedb85fd243eadf09663511f96fc81e0720a4a42581f334ad4303aa6b?s=96&d=mm&r=g","url":"https:\/\/secure.gravatar.com\/avatar\/e0a867bdedb85fd243eadf09663511f96fc81e0720a4a42581f334ad4303aa6b?s=96&d=mm&r=g","contentUrl":"https:\/\/secure.gravatar.com\/avatar\/e0a867bdedb85fd243eadf09663511f96fc81e0720a4a42581f334ad4303aa6b?s=96&d=mm&r=g","caption":"Reda\u00e7\u00e3o"}}]}},"amp_enabled":true,"_links":{"self":[{"href":"https:\/\/www.notibras.com\/site\/wp-json\/wp\/v2\/posts\/33085","targetHints":{"allow":["GET"]}}],"collection":[{"href":"https:\/\/www.notibras.com\/site\/wp-json\/wp\/v2\/posts"}],"about":[{"href":"https:\/\/www.notibras.com\/site\/wp-json\/wp\/v2\/types\/post"}],"author":[{"embeddable":true,"href":"https:\/\/www.notibras.com\/site\/wp-json\/wp\/v2\/users\/2"}],"replies":[{"embeddable":true,"href":"https:\/\/www.notibras.com\/site\/wp-json\/wp\/v2\/comments?post=33085"}],"version-history":[{"count":0,"href":"https:\/\/www.notibras.com\/site\/wp-json\/wp\/v2\/posts\/33085\/revisions"}],"wp:featuredmedia":[{"embeddable":true,"href":"https:\/\/www.notibras.com\/site\/wp-json\/wp\/v2\/media\/33086"}],"wp:attachment":[{"href":"https:\/\/www.notibras.com\/site\/wp-json\/wp\/v2\/media?parent=33085"}],"wp:term":[{"taxonomy":"category","embeddable":true,"href":"https:\/\/www.notibras.com\/site\/wp-json\/wp\/v2\/categories?post=33085"},{"taxonomy":"post_tag","embeddable":true,"href":"https:\/\/www.notibras.com\/site\/wp-json\/wp\/v2\/tags?post=33085"}],"curies":[{"name":"wp","href":"https:\/\/api.w.org\/{rel}","templated":true}]}}