{"id":330852,"date":"2024-06-15T00:00:02","date_gmt":"2024-06-15T03:00:02","guid":{"rendered":"https:\/\/www.notibras.com\/site\/?p=330852"},"modified":"2024-06-15T09:52:23","modified_gmt":"2024-06-15T12:52:23","slug":"paulooctavio-lanca-o-residencial-edmond-baracat","status":"publish","type":"post","link":"https:\/\/www.notibras.com\/site\/paulooctavio-lanca-o-residencial-edmond-baracat\/","title":{"rendered":"PaulOOctavio lan\u00e7a o Residencial Edmond Baracat"},"content":{"rendered":"<p>A PaulOOctavio lan\u00e7a, neste s\u00e1bado (15), a partir das 10h, na Central de Vendas do Noroeste, um empreendimento que promete redefinir o conceito de morar bem no bairro mais sustent\u00e1vel de Bras\u00edlia. O Residencial Edmond Baracat ter\u00e1 localiza\u00e7\u00e3o privilegiada, f\u00e1cil acesso aos melhores shopping centers da cidade e vista livre, al\u00e9m da proximidade com os parques Burle Marx e Nacional. Ser\u00e3o somente 48 unidades exclusivas, com dois apartamentos por prumada, que primam pelo conforto.<\/p>\n<p>Localizado na SQNW 311, Bloco I, o residencial tem apartamentos tipo vazados, que variam entre 153 m\u00b2 e 162 m\u00b2, com 4 su\u00edtes e 3 vagas de garagem. As coberturas duplex, por sua vez, t\u00eam entre 301 m\u00b2 e 310 m\u00b2, oferecendo 4 su\u00edtes e 4 vagas de garagem. Todas as unidades contam com biciclet\u00e1rio privativo e uma s\u00e9rie de diferenciais.<\/p>\n<p>Para o empres\u00e1rio Paulo Oct\u00e1vio, a homenagem reconhece um pioneiro que fez hist\u00f3ria em Bras\u00edlia. &#8220;Edmond Baracat foi um nome importante pelos grandes projetos que fez na constru\u00e7\u00e3o civil desde a inaugura\u00e7\u00e3o de Bras\u00edlia, destacando-se o Bras\u00edlia R\u00e1dio Center e o edif\u00edcio Baracat, no Setor Comercial Sul, entre muitos outros empreendimentos. Era curitibano de nascimento, e tinha a alma dos candangos&#8221;, definiu.<\/p>\n<p>O diretor comercial da PaulOOct\u00e1vio, Fabio Kertenis Mendes, afirma que o lan\u00e7amento tem importantes diferenciais para compradores e investidores. &#8220;O Residencial Edmond Baracat oferece uma das vistas mais elegantes do Noroeste, sendo um investimento inteligente para quem preza pela qualidade de vida&#8221;, completa.<\/p>\n<p>As unidades ter\u00e3o detalhes \u00fanicos, como varanda gourmet com ponto para cooktop de indu\u00e7\u00e3o; terra\u00e7os privativos amplos, equipados com spas; tratamento ac\u00fastico entre os apartamentos e coberturas; paredes internas em alvenaria; moderno piso em porcelanato, com o uso de grandes formatos; bancadas dos banheiros e lavabo em granito; janelas do tipo \u201ccorrer\u201d nas su\u00edtes e cozinha; infraestrutura pronta para aparelhos de ar-condicionado nas su\u00edtes e salas; e porta de acesso social com fechadura digital.<\/p>\n<p>O edif\u00edcio erguido pela PaulOOctavio ter\u00e1 fachada em granito, ACM, pele de vidro e ecogranito, al\u00e9m de pilotis moderno, com amplo p\u00e9-direito e paisagismo integrado aos halls sociais. O Residencial Edmond Baracat oferecer\u00e1 aos moradores piscina climatizada com borda infinita e terra\u00e7o mobiliado; espa\u00e7o gourmet vers\u00e1til e climatizado, integrado com \u00e1rea externa; academia climatizada e equipada com equipamentos profissionais; sal\u00e3o de festas climatizado com tratamento ac\u00fastico; e biciclet\u00e1rio climatizado com mesa de ferramentas e tanque de lavagem.<\/p>\n","protected":false},"excerpt":{"rendered":"<p>A PaulOOctavio lan\u00e7a, neste s\u00e1bado (15), a partir das 10h, na Central de Vendas do Noroeste, um empreendimento que promete redefinir o conceito de morar bem no bairro mais sustent\u00e1vel de Bras\u00edlia. O Residencial Edmond Baracat ter\u00e1 localiza\u00e7\u00e3o privilegiada, f\u00e1cil acesso aos melhores shopping centers da cidade e vista livre, al\u00e9m da proximidade com os [&hellip;]<\/p>\n","protected":false},"author":2,"featured_media":330853,"comment_status":"closed","ping_status":"closed","sticky":false,"template":"","format":"standard","meta":{"_acf_changed":false,"footnotes":""},"categories":[161],"tags":[],"class_list":["post-330852","post","type-post","status-publish","format-standard","has-post-thumbnail","hentry","category-quadradinho-em-foco"],"acf":[],"yoast_head":"<!-- This site is optimized with the Yoast SEO plugin v27.5 - https:\/\/yoast.com\/product\/yoast-seo-wordpress\/ -->\n<title>PaulOOctavio lan\u00e7a o Residencial Edmond Baracat - Notibras<\/title>\n<meta name=\"robots\" content=\"index, follow, max-snippet:-1, max-image-preview:large, max-video-preview:-1\" \/>\n<link rel=\"canonical\" href=\"https:\/\/www.notibras.com\/site\/paulooctavio-lanca-o-residencial-edmond-baracat\/\" \/>\n<meta property=\"og:locale\" content=\"pt_BR\" \/>\n<meta property=\"og:type\" content=\"article\" \/>\n<meta property=\"og:title\" content=\"PaulOOctavio lan\u00e7a o Residencial Edmond Baracat - Notibras\" \/>\n<meta property=\"og:description\" content=\"A PaulOOctavio lan\u00e7a, neste s\u00e1bado (15), a partir das 10h, na Central de Vendas do Noroeste, um empreendimento que promete redefinir o conceito de morar bem no bairro mais sustent\u00e1vel de Bras\u00edlia. O Residencial Edmond Baracat ter\u00e1 localiza\u00e7\u00e3o privilegiada, f\u00e1cil acesso aos melhores shopping centers da cidade e vista livre, al\u00e9m da proximidade com os [&hellip;]\" \/>\n<meta property=\"og:url\" content=\"https:\/\/www.notibras.com\/site\/paulooctavio-lanca-o-residencial-edmond-baracat\/\" \/>\n<meta property=\"og:site_name\" content=\"Notibras\" \/>\n<meta property=\"article:publisher\" content=\"https:\/\/www.facebook.com\/notibras\/\" \/>\n<meta property=\"article:published_time\" content=\"2024-06-15T03:00:02+00:00\" \/>\n<meta property=\"article:modified_time\" content=\"2024-06-15T12:52:23+00:00\" \/>\n<meta property=\"og:image\" content=\"https:\/\/www.notibras.com\/site\/wp-content\/uploads\/2024\/06\/a9ab4083-b5e3-4c84-b3f4-ff1ad801d1cd.jpeg\" \/>\n\t<meta property=\"og:image:width\" content=\"1408\" \/>\n\t<meta property=\"og:image:height\" content=\"640\" \/>\n\t<meta property=\"og:image:type\" content=\"image\/jpeg\" \/>\n<meta name=\"author\" content=\"Reda\u00e7\u00e3o\" \/>\n<meta name=\"twitter:card\" content=\"summary_large_image\" \/>\n<meta name=\"twitter:creator\" content=\"@Notibras\" \/>\n<meta name=\"twitter:site\" content=\"@Notibras\" \/>\n<meta name=\"twitter:label1\" content=\"Escrito por\" \/>\n\t<meta name=\"twitter:data1\" content=\"Reda\u00e7\u00e3o\" \/>\n\t<meta name=\"twitter:label2\" content=\"Est. tempo de leitura\" \/>\n\t<meta name=\"twitter:data2\" content=\"3 minutos\" \/>\n<script type=\"application\/ld+json\" class=\"yoast-schema-graph\">{\"@context\":\"https:\\\/\\\/schema.org\",\"@graph\":[{\"@type\":\"Article\",\"@id\":\"https:\\\/\\\/www.notibras.com\\\/site\\\/paulooctavio-lanca-o-residencial-edmond-baracat\\\/#article\",\"isPartOf\":{\"@id\":\"https:\\\/\\\/www.notibras.com\\\/site\\\/paulooctavio-lanca-o-residencial-edmond-baracat\\\/\"},\"author\":{\"name\":\"Reda\u00e7\u00e3o\",\"@id\":\"https:\\\/\\\/www.notibras.com\\\/site\\\/#\\\/schema\\\/person\\\/36ab0979449956132d3e5b517ea76ac8\"},\"headline\":\"PaulOOctavio lan\u00e7a o Residencial Edmond Baracat\",\"datePublished\":\"2024-06-15T03:00:02+00:00\",\"dateModified\":\"2024-06-15T12:52:23+00:00\",\"mainEntityOfPage\":{\"@id\":\"https:\\\/\\\/www.notibras.com\\\/site\\\/paulooctavio-lanca-o-residencial-edmond-baracat\\\/\"},\"wordCount\":427,\"publisher\":{\"@id\":\"https:\\\/\\\/www.notibras.com\\\/site\\\/#organization\"},\"image\":{\"@id\":\"https:\\\/\\\/www.notibras.com\\\/site\\\/paulooctavio-lanca-o-residencial-edmond-baracat\\\/#primaryimage\"},\"thumbnailUrl\":\"https:\\\/\\\/www.notibras.com\\\/site\\\/wp-content\\\/uploads\\\/2024\\\/06\\\/a9ab4083-b5e3-4c84-b3f4-ff1ad801d1cd.jpeg\",\"articleSection\":[\"Quadradinho em Foco\"],\"inLanguage\":\"pt-BR\"},{\"@type\":\"WebPage\",\"@id\":\"https:\\\/\\\/www.notibras.com\\\/site\\\/paulooctavio-lanca-o-residencial-edmond-baracat\\\/\",\"url\":\"https:\\\/\\\/www.notibras.com\\\/site\\\/paulooctavio-lanca-o-residencial-edmond-baracat\\\/\",\"name\":\"PaulOOctavio lan\u00e7a o Residencial Edmond Baracat - Notibras\",\"isPartOf\":{\"@id\":\"https:\\\/\\\/www.notibras.com\\\/site\\\/#website\"},\"primaryImageOfPage\":{\"@id\":\"https:\\\/\\\/www.notibras.com\\\/site\\\/paulooctavio-lanca-o-residencial-edmond-baracat\\\/#primaryimage\"},\"image\":{\"@id\":\"https:\\\/\\\/www.notibras.com\\\/site\\\/paulooctavio-lanca-o-residencial-edmond-baracat\\\/#primaryimage\"},\"thumbnailUrl\":\"https:\\\/\\\/www.notibras.com\\\/site\\\/wp-content\\\/uploads\\\/2024\\\/06\\\/a9ab4083-b5e3-4c84-b3f4-ff1ad801d1cd.jpeg\",\"datePublished\":\"2024-06-15T03:00:02+00:00\",\"dateModified\":\"2024-06-15T12:52:23+00:00\",\"breadcrumb\":{\"@id\":\"https:\\\/\\\/www.notibras.com\\\/site\\\/paulooctavio-lanca-o-residencial-edmond-baracat\\\/#breadcrumb\"},\"inLanguage\":\"pt-BR\",\"potentialAction\":[{\"@type\":\"ReadAction\",\"target\":[\"https:\\\/\\\/www.notibras.com\\\/site\\\/paulooctavio-lanca-o-residencial-edmond-baracat\\\/\"]}]},{\"@type\":\"ImageObject\",\"inLanguage\":\"pt-BR\",\"@id\":\"https:\\\/\\\/www.notibras.com\\\/site\\\/paulooctavio-lanca-o-residencial-edmond-baracat\\\/#primaryimage\",\"url\":\"https:\\\/\\\/www.notibras.com\\\/site\\\/wp-content\\\/uploads\\\/2024\\\/06\\\/a9ab4083-b5e3-4c84-b3f4-ff1ad801d1cd.jpeg\",\"contentUrl\":\"https:\\\/\\\/www.notibras.com\\\/site\\\/wp-content\\\/uploads\\\/2024\\\/06\\\/a9ab4083-b5e3-4c84-b3f4-ff1ad801d1cd.jpeg\",\"width\":1408,\"height\":640},{\"@type\":\"BreadcrumbList\",\"@id\":\"https:\\\/\\\/www.notibras.com\\\/site\\\/paulooctavio-lanca-o-residencial-edmond-baracat\\\/#breadcrumb\",\"itemListElement\":[{\"@type\":\"ListItem\",\"position\":1,\"name\":\"In\u00edcio\",\"item\":\"https:\\\/\\\/www.notibras.com\\\/site\\\/\"},{\"@type\":\"ListItem\",\"position\":2,\"name\":\"PaulOOctavio lan\u00e7a o Residencial Edmond Baracat\"}]},{\"@type\":\"WebSite\",\"@id\":\"https:\\\/\\\/www.notibras.com\\\/site\\\/#website\",\"url\":\"https:\\\/\\\/www.notibras.com\\\/site\\\/\",\"name\":\"Notibras\",\"description\":\"Not\u00edcias de Bras\u00edlia, do Brasil e do Mundo\",\"publisher\":{\"@id\":\"https:\\\/\\\/www.notibras.com\\\/site\\\/#organization\"},\"potentialAction\":[{\"@type\":\"SearchAction\",\"target\":{\"@type\":\"EntryPoint\",\"urlTemplate\":\"https:\\\/\\\/www.notibras.com\\\/site\\\/?s={search_term_string}\"},\"query-input\":{\"@type\":\"PropertyValueSpecification\",\"valueRequired\":true,\"valueName\":\"search_term_string\"}}],\"inLanguage\":\"pt-BR\"},{\"@type\":\"Organization\",\"@id\":\"https:\\\/\\\/www.notibras.com\\\/site\\\/#organization\",\"name\":\"Grupo Notibras de Comunica\u00e7\u00e3o\",\"url\":\"https:\\\/\\\/www.notibras.com\\\/site\\\/\",\"logo\":{\"@type\":\"ImageObject\",\"inLanguage\":\"pt-BR\",\"@id\":\"https:\\\/\\\/www.notibras.com\\\/site\\\/#\\\/schema\\\/logo\\\/image\\\/\",\"url\":\"https:\\\/\\\/www.notibras.com\\\/site\\\/wp-content\\\/uploads\\\/2023\\\/01\\\/notibras23.png\",\"contentUrl\":\"https:\\\/\\\/www.notibras.com\\\/site\\\/wp-content\\\/uploads\\\/2023\\\/01\\\/notibras23.png\",\"width\":350,\"height\":87,\"caption\":\"Grupo Notibras de Comunica\u00e7\u00e3o\"},\"image\":{\"@id\":\"https:\\\/\\\/www.notibras.com\\\/site\\\/#\\\/schema\\\/logo\\\/image\\\/\"},\"sameAs\":[\"https:\\\/\\\/www.facebook.com\\\/notibras\\\/\",\"https:\\\/\\\/x.com\\\/Notibras\",\"https:\\\/\\\/www.instagram.com\\\/notibras\\\/\"]},{\"@type\":\"Person\",\"@id\":\"https:\\\/\\\/www.notibras.com\\\/site\\\/#\\\/schema\\\/person\\\/36ab0979449956132d3e5b517ea76ac8\",\"name\":\"Reda\u00e7\u00e3o\",\"image\":{\"@type\":\"ImageObject\",\"inLanguage\":\"pt-BR\",\"@id\":\"https:\\\/\\\/secure.gravatar.com\\\/avatar\\\/e0a867bdedb85fd243eadf09663511f96fc81e0720a4a42581f334ad4303aa6b?s=96&d=mm&r=g\",\"url\":\"https:\\\/\\\/secure.gravatar.com\\\/avatar\\\/e0a867bdedb85fd243eadf09663511f96fc81e0720a4a42581f334ad4303aa6b?s=96&d=mm&r=g\",\"contentUrl\":\"https:\\\/\\\/secure.gravatar.com\\\/avatar\\\/e0a867bdedb85fd243eadf09663511f96fc81e0720a4a42581f334ad4303aa6b?s=96&d=mm&r=g\",\"caption\":\"Reda\u00e7\u00e3o\"}}]}<\/script>\n<!-- \/ Yoast SEO plugin. -->","yoast_head_json":{"title":"PaulOOctavio lan\u00e7a o Residencial Edmond Baracat - Notibras","robots":{"index":"index","follow":"follow","max-snippet":"max-snippet:-1","max-image-preview":"max-image-preview:large","max-video-preview":"max-video-preview:-1"},"canonical":"https:\/\/www.notibras.com\/site\/paulooctavio-lanca-o-residencial-edmond-baracat\/","og_locale":"pt_BR","og_type":"article","og_title":"PaulOOctavio lan\u00e7a o Residencial Edmond Baracat - Notibras","og_description":"A PaulOOctavio lan\u00e7a, neste s\u00e1bado (15), a partir das 10h, na Central de Vendas do Noroeste, um empreendimento que promete redefinir o conceito de morar bem no bairro mais sustent\u00e1vel de Bras\u00edlia. O Residencial Edmond Baracat ter\u00e1 localiza\u00e7\u00e3o privilegiada, f\u00e1cil acesso aos melhores shopping centers da cidade e vista livre, al\u00e9m da proximidade com os [&hellip;]","og_url":"https:\/\/www.notibras.com\/site\/paulooctavio-lanca-o-residencial-edmond-baracat\/","og_site_name":"Notibras","article_publisher":"https:\/\/www.facebook.com\/notibras\/","article_published_time":"2024-06-15T03:00:02+00:00","article_modified_time":"2024-06-15T12:52:23+00:00","og_image":[{"width":1408,"height":640,"url":"https:\/\/www.notibras.com\/site\/wp-content\/uploads\/2024\/06\/a9ab4083-b5e3-4c84-b3f4-ff1ad801d1cd.jpeg","type":"image\/jpeg"}],"author":"Reda\u00e7\u00e3o","twitter_card":"summary_large_image","twitter_creator":"@Notibras","twitter_site":"@Notibras","twitter_misc":{"Escrito por":"Reda\u00e7\u00e3o","Est. tempo de leitura":"3 minutos"},"schema":{"@context":"https:\/\/schema.org","@graph":[{"@type":"Article","@id":"https:\/\/www.notibras.com\/site\/paulooctavio-lanca-o-residencial-edmond-baracat\/#article","isPartOf":{"@id":"https:\/\/www.notibras.com\/site\/paulooctavio-lanca-o-residencial-edmond-baracat\/"},"author":{"name":"Reda\u00e7\u00e3o","@id":"https:\/\/www.notibras.com\/site\/#\/schema\/person\/36ab0979449956132d3e5b517ea76ac8"},"headline":"PaulOOctavio lan\u00e7a o Residencial Edmond Baracat","datePublished":"2024-06-15T03:00:02+00:00","dateModified":"2024-06-15T12:52:23+00:00","mainEntityOfPage":{"@id":"https:\/\/www.notibras.com\/site\/paulooctavio-lanca-o-residencial-edmond-baracat\/"},"wordCount":427,"publisher":{"@id":"https:\/\/www.notibras.com\/site\/#organization"},"image":{"@id":"https:\/\/www.notibras.com\/site\/paulooctavio-lanca-o-residencial-edmond-baracat\/#primaryimage"},"thumbnailUrl":"https:\/\/www.notibras.com\/site\/wp-content\/uploads\/2024\/06\/a9ab4083-b5e3-4c84-b3f4-ff1ad801d1cd.jpeg","articleSection":["Quadradinho em Foco"],"inLanguage":"pt-BR"},{"@type":"WebPage","@id":"https:\/\/www.notibras.com\/site\/paulooctavio-lanca-o-residencial-edmond-baracat\/","url":"https:\/\/www.notibras.com\/site\/paulooctavio-lanca-o-residencial-edmond-baracat\/","name":"PaulOOctavio lan\u00e7a o Residencial Edmond Baracat - Notibras","isPartOf":{"@id":"https:\/\/www.notibras.com\/site\/#website"},"primaryImageOfPage":{"@id":"https:\/\/www.notibras.com\/site\/paulooctavio-lanca-o-residencial-edmond-baracat\/#primaryimage"},"image":{"@id":"https:\/\/www.notibras.com\/site\/paulooctavio-lanca-o-residencial-edmond-baracat\/#primaryimage"},"thumbnailUrl":"https:\/\/www.notibras.com\/site\/wp-content\/uploads\/2024\/06\/a9ab4083-b5e3-4c84-b3f4-ff1ad801d1cd.jpeg","datePublished":"2024-06-15T03:00:02+00:00","dateModified":"2024-06-15T12:52:23+00:00","breadcrumb":{"@id":"https:\/\/www.notibras.com\/site\/paulooctavio-lanca-o-residencial-edmond-baracat\/#breadcrumb"},"inLanguage":"pt-BR","potentialAction":[{"@type":"ReadAction","target":["https:\/\/www.notibras.com\/site\/paulooctavio-lanca-o-residencial-edmond-baracat\/"]}]},{"@type":"ImageObject","inLanguage":"pt-BR","@id":"https:\/\/www.notibras.com\/site\/paulooctavio-lanca-o-residencial-edmond-baracat\/#primaryimage","url":"https:\/\/www.notibras.com\/site\/wp-content\/uploads\/2024\/06\/a9ab4083-b5e3-4c84-b3f4-ff1ad801d1cd.jpeg","contentUrl":"https:\/\/www.notibras.com\/site\/wp-content\/uploads\/2024\/06\/a9ab4083-b5e3-4c84-b3f4-ff1ad801d1cd.jpeg","width":1408,"height":640},{"@type":"BreadcrumbList","@id":"https:\/\/www.notibras.com\/site\/paulooctavio-lanca-o-residencial-edmond-baracat\/#breadcrumb","itemListElement":[{"@type":"ListItem","position":1,"name":"In\u00edcio","item":"https:\/\/www.notibras.com\/site\/"},{"@type":"ListItem","position":2,"name":"PaulOOctavio lan\u00e7a o Residencial Edmond Baracat"}]},{"@type":"WebSite","@id":"https:\/\/www.notibras.com\/site\/#website","url":"https:\/\/www.notibras.com\/site\/","name":"Notibras","description":"Not\u00edcias de Bras\u00edlia, do Brasil e do Mundo","publisher":{"@id":"https:\/\/www.notibras.com\/site\/#organization"},"potentialAction":[{"@type":"SearchAction","target":{"@type":"EntryPoint","urlTemplate":"https:\/\/www.notibras.com\/site\/?s={search_term_string}"},"query-input":{"@type":"PropertyValueSpecification","valueRequired":true,"valueName":"search_term_string"}}],"inLanguage":"pt-BR"},{"@type":"Organization","@id":"https:\/\/www.notibras.com\/site\/#organization","name":"Grupo Notibras de Comunica\u00e7\u00e3o","url":"https:\/\/www.notibras.com\/site\/","logo":{"@type":"ImageObject","inLanguage":"pt-BR","@id":"https:\/\/www.notibras.com\/site\/#\/schema\/logo\/image\/","url":"https:\/\/www.notibras.com\/site\/wp-content\/uploads\/2023\/01\/notibras23.png","contentUrl":"https:\/\/www.notibras.com\/site\/wp-content\/uploads\/2023\/01\/notibras23.png","width":350,"height":87,"caption":"Grupo Notibras de Comunica\u00e7\u00e3o"},"image":{"@id":"https:\/\/www.notibras.com\/site\/#\/schema\/logo\/image\/"},"sameAs":["https:\/\/www.facebook.com\/notibras\/","https:\/\/x.com\/Notibras","https:\/\/www.instagram.com\/notibras\/"]},{"@type":"Person","@id":"https:\/\/www.notibras.com\/site\/#\/schema\/person\/36ab0979449956132d3e5b517ea76ac8","name":"Reda\u00e7\u00e3o","image":{"@type":"ImageObject","inLanguage":"pt-BR","@id":"https:\/\/secure.gravatar.com\/avatar\/e0a867bdedb85fd243eadf09663511f96fc81e0720a4a42581f334ad4303aa6b?s=96&d=mm&r=g","url":"https:\/\/secure.gravatar.com\/avatar\/e0a867bdedb85fd243eadf09663511f96fc81e0720a4a42581f334ad4303aa6b?s=96&d=mm&r=g","contentUrl":"https:\/\/secure.gravatar.com\/avatar\/e0a867bdedb85fd243eadf09663511f96fc81e0720a4a42581f334ad4303aa6b?s=96&d=mm&r=g","caption":"Reda\u00e7\u00e3o"}}]}},"amp_enabled":true,"_links":{"self":[{"href":"https:\/\/www.notibras.com\/site\/wp-json\/wp\/v2\/posts\/330852","targetHints":{"allow":["GET"]}}],"collection":[{"href":"https:\/\/www.notibras.com\/site\/wp-json\/wp\/v2\/posts"}],"about":[{"href":"https:\/\/www.notibras.com\/site\/wp-json\/wp\/v2\/types\/post"}],"author":[{"embeddable":true,"href":"https:\/\/www.notibras.com\/site\/wp-json\/wp\/v2\/users\/2"}],"replies":[{"embeddable":true,"href":"https:\/\/www.notibras.com\/site\/wp-json\/wp\/v2\/comments?post=330852"}],"version-history":[{"count":1,"href":"https:\/\/www.notibras.com\/site\/wp-json\/wp\/v2\/posts\/330852\/revisions"}],"predecessor-version":[{"id":330854,"href":"https:\/\/www.notibras.com\/site\/wp-json\/wp\/v2\/posts\/330852\/revisions\/330854"}],"wp:featuredmedia":[{"embeddable":true,"href":"https:\/\/www.notibras.com\/site\/wp-json\/wp\/v2\/media\/330853"}],"wp:attachment":[{"href":"https:\/\/www.notibras.com\/site\/wp-json\/wp\/v2\/media?parent=330852"}],"wp:term":[{"taxonomy":"category","embeddable":true,"href":"https:\/\/www.notibras.com\/site\/wp-json\/wp\/v2\/categories?post=330852"},{"taxonomy":"post_tag","embeddable":true,"href":"https:\/\/www.notibras.com\/site\/wp-json\/wp\/v2\/tags?post=330852"}],"curies":[{"name":"wp","href":"https:\/\/api.w.org\/{rel}","templated":true}]}}