{"id":330906,"date":"2024-06-17T03:22:37","date_gmt":"2024-06-17T06:22:37","guid":{"rendered":"https:\/\/www.notibras.com\/site\/?p=330906"},"modified":"2024-06-17T08:48:15","modified_gmt":"2024-06-17T11:48:15","slug":"maria-tereza-da-correicao-no-filho-displicente","status":"publish","type":"post","link":"https:\/\/www.notibras.com\/site\/maria-tereza-da-correicao-no-filho-displicente\/","title":{"rendered":"Maria Tereza d\u00e1 correi\u00e7\u00e3o no filho displicente"},"content":{"rendered":"<p>Maria Tereza conhecia as pr\u00f3prias fraquezas, mas precisava se fazer muralha diante dos filhos, especialmente do ca\u00e7ula.<\/p>\n<p>\u2014 Acorda, Rubens, que n\u00e3o vou viver pra sempre!<\/p>\n<p>\u2014 M\u00e3e, t\u00e1 cedo. Nem \u00e9 meio-dia ainda.<\/p>\n<p>\u2014 Olha, que vai acabar perdendo esse emprego que te arrumei.<\/p>\n<p>\u2014 Relaxa, m\u00e3e!<\/p>\n<p>\u2014 Quem relaxa \u00e9 cal\u00e7a frouxa, Rubens!<\/p>\n<p>Enquanto os irm\u00e3os mais velhos demonstravam resili\u00eancia que nem a m\u00e3e, Rubens, al\u00e9m de displicente, era fr\u00e1gil perante os percal\u00e7os da vida. Tanto \u00e9 que, naquele mesmo dia, o rapaz chegou mais uma vez atrasado ao emprego e, como previsto pela m\u00e3e, recebeu o temido bilhete azul.<\/p>\n<p>Como desgra\u00e7a pouca \u00e9 bobagem, calhou da Soraia, namorada de longa data, apresentar o cart\u00e3o vermelho para o gajo. Pobre Rubens, voltou para casa destro\u00e7ado. Mas n\u00e3o antes de afogar as m\u00e1goas no boteco do Juca, famoso pelas cacha\u00e7as de alambiques clandestinos.<\/p>\n<p>Mal pisou em casa, Rubens se deparou com a genitora. Ela, que conhecia a cria de longe, adivinhou o motivo daquele olhar tristonho. Torceu os l\u00e1bios, como s\u00f3 as mulheres sarc\u00e1sticas e s\u00e1bias sabem fazer.<\/p>\n<p>\u2014 Ih, nem precisa falar. J\u00e1 sei de tudo! Foi demitido.<\/p>\n<p>\u2014 Sim.<\/p>\n<p>\u2014 E precisa ficar com essa cara de cachorro de rua? Daqui a pouco, voc\u00ea arruma outro.<\/p>\n<p>\u2014 \u00c9 verdade.<\/p>\n<p>\u2014 Tem mais coisa, n\u00e9?<\/p>\n<p>\u2014 &#8230;<\/p>\n<p>\u2014 Desembucha, Rubens!<\/p>\n<p>\u2014 A Soraia terminou comigo.<\/p>\n<p>\u2014 Levanta a cabe\u00e7a, meu filho. A gente tropica, mas n\u00e3o cai.<\/p>\n<p><strong>*Eduardo Mart\u00ednez \u00e9 autor do livro \u201c57 Contos e Cr\u00f4nicas por um Autor muito Velho\u201d.<\/strong><\/p>\n<p>Compre aqui\u00a0<span class=\"x19la9d6 x1fc57z9 x6ikm8r x10wlt62 x19co3pv x1g5zs5t xfibh0p xiy17q3 x1xsqp64 x1lkfr7t xexx8yu x4uap5 x18d9i69 xkhd6sd\"><span class=\"xrtxmta x1bhl96m\"><img decoding=\"async\" class=\"emoji\" role=\"img\" draggable=\"false\" src=\"https:\/\/s.w.org\/images\/core\/emoji\/14.0.0\/svg\/1f447-1f3ff.svg\" alt=\"&#x1f447;&#x1f3ff;\" \/><\/span><\/span><span class=\"x19la9d6 x1fc57z9 x6ikm8r x10wlt62 x19co3pv x1g5zs5t xfibh0p xiy17q3 x1xsqp64 x1lkfr7t xexx8yu x4uap5 x18d9i69 xkhd6sd\"><span class=\"xrtxmta x1bhl96m\"><img decoding=\"async\" class=\"emoji\" role=\"img\" draggable=\"false\" src=\"https:\/\/s.w.org\/images\/core\/emoji\/14.0.0\/svg\/1f447-1f3ff.svg\" alt=\"&#x1f447;&#x1f3ff;\" \/><\/span><\/span><span class=\"x19la9d6 x1fc57z9 x6ikm8r x10wlt62 x19co3pv x1g5zs5t xfibh0p xiy17q3 x1xsqp64 x1lkfr7t xexx8yu x4uap5 x18d9i69 xkhd6sd\"><span class=\"xrtxmta x1bhl96m\"><img decoding=\"async\" class=\"emoji\" role=\"img\" draggable=\"false\" src=\"https:\/\/s.w.org\/images\/core\/emoji\/14.0.0\/svg\/1f447-1f3ff.svg\" alt=\"&#x1f447;&#x1f3ff;\" \/><\/span><\/span><\/p>\n<p><a href=\"http:\/\/www.joanineditora.com.br\/57-contos-e-cronicas-por-um-autor-muito-velho\">http:\/\/www.joanineditora.com.br\/57-contos-e-cronicas-por-um-autor-muito-velho<\/a><\/p>\n","protected":false},"excerpt":{"rendered":"<p>Maria Tereza conhecia as pr\u00f3prias fraquezas, mas precisava se fazer muralha diante dos filhos, especialmente do ca\u00e7ula. \u2014 Acorda, Rubens, que n\u00e3o vou viver pra sempre! \u2014 M\u00e3e, t\u00e1 cedo. Nem \u00e9 meio-dia ainda. \u2014 Olha, que vai acabar perdendo esse emprego que te arrumei. \u2014 Relaxa, m\u00e3e! \u2014 Quem relaxa \u00e9 cal\u00e7a frouxa, Rubens! [&hellip;]<\/p>\n","protected":false},"author":2,"featured_media":330907,"comment_status":"closed","ping_status":"closed","sticky":false,"template":"","format":"standard","meta":{"_acf_changed":false,"footnotes":""},"categories":[161],"tags":[],"class_list":["post-330906","post","type-post","status-publish","format-standard","has-post-thumbnail","hentry","category-quadradinho-em-foco"],"acf":[],"yoast_head":"<!-- This site is optimized with the Yoast SEO plugin v27.5 - https:\/\/yoast.com\/product\/yoast-seo-wordpress\/ -->\n<title>Maria Tereza d\u00e1 correi\u00e7\u00e3o no filho displicente - Notibras<\/title>\n<meta name=\"robots\" content=\"index, follow, max-snippet:-1, max-image-preview:large, max-video-preview:-1\" \/>\n<link rel=\"canonical\" href=\"https:\/\/www.notibras.com\/site\/maria-tereza-da-correicao-no-filho-displicente\/\" \/>\n<meta property=\"og:locale\" content=\"pt_BR\" \/>\n<meta property=\"og:type\" content=\"article\" \/>\n<meta property=\"og:title\" content=\"Maria Tereza d\u00e1 correi\u00e7\u00e3o no filho displicente - Notibras\" \/>\n<meta property=\"og:description\" content=\"Maria Tereza conhecia as pr\u00f3prias fraquezas, mas precisava se fazer muralha diante dos filhos, especialmente do ca\u00e7ula. \u2014 Acorda, Rubens, que n\u00e3o vou viver pra sempre! \u2014 M\u00e3e, t\u00e1 cedo. Nem \u00e9 meio-dia ainda. \u2014 Olha, que vai acabar perdendo esse emprego que te arrumei. \u2014 Relaxa, m\u00e3e! \u2014 Quem relaxa \u00e9 cal\u00e7a frouxa, Rubens! [&hellip;]\" \/>\n<meta property=\"og:url\" content=\"https:\/\/www.notibras.com\/site\/maria-tereza-da-correicao-no-filho-displicente\/\" \/>\n<meta property=\"og:site_name\" content=\"Notibras\" \/>\n<meta property=\"article:publisher\" content=\"https:\/\/www.facebook.com\/notibras\/\" \/>\n<meta property=\"article:published_time\" content=\"2024-06-17T06:22:37+00:00\" \/>\n<meta property=\"article:modified_time\" content=\"2024-06-17T11:48:15+00:00\" \/>\n<meta property=\"og:image\" content=\"https:\/\/www.notibras.com\/site\/wp-content\/uploads\/2024\/06\/22132910-3253-48f4-a18d-5ccb2003ec12.jpg\" \/>\n\t<meta property=\"og:image:width\" content=\"512\" \/>\n\t<meta property=\"og:image:height\" content=\"457\" \/>\n\t<meta property=\"og:image:type\" content=\"image\/jpeg\" \/>\n<meta name=\"author\" content=\"Reda\u00e7\u00e3o\" \/>\n<meta name=\"twitter:card\" content=\"summary_large_image\" \/>\n<meta name=\"twitter:creator\" content=\"@Notibras\" \/>\n<meta name=\"twitter:site\" content=\"@Notibras\" \/>\n<meta name=\"twitter:label1\" content=\"Escrito por\" \/>\n\t<meta name=\"twitter:data1\" content=\"Reda\u00e7\u00e3o\" \/>\n\t<meta name=\"twitter:label2\" content=\"Est. tempo de leitura\" \/>\n\t<meta name=\"twitter:data2\" content=\"3 minutos\" \/>\n<script type=\"application\/ld+json\" class=\"yoast-schema-graph\">{\"@context\":\"https:\\\/\\\/schema.org\",\"@graph\":[{\"@type\":\"Article\",\"@id\":\"https:\\\/\\\/www.notibras.com\\\/site\\\/maria-tereza-da-correicao-no-filho-displicente\\\/#article\",\"isPartOf\":{\"@id\":\"https:\\\/\\\/www.notibras.com\\\/site\\\/maria-tereza-da-correicao-no-filho-displicente\\\/\"},\"author\":{\"name\":\"Reda\u00e7\u00e3o\",\"@id\":\"https:\\\/\\\/www.notibras.com\\\/site\\\/#\\\/schema\\\/person\\\/36ab0979449956132d3e5b517ea76ac8\"},\"headline\":\"Maria Tereza d\u00e1 correi\u00e7\u00e3o no filho displicente\",\"datePublished\":\"2024-06-17T06:22:37+00:00\",\"dateModified\":\"2024-06-17T11:48:15+00:00\",\"mainEntityOfPage\":{\"@id\":\"https:\\\/\\\/www.notibras.com\\\/site\\\/maria-tereza-da-correicao-no-filho-displicente\\\/\"},\"wordCount\":274,\"publisher\":{\"@id\":\"https:\\\/\\\/www.notibras.com\\\/site\\\/#organization\"},\"image\":{\"@id\":\"https:\\\/\\\/www.notibras.com\\\/site\\\/maria-tereza-da-correicao-no-filho-displicente\\\/#primaryimage\"},\"thumbnailUrl\":\"https:\\\/\\\/www.notibras.com\\\/site\\\/wp-content\\\/uploads\\\/2024\\\/06\\\/22132910-3253-48f4-a18d-5ccb2003ec12.jpg\",\"articleSection\":[\"Quadradinho em Foco\"],\"inLanguage\":\"pt-BR\"},{\"@type\":\"WebPage\",\"@id\":\"https:\\\/\\\/www.notibras.com\\\/site\\\/maria-tereza-da-correicao-no-filho-displicente\\\/\",\"url\":\"https:\\\/\\\/www.notibras.com\\\/site\\\/maria-tereza-da-correicao-no-filho-displicente\\\/\",\"name\":\"Maria Tereza d\u00e1 correi\u00e7\u00e3o no filho displicente - Notibras\",\"isPartOf\":{\"@id\":\"https:\\\/\\\/www.notibras.com\\\/site\\\/#website\"},\"primaryImageOfPage\":{\"@id\":\"https:\\\/\\\/www.notibras.com\\\/site\\\/maria-tereza-da-correicao-no-filho-displicente\\\/#primaryimage\"},\"image\":{\"@id\":\"https:\\\/\\\/www.notibras.com\\\/site\\\/maria-tereza-da-correicao-no-filho-displicente\\\/#primaryimage\"},\"thumbnailUrl\":\"https:\\\/\\\/www.notibras.com\\\/site\\\/wp-content\\\/uploads\\\/2024\\\/06\\\/22132910-3253-48f4-a18d-5ccb2003ec12.jpg\",\"datePublished\":\"2024-06-17T06:22:37+00:00\",\"dateModified\":\"2024-06-17T11:48:15+00:00\",\"breadcrumb\":{\"@id\":\"https:\\\/\\\/www.notibras.com\\\/site\\\/maria-tereza-da-correicao-no-filho-displicente\\\/#breadcrumb\"},\"inLanguage\":\"pt-BR\",\"potentialAction\":[{\"@type\":\"ReadAction\",\"target\":[\"https:\\\/\\\/www.notibras.com\\\/site\\\/maria-tereza-da-correicao-no-filho-displicente\\\/\"]}]},{\"@type\":\"ImageObject\",\"inLanguage\":\"pt-BR\",\"@id\":\"https:\\\/\\\/www.notibras.com\\\/site\\\/maria-tereza-da-correicao-no-filho-displicente\\\/#primaryimage\",\"url\":\"https:\\\/\\\/www.notibras.com\\\/site\\\/wp-content\\\/uploads\\\/2024\\\/06\\\/22132910-3253-48f4-a18d-5ccb2003ec12.jpg\",\"contentUrl\":\"https:\\\/\\\/www.notibras.com\\\/site\\\/wp-content\\\/uploads\\\/2024\\\/06\\\/22132910-3253-48f4-a18d-5ccb2003ec12.jpg\",\"width\":512,\"height\":457},{\"@type\":\"BreadcrumbList\",\"@id\":\"https:\\\/\\\/www.notibras.com\\\/site\\\/maria-tereza-da-correicao-no-filho-displicente\\\/#breadcrumb\",\"itemListElement\":[{\"@type\":\"ListItem\",\"position\":1,\"name\":\"In\u00edcio\",\"item\":\"https:\\\/\\\/www.notibras.com\\\/site\\\/\"},{\"@type\":\"ListItem\",\"position\":2,\"name\":\"Maria Tereza d\u00e1 correi\u00e7\u00e3o no filho displicente\"}]},{\"@type\":\"WebSite\",\"@id\":\"https:\\\/\\\/www.notibras.com\\\/site\\\/#website\",\"url\":\"https:\\\/\\\/www.notibras.com\\\/site\\\/\",\"name\":\"Notibras\",\"description\":\"Not\u00edcias de Bras\u00edlia, do Brasil e do Mundo\",\"publisher\":{\"@id\":\"https:\\\/\\\/www.notibras.com\\\/site\\\/#organization\"},\"potentialAction\":[{\"@type\":\"SearchAction\",\"target\":{\"@type\":\"EntryPoint\",\"urlTemplate\":\"https:\\\/\\\/www.notibras.com\\\/site\\\/?s={search_term_string}\"},\"query-input\":{\"@type\":\"PropertyValueSpecification\",\"valueRequired\":true,\"valueName\":\"search_term_string\"}}],\"inLanguage\":\"pt-BR\"},{\"@type\":\"Organization\",\"@id\":\"https:\\\/\\\/www.notibras.com\\\/site\\\/#organization\",\"name\":\"Grupo Notibras de Comunica\u00e7\u00e3o\",\"url\":\"https:\\\/\\\/www.notibras.com\\\/site\\\/\",\"logo\":{\"@type\":\"ImageObject\",\"inLanguage\":\"pt-BR\",\"@id\":\"https:\\\/\\\/www.notibras.com\\\/site\\\/#\\\/schema\\\/logo\\\/image\\\/\",\"url\":\"https:\\\/\\\/www.notibras.com\\\/site\\\/wp-content\\\/uploads\\\/2023\\\/01\\\/notibras23.png\",\"contentUrl\":\"https:\\\/\\\/www.notibras.com\\\/site\\\/wp-content\\\/uploads\\\/2023\\\/01\\\/notibras23.png\",\"width\":350,\"height\":87,\"caption\":\"Grupo Notibras de Comunica\u00e7\u00e3o\"},\"image\":{\"@id\":\"https:\\\/\\\/www.notibras.com\\\/site\\\/#\\\/schema\\\/logo\\\/image\\\/\"},\"sameAs\":[\"https:\\\/\\\/www.facebook.com\\\/notibras\\\/\",\"https:\\\/\\\/x.com\\\/Notibras\",\"https:\\\/\\\/www.instagram.com\\\/notibras\\\/\"]},{\"@type\":\"Person\",\"@id\":\"https:\\\/\\\/www.notibras.com\\\/site\\\/#\\\/schema\\\/person\\\/36ab0979449956132d3e5b517ea76ac8\",\"name\":\"Reda\u00e7\u00e3o\",\"image\":{\"@type\":\"ImageObject\",\"inLanguage\":\"pt-BR\",\"@id\":\"https:\\\/\\\/secure.gravatar.com\\\/avatar\\\/e0a867bdedb85fd243eadf09663511f96fc81e0720a4a42581f334ad4303aa6b?s=96&d=mm&r=g\",\"url\":\"https:\\\/\\\/secure.gravatar.com\\\/avatar\\\/e0a867bdedb85fd243eadf09663511f96fc81e0720a4a42581f334ad4303aa6b?s=96&d=mm&r=g\",\"contentUrl\":\"https:\\\/\\\/secure.gravatar.com\\\/avatar\\\/e0a867bdedb85fd243eadf09663511f96fc81e0720a4a42581f334ad4303aa6b?s=96&d=mm&r=g\",\"caption\":\"Reda\u00e7\u00e3o\"}}]}<\/script>\n<!-- \/ Yoast SEO plugin. -->","yoast_head_json":{"title":"Maria Tereza d\u00e1 correi\u00e7\u00e3o no filho displicente - Notibras","robots":{"index":"index","follow":"follow","max-snippet":"max-snippet:-1","max-image-preview":"max-image-preview:large","max-video-preview":"max-video-preview:-1"},"canonical":"https:\/\/www.notibras.com\/site\/maria-tereza-da-correicao-no-filho-displicente\/","og_locale":"pt_BR","og_type":"article","og_title":"Maria Tereza d\u00e1 correi\u00e7\u00e3o no filho displicente - Notibras","og_description":"Maria Tereza conhecia as pr\u00f3prias fraquezas, mas precisava se fazer muralha diante dos filhos, especialmente do ca\u00e7ula. \u2014 Acorda, Rubens, que n\u00e3o vou viver pra sempre! \u2014 M\u00e3e, t\u00e1 cedo. Nem \u00e9 meio-dia ainda. \u2014 Olha, que vai acabar perdendo esse emprego que te arrumei. \u2014 Relaxa, m\u00e3e! \u2014 Quem relaxa \u00e9 cal\u00e7a frouxa, Rubens! [&hellip;]","og_url":"https:\/\/www.notibras.com\/site\/maria-tereza-da-correicao-no-filho-displicente\/","og_site_name":"Notibras","article_publisher":"https:\/\/www.facebook.com\/notibras\/","article_published_time":"2024-06-17T06:22:37+00:00","article_modified_time":"2024-06-17T11:48:15+00:00","og_image":[{"width":512,"height":457,"url":"https:\/\/www.notibras.com\/site\/wp-content\/uploads\/2024\/06\/22132910-3253-48f4-a18d-5ccb2003ec12.jpg","type":"image\/jpeg"}],"author":"Reda\u00e7\u00e3o","twitter_card":"summary_large_image","twitter_creator":"@Notibras","twitter_site":"@Notibras","twitter_misc":{"Escrito por":"Reda\u00e7\u00e3o","Est. tempo de leitura":"3 minutos"},"schema":{"@context":"https:\/\/schema.org","@graph":[{"@type":"Article","@id":"https:\/\/www.notibras.com\/site\/maria-tereza-da-correicao-no-filho-displicente\/#article","isPartOf":{"@id":"https:\/\/www.notibras.com\/site\/maria-tereza-da-correicao-no-filho-displicente\/"},"author":{"name":"Reda\u00e7\u00e3o","@id":"https:\/\/www.notibras.com\/site\/#\/schema\/person\/36ab0979449956132d3e5b517ea76ac8"},"headline":"Maria Tereza d\u00e1 correi\u00e7\u00e3o no filho displicente","datePublished":"2024-06-17T06:22:37+00:00","dateModified":"2024-06-17T11:48:15+00:00","mainEntityOfPage":{"@id":"https:\/\/www.notibras.com\/site\/maria-tereza-da-correicao-no-filho-displicente\/"},"wordCount":274,"publisher":{"@id":"https:\/\/www.notibras.com\/site\/#organization"},"image":{"@id":"https:\/\/www.notibras.com\/site\/maria-tereza-da-correicao-no-filho-displicente\/#primaryimage"},"thumbnailUrl":"https:\/\/www.notibras.com\/site\/wp-content\/uploads\/2024\/06\/22132910-3253-48f4-a18d-5ccb2003ec12.jpg","articleSection":["Quadradinho em Foco"],"inLanguage":"pt-BR"},{"@type":"WebPage","@id":"https:\/\/www.notibras.com\/site\/maria-tereza-da-correicao-no-filho-displicente\/","url":"https:\/\/www.notibras.com\/site\/maria-tereza-da-correicao-no-filho-displicente\/","name":"Maria Tereza d\u00e1 correi\u00e7\u00e3o no filho displicente - Notibras","isPartOf":{"@id":"https:\/\/www.notibras.com\/site\/#website"},"primaryImageOfPage":{"@id":"https:\/\/www.notibras.com\/site\/maria-tereza-da-correicao-no-filho-displicente\/#primaryimage"},"image":{"@id":"https:\/\/www.notibras.com\/site\/maria-tereza-da-correicao-no-filho-displicente\/#primaryimage"},"thumbnailUrl":"https:\/\/www.notibras.com\/site\/wp-content\/uploads\/2024\/06\/22132910-3253-48f4-a18d-5ccb2003ec12.jpg","datePublished":"2024-06-17T06:22:37+00:00","dateModified":"2024-06-17T11:48:15+00:00","breadcrumb":{"@id":"https:\/\/www.notibras.com\/site\/maria-tereza-da-correicao-no-filho-displicente\/#breadcrumb"},"inLanguage":"pt-BR","potentialAction":[{"@type":"ReadAction","target":["https:\/\/www.notibras.com\/site\/maria-tereza-da-correicao-no-filho-displicente\/"]}]},{"@type":"ImageObject","inLanguage":"pt-BR","@id":"https:\/\/www.notibras.com\/site\/maria-tereza-da-correicao-no-filho-displicente\/#primaryimage","url":"https:\/\/www.notibras.com\/site\/wp-content\/uploads\/2024\/06\/22132910-3253-48f4-a18d-5ccb2003ec12.jpg","contentUrl":"https:\/\/www.notibras.com\/site\/wp-content\/uploads\/2024\/06\/22132910-3253-48f4-a18d-5ccb2003ec12.jpg","width":512,"height":457},{"@type":"BreadcrumbList","@id":"https:\/\/www.notibras.com\/site\/maria-tereza-da-correicao-no-filho-displicente\/#breadcrumb","itemListElement":[{"@type":"ListItem","position":1,"name":"In\u00edcio","item":"https:\/\/www.notibras.com\/site\/"},{"@type":"ListItem","position":2,"name":"Maria Tereza d\u00e1 correi\u00e7\u00e3o no filho displicente"}]},{"@type":"WebSite","@id":"https:\/\/www.notibras.com\/site\/#website","url":"https:\/\/www.notibras.com\/site\/","name":"Notibras","description":"Not\u00edcias de Bras\u00edlia, do Brasil e do Mundo","publisher":{"@id":"https:\/\/www.notibras.com\/site\/#organization"},"potentialAction":[{"@type":"SearchAction","target":{"@type":"EntryPoint","urlTemplate":"https:\/\/www.notibras.com\/site\/?s={search_term_string}"},"query-input":{"@type":"PropertyValueSpecification","valueRequired":true,"valueName":"search_term_string"}}],"inLanguage":"pt-BR"},{"@type":"Organization","@id":"https:\/\/www.notibras.com\/site\/#organization","name":"Grupo Notibras de Comunica\u00e7\u00e3o","url":"https:\/\/www.notibras.com\/site\/","logo":{"@type":"ImageObject","inLanguage":"pt-BR","@id":"https:\/\/www.notibras.com\/site\/#\/schema\/logo\/image\/","url":"https:\/\/www.notibras.com\/site\/wp-content\/uploads\/2023\/01\/notibras23.png","contentUrl":"https:\/\/www.notibras.com\/site\/wp-content\/uploads\/2023\/01\/notibras23.png","width":350,"height":87,"caption":"Grupo Notibras de Comunica\u00e7\u00e3o"},"image":{"@id":"https:\/\/www.notibras.com\/site\/#\/schema\/logo\/image\/"},"sameAs":["https:\/\/www.facebook.com\/notibras\/","https:\/\/x.com\/Notibras","https:\/\/www.instagram.com\/notibras\/"]},{"@type":"Person","@id":"https:\/\/www.notibras.com\/site\/#\/schema\/person\/36ab0979449956132d3e5b517ea76ac8","name":"Reda\u00e7\u00e3o","image":{"@type":"ImageObject","inLanguage":"pt-BR","@id":"https:\/\/secure.gravatar.com\/avatar\/e0a867bdedb85fd243eadf09663511f96fc81e0720a4a42581f334ad4303aa6b?s=96&d=mm&r=g","url":"https:\/\/secure.gravatar.com\/avatar\/e0a867bdedb85fd243eadf09663511f96fc81e0720a4a42581f334ad4303aa6b?s=96&d=mm&r=g","contentUrl":"https:\/\/secure.gravatar.com\/avatar\/e0a867bdedb85fd243eadf09663511f96fc81e0720a4a42581f334ad4303aa6b?s=96&d=mm&r=g","caption":"Reda\u00e7\u00e3o"}}]}},"amp_enabled":true,"_links":{"self":[{"href":"https:\/\/www.notibras.com\/site\/wp-json\/wp\/v2\/posts\/330906","targetHints":{"allow":["GET"]}}],"collection":[{"href":"https:\/\/www.notibras.com\/site\/wp-json\/wp\/v2\/posts"}],"about":[{"href":"https:\/\/www.notibras.com\/site\/wp-json\/wp\/v2\/types\/post"}],"author":[{"embeddable":true,"href":"https:\/\/www.notibras.com\/site\/wp-json\/wp\/v2\/users\/2"}],"replies":[{"embeddable":true,"href":"https:\/\/www.notibras.com\/site\/wp-json\/wp\/v2\/comments?post=330906"}],"version-history":[{"count":2,"href":"https:\/\/www.notibras.com\/site\/wp-json\/wp\/v2\/posts\/330906\/revisions"}],"predecessor-version":[{"id":330913,"href":"https:\/\/www.notibras.com\/site\/wp-json\/wp\/v2\/posts\/330906\/revisions\/330913"}],"wp:featuredmedia":[{"embeddable":true,"href":"https:\/\/www.notibras.com\/site\/wp-json\/wp\/v2\/media\/330907"}],"wp:attachment":[{"href":"https:\/\/www.notibras.com\/site\/wp-json\/wp\/v2\/media?parent=330906"}],"wp:term":[{"taxonomy":"category","embeddable":true,"href":"https:\/\/www.notibras.com\/site\/wp-json\/wp\/v2\/categories?post=330906"},{"taxonomy":"post_tag","embeddable":true,"href":"https:\/\/www.notibras.com\/site\/wp-json\/wp\/v2\/tags?post=330906"}],"curies":[{"name":"wp","href":"https:\/\/api.w.org\/{rel}","templated":true}]}}