{"id":330933,"date":"2024-06-17T00:00:50","date_gmt":"2024-06-17T03:00:50","guid":{"rendered":"https:\/\/www.notibras.com\/site\/?p=330933"},"modified":"2024-06-17T11:10:17","modified_gmt":"2024-06-17T14:10:17","slug":"modernizacao-da-rede-de-agua-tem-investimento-de-4-milhoes","status":"publish","type":"post","link":"https:\/\/www.notibras.com\/site\/modernizacao-da-rede-de-agua-tem-investimento-de-4-milhoes\/","title":{"rendered":"Moderniza\u00e7\u00e3o da rede de \u00e1gua tem investimento de 4 milh\u00f5es"},"content":{"rendered":"<p>A Caesb est\u00e1 investindo R$ 4 milh\u00f5es para substituir as antigas redes de ferro fundido que distribuem \u00e1gua nos trechos 7 a 11 do Setor de Mans\u00f5es Lago Norte. Ao todo, ser\u00e3o trocados quase 7 quil\u00f4metros de tubula\u00e7\u00f5es por um material mais resistente e mais econ\u00f4mico bastante utilizado em saneamento: o pl\u00e1stico r\u00edgido conhecido por PEAD (polietileno de alta densidade). O mesmo material ser\u00e1 usado na moderniza\u00e7\u00e3o da adutora de \u00e1gua pot\u00e1vel da Caesb no Lago Norte.<\/p>\n<p>As obras v\u00e3o come\u00e7ar no pr\u00f3ximos dias e ter\u00e3o prazo de execu\u00e7\u00e3o de um ano. A Caesb vai avisar aos moradores com anteced\u00eancia quando o abastecimento tiver de ser suspenso para a troca da tubula\u00e7\u00e3o. Nessa fase, os moradores, al\u00e9m de alertados, ser\u00e3o orientados a abastecer a caixa d\u2019\u00e1gua e a n\u00e3o utilizar \u00e1gua com irriga\u00e7\u00e3o de gramado ou lavagem de carro.<\/p>\n<p>A mudan\u00e7a \u00e9 necess\u00e1ria para modernizar a rede e melhorar a qualidade da \u00e1gua distribu\u00edda na regi\u00e3o. No Lago Norte, as tubula\u00e7\u00f5es de ferro fundido foram implantadas ainda no in\u00edcio dos anos 1970. Com o tempo, esse tipo de tubula\u00e7\u00e3o pode sofrer deteriora\u00e7\u00e3o que acaba comprometendo a cor da \u00e1gua, embora possa ser consumida sem risco \u00e0 sa\u00fade. \u201cQueremos modernizar as redes de \u00e1gua da Caesb, que hoje somam 10 mil quil\u00f4metros espalhados por todo o Distrito Federal, e atender a todos com \u00e1gua de qualidade\u201d, afirmou Lu\u00eds Ant\u00f4nio Reis, presidente da companhia.<\/p>\n<p><strong>Investimentos<\/strong><br \/>\nA Caesb tamb\u00e9m trabalha para expandir e melhorar o abastecimento em toda a regi\u00e3o norte do Distrito Federal. Para isso, est\u00e1 investindo R$ 135 milh\u00f5es na constru\u00e7\u00e3o do Sistema de Abastecimento de \u00c1gua Norte, que vai atender 355 mil pessoas que moram em Sobradinho e Sobradinho II, Grande Colorado, Boa Vista, Taquari, Itapo\u00e3 e Regi\u00e3o dos Lagos. As obras est\u00e3o gerando quase 500 empregos direitos e indiretos, segundo a Caesb.<\/p>\n<p>O sistema \u00e9 composto por v\u00e1rias obras, que v\u00e3o sendo erguidas por etapas simultaneamente. \u00c9 o caso da Adutora Taquari, com investimento de R$ 44 milh\u00f5es e que deve ser conclu\u00edda ao final de 2024. Tamb\u00e9m est\u00e1 sendo constru\u00edda a Elevat\u00f3ria de \u00c1gua Tratada Lago Norte, composta por dois reservat\u00f3rios met\u00e1licos com 2.000 m\u00b3 de capacidade de armazenamento. Investimento de R$ 39,7 milh\u00f5es devendo ser conclu\u00edda em janeiro de 2025.<\/p>\n<p>Outra etapa do sistema \u00e9 a implanta\u00e7\u00e3o do Reservat\u00f3rio de \u00c1gua Tratada Sobradinho. Ser\u00e3o dois reservat\u00f3rios met\u00e1licos com capacidade para armazenar 8 milh\u00f5es de litros de \u00e1gua. Um investimento de R$ 21,9 milh\u00f5es e previs\u00e3o de t\u00e9rmino tamb\u00e9m em janeiro do pr\u00f3ximo ano.<\/p>\n<p>A Caesb, segundo Reis, tamb\u00e9m investe na constru\u00e7\u00e3o de mais dois sistemas de abastecimento: Corumb\u00e1 (subadutora do Gama) e Brazl\u00e2ndia. Nesses tr\u00eas sistemas, entre 2024 e 2025 ser\u00e3o investidos meio bilh\u00e3o de reais.<\/p>\n","protected":false},"excerpt":{"rendered":"<p>A Caesb est\u00e1 investindo R$ 4 milh\u00f5es para substituir as antigas redes de ferro fundido que distribuem \u00e1gua nos trechos 7 a 11 do Setor de Mans\u00f5es Lago Norte. Ao todo, ser\u00e3o trocados quase 7 quil\u00f4metros de tubula\u00e7\u00f5es por um material mais resistente e mais econ\u00f4mico bastante utilizado em saneamento: o pl\u00e1stico r\u00edgido conhecido por [&hellip;]<\/p>\n","protected":false},"author":2,"featured_media":330934,"comment_status":"closed","ping_status":"closed","sticky":false,"template":"","format":"standard","meta":{"_acf_changed":false,"footnotes":""},"categories":[161],"tags":[],"class_list":["post-330933","post","type-post","status-publish","format-standard","has-post-thumbnail","hentry","category-quadradinho-em-foco"],"acf":[],"yoast_head":"<!-- This site is optimized with the Yoast SEO plugin v27.5 - https:\/\/yoast.com\/product\/yoast-seo-wordpress\/ -->\n<title>Moderniza\u00e7\u00e3o da rede de \u00e1gua tem investimento de 4 milh\u00f5es - Notibras<\/title>\n<meta name=\"robots\" content=\"index, follow, max-snippet:-1, max-image-preview:large, max-video-preview:-1\" \/>\n<link rel=\"canonical\" href=\"https:\/\/www.notibras.com\/site\/modernizacao-da-rede-de-agua-tem-investimento-de-4-milhoes\/\" \/>\n<meta property=\"og:locale\" content=\"pt_BR\" \/>\n<meta property=\"og:type\" content=\"article\" \/>\n<meta property=\"og:title\" content=\"Moderniza\u00e7\u00e3o da rede de \u00e1gua tem investimento de 4 milh\u00f5es - Notibras\" \/>\n<meta property=\"og:description\" content=\"A Caesb est\u00e1 investindo R$ 4 milh\u00f5es para substituir as antigas redes de ferro fundido que distribuem \u00e1gua nos trechos 7 a 11 do Setor de Mans\u00f5es Lago Norte. Ao todo, ser\u00e3o trocados quase 7 quil\u00f4metros de tubula\u00e7\u00f5es por um material mais resistente e mais econ\u00f4mico bastante utilizado em saneamento: o pl\u00e1stico r\u00edgido conhecido por [&hellip;]\" \/>\n<meta property=\"og:url\" content=\"https:\/\/www.notibras.com\/site\/modernizacao-da-rede-de-agua-tem-investimento-de-4-milhoes\/\" \/>\n<meta property=\"og:site_name\" content=\"Notibras\" \/>\n<meta property=\"article:publisher\" content=\"https:\/\/www.facebook.com\/notibras\/\" \/>\n<meta property=\"article:published_time\" content=\"2024-06-17T03:00:50+00:00\" \/>\n<meta property=\"article:modified_time\" content=\"2024-06-17T14:10:17+00:00\" \/>\n<meta property=\"og:image\" content=\"https:\/\/www.notibras.com\/site\/wp-content\/uploads\/2024\/06\/WhatsApp-Image-2024-06-14-at-19.49.19-768x512-1.jpeg\" \/>\n\t<meta property=\"og:image:width\" content=\"768\" \/>\n\t<meta property=\"og:image:height\" content=\"512\" \/>\n\t<meta property=\"og:image:type\" content=\"image\/jpeg\" \/>\n<meta name=\"author\" content=\"Reda\u00e7\u00e3o\" \/>\n<meta name=\"twitter:card\" content=\"summary_large_image\" \/>\n<meta name=\"twitter:creator\" content=\"@Notibras\" \/>\n<meta name=\"twitter:site\" content=\"@Notibras\" \/>\n<meta name=\"twitter:label1\" content=\"Escrito por\" \/>\n\t<meta name=\"twitter:data1\" content=\"Reda\u00e7\u00e3o\" \/>\n\t<meta name=\"twitter:label2\" content=\"Est. tempo de leitura\" \/>\n\t<meta name=\"twitter:data2\" content=\"3 minutos\" \/>\n<script type=\"application\/ld+json\" class=\"yoast-schema-graph\">{\"@context\":\"https:\\\/\\\/schema.org\",\"@graph\":[{\"@type\":\"Article\",\"@id\":\"https:\\\/\\\/www.notibras.com\\\/site\\\/modernizacao-da-rede-de-agua-tem-investimento-de-4-milhoes\\\/#article\",\"isPartOf\":{\"@id\":\"https:\\\/\\\/www.notibras.com\\\/site\\\/modernizacao-da-rede-de-agua-tem-investimento-de-4-milhoes\\\/\"},\"author\":{\"name\":\"Reda\u00e7\u00e3o\",\"@id\":\"https:\\\/\\\/www.notibras.com\\\/site\\\/#\\\/schema\\\/person\\\/36ab0979449956132d3e5b517ea76ac8\"},\"headline\":\"Moderniza\u00e7\u00e3o da rede de \u00e1gua tem investimento de 4 milh\u00f5es\",\"datePublished\":\"2024-06-17T03:00:50+00:00\",\"dateModified\":\"2024-06-17T14:10:17+00:00\",\"mainEntityOfPage\":{\"@id\":\"https:\\\/\\\/www.notibras.com\\\/site\\\/modernizacao-da-rede-de-agua-tem-investimento-de-4-milhoes\\\/\"},\"wordCount\":505,\"publisher\":{\"@id\":\"https:\\\/\\\/www.notibras.com\\\/site\\\/#organization\"},\"image\":{\"@id\":\"https:\\\/\\\/www.notibras.com\\\/site\\\/modernizacao-da-rede-de-agua-tem-investimento-de-4-milhoes\\\/#primaryimage\"},\"thumbnailUrl\":\"https:\\\/\\\/www.notibras.com\\\/site\\\/wp-content\\\/uploads\\\/2024\\\/06\\\/WhatsApp-Image-2024-06-14-at-19.49.19-768x512-1.jpeg\",\"articleSection\":[\"Quadradinho em Foco\"],\"inLanguage\":\"pt-BR\"},{\"@type\":\"WebPage\",\"@id\":\"https:\\\/\\\/www.notibras.com\\\/site\\\/modernizacao-da-rede-de-agua-tem-investimento-de-4-milhoes\\\/\",\"url\":\"https:\\\/\\\/www.notibras.com\\\/site\\\/modernizacao-da-rede-de-agua-tem-investimento-de-4-milhoes\\\/\",\"name\":\"Moderniza\u00e7\u00e3o da rede de \u00e1gua tem investimento de 4 milh\u00f5es - Notibras\",\"isPartOf\":{\"@id\":\"https:\\\/\\\/www.notibras.com\\\/site\\\/#website\"},\"primaryImageOfPage\":{\"@id\":\"https:\\\/\\\/www.notibras.com\\\/site\\\/modernizacao-da-rede-de-agua-tem-investimento-de-4-milhoes\\\/#primaryimage\"},\"image\":{\"@id\":\"https:\\\/\\\/www.notibras.com\\\/site\\\/modernizacao-da-rede-de-agua-tem-investimento-de-4-milhoes\\\/#primaryimage\"},\"thumbnailUrl\":\"https:\\\/\\\/www.notibras.com\\\/site\\\/wp-content\\\/uploads\\\/2024\\\/06\\\/WhatsApp-Image-2024-06-14-at-19.49.19-768x512-1.jpeg\",\"datePublished\":\"2024-06-17T03:00:50+00:00\",\"dateModified\":\"2024-06-17T14:10:17+00:00\",\"breadcrumb\":{\"@id\":\"https:\\\/\\\/www.notibras.com\\\/site\\\/modernizacao-da-rede-de-agua-tem-investimento-de-4-milhoes\\\/#breadcrumb\"},\"inLanguage\":\"pt-BR\",\"potentialAction\":[{\"@type\":\"ReadAction\",\"target\":[\"https:\\\/\\\/www.notibras.com\\\/site\\\/modernizacao-da-rede-de-agua-tem-investimento-de-4-milhoes\\\/\"]}]},{\"@type\":\"ImageObject\",\"inLanguage\":\"pt-BR\",\"@id\":\"https:\\\/\\\/www.notibras.com\\\/site\\\/modernizacao-da-rede-de-agua-tem-investimento-de-4-milhoes\\\/#primaryimage\",\"url\":\"https:\\\/\\\/www.notibras.com\\\/site\\\/wp-content\\\/uploads\\\/2024\\\/06\\\/WhatsApp-Image-2024-06-14-at-19.49.19-768x512-1.jpeg\",\"contentUrl\":\"https:\\\/\\\/www.notibras.com\\\/site\\\/wp-content\\\/uploads\\\/2024\\\/06\\\/WhatsApp-Image-2024-06-14-at-19.49.19-768x512-1.jpeg\",\"width\":768,\"height\":512},{\"@type\":\"BreadcrumbList\",\"@id\":\"https:\\\/\\\/www.notibras.com\\\/site\\\/modernizacao-da-rede-de-agua-tem-investimento-de-4-milhoes\\\/#breadcrumb\",\"itemListElement\":[{\"@type\":\"ListItem\",\"position\":1,\"name\":\"In\u00edcio\",\"item\":\"https:\\\/\\\/www.notibras.com\\\/site\\\/\"},{\"@type\":\"ListItem\",\"position\":2,\"name\":\"Moderniza\u00e7\u00e3o da rede de \u00e1gua tem investimento de 4 milh\u00f5es\"}]},{\"@type\":\"WebSite\",\"@id\":\"https:\\\/\\\/www.notibras.com\\\/site\\\/#website\",\"url\":\"https:\\\/\\\/www.notibras.com\\\/site\\\/\",\"name\":\"Notibras\",\"description\":\"Not\u00edcias de Bras\u00edlia, do Brasil e do Mundo\",\"publisher\":{\"@id\":\"https:\\\/\\\/www.notibras.com\\\/site\\\/#organization\"},\"potentialAction\":[{\"@type\":\"SearchAction\",\"target\":{\"@type\":\"EntryPoint\",\"urlTemplate\":\"https:\\\/\\\/www.notibras.com\\\/site\\\/?s={search_term_string}\"},\"query-input\":{\"@type\":\"PropertyValueSpecification\",\"valueRequired\":true,\"valueName\":\"search_term_string\"}}],\"inLanguage\":\"pt-BR\"},{\"@type\":\"Organization\",\"@id\":\"https:\\\/\\\/www.notibras.com\\\/site\\\/#organization\",\"name\":\"Grupo Notibras de Comunica\u00e7\u00e3o\",\"url\":\"https:\\\/\\\/www.notibras.com\\\/site\\\/\",\"logo\":{\"@type\":\"ImageObject\",\"inLanguage\":\"pt-BR\",\"@id\":\"https:\\\/\\\/www.notibras.com\\\/site\\\/#\\\/schema\\\/logo\\\/image\\\/\",\"url\":\"https:\\\/\\\/www.notibras.com\\\/site\\\/wp-content\\\/uploads\\\/2023\\\/01\\\/notibras23.png\",\"contentUrl\":\"https:\\\/\\\/www.notibras.com\\\/site\\\/wp-content\\\/uploads\\\/2023\\\/01\\\/notibras23.png\",\"width\":350,\"height\":87,\"caption\":\"Grupo Notibras de Comunica\u00e7\u00e3o\"},\"image\":{\"@id\":\"https:\\\/\\\/www.notibras.com\\\/site\\\/#\\\/schema\\\/logo\\\/image\\\/\"},\"sameAs\":[\"https:\\\/\\\/www.facebook.com\\\/notibras\\\/\",\"https:\\\/\\\/x.com\\\/Notibras\",\"https:\\\/\\\/www.instagram.com\\\/notibras\\\/\"]},{\"@type\":\"Person\",\"@id\":\"https:\\\/\\\/www.notibras.com\\\/site\\\/#\\\/schema\\\/person\\\/36ab0979449956132d3e5b517ea76ac8\",\"name\":\"Reda\u00e7\u00e3o\",\"image\":{\"@type\":\"ImageObject\",\"inLanguage\":\"pt-BR\",\"@id\":\"https:\\\/\\\/secure.gravatar.com\\\/avatar\\\/e0a867bdedb85fd243eadf09663511f96fc81e0720a4a42581f334ad4303aa6b?s=96&d=mm&r=g\",\"url\":\"https:\\\/\\\/secure.gravatar.com\\\/avatar\\\/e0a867bdedb85fd243eadf09663511f96fc81e0720a4a42581f334ad4303aa6b?s=96&d=mm&r=g\",\"contentUrl\":\"https:\\\/\\\/secure.gravatar.com\\\/avatar\\\/e0a867bdedb85fd243eadf09663511f96fc81e0720a4a42581f334ad4303aa6b?s=96&d=mm&r=g\",\"caption\":\"Reda\u00e7\u00e3o\"}}]}<\/script>\n<!-- \/ Yoast SEO plugin. -->","yoast_head_json":{"title":"Moderniza\u00e7\u00e3o da rede de \u00e1gua tem investimento de 4 milh\u00f5es - Notibras","robots":{"index":"index","follow":"follow","max-snippet":"max-snippet:-1","max-image-preview":"max-image-preview:large","max-video-preview":"max-video-preview:-1"},"canonical":"https:\/\/www.notibras.com\/site\/modernizacao-da-rede-de-agua-tem-investimento-de-4-milhoes\/","og_locale":"pt_BR","og_type":"article","og_title":"Moderniza\u00e7\u00e3o da rede de \u00e1gua tem investimento de 4 milh\u00f5es - Notibras","og_description":"A Caesb est\u00e1 investindo R$ 4 milh\u00f5es para substituir as antigas redes de ferro fundido que distribuem \u00e1gua nos trechos 7 a 11 do Setor de Mans\u00f5es Lago Norte. Ao todo, ser\u00e3o trocados quase 7 quil\u00f4metros de tubula\u00e7\u00f5es por um material mais resistente e mais econ\u00f4mico bastante utilizado em saneamento: o pl\u00e1stico r\u00edgido conhecido por [&hellip;]","og_url":"https:\/\/www.notibras.com\/site\/modernizacao-da-rede-de-agua-tem-investimento-de-4-milhoes\/","og_site_name":"Notibras","article_publisher":"https:\/\/www.facebook.com\/notibras\/","article_published_time":"2024-06-17T03:00:50+00:00","article_modified_time":"2024-06-17T14:10:17+00:00","og_image":[{"width":768,"height":512,"url":"https:\/\/www.notibras.com\/site\/wp-content\/uploads\/2024\/06\/WhatsApp-Image-2024-06-14-at-19.49.19-768x512-1.jpeg","type":"image\/jpeg"}],"author":"Reda\u00e7\u00e3o","twitter_card":"summary_large_image","twitter_creator":"@Notibras","twitter_site":"@Notibras","twitter_misc":{"Escrito por":"Reda\u00e7\u00e3o","Est. tempo de leitura":"3 minutos"},"schema":{"@context":"https:\/\/schema.org","@graph":[{"@type":"Article","@id":"https:\/\/www.notibras.com\/site\/modernizacao-da-rede-de-agua-tem-investimento-de-4-milhoes\/#article","isPartOf":{"@id":"https:\/\/www.notibras.com\/site\/modernizacao-da-rede-de-agua-tem-investimento-de-4-milhoes\/"},"author":{"name":"Reda\u00e7\u00e3o","@id":"https:\/\/www.notibras.com\/site\/#\/schema\/person\/36ab0979449956132d3e5b517ea76ac8"},"headline":"Moderniza\u00e7\u00e3o da rede de \u00e1gua tem investimento de 4 milh\u00f5es","datePublished":"2024-06-17T03:00:50+00:00","dateModified":"2024-06-17T14:10:17+00:00","mainEntityOfPage":{"@id":"https:\/\/www.notibras.com\/site\/modernizacao-da-rede-de-agua-tem-investimento-de-4-milhoes\/"},"wordCount":505,"publisher":{"@id":"https:\/\/www.notibras.com\/site\/#organization"},"image":{"@id":"https:\/\/www.notibras.com\/site\/modernizacao-da-rede-de-agua-tem-investimento-de-4-milhoes\/#primaryimage"},"thumbnailUrl":"https:\/\/www.notibras.com\/site\/wp-content\/uploads\/2024\/06\/WhatsApp-Image-2024-06-14-at-19.49.19-768x512-1.jpeg","articleSection":["Quadradinho em Foco"],"inLanguage":"pt-BR"},{"@type":"WebPage","@id":"https:\/\/www.notibras.com\/site\/modernizacao-da-rede-de-agua-tem-investimento-de-4-milhoes\/","url":"https:\/\/www.notibras.com\/site\/modernizacao-da-rede-de-agua-tem-investimento-de-4-milhoes\/","name":"Moderniza\u00e7\u00e3o da rede de \u00e1gua tem investimento de 4 milh\u00f5es - Notibras","isPartOf":{"@id":"https:\/\/www.notibras.com\/site\/#website"},"primaryImageOfPage":{"@id":"https:\/\/www.notibras.com\/site\/modernizacao-da-rede-de-agua-tem-investimento-de-4-milhoes\/#primaryimage"},"image":{"@id":"https:\/\/www.notibras.com\/site\/modernizacao-da-rede-de-agua-tem-investimento-de-4-milhoes\/#primaryimage"},"thumbnailUrl":"https:\/\/www.notibras.com\/site\/wp-content\/uploads\/2024\/06\/WhatsApp-Image-2024-06-14-at-19.49.19-768x512-1.jpeg","datePublished":"2024-06-17T03:00:50+00:00","dateModified":"2024-06-17T14:10:17+00:00","breadcrumb":{"@id":"https:\/\/www.notibras.com\/site\/modernizacao-da-rede-de-agua-tem-investimento-de-4-milhoes\/#breadcrumb"},"inLanguage":"pt-BR","potentialAction":[{"@type":"ReadAction","target":["https:\/\/www.notibras.com\/site\/modernizacao-da-rede-de-agua-tem-investimento-de-4-milhoes\/"]}]},{"@type":"ImageObject","inLanguage":"pt-BR","@id":"https:\/\/www.notibras.com\/site\/modernizacao-da-rede-de-agua-tem-investimento-de-4-milhoes\/#primaryimage","url":"https:\/\/www.notibras.com\/site\/wp-content\/uploads\/2024\/06\/WhatsApp-Image-2024-06-14-at-19.49.19-768x512-1.jpeg","contentUrl":"https:\/\/www.notibras.com\/site\/wp-content\/uploads\/2024\/06\/WhatsApp-Image-2024-06-14-at-19.49.19-768x512-1.jpeg","width":768,"height":512},{"@type":"BreadcrumbList","@id":"https:\/\/www.notibras.com\/site\/modernizacao-da-rede-de-agua-tem-investimento-de-4-milhoes\/#breadcrumb","itemListElement":[{"@type":"ListItem","position":1,"name":"In\u00edcio","item":"https:\/\/www.notibras.com\/site\/"},{"@type":"ListItem","position":2,"name":"Moderniza\u00e7\u00e3o da rede de \u00e1gua tem investimento de 4 milh\u00f5es"}]},{"@type":"WebSite","@id":"https:\/\/www.notibras.com\/site\/#website","url":"https:\/\/www.notibras.com\/site\/","name":"Notibras","description":"Not\u00edcias de Bras\u00edlia, do Brasil e do Mundo","publisher":{"@id":"https:\/\/www.notibras.com\/site\/#organization"},"potentialAction":[{"@type":"SearchAction","target":{"@type":"EntryPoint","urlTemplate":"https:\/\/www.notibras.com\/site\/?s={search_term_string}"},"query-input":{"@type":"PropertyValueSpecification","valueRequired":true,"valueName":"search_term_string"}}],"inLanguage":"pt-BR"},{"@type":"Organization","@id":"https:\/\/www.notibras.com\/site\/#organization","name":"Grupo Notibras de Comunica\u00e7\u00e3o","url":"https:\/\/www.notibras.com\/site\/","logo":{"@type":"ImageObject","inLanguage":"pt-BR","@id":"https:\/\/www.notibras.com\/site\/#\/schema\/logo\/image\/","url":"https:\/\/www.notibras.com\/site\/wp-content\/uploads\/2023\/01\/notibras23.png","contentUrl":"https:\/\/www.notibras.com\/site\/wp-content\/uploads\/2023\/01\/notibras23.png","width":350,"height":87,"caption":"Grupo Notibras de Comunica\u00e7\u00e3o"},"image":{"@id":"https:\/\/www.notibras.com\/site\/#\/schema\/logo\/image\/"},"sameAs":["https:\/\/www.facebook.com\/notibras\/","https:\/\/x.com\/Notibras","https:\/\/www.instagram.com\/notibras\/"]},{"@type":"Person","@id":"https:\/\/www.notibras.com\/site\/#\/schema\/person\/36ab0979449956132d3e5b517ea76ac8","name":"Reda\u00e7\u00e3o","image":{"@type":"ImageObject","inLanguage":"pt-BR","@id":"https:\/\/secure.gravatar.com\/avatar\/e0a867bdedb85fd243eadf09663511f96fc81e0720a4a42581f334ad4303aa6b?s=96&d=mm&r=g","url":"https:\/\/secure.gravatar.com\/avatar\/e0a867bdedb85fd243eadf09663511f96fc81e0720a4a42581f334ad4303aa6b?s=96&d=mm&r=g","contentUrl":"https:\/\/secure.gravatar.com\/avatar\/e0a867bdedb85fd243eadf09663511f96fc81e0720a4a42581f334ad4303aa6b?s=96&d=mm&r=g","caption":"Reda\u00e7\u00e3o"}}]}},"amp_enabled":true,"_links":{"self":[{"href":"https:\/\/www.notibras.com\/site\/wp-json\/wp\/v2\/posts\/330933","targetHints":{"allow":["GET"]}}],"collection":[{"href":"https:\/\/www.notibras.com\/site\/wp-json\/wp\/v2\/posts"}],"about":[{"href":"https:\/\/www.notibras.com\/site\/wp-json\/wp\/v2\/types\/post"}],"author":[{"embeddable":true,"href":"https:\/\/www.notibras.com\/site\/wp-json\/wp\/v2\/users\/2"}],"replies":[{"embeddable":true,"href":"https:\/\/www.notibras.com\/site\/wp-json\/wp\/v2\/comments?post=330933"}],"version-history":[{"count":1,"href":"https:\/\/www.notibras.com\/site\/wp-json\/wp\/v2\/posts\/330933\/revisions"}],"predecessor-version":[{"id":330935,"href":"https:\/\/www.notibras.com\/site\/wp-json\/wp\/v2\/posts\/330933\/revisions\/330935"}],"wp:featuredmedia":[{"embeddable":true,"href":"https:\/\/www.notibras.com\/site\/wp-json\/wp\/v2\/media\/330934"}],"wp:attachment":[{"href":"https:\/\/www.notibras.com\/site\/wp-json\/wp\/v2\/media?parent=330933"}],"wp:term":[{"taxonomy":"category","embeddable":true,"href":"https:\/\/www.notibras.com\/site\/wp-json\/wp\/v2\/categories?post=330933"},{"taxonomy":"post_tag","embeddable":true,"href":"https:\/\/www.notibras.com\/site\/wp-json\/wp\/v2\/tags?post=330933"}],"curies":[{"name":"wp","href":"https:\/\/api.w.org\/{rel}","templated":true}]}}