{"id":330944,"date":"2024-06-17T15:38:31","date_gmt":"2024-06-17T18:38:31","guid":{"rendered":"https:\/\/www.notibras.com\/site\/?p=330944"},"modified":"2024-06-17T15:38:51","modified_gmt":"2024-06-17T18:38:51","slug":"festa-junina-no-terraco-tem-mais-cheiro-de-forro","status":"publish","type":"post","link":"https:\/\/www.notibras.com\/site\/festa-junina-no-terraco-tem-mais-cheiro-de-forro\/","title":{"rendered":"Festa junina no Terra\u00e7o tem mais cheiro de forr\u00f3"},"content":{"rendered":"<p>Entrando no ritmo das festas juninas, o Terra\u00e7o Shopping traz uma programa\u00e7\u00e3o especial no final de semana. No s\u00e1bado, dia 22, quem sobe ao palco \u00e9 o acordeonista Junior Ferreira. Em seu show \u00fanico, tradi\u00e7\u00e3o e modernidade caminham juntas na sonoridade do artista, que tem influ\u00eancias de mestres como Jacob do Bandolim, Radam\u00e9s Gnattali, Pixinguinha, Astor Piazzolla, Luiz Gonzaga, Orlando Silveira e Dominguinhos.<\/p>\n<p>E no domingo (23), Di St\u00e9ffano convida o m\u00fasico Lico do Acordeon para interpretar m\u00fasicas de seu repert\u00f3rio junino. Di St\u00e9ffano \u00e9 um m\u00fasico reconhecido pela capacidade de transformar sua pr\u00f3pria m\u00fasica, por meio de parcerias de extrema qualidade t\u00e9cnica. Al\u00e9m do seu talento como baterista e compositor, \u00e9 tamb\u00e9m um sens\u00edvel arranjador e produtor musical, j\u00e1 tendo trabalhado com grandes nomes da m\u00fasica brasileira e internacional como Jo\u00e3o Donato, Dominguinhos, Guilherme Arantes, Richard Bona, entre outros.<\/p>\n<p><strong>Servi\u00e7o:<\/strong><br \/>\nS\u00e1bado Cultural com Junior Ferreira<br \/>\nDia 22\/06, \u00e0s 19h30<br \/>\nPra\u00e7a Central<\/p>\n<p>Almo\u00e7o Musical com Di St\u00e9ffano e Lico do Acordeon<br \/>\nDia 23\/06, \u00e0s 13h<br \/>\nPra\u00e7a Central<\/p>\n","protected":false},"excerpt":{"rendered":"<p>Entrando no ritmo das festas juninas, o Terra\u00e7o Shopping traz uma programa\u00e7\u00e3o especial no final de semana. No s\u00e1bado, dia 22, quem sobe ao palco \u00e9 o acordeonista Junior Ferreira. Em seu show \u00fanico, tradi\u00e7\u00e3o e modernidade caminham juntas na sonoridade do artista, que tem influ\u00eancias de mestres como Jacob do Bandolim, Radam\u00e9s Gnattali, Pixinguinha, [&hellip;]<\/p>\n","protected":false},"author":2,"featured_media":330945,"comment_status":"closed","ping_status":"closed","sticky":false,"template":"","format":"standard","meta":{"_acf_changed":false,"footnotes":""},"categories":[161],"tags":[],"class_list":["post-330944","post","type-post","status-publish","format-standard","has-post-thumbnail","hentry","category-quadradinho-em-foco"],"acf":[],"yoast_head":"<!-- This site is optimized with the Yoast SEO plugin v27.5 - https:\/\/yoast.com\/product\/yoast-seo-wordpress\/ -->\n<title>Festa junina no Terra\u00e7o tem mais cheiro de forr\u00f3 - Notibras<\/title>\n<meta name=\"robots\" content=\"index, follow, max-snippet:-1, max-image-preview:large, max-video-preview:-1\" \/>\n<link rel=\"canonical\" href=\"https:\/\/www.notibras.com\/site\/festa-junina-no-terraco-tem-mais-cheiro-de-forro\/\" \/>\n<meta property=\"og:locale\" content=\"pt_BR\" \/>\n<meta property=\"og:type\" content=\"article\" \/>\n<meta property=\"og:title\" content=\"Festa junina no Terra\u00e7o tem mais cheiro de forr\u00f3 - Notibras\" \/>\n<meta property=\"og:description\" content=\"Entrando no ritmo das festas juninas, o Terra\u00e7o Shopping traz uma programa\u00e7\u00e3o especial no final de semana. No s\u00e1bado, dia 22, quem sobe ao palco \u00e9 o acordeonista Junior Ferreira. Em seu show \u00fanico, tradi\u00e7\u00e3o e modernidade caminham juntas na sonoridade do artista, que tem influ\u00eancias de mestres como Jacob do Bandolim, Radam\u00e9s Gnattali, Pixinguinha, [&hellip;]\" \/>\n<meta property=\"og:url\" content=\"https:\/\/www.notibras.com\/site\/festa-junina-no-terraco-tem-mais-cheiro-de-forro\/\" \/>\n<meta property=\"og:site_name\" content=\"Notibras\" \/>\n<meta property=\"article:publisher\" content=\"https:\/\/www.facebook.com\/notibras\/\" \/>\n<meta property=\"article:published_time\" content=\"2024-06-17T18:38:31+00:00\" \/>\n<meta property=\"article:modified_time\" content=\"2024-06-17T18:38:51+00:00\" \/>\n<meta property=\"og:image\" content=\"https:\/\/www.notibras.com\/site\/wp-content\/uploads\/2024\/06\/3303cd72-cbdf-49d1-9b3f-893d7cfca7b3.jpeg\" \/>\n\t<meta property=\"og:image:width\" content=\"1500\" \/>\n\t<meta property=\"og:image:height\" content=\"1001\" \/>\n\t<meta property=\"og:image:type\" content=\"image\/jpeg\" \/>\n<meta name=\"author\" content=\"Reda\u00e7\u00e3o\" \/>\n<meta name=\"twitter:card\" content=\"summary_large_image\" \/>\n<meta name=\"twitter:creator\" content=\"@Notibras\" \/>\n<meta name=\"twitter:site\" content=\"@Notibras\" \/>\n<meta name=\"twitter:label1\" content=\"Escrito por\" \/>\n\t<meta name=\"twitter:data1\" content=\"Reda\u00e7\u00e3o\" \/>\n\t<meta name=\"twitter:label2\" content=\"Est. tempo de leitura\" \/>\n\t<meta name=\"twitter:data2\" content=\"2 minutos\" \/>\n<script type=\"application\/ld+json\" class=\"yoast-schema-graph\">{\"@context\":\"https:\\\/\\\/schema.org\",\"@graph\":[{\"@type\":\"Article\",\"@id\":\"https:\\\/\\\/www.notibras.com\\\/site\\\/festa-junina-no-terraco-tem-mais-cheiro-de-forro\\\/#article\",\"isPartOf\":{\"@id\":\"https:\\\/\\\/www.notibras.com\\\/site\\\/festa-junina-no-terraco-tem-mais-cheiro-de-forro\\\/\"},\"author\":{\"name\":\"Reda\u00e7\u00e3o\",\"@id\":\"https:\\\/\\\/www.notibras.com\\\/site\\\/#\\\/schema\\\/person\\\/36ab0979449956132d3e5b517ea76ac8\"},\"headline\":\"Festa junina no Terra\u00e7o tem mais cheiro de forr\u00f3\",\"datePublished\":\"2024-06-17T18:38:31+00:00\",\"dateModified\":\"2024-06-17T18:38:51+00:00\",\"mainEntityOfPage\":{\"@id\":\"https:\\\/\\\/www.notibras.com\\\/site\\\/festa-junina-no-terraco-tem-mais-cheiro-de-forro\\\/\"},\"wordCount\":196,\"publisher\":{\"@id\":\"https:\\\/\\\/www.notibras.com\\\/site\\\/#organization\"},\"image\":{\"@id\":\"https:\\\/\\\/www.notibras.com\\\/site\\\/festa-junina-no-terraco-tem-mais-cheiro-de-forro\\\/#primaryimage\"},\"thumbnailUrl\":\"https:\\\/\\\/www.notibras.com\\\/site\\\/wp-content\\\/uploads\\\/2024\\\/06\\\/3303cd72-cbdf-49d1-9b3f-893d7cfca7b3.jpeg\",\"articleSection\":[\"Quadradinho em Foco\"],\"inLanguage\":\"pt-BR\"},{\"@type\":\"WebPage\",\"@id\":\"https:\\\/\\\/www.notibras.com\\\/site\\\/festa-junina-no-terraco-tem-mais-cheiro-de-forro\\\/\",\"url\":\"https:\\\/\\\/www.notibras.com\\\/site\\\/festa-junina-no-terraco-tem-mais-cheiro-de-forro\\\/\",\"name\":\"Festa junina no Terra\u00e7o tem mais cheiro de forr\u00f3 - Notibras\",\"isPartOf\":{\"@id\":\"https:\\\/\\\/www.notibras.com\\\/site\\\/#website\"},\"primaryImageOfPage\":{\"@id\":\"https:\\\/\\\/www.notibras.com\\\/site\\\/festa-junina-no-terraco-tem-mais-cheiro-de-forro\\\/#primaryimage\"},\"image\":{\"@id\":\"https:\\\/\\\/www.notibras.com\\\/site\\\/festa-junina-no-terraco-tem-mais-cheiro-de-forro\\\/#primaryimage\"},\"thumbnailUrl\":\"https:\\\/\\\/www.notibras.com\\\/site\\\/wp-content\\\/uploads\\\/2024\\\/06\\\/3303cd72-cbdf-49d1-9b3f-893d7cfca7b3.jpeg\",\"datePublished\":\"2024-06-17T18:38:31+00:00\",\"dateModified\":\"2024-06-17T18:38:51+00:00\",\"breadcrumb\":{\"@id\":\"https:\\\/\\\/www.notibras.com\\\/site\\\/festa-junina-no-terraco-tem-mais-cheiro-de-forro\\\/#breadcrumb\"},\"inLanguage\":\"pt-BR\",\"potentialAction\":[{\"@type\":\"ReadAction\",\"target\":[\"https:\\\/\\\/www.notibras.com\\\/site\\\/festa-junina-no-terraco-tem-mais-cheiro-de-forro\\\/\"]}]},{\"@type\":\"ImageObject\",\"inLanguage\":\"pt-BR\",\"@id\":\"https:\\\/\\\/www.notibras.com\\\/site\\\/festa-junina-no-terraco-tem-mais-cheiro-de-forro\\\/#primaryimage\",\"url\":\"https:\\\/\\\/www.notibras.com\\\/site\\\/wp-content\\\/uploads\\\/2024\\\/06\\\/3303cd72-cbdf-49d1-9b3f-893d7cfca7b3.jpeg\",\"contentUrl\":\"https:\\\/\\\/www.notibras.com\\\/site\\\/wp-content\\\/uploads\\\/2024\\\/06\\\/3303cd72-cbdf-49d1-9b3f-893d7cfca7b3.jpeg\",\"width\":1500,\"height\":1001},{\"@type\":\"BreadcrumbList\",\"@id\":\"https:\\\/\\\/www.notibras.com\\\/site\\\/festa-junina-no-terraco-tem-mais-cheiro-de-forro\\\/#breadcrumb\",\"itemListElement\":[{\"@type\":\"ListItem\",\"position\":1,\"name\":\"In\u00edcio\",\"item\":\"https:\\\/\\\/www.notibras.com\\\/site\\\/\"},{\"@type\":\"ListItem\",\"position\":2,\"name\":\"Festa junina no Terra\u00e7o tem mais cheiro de forr\u00f3\"}]},{\"@type\":\"WebSite\",\"@id\":\"https:\\\/\\\/www.notibras.com\\\/site\\\/#website\",\"url\":\"https:\\\/\\\/www.notibras.com\\\/site\\\/\",\"name\":\"Notibras\",\"description\":\"Not\u00edcias de Bras\u00edlia, do Brasil e do Mundo\",\"publisher\":{\"@id\":\"https:\\\/\\\/www.notibras.com\\\/site\\\/#organization\"},\"potentialAction\":[{\"@type\":\"SearchAction\",\"target\":{\"@type\":\"EntryPoint\",\"urlTemplate\":\"https:\\\/\\\/www.notibras.com\\\/site\\\/?s={search_term_string}\"},\"query-input\":{\"@type\":\"PropertyValueSpecification\",\"valueRequired\":true,\"valueName\":\"search_term_string\"}}],\"inLanguage\":\"pt-BR\"},{\"@type\":\"Organization\",\"@id\":\"https:\\\/\\\/www.notibras.com\\\/site\\\/#organization\",\"name\":\"Grupo Notibras de Comunica\u00e7\u00e3o\",\"url\":\"https:\\\/\\\/www.notibras.com\\\/site\\\/\",\"logo\":{\"@type\":\"ImageObject\",\"inLanguage\":\"pt-BR\",\"@id\":\"https:\\\/\\\/www.notibras.com\\\/site\\\/#\\\/schema\\\/logo\\\/image\\\/\",\"url\":\"https:\\\/\\\/www.notibras.com\\\/site\\\/wp-content\\\/uploads\\\/2023\\\/01\\\/notibras23.png\",\"contentUrl\":\"https:\\\/\\\/www.notibras.com\\\/site\\\/wp-content\\\/uploads\\\/2023\\\/01\\\/notibras23.png\",\"width\":350,\"height\":87,\"caption\":\"Grupo Notibras de Comunica\u00e7\u00e3o\"},\"image\":{\"@id\":\"https:\\\/\\\/www.notibras.com\\\/site\\\/#\\\/schema\\\/logo\\\/image\\\/\"},\"sameAs\":[\"https:\\\/\\\/www.facebook.com\\\/notibras\\\/\",\"https:\\\/\\\/x.com\\\/Notibras\",\"https:\\\/\\\/www.instagram.com\\\/notibras\\\/\"]},{\"@type\":\"Person\",\"@id\":\"https:\\\/\\\/www.notibras.com\\\/site\\\/#\\\/schema\\\/person\\\/36ab0979449956132d3e5b517ea76ac8\",\"name\":\"Reda\u00e7\u00e3o\",\"image\":{\"@type\":\"ImageObject\",\"inLanguage\":\"pt-BR\",\"@id\":\"https:\\\/\\\/secure.gravatar.com\\\/avatar\\\/e0a867bdedb85fd243eadf09663511f96fc81e0720a4a42581f334ad4303aa6b?s=96&d=mm&r=g\",\"url\":\"https:\\\/\\\/secure.gravatar.com\\\/avatar\\\/e0a867bdedb85fd243eadf09663511f96fc81e0720a4a42581f334ad4303aa6b?s=96&d=mm&r=g\",\"contentUrl\":\"https:\\\/\\\/secure.gravatar.com\\\/avatar\\\/e0a867bdedb85fd243eadf09663511f96fc81e0720a4a42581f334ad4303aa6b?s=96&d=mm&r=g\",\"caption\":\"Reda\u00e7\u00e3o\"}}]}<\/script>\n<!-- \/ Yoast SEO plugin. -->","yoast_head_json":{"title":"Festa junina no Terra\u00e7o tem mais cheiro de forr\u00f3 - Notibras","robots":{"index":"index","follow":"follow","max-snippet":"max-snippet:-1","max-image-preview":"max-image-preview:large","max-video-preview":"max-video-preview:-1"},"canonical":"https:\/\/www.notibras.com\/site\/festa-junina-no-terraco-tem-mais-cheiro-de-forro\/","og_locale":"pt_BR","og_type":"article","og_title":"Festa junina no Terra\u00e7o tem mais cheiro de forr\u00f3 - Notibras","og_description":"Entrando no ritmo das festas juninas, o Terra\u00e7o Shopping traz uma programa\u00e7\u00e3o especial no final de semana. No s\u00e1bado, dia 22, quem sobe ao palco \u00e9 o acordeonista Junior Ferreira. Em seu show \u00fanico, tradi\u00e7\u00e3o e modernidade caminham juntas na sonoridade do artista, que tem influ\u00eancias de mestres como Jacob do Bandolim, Radam\u00e9s Gnattali, Pixinguinha, [&hellip;]","og_url":"https:\/\/www.notibras.com\/site\/festa-junina-no-terraco-tem-mais-cheiro-de-forro\/","og_site_name":"Notibras","article_publisher":"https:\/\/www.facebook.com\/notibras\/","article_published_time":"2024-06-17T18:38:31+00:00","article_modified_time":"2024-06-17T18:38:51+00:00","og_image":[{"width":1500,"height":1001,"url":"https:\/\/www.notibras.com\/site\/wp-content\/uploads\/2024\/06\/3303cd72-cbdf-49d1-9b3f-893d7cfca7b3.jpeg","type":"image\/jpeg"}],"author":"Reda\u00e7\u00e3o","twitter_card":"summary_large_image","twitter_creator":"@Notibras","twitter_site":"@Notibras","twitter_misc":{"Escrito por":"Reda\u00e7\u00e3o","Est. tempo de leitura":"2 minutos"},"schema":{"@context":"https:\/\/schema.org","@graph":[{"@type":"Article","@id":"https:\/\/www.notibras.com\/site\/festa-junina-no-terraco-tem-mais-cheiro-de-forro\/#article","isPartOf":{"@id":"https:\/\/www.notibras.com\/site\/festa-junina-no-terraco-tem-mais-cheiro-de-forro\/"},"author":{"name":"Reda\u00e7\u00e3o","@id":"https:\/\/www.notibras.com\/site\/#\/schema\/person\/36ab0979449956132d3e5b517ea76ac8"},"headline":"Festa junina no Terra\u00e7o tem mais cheiro de forr\u00f3","datePublished":"2024-06-17T18:38:31+00:00","dateModified":"2024-06-17T18:38:51+00:00","mainEntityOfPage":{"@id":"https:\/\/www.notibras.com\/site\/festa-junina-no-terraco-tem-mais-cheiro-de-forro\/"},"wordCount":196,"publisher":{"@id":"https:\/\/www.notibras.com\/site\/#organization"},"image":{"@id":"https:\/\/www.notibras.com\/site\/festa-junina-no-terraco-tem-mais-cheiro-de-forro\/#primaryimage"},"thumbnailUrl":"https:\/\/www.notibras.com\/site\/wp-content\/uploads\/2024\/06\/3303cd72-cbdf-49d1-9b3f-893d7cfca7b3.jpeg","articleSection":["Quadradinho em Foco"],"inLanguage":"pt-BR"},{"@type":"WebPage","@id":"https:\/\/www.notibras.com\/site\/festa-junina-no-terraco-tem-mais-cheiro-de-forro\/","url":"https:\/\/www.notibras.com\/site\/festa-junina-no-terraco-tem-mais-cheiro-de-forro\/","name":"Festa junina no Terra\u00e7o tem mais cheiro de forr\u00f3 - Notibras","isPartOf":{"@id":"https:\/\/www.notibras.com\/site\/#website"},"primaryImageOfPage":{"@id":"https:\/\/www.notibras.com\/site\/festa-junina-no-terraco-tem-mais-cheiro-de-forro\/#primaryimage"},"image":{"@id":"https:\/\/www.notibras.com\/site\/festa-junina-no-terraco-tem-mais-cheiro-de-forro\/#primaryimage"},"thumbnailUrl":"https:\/\/www.notibras.com\/site\/wp-content\/uploads\/2024\/06\/3303cd72-cbdf-49d1-9b3f-893d7cfca7b3.jpeg","datePublished":"2024-06-17T18:38:31+00:00","dateModified":"2024-06-17T18:38:51+00:00","breadcrumb":{"@id":"https:\/\/www.notibras.com\/site\/festa-junina-no-terraco-tem-mais-cheiro-de-forro\/#breadcrumb"},"inLanguage":"pt-BR","potentialAction":[{"@type":"ReadAction","target":["https:\/\/www.notibras.com\/site\/festa-junina-no-terraco-tem-mais-cheiro-de-forro\/"]}]},{"@type":"ImageObject","inLanguage":"pt-BR","@id":"https:\/\/www.notibras.com\/site\/festa-junina-no-terraco-tem-mais-cheiro-de-forro\/#primaryimage","url":"https:\/\/www.notibras.com\/site\/wp-content\/uploads\/2024\/06\/3303cd72-cbdf-49d1-9b3f-893d7cfca7b3.jpeg","contentUrl":"https:\/\/www.notibras.com\/site\/wp-content\/uploads\/2024\/06\/3303cd72-cbdf-49d1-9b3f-893d7cfca7b3.jpeg","width":1500,"height":1001},{"@type":"BreadcrumbList","@id":"https:\/\/www.notibras.com\/site\/festa-junina-no-terraco-tem-mais-cheiro-de-forro\/#breadcrumb","itemListElement":[{"@type":"ListItem","position":1,"name":"In\u00edcio","item":"https:\/\/www.notibras.com\/site\/"},{"@type":"ListItem","position":2,"name":"Festa junina no Terra\u00e7o tem mais cheiro de forr\u00f3"}]},{"@type":"WebSite","@id":"https:\/\/www.notibras.com\/site\/#website","url":"https:\/\/www.notibras.com\/site\/","name":"Notibras","description":"Not\u00edcias de Bras\u00edlia, do Brasil e do Mundo","publisher":{"@id":"https:\/\/www.notibras.com\/site\/#organization"},"potentialAction":[{"@type":"SearchAction","target":{"@type":"EntryPoint","urlTemplate":"https:\/\/www.notibras.com\/site\/?s={search_term_string}"},"query-input":{"@type":"PropertyValueSpecification","valueRequired":true,"valueName":"search_term_string"}}],"inLanguage":"pt-BR"},{"@type":"Organization","@id":"https:\/\/www.notibras.com\/site\/#organization","name":"Grupo Notibras de Comunica\u00e7\u00e3o","url":"https:\/\/www.notibras.com\/site\/","logo":{"@type":"ImageObject","inLanguage":"pt-BR","@id":"https:\/\/www.notibras.com\/site\/#\/schema\/logo\/image\/","url":"https:\/\/www.notibras.com\/site\/wp-content\/uploads\/2023\/01\/notibras23.png","contentUrl":"https:\/\/www.notibras.com\/site\/wp-content\/uploads\/2023\/01\/notibras23.png","width":350,"height":87,"caption":"Grupo Notibras de Comunica\u00e7\u00e3o"},"image":{"@id":"https:\/\/www.notibras.com\/site\/#\/schema\/logo\/image\/"},"sameAs":["https:\/\/www.facebook.com\/notibras\/","https:\/\/x.com\/Notibras","https:\/\/www.instagram.com\/notibras\/"]},{"@type":"Person","@id":"https:\/\/www.notibras.com\/site\/#\/schema\/person\/36ab0979449956132d3e5b517ea76ac8","name":"Reda\u00e7\u00e3o","image":{"@type":"ImageObject","inLanguage":"pt-BR","@id":"https:\/\/secure.gravatar.com\/avatar\/e0a867bdedb85fd243eadf09663511f96fc81e0720a4a42581f334ad4303aa6b?s=96&d=mm&r=g","url":"https:\/\/secure.gravatar.com\/avatar\/e0a867bdedb85fd243eadf09663511f96fc81e0720a4a42581f334ad4303aa6b?s=96&d=mm&r=g","contentUrl":"https:\/\/secure.gravatar.com\/avatar\/e0a867bdedb85fd243eadf09663511f96fc81e0720a4a42581f334ad4303aa6b?s=96&d=mm&r=g","caption":"Reda\u00e7\u00e3o"}}]}},"amp_enabled":true,"_links":{"self":[{"href":"https:\/\/www.notibras.com\/site\/wp-json\/wp\/v2\/posts\/330944","targetHints":{"allow":["GET"]}}],"collection":[{"href":"https:\/\/www.notibras.com\/site\/wp-json\/wp\/v2\/posts"}],"about":[{"href":"https:\/\/www.notibras.com\/site\/wp-json\/wp\/v2\/types\/post"}],"author":[{"embeddable":true,"href":"https:\/\/www.notibras.com\/site\/wp-json\/wp\/v2\/users\/2"}],"replies":[{"embeddable":true,"href":"https:\/\/www.notibras.com\/site\/wp-json\/wp\/v2\/comments?post=330944"}],"version-history":[{"count":1,"href":"https:\/\/www.notibras.com\/site\/wp-json\/wp\/v2\/posts\/330944\/revisions"}],"predecessor-version":[{"id":330946,"href":"https:\/\/www.notibras.com\/site\/wp-json\/wp\/v2\/posts\/330944\/revisions\/330946"}],"wp:featuredmedia":[{"embeddable":true,"href":"https:\/\/www.notibras.com\/site\/wp-json\/wp\/v2\/media\/330945"}],"wp:attachment":[{"href":"https:\/\/www.notibras.com\/site\/wp-json\/wp\/v2\/media?parent=330944"}],"wp:term":[{"taxonomy":"category","embeddable":true,"href":"https:\/\/www.notibras.com\/site\/wp-json\/wp\/v2\/categories?post=330944"},{"taxonomy":"post_tag","embeddable":true,"href":"https:\/\/www.notibras.com\/site\/wp-json\/wp\/v2\/tags?post=330944"}],"curies":[{"name":"wp","href":"https:\/\/api.w.org\/{rel}","templated":true}]}}