{"id":330951,"date":"2024-06-18T01:20:56","date_gmt":"2024-06-18T04:20:56","guid":{"rendered":"https:\/\/www.notibras.com\/site\/?p=330951"},"modified":"2024-06-18T17:00:14","modified_gmt":"2024-06-18T20:00:14","slug":"filha-e-sobrinhas-de-beka-estao-prontas-para-realizar-o-sonho-da-propria-beca","status":"publish","type":"post","link":"https:\/\/www.notibras.com\/site\/filha-e-sobrinhas-de-beka-estao-prontas-para-realizar-o-sonho-da-propria-beca\/","title":{"rendered":"Filha e &#8216;sobrinhas&#8217; de Beka est\u00e3o prontas para realizar o sonho da pr\u00f3pria beca"},"content":{"rendered":"<p>A hora do adeus ao ensino m\u00e9dio est\u00e1 chegando. Embora ainda estejamos no final do primeiro semestre do \u00faltimo ano, o sentimento \u00e9 o de que tudo vai terminar com o toque final da campainha. Mas &#8211; eu vi &#8211; a verdadeira despedida j\u00e1 come\u00e7ou, entre abra\u00e7os apertados e olhos marejados.<\/p>\n<p>Seis amigas insepar\u00e1veis desde que come\u00e7aram a cursar o segundo grau, est\u00e3o prestes a trilhar caminhos diferentes. Na pra\u00e7a de esportes do Col\u00e9gio Dom Pedro II, onde tantas risadas e confid\u00eancias foram compartilhadas, o cen\u00e1rio agora compara-se a um retrato com nuances que misturam confus\u00e3o de saudade e experi\u00eancia.<\/p>\n<p>Marina, a mais sonhadora do grupo, tem um brilho especial nos olhos ao falar da faculdade de Artes. Sempre foi uma artista, que v\u00ea a beleza nos pequenos detalhes e transforma emo\u00e7\u00f5es em n\u00facleos e formas. Enquanto seus pais se preocupavam com a estabilidade financeira, ela acreditava na for\u00e7a de seu talento e na magia dos seus sonhos.<\/p>\n<p>Ana, a mais pr\u00e1tica e racional, desde cedo decidiu-se a cursar Engenharia. Ainda na inf\u00e2ncia desmontava e remontava tudo o que estava pela frente. Sua paix\u00e3o por desafios e n\u00fameros fez com que se sentisse confiante em sua escolha. Ela \u00e9 a rocha do grupo, sempre com um plano B, C e D na manga.<\/p>\n<p>Lyssa, uma futura m\u00e9dica, demonstra ter um cora\u00e7\u00e3o imenso e uma compaix\u00e3o sem limites. As amigas brincam sugerindo que ela cura com o olhar, tamanha a sua empatia. Logo que poss\u00edvel, pensa estagiar em hospitais como volunt\u00e1ria. Sua estrada, por\u00e9m, n\u00e3o chegar\u00e1 ao fim numa sala de cirurgia. Ela quer ir mais al\u00e9m. Fazer Psiquiatria e atuar no campo forense. Sua voca\u00e7\u00e3o \u00e9 clara &#8211; desvendar o que h\u00e1 na mente de criminosos violentos. Para isso, ela se far\u00e1 uma fortaleza.<\/p>\n<p>Carla, apaixonada por letras, viaja em cada livro que l\u00ea. Seu sonho de ser escritora est\u00e1 perto de concretizar-se. No grupo de amigas, ela conta hist\u00f3rias que tocam cora\u00e7\u00f5es. Na bolsa para a Faculdade de Letras, carregar\u00e1 cadernos e mais cadernos de anota\u00e7\u00f5es, al\u00e9m de uma infinidade de sonhos liter\u00e1rios. Sua criatividade, contagiante e inspiradora, mostrar\u00e1 o quanto \u00e9 vers\u00e1til, indo muito mais do que o simples b\u00ea-a-b\u00e1.<\/p>\n<p>Juliana, uma atleta, est\u00e1 prestes a enveredar pelo mundo da Educa\u00e7\u00e3o F\u00edsica. Sempre foi uma l\u00edder nos esportes, o que a encoraja e motiva. Para ela, movimento \u00e9 sin\u00f4nimo de vida, e ensinar isso para outras pessoas ser\u00e1 a realiza\u00e7\u00e3o de um sonho. Corre no sangue dela a certeza de que poder\u00e1 mudar o mundo durante uma maratona.<\/p>\n<p>Fernanda, a \u00faltima do grupo (que n\u00e3o aparece na foto por ser a respons\u00e1vel pela imagem, e selfie sem rosto n\u00e3o vale) sempre foi fascinada por astronomia. Suas noites s\u00e3o passadas olhando as estrelas, e seu desejo \u00e9 entender os mist\u00e9rios do Universo. Cursar\u00e1 F\u00edsica; como o C\u00e9u n\u00e3o \u00e9 o limite, ela projeta trabalhar em uma grande ag\u00eancia espacial.<\/p>\n<p>As cinco amigas de Lyssa e &#8216;sobrinhas&#8217; de Beka firmaram entre si um pacto silencioso. Cada uma seguir\u00e1 seu caminho em busca da pr\u00f3pria beca, mas o la\u00e7o da uni\u00e3o jamais se quebrar\u00e1. Quando deixarem o Dom Pedro para tr\u00e1s, se encontrar\u00e3o sempre que poss\u00edvel, dividindo conquistas e desabafos, e acima de tudo, nunca deixar\u00e3o os sonhos morrerem.<\/p>\n<p>Elas sentem o p\u00e1tio do Dom Pedro se esvaziando, mas seus cora\u00e7\u00f5es est\u00e3o cheios de esperan\u00e7a e ansiedade pelo novo cap\u00edtulo em suas vidas. Sabem que a jornada n\u00e3o ser\u00e1 f\u00e1cil, mas est\u00e3o prontas. Afinal, os sonhos, quando compartilhados, tornam-se realidade.<\/p>\n<p>Ap\u00f3s a foto, despediram-se com l\u00e1grimas e sorrisos. A promessa \u00e9 eterna, m\u00fatua: voltar para aquele mesmo lugar, sempre que a saudade apertar. \u00c9 com a alma leve e a bagagem cheia de expectativas que Marina, Ana, Lyssa, Carla, Juliana e Fernanda deixar\u00e3o a escola para tr\u00e1s, prontas para abra\u00e7ar o mundo e construir um futuro brilhante, guiadas pelos seus sonhos e pela amizade consolidada l\u00e1 no Dom Pedro.<\/p>\n","protected":false},"excerpt":{"rendered":"<p>A hora do adeus ao ensino m\u00e9dio est\u00e1 chegando. Embora ainda estejamos no final do primeiro semestre do \u00faltimo ano, o sentimento \u00e9 o de que tudo vai terminar com o toque final da campainha. Mas &#8211; eu vi &#8211; a verdadeira despedida j\u00e1 come\u00e7ou, entre abra\u00e7os apertados e olhos marejados. Seis amigas insepar\u00e1veis desde [&hellip;]<\/p>\n","protected":false},"author":2,"featured_media":330952,"comment_status":"closed","ping_status":"closed","sticky":false,"template":"","format":"standard","meta":{"_acf_changed":false,"footnotes":""},"categories":[161],"tags":[],"class_list":["post-330951","post","type-post","status-publish","format-standard","has-post-thumbnail","hentry","category-quadradinho-em-foco"],"acf":[],"yoast_head":"<!-- This site is optimized with the Yoast SEO plugin v27.5 - https:\/\/yoast.com\/product\/yoast-seo-wordpress\/ -->\n<title>Filha e &#039;sobrinhas&#039; de Beka est\u00e3o prontas para realizar o sonho da pr\u00f3pria beca - Notibras<\/title>\n<meta name=\"robots\" content=\"index, follow, max-snippet:-1, max-image-preview:large, max-video-preview:-1\" \/>\n<link rel=\"canonical\" href=\"https:\/\/www.notibras.com\/site\/filha-e-sobrinhas-de-beka-estao-prontas-para-realizar-o-sonho-da-propria-beca\/\" \/>\n<meta property=\"og:locale\" content=\"pt_BR\" \/>\n<meta property=\"og:type\" content=\"article\" \/>\n<meta property=\"og:title\" content=\"Filha e &#039;sobrinhas&#039; de Beka est\u00e3o prontas para realizar o sonho da pr\u00f3pria beca - Notibras\" \/>\n<meta property=\"og:description\" content=\"A hora do adeus ao ensino m\u00e9dio est\u00e1 chegando. Embora ainda estejamos no final do primeiro semestre do \u00faltimo ano, o sentimento \u00e9 o de que tudo vai terminar com o toque final da campainha. Mas &#8211; eu vi &#8211; a verdadeira despedida j\u00e1 come\u00e7ou, entre abra\u00e7os apertados e olhos marejados. Seis amigas insepar\u00e1veis desde [&hellip;]\" \/>\n<meta property=\"og:url\" content=\"https:\/\/www.notibras.com\/site\/filha-e-sobrinhas-de-beka-estao-prontas-para-realizar-o-sonho-da-propria-beca\/\" \/>\n<meta property=\"og:site_name\" content=\"Notibras\" \/>\n<meta property=\"article:publisher\" content=\"https:\/\/www.facebook.com\/notibras\/\" \/>\n<meta property=\"article:published_time\" content=\"2024-06-18T04:20:56+00:00\" \/>\n<meta property=\"article:modified_time\" content=\"2024-06-18T20:00:14+00:00\" \/>\n<meta property=\"og:image\" content=\"https:\/\/www.notibras.com\/site\/wp-content\/uploads\/2024\/06\/5a777007-52cb-491b-b4d7-9b8857e3e431.jpg\" \/>\n\t<meta property=\"og:image:width\" content=\"1600\" \/>\n\t<meta property=\"og:image:height\" content=\"900\" \/>\n\t<meta property=\"og:image:type\" content=\"image\/jpeg\" \/>\n<meta name=\"author\" content=\"Reda\u00e7\u00e3o\" \/>\n<meta name=\"twitter:card\" content=\"summary_large_image\" \/>\n<meta name=\"twitter:creator\" content=\"@Notibras\" \/>\n<meta name=\"twitter:site\" content=\"@Notibras\" \/>\n<meta name=\"twitter:label1\" content=\"Escrito por\" \/>\n\t<meta name=\"twitter:data1\" content=\"Reda\u00e7\u00e3o\" \/>\n\t<meta name=\"twitter:label2\" content=\"Est. tempo de leitura\" \/>\n\t<meta name=\"twitter:data2\" content=\"4 minutos\" \/>\n<script type=\"application\/ld+json\" class=\"yoast-schema-graph\">{\"@context\":\"https:\\\/\\\/schema.org\",\"@graph\":[{\"@type\":\"Article\",\"@id\":\"https:\\\/\\\/www.notibras.com\\\/site\\\/filha-e-sobrinhas-de-beka-estao-prontas-para-realizar-o-sonho-da-propria-beca\\\/#article\",\"isPartOf\":{\"@id\":\"https:\\\/\\\/www.notibras.com\\\/site\\\/filha-e-sobrinhas-de-beka-estao-prontas-para-realizar-o-sonho-da-propria-beca\\\/\"},\"author\":{\"name\":\"Reda\u00e7\u00e3o\",\"@id\":\"https:\\\/\\\/www.notibras.com\\\/site\\\/#\\\/schema\\\/person\\\/36ab0979449956132d3e5b517ea76ac8\"},\"headline\":\"Filha e &#8216;sobrinhas&#8217; de Beka est\u00e3o prontas para realizar o sonho da pr\u00f3pria beca\",\"datePublished\":\"2024-06-18T04:20:56+00:00\",\"dateModified\":\"2024-06-18T20:00:14+00:00\",\"mainEntityOfPage\":{\"@id\":\"https:\\\/\\\/www.notibras.com\\\/site\\\/filha-e-sobrinhas-de-beka-estao-prontas-para-realizar-o-sonho-da-propria-beca\\\/\"},\"wordCount\":725,\"publisher\":{\"@id\":\"https:\\\/\\\/www.notibras.com\\\/site\\\/#organization\"},\"image\":{\"@id\":\"https:\\\/\\\/www.notibras.com\\\/site\\\/filha-e-sobrinhas-de-beka-estao-prontas-para-realizar-o-sonho-da-propria-beca\\\/#primaryimage\"},\"thumbnailUrl\":\"https:\\\/\\\/www.notibras.com\\\/site\\\/wp-content\\\/uploads\\\/2024\\\/06\\\/5a777007-52cb-491b-b4d7-9b8857e3e431.jpg\",\"articleSection\":[\"Quadradinho em Foco\"],\"inLanguage\":\"pt-BR\"},{\"@type\":\"WebPage\",\"@id\":\"https:\\\/\\\/www.notibras.com\\\/site\\\/filha-e-sobrinhas-de-beka-estao-prontas-para-realizar-o-sonho-da-propria-beca\\\/\",\"url\":\"https:\\\/\\\/www.notibras.com\\\/site\\\/filha-e-sobrinhas-de-beka-estao-prontas-para-realizar-o-sonho-da-propria-beca\\\/\",\"name\":\"Filha e 'sobrinhas' de Beka est\u00e3o prontas para realizar o sonho da pr\u00f3pria beca - Notibras\",\"isPartOf\":{\"@id\":\"https:\\\/\\\/www.notibras.com\\\/site\\\/#website\"},\"primaryImageOfPage\":{\"@id\":\"https:\\\/\\\/www.notibras.com\\\/site\\\/filha-e-sobrinhas-de-beka-estao-prontas-para-realizar-o-sonho-da-propria-beca\\\/#primaryimage\"},\"image\":{\"@id\":\"https:\\\/\\\/www.notibras.com\\\/site\\\/filha-e-sobrinhas-de-beka-estao-prontas-para-realizar-o-sonho-da-propria-beca\\\/#primaryimage\"},\"thumbnailUrl\":\"https:\\\/\\\/www.notibras.com\\\/site\\\/wp-content\\\/uploads\\\/2024\\\/06\\\/5a777007-52cb-491b-b4d7-9b8857e3e431.jpg\",\"datePublished\":\"2024-06-18T04:20:56+00:00\",\"dateModified\":\"2024-06-18T20:00:14+00:00\",\"breadcrumb\":{\"@id\":\"https:\\\/\\\/www.notibras.com\\\/site\\\/filha-e-sobrinhas-de-beka-estao-prontas-para-realizar-o-sonho-da-propria-beca\\\/#breadcrumb\"},\"inLanguage\":\"pt-BR\",\"potentialAction\":[{\"@type\":\"ReadAction\",\"target\":[\"https:\\\/\\\/www.notibras.com\\\/site\\\/filha-e-sobrinhas-de-beka-estao-prontas-para-realizar-o-sonho-da-propria-beca\\\/\"]}]},{\"@type\":\"ImageObject\",\"inLanguage\":\"pt-BR\",\"@id\":\"https:\\\/\\\/www.notibras.com\\\/site\\\/filha-e-sobrinhas-de-beka-estao-prontas-para-realizar-o-sonho-da-propria-beca\\\/#primaryimage\",\"url\":\"https:\\\/\\\/www.notibras.com\\\/site\\\/wp-content\\\/uploads\\\/2024\\\/06\\\/5a777007-52cb-491b-b4d7-9b8857e3e431.jpg\",\"contentUrl\":\"https:\\\/\\\/www.notibras.com\\\/site\\\/wp-content\\\/uploads\\\/2024\\\/06\\\/5a777007-52cb-491b-b4d7-9b8857e3e431.jpg\",\"width\":1600,\"height\":900},{\"@type\":\"BreadcrumbList\",\"@id\":\"https:\\\/\\\/www.notibras.com\\\/site\\\/filha-e-sobrinhas-de-beka-estao-prontas-para-realizar-o-sonho-da-propria-beca\\\/#breadcrumb\",\"itemListElement\":[{\"@type\":\"ListItem\",\"position\":1,\"name\":\"In\u00edcio\",\"item\":\"https:\\\/\\\/www.notibras.com\\\/site\\\/\"},{\"@type\":\"ListItem\",\"position\":2,\"name\":\"Filha e &#8216;sobrinhas&#8217; de Beka est\u00e3o prontas para realizar o sonho da pr\u00f3pria beca\"}]},{\"@type\":\"WebSite\",\"@id\":\"https:\\\/\\\/www.notibras.com\\\/site\\\/#website\",\"url\":\"https:\\\/\\\/www.notibras.com\\\/site\\\/\",\"name\":\"Notibras\",\"description\":\"Not\u00edcias de Bras\u00edlia, do Brasil e do Mundo\",\"publisher\":{\"@id\":\"https:\\\/\\\/www.notibras.com\\\/site\\\/#organization\"},\"potentialAction\":[{\"@type\":\"SearchAction\",\"target\":{\"@type\":\"EntryPoint\",\"urlTemplate\":\"https:\\\/\\\/www.notibras.com\\\/site\\\/?s={search_term_string}\"},\"query-input\":{\"@type\":\"PropertyValueSpecification\",\"valueRequired\":true,\"valueName\":\"search_term_string\"}}],\"inLanguage\":\"pt-BR\"},{\"@type\":\"Organization\",\"@id\":\"https:\\\/\\\/www.notibras.com\\\/site\\\/#organization\",\"name\":\"Grupo Notibras de Comunica\u00e7\u00e3o\",\"url\":\"https:\\\/\\\/www.notibras.com\\\/site\\\/\",\"logo\":{\"@type\":\"ImageObject\",\"inLanguage\":\"pt-BR\",\"@id\":\"https:\\\/\\\/www.notibras.com\\\/site\\\/#\\\/schema\\\/logo\\\/image\\\/\",\"url\":\"https:\\\/\\\/www.notibras.com\\\/site\\\/wp-content\\\/uploads\\\/2023\\\/01\\\/notibras23.png\",\"contentUrl\":\"https:\\\/\\\/www.notibras.com\\\/site\\\/wp-content\\\/uploads\\\/2023\\\/01\\\/notibras23.png\",\"width\":350,\"height\":87,\"caption\":\"Grupo Notibras de Comunica\u00e7\u00e3o\"},\"image\":{\"@id\":\"https:\\\/\\\/www.notibras.com\\\/site\\\/#\\\/schema\\\/logo\\\/image\\\/\"},\"sameAs\":[\"https:\\\/\\\/www.facebook.com\\\/notibras\\\/\",\"https:\\\/\\\/x.com\\\/Notibras\",\"https:\\\/\\\/www.instagram.com\\\/notibras\\\/\"]},{\"@type\":\"Person\",\"@id\":\"https:\\\/\\\/www.notibras.com\\\/site\\\/#\\\/schema\\\/person\\\/36ab0979449956132d3e5b517ea76ac8\",\"name\":\"Reda\u00e7\u00e3o\",\"image\":{\"@type\":\"ImageObject\",\"inLanguage\":\"pt-BR\",\"@id\":\"https:\\\/\\\/secure.gravatar.com\\\/avatar\\\/e0a867bdedb85fd243eadf09663511f96fc81e0720a4a42581f334ad4303aa6b?s=96&d=mm&r=g\",\"url\":\"https:\\\/\\\/secure.gravatar.com\\\/avatar\\\/e0a867bdedb85fd243eadf09663511f96fc81e0720a4a42581f334ad4303aa6b?s=96&d=mm&r=g\",\"contentUrl\":\"https:\\\/\\\/secure.gravatar.com\\\/avatar\\\/e0a867bdedb85fd243eadf09663511f96fc81e0720a4a42581f334ad4303aa6b?s=96&d=mm&r=g\",\"caption\":\"Reda\u00e7\u00e3o\"}}]}<\/script>\n<!-- \/ Yoast SEO plugin. -->","yoast_head_json":{"title":"Filha e 'sobrinhas' de Beka est\u00e3o prontas para realizar o sonho da pr\u00f3pria beca - Notibras","robots":{"index":"index","follow":"follow","max-snippet":"max-snippet:-1","max-image-preview":"max-image-preview:large","max-video-preview":"max-video-preview:-1"},"canonical":"https:\/\/www.notibras.com\/site\/filha-e-sobrinhas-de-beka-estao-prontas-para-realizar-o-sonho-da-propria-beca\/","og_locale":"pt_BR","og_type":"article","og_title":"Filha e 'sobrinhas' de Beka est\u00e3o prontas para realizar o sonho da pr\u00f3pria beca - Notibras","og_description":"A hora do adeus ao ensino m\u00e9dio est\u00e1 chegando. Embora ainda estejamos no final do primeiro semestre do \u00faltimo ano, o sentimento \u00e9 o de que tudo vai terminar com o toque final da campainha. Mas &#8211; eu vi &#8211; a verdadeira despedida j\u00e1 come\u00e7ou, entre abra\u00e7os apertados e olhos marejados. Seis amigas insepar\u00e1veis desde [&hellip;]","og_url":"https:\/\/www.notibras.com\/site\/filha-e-sobrinhas-de-beka-estao-prontas-para-realizar-o-sonho-da-propria-beca\/","og_site_name":"Notibras","article_publisher":"https:\/\/www.facebook.com\/notibras\/","article_published_time":"2024-06-18T04:20:56+00:00","article_modified_time":"2024-06-18T20:00:14+00:00","og_image":[{"width":1600,"height":900,"url":"https:\/\/www.notibras.com\/site\/wp-content\/uploads\/2024\/06\/5a777007-52cb-491b-b4d7-9b8857e3e431.jpg","type":"image\/jpeg"}],"author":"Reda\u00e7\u00e3o","twitter_card":"summary_large_image","twitter_creator":"@Notibras","twitter_site":"@Notibras","twitter_misc":{"Escrito por":"Reda\u00e7\u00e3o","Est. tempo de leitura":"4 minutos"},"schema":{"@context":"https:\/\/schema.org","@graph":[{"@type":"Article","@id":"https:\/\/www.notibras.com\/site\/filha-e-sobrinhas-de-beka-estao-prontas-para-realizar-o-sonho-da-propria-beca\/#article","isPartOf":{"@id":"https:\/\/www.notibras.com\/site\/filha-e-sobrinhas-de-beka-estao-prontas-para-realizar-o-sonho-da-propria-beca\/"},"author":{"name":"Reda\u00e7\u00e3o","@id":"https:\/\/www.notibras.com\/site\/#\/schema\/person\/36ab0979449956132d3e5b517ea76ac8"},"headline":"Filha e &#8216;sobrinhas&#8217; de Beka est\u00e3o prontas para realizar o sonho da pr\u00f3pria beca","datePublished":"2024-06-18T04:20:56+00:00","dateModified":"2024-06-18T20:00:14+00:00","mainEntityOfPage":{"@id":"https:\/\/www.notibras.com\/site\/filha-e-sobrinhas-de-beka-estao-prontas-para-realizar-o-sonho-da-propria-beca\/"},"wordCount":725,"publisher":{"@id":"https:\/\/www.notibras.com\/site\/#organization"},"image":{"@id":"https:\/\/www.notibras.com\/site\/filha-e-sobrinhas-de-beka-estao-prontas-para-realizar-o-sonho-da-propria-beca\/#primaryimage"},"thumbnailUrl":"https:\/\/www.notibras.com\/site\/wp-content\/uploads\/2024\/06\/5a777007-52cb-491b-b4d7-9b8857e3e431.jpg","articleSection":["Quadradinho em Foco"],"inLanguage":"pt-BR"},{"@type":"WebPage","@id":"https:\/\/www.notibras.com\/site\/filha-e-sobrinhas-de-beka-estao-prontas-para-realizar-o-sonho-da-propria-beca\/","url":"https:\/\/www.notibras.com\/site\/filha-e-sobrinhas-de-beka-estao-prontas-para-realizar-o-sonho-da-propria-beca\/","name":"Filha e 'sobrinhas' de Beka est\u00e3o prontas para realizar o sonho da pr\u00f3pria beca - Notibras","isPartOf":{"@id":"https:\/\/www.notibras.com\/site\/#website"},"primaryImageOfPage":{"@id":"https:\/\/www.notibras.com\/site\/filha-e-sobrinhas-de-beka-estao-prontas-para-realizar-o-sonho-da-propria-beca\/#primaryimage"},"image":{"@id":"https:\/\/www.notibras.com\/site\/filha-e-sobrinhas-de-beka-estao-prontas-para-realizar-o-sonho-da-propria-beca\/#primaryimage"},"thumbnailUrl":"https:\/\/www.notibras.com\/site\/wp-content\/uploads\/2024\/06\/5a777007-52cb-491b-b4d7-9b8857e3e431.jpg","datePublished":"2024-06-18T04:20:56+00:00","dateModified":"2024-06-18T20:00:14+00:00","breadcrumb":{"@id":"https:\/\/www.notibras.com\/site\/filha-e-sobrinhas-de-beka-estao-prontas-para-realizar-o-sonho-da-propria-beca\/#breadcrumb"},"inLanguage":"pt-BR","potentialAction":[{"@type":"ReadAction","target":["https:\/\/www.notibras.com\/site\/filha-e-sobrinhas-de-beka-estao-prontas-para-realizar-o-sonho-da-propria-beca\/"]}]},{"@type":"ImageObject","inLanguage":"pt-BR","@id":"https:\/\/www.notibras.com\/site\/filha-e-sobrinhas-de-beka-estao-prontas-para-realizar-o-sonho-da-propria-beca\/#primaryimage","url":"https:\/\/www.notibras.com\/site\/wp-content\/uploads\/2024\/06\/5a777007-52cb-491b-b4d7-9b8857e3e431.jpg","contentUrl":"https:\/\/www.notibras.com\/site\/wp-content\/uploads\/2024\/06\/5a777007-52cb-491b-b4d7-9b8857e3e431.jpg","width":1600,"height":900},{"@type":"BreadcrumbList","@id":"https:\/\/www.notibras.com\/site\/filha-e-sobrinhas-de-beka-estao-prontas-para-realizar-o-sonho-da-propria-beca\/#breadcrumb","itemListElement":[{"@type":"ListItem","position":1,"name":"In\u00edcio","item":"https:\/\/www.notibras.com\/site\/"},{"@type":"ListItem","position":2,"name":"Filha e &#8216;sobrinhas&#8217; de Beka est\u00e3o prontas para realizar o sonho da pr\u00f3pria beca"}]},{"@type":"WebSite","@id":"https:\/\/www.notibras.com\/site\/#website","url":"https:\/\/www.notibras.com\/site\/","name":"Notibras","description":"Not\u00edcias de Bras\u00edlia, do Brasil e do Mundo","publisher":{"@id":"https:\/\/www.notibras.com\/site\/#organization"},"potentialAction":[{"@type":"SearchAction","target":{"@type":"EntryPoint","urlTemplate":"https:\/\/www.notibras.com\/site\/?s={search_term_string}"},"query-input":{"@type":"PropertyValueSpecification","valueRequired":true,"valueName":"search_term_string"}}],"inLanguage":"pt-BR"},{"@type":"Organization","@id":"https:\/\/www.notibras.com\/site\/#organization","name":"Grupo Notibras de Comunica\u00e7\u00e3o","url":"https:\/\/www.notibras.com\/site\/","logo":{"@type":"ImageObject","inLanguage":"pt-BR","@id":"https:\/\/www.notibras.com\/site\/#\/schema\/logo\/image\/","url":"https:\/\/www.notibras.com\/site\/wp-content\/uploads\/2023\/01\/notibras23.png","contentUrl":"https:\/\/www.notibras.com\/site\/wp-content\/uploads\/2023\/01\/notibras23.png","width":350,"height":87,"caption":"Grupo Notibras de Comunica\u00e7\u00e3o"},"image":{"@id":"https:\/\/www.notibras.com\/site\/#\/schema\/logo\/image\/"},"sameAs":["https:\/\/www.facebook.com\/notibras\/","https:\/\/x.com\/Notibras","https:\/\/www.instagram.com\/notibras\/"]},{"@type":"Person","@id":"https:\/\/www.notibras.com\/site\/#\/schema\/person\/36ab0979449956132d3e5b517ea76ac8","name":"Reda\u00e7\u00e3o","image":{"@type":"ImageObject","inLanguage":"pt-BR","@id":"https:\/\/secure.gravatar.com\/avatar\/e0a867bdedb85fd243eadf09663511f96fc81e0720a4a42581f334ad4303aa6b?s=96&d=mm&r=g","url":"https:\/\/secure.gravatar.com\/avatar\/e0a867bdedb85fd243eadf09663511f96fc81e0720a4a42581f334ad4303aa6b?s=96&d=mm&r=g","contentUrl":"https:\/\/secure.gravatar.com\/avatar\/e0a867bdedb85fd243eadf09663511f96fc81e0720a4a42581f334ad4303aa6b?s=96&d=mm&r=g","caption":"Reda\u00e7\u00e3o"}}]}},"amp_enabled":true,"_links":{"self":[{"href":"https:\/\/www.notibras.com\/site\/wp-json\/wp\/v2\/posts\/330951","targetHints":{"allow":["GET"]}}],"collection":[{"href":"https:\/\/www.notibras.com\/site\/wp-json\/wp\/v2\/posts"}],"about":[{"href":"https:\/\/www.notibras.com\/site\/wp-json\/wp\/v2\/types\/post"}],"author":[{"embeddable":true,"href":"https:\/\/www.notibras.com\/site\/wp-json\/wp\/v2\/users\/2"}],"replies":[{"embeddable":true,"href":"https:\/\/www.notibras.com\/site\/wp-json\/wp\/v2\/comments?post=330951"}],"version-history":[{"count":6,"href":"https:\/\/www.notibras.com\/site\/wp-json\/wp\/v2\/posts\/330951\/revisions"}],"predecessor-version":[{"id":331006,"href":"https:\/\/www.notibras.com\/site\/wp-json\/wp\/v2\/posts\/330951\/revisions\/331006"}],"wp:featuredmedia":[{"embeddable":true,"href":"https:\/\/www.notibras.com\/site\/wp-json\/wp\/v2\/media\/330952"}],"wp:attachment":[{"href":"https:\/\/www.notibras.com\/site\/wp-json\/wp\/v2\/media?parent=330951"}],"wp:term":[{"taxonomy":"category","embeddable":true,"href":"https:\/\/www.notibras.com\/site\/wp-json\/wp\/v2\/categories?post=330951"},{"taxonomy":"post_tag","embeddable":true,"href":"https:\/\/www.notibras.com\/site\/wp-json\/wp\/v2\/tags?post=330951"}],"curies":[{"name":"wp","href":"https:\/\/api.w.org\/{rel}","templated":true}]}}