{"id":330964,"date":"2024-06-18T01:18:54","date_gmt":"2024-06-18T04:18:54","guid":{"rendered":"https:\/\/www.notibras.com\/site\/?p=330964"},"modified":"2024-06-18T01:19:49","modified_gmt":"2024-06-18T04:19:49","slug":"pl-quer-amar-o-nordeste-ate-que-a-eleicao-os-separe","status":"publish","type":"post","link":"https:\/\/www.notibras.com\/site\/pl-quer-amar-o-nordeste-ate-que-a-eleicao-os-separe\/","title":{"rendered":"PL quer amar o Nordeste at\u00e9 que a elei\u00e7\u00e3o os separe"},"content":{"rendered":"<p>Duas semanas ap\u00f3s um de seus membros expor ao Brasil e ao mundo seu perfil de legenda sect\u00e1ria, mis\u00f3gina, homof\u00f3bica, racista e golpista, o Partido das L\u00e1grimas (PL), de maioria bolsonarista, decidiu fazer um mea-culpa. Depois que o deputado goiano Gustavo Gayer comparou os nordestinos a galinhas, o partido da boquinha parece disposto a conquistar os nove estados do Nordeste, os quais garantiram a vit\u00f3ria de Luiz In\u00e1cio em 2022. A ordem do presidente da sigla, Valdemar Costa Neto, \u00e9 esquecer o passado de hostilidades f\u00edsicas, sociais, emocionais e financeiras ao povo local e partir para o tardio abra\u00e7o de tamandu\u00e1. Algo como jura de amor eterno at\u00e9 que a elei\u00e7\u00e3o os separe.<\/p>\n<p>Inicialmente, a preocupa\u00e7\u00e3o \u00e9 dar maior nitidez ao vi\u00e9s program\u00e1tico e ideol\u00f3gico da legenda. Ser\u00e1 que algu\u00e9m do Nordeste ou do restante do pa\u00eds desconhece o que defende e o que representa o PL? Concordo em tese que o PT j\u00e1 foi sin\u00f4nimo de mensal\u00f5es e de mensalinhos. Talvez ainda seja. No entanto, \u00e9 uma balela aned\u00f3tica tentar vincular o PL \u00e0 honestidade e desvincul\u00e1-lo do atraso, do golpismo, do despotismo e do conservadorismo criminoso. \u00c9 o que sempre digo e repito: entre o ladr\u00e3o e o tirano, fico sempre com o ladr\u00e3o, cuja pris\u00e3o pode mudar seu modus operandi. O ditador n\u00e3o tem limites.<\/p>\n<p>A ideia de convencimento sobre o repentino altru\u00edsmo do PL deve come\u00e7ar nas elei\u00e7\u00f5es municipais de outubro pr\u00f3ximo. O cabo de guerra ser\u00e1 lan\u00e7ado em Macei\u00f3, \u00fanica das nove capitais da regi\u00e3o onde Bolsonaro venceu. Senador pelo Rio Grande do Norte, Rog\u00e9rio Marinho foi o escolhido para apresentar o PL ao eleitor quase impedido de votar em 2022, fazer frente ao PT e tentar abrir caminho para a pr\u00f3xima disputa presidencial, em 2026. A tarefa ser\u00e1 das mais ingl\u00f3rias, na medida em que n\u00e3o h\u00e1 nenhuma afinidade entre as propostas do PL e os anseios dos nativos. Ou seja, na melhor das hip\u00f3teses, o interesse dos parlamentares vinculados ao bolsonarismo \u00e9 tempor\u00e1rio.<\/p>\n<p>Se algu\u00e9m duvida disso, eu n\u00e3o. O \u00f3dio e a pat\u00e9tica necessidade de exclus\u00e3o estar\u00e3o de volta imediatamente ap\u00f3s a divulga\u00e7\u00e3o do \u00faltimo voto pela Justi\u00e7a Eleitoral. Quem n\u00e3o se lembra da voca\u00e7\u00e3o da direita bolsonarista em trabalhar ontem, hoje e sempre para evitar o crescimento educacional e socioecon\u00f4mico dos nordestinos. Nunca nenhum de seus representantes atuou em quest\u00f5es que pudessem ser essenciais para a regi\u00e3o crescer. Cumprida \u00e0 risca por d\u00e9cadas, a meta hist\u00f3rica da elite sulista e do Centro-Oeste foi \u2013 e \u00e9 \u2013 manter a popula\u00e7\u00e3o nordestina sob cabresto.<\/p>\n<p>Os tempos s\u00e3o outros. Mesmo sob protesto dos capatazes do conservadorismo, o nordestino se cansou de ser invis\u00edvel, adquiriu valores e conceitos novos e mandou \u00e0s favas os herdeiros da bestialidade das ditaduras falsamente travestidas de democracias. Como no poema E agora, Jos\u00e9, a festa acabou. As enganadoras doces palavras viraram \u00e1gua salobra e hoje n\u00e3o passam de discursos avinagrados. Enfim, passou a \u00e9poca em que imagens hipocritamente retocadas significavam poder e ganhavam elei\u00e7\u00f5es. Maquilagens com rouge, blush ou pancake da Avon n\u00e3o cobrem mais os rostos desfigurados pela maldade dos rufi\u00f5es da direita.<\/p>\n<p>De boa mem\u00f3ria, poucos s\u00e3o os nordestinos trabalhadores que ainda se encantam com homens da cobra, vendedores de bilhetes premiados, bruxas, duendes, faquires e, principalmente, com mitos que mais parecem espumas ao vento. Acentuado desde o segundo turno das elei\u00e7\u00f5es gerais de 2022, quando muitos foram impedidos de votar, o atual modismo na regi\u00e3o \u00e9 o combate \u00e0 vilania representada pelo PL. Portanto, hiperbolicamente chorem rios de l\u00e1grimas, mas, se puderem, n\u00e3o esque\u00e7am que um dia voc\u00eas compararam idiotamente o povo do Nordeste com galinhas. Podem ser, mas n\u00e3o s\u00e3o de qualquer poleiro.<\/p>\n<p><strong>*Mathuzal\u00e9m J\u00fanior \u00e9 jornalista profissional desde 1978<\/strong><\/p>\n","protected":false},"excerpt":{"rendered":"<p>Duas semanas ap\u00f3s um de seus membros expor ao Brasil e ao mundo seu perfil de legenda sect\u00e1ria, mis\u00f3gina, homof\u00f3bica, racista e golpista, o Partido das L\u00e1grimas (PL), de maioria bolsonarista, decidiu fazer um mea-culpa. Depois que o deputado goiano Gustavo Gayer comparou os nordestinos a galinhas, o partido da boquinha parece disposto a conquistar [&hellip;]<\/p>\n","protected":false},"author":2,"featured_media":294958,"comment_status":"closed","ping_status":"closed","sticky":false,"template":"","format":"standard","meta":{"_acf_changed":false,"footnotes":""},"categories":[166,167,168,169,165,170,171,172,173,174],"tags":[],"class_list":["post-330964","post","type-post","status-publish","format-standard","has-post-thumbnail","hentry","category-alagoas","category-bahia","category-ceara","category-maranhao","category-nordeste","category-paraiba-nordeste","category-pernambuco-nordeste","category-piaui","category-rio-grande-do-norte","category-sergipe"],"acf":[],"yoast_head":"<!-- This site is optimized with the Yoast SEO plugin v27.5 - https:\/\/yoast.com\/product\/yoast-seo-wordpress\/ -->\n<title>PL quer amar o Nordeste at\u00e9 que a elei\u00e7\u00e3o os separe - Notibras<\/title>\n<meta name=\"robots\" content=\"index, follow, max-snippet:-1, max-image-preview:large, max-video-preview:-1\" \/>\n<link rel=\"canonical\" href=\"https:\/\/www.notibras.com\/site\/pl-quer-amar-o-nordeste-ate-que-a-eleicao-os-separe\/\" \/>\n<meta property=\"og:locale\" content=\"pt_BR\" \/>\n<meta property=\"og:type\" content=\"article\" \/>\n<meta property=\"og:title\" content=\"PL quer amar o Nordeste at\u00e9 que a elei\u00e7\u00e3o os separe - Notibras\" \/>\n<meta property=\"og:description\" content=\"Duas semanas ap\u00f3s um de seus membros expor ao Brasil e ao mundo seu perfil de legenda sect\u00e1ria, mis\u00f3gina, homof\u00f3bica, racista e golpista, o Partido das L\u00e1grimas (PL), de maioria bolsonarista, decidiu fazer um mea-culpa. Depois que o deputado goiano Gustavo Gayer comparou os nordestinos a galinhas, o partido da boquinha parece disposto a conquistar [&hellip;]\" \/>\n<meta property=\"og:url\" content=\"https:\/\/www.notibras.com\/site\/pl-quer-amar-o-nordeste-ate-que-a-eleicao-os-separe\/\" \/>\n<meta property=\"og:site_name\" content=\"Notibras\" \/>\n<meta property=\"article:publisher\" content=\"https:\/\/www.facebook.com\/notibras\/\" \/>\n<meta property=\"article:published_time\" content=\"2024-06-18T04:18:54+00:00\" \/>\n<meta property=\"article:modified_time\" content=\"2024-06-18T04:19:49+00:00\" \/>\n<meta property=\"og:image\" content=\"https:\/\/www.notibras.com\/site\/wp-content\/uploads\/2022\/11\/pl_coletiva_vac_abr_2211222187.jpg\" \/>\n\t<meta property=\"og:image:width\" content=\"770\" \/>\n\t<meta property=\"og:image:height\" content=\"513\" \/>\n\t<meta property=\"og:image:type\" content=\"image\/jpeg\" \/>\n<meta name=\"author\" content=\"Reda\u00e7\u00e3o\" \/>\n<meta name=\"twitter:card\" content=\"summary_large_image\" \/>\n<meta name=\"twitter:creator\" content=\"@Notibras\" \/>\n<meta name=\"twitter:site\" content=\"@Notibras\" \/>\n<meta name=\"twitter:label1\" content=\"Escrito por\" \/>\n\t<meta name=\"twitter:data1\" content=\"Reda\u00e7\u00e3o\" \/>\n\t<meta name=\"twitter:label2\" content=\"Est. tempo de leitura\" \/>\n\t<meta name=\"twitter:data2\" content=\"4 minutos\" \/>\n<script type=\"application\/ld+json\" class=\"yoast-schema-graph\">{\"@context\":\"https:\\\/\\\/schema.org\",\"@graph\":[{\"@type\":\"Article\",\"@id\":\"https:\\\/\\\/www.notibras.com\\\/site\\\/pl-quer-amar-o-nordeste-ate-que-a-eleicao-os-separe\\\/#article\",\"isPartOf\":{\"@id\":\"https:\\\/\\\/www.notibras.com\\\/site\\\/pl-quer-amar-o-nordeste-ate-que-a-eleicao-os-separe\\\/\"},\"author\":{\"name\":\"Reda\u00e7\u00e3o\",\"@id\":\"https:\\\/\\\/www.notibras.com\\\/site\\\/#\\\/schema\\\/person\\\/36ab0979449956132d3e5b517ea76ac8\"},\"headline\":\"PL quer amar o Nordeste at\u00e9 que a elei\u00e7\u00e3o os separe\",\"datePublished\":\"2024-06-18T04:18:54+00:00\",\"dateModified\":\"2024-06-18T04:19:49+00:00\",\"mainEntityOfPage\":{\"@id\":\"https:\\\/\\\/www.notibras.com\\\/site\\\/pl-quer-amar-o-nordeste-ate-que-a-eleicao-os-separe\\\/\"},\"wordCount\":680,\"publisher\":{\"@id\":\"https:\\\/\\\/www.notibras.com\\\/site\\\/#organization\"},\"image\":{\"@id\":\"https:\\\/\\\/www.notibras.com\\\/site\\\/pl-quer-amar-o-nordeste-ate-que-a-eleicao-os-separe\\\/#primaryimage\"},\"thumbnailUrl\":\"https:\\\/\\\/www.notibras.com\\\/site\\\/wp-content\\\/uploads\\\/2022\\\/11\\\/pl_coletiva_vac_abr_2211222187.jpg\",\"articleSection\":[\"Alagoas\",\"Bahia\",\"Cear\u00e1\",\"Maranh\u00e3o\",\"Nordeste\",\"Para\u00edba\",\"Pernambuco\",\"Piau\u00ed\",\"Rio Grande do Norte\",\"Sergipe\"],\"inLanguage\":\"pt-BR\"},{\"@type\":\"WebPage\",\"@id\":\"https:\\\/\\\/www.notibras.com\\\/site\\\/pl-quer-amar-o-nordeste-ate-que-a-eleicao-os-separe\\\/\",\"url\":\"https:\\\/\\\/www.notibras.com\\\/site\\\/pl-quer-amar-o-nordeste-ate-que-a-eleicao-os-separe\\\/\",\"name\":\"PL quer amar o Nordeste at\u00e9 que a elei\u00e7\u00e3o os separe - Notibras\",\"isPartOf\":{\"@id\":\"https:\\\/\\\/www.notibras.com\\\/site\\\/#website\"},\"primaryImageOfPage\":{\"@id\":\"https:\\\/\\\/www.notibras.com\\\/site\\\/pl-quer-amar-o-nordeste-ate-que-a-eleicao-os-separe\\\/#primaryimage\"},\"image\":{\"@id\":\"https:\\\/\\\/www.notibras.com\\\/site\\\/pl-quer-amar-o-nordeste-ate-que-a-eleicao-os-separe\\\/#primaryimage\"},\"thumbnailUrl\":\"https:\\\/\\\/www.notibras.com\\\/site\\\/wp-content\\\/uploads\\\/2022\\\/11\\\/pl_coletiva_vac_abr_2211222187.jpg\",\"datePublished\":\"2024-06-18T04:18:54+00:00\",\"dateModified\":\"2024-06-18T04:19:49+00:00\",\"breadcrumb\":{\"@id\":\"https:\\\/\\\/www.notibras.com\\\/site\\\/pl-quer-amar-o-nordeste-ate-que-a-eleicao-os-separe\\\/#breadcrumb\"},\"inLanguage\":\"pt-BR\",\"potentialAction\":[{\"@type\":\"ReadAction\",\"target\":[\"https:\\\/\\\/www.notibras.com\\\/site\\\/pl-quer-amar-o-nordeste-ate-que-a-eleicao-os-separe\\\/\"]}]},{\"@type\":\"ImageObject\",\"inLanguage\":\"pt-BR\",\"@id\":\"https:\\\/\\\/www.notibras.com\\\/site\\\/pl-quer-amar-o-nordeste-ate-que-a-eleicao-os-separe\\\/#primaryimage\",\"url\":\"https:\\\/\\\/www.notibras.com\\\/site\\\/wp-content\\\/uploads\\\/2022\\\/11\\\/pl_coletiva_vac_abr_2211222187.jpg\",\"contentUrl\":\"https:\\\/\\\/www.notibras.com\\\/site\\\/wp-content\\\/uploads\\\/2022\\\/11\\\/pl_coletiva_vac_abr_2211222187.jpg\",\"width\":770,\"height\":513,\"caption\":\"O presidente nacional do Partido Liberal (PL), Valdemar Costa Neto, fala com a imprensa no Centro de Eventos e Conven\u00e7\u00f5es Brasil, em Bras\u00edlia.\"},{\"@type\":\"BreadcrumbList\",\"@id\":\"https:\\\/\\\/www.notibras.com\\\/site\\\/pl-quer-amar-o-nordeste-ate-que-a-eleicao-os-separe\\\/#breadcrumb\",\"itemListElement\":[{\"@type\":\"ListItem\",\"position\":1,\"name\":\"In\u00edcio\",\"item\":\"https:\\\/\\\/www.notibras.com\\\/site\\\/\"},{\"@type\":\"ListItem\",\"position\":2,\"name\":\"PL quer amar o Nordeste at\u00e9 que a elei\u00e7\u00e3o os separe\"}]},{\"@type\":\"WebSite\",\"@id\":\"https:\\\/\\\/www.notibras.com\\\/site\\\/#website\",\"url\":\"https:\\\/\\\/www.notibras.com\\\/site\\\/\",\"name\":\"Notibras\",\"description\":\"Not\u00edcias de Bras\u00edlia, do Brasil e do Mundo\",\"publisher\":{\"@id\":\"https:\\\/\\\/www.notibras.com\\\/site\\\/#organization\"},\"potentialAction\":[{\"@type\":\"SearchAction\",\"target\":{\"@type\":\"EntryPoint\",\"urlTemplate\":\"https:\\\/\\\/www.notibras.com\\\/site\\\/?s={search_term_string}\"},\"query-input\":{\"@type\":\"PropertyValueSpecification\",\"valueRequired\":true,\"valueName\":\"search_term_string\"}}],\"inLanguage\":\"pt-BR\"},{\"@type\":\"Organization\",\"@id\":\"https:\\\/\\\/www.notibras.com\\\/site\\\/#organization\",\"name\":\"Grupo Notibras de Comunica\u00e7\u00e3o\",\"url\":\"https:\\\/\\\/www.notibras.com\\\/site\\\/\",\"logo\":{\"@type\":\"ImageObject\",\"inLanguage\":\"pt-BR\",\"@id\":\"https:\\\/\\\/www.notibras.com\\\/site\\\/#\\\/schema\\\/logo\\\/image\\\/\",\"url\":\"https:\\\/\\\/www.notibras.com\\\/site\\\/wp-content\\\/uploads\\\/2023\\\/01\\\/notibras23.png\",\"contentUrl\":\"https:\\\/\\\/www.notibras.com\\\/site\\\/wp-content\\\/uploads\\\/2023\\\/01\\\/notibras23.png\",\"width\":350,\"height\":87,\"caption\":\"Grupo Notibras de Comunica\u00e7\u00e3o\"},\"image\":{\"@id\":\"https:\\\/\\\/www.notibras.com\\\/site\\\/#\\\/schema\\\/logo\\\/image\\\/\"},\"sameAs\":[\"https:\\\/\\\/www.facebook.com\\\/notibras\\\/\",\"https:\\\/\\\/x.com\\\/Notibras\",\"https:\\\/\\\/www.instagram.com\\\/notibras\\\/\"]},{\"@type\":\"Person\",\"@id\":\"https:\\\/\\\/www.notibras.com\\\/site\\\/#\\\/schema\\\/person\\\/36ab0979449956132d3e5b517ea76ac8\",\"name\":\"Reda\u00e7\u00e3o\",\"image\":{\"@type\":\"ImageObject\",\"inLanguage\":\"pt-BR\",\"@id\":\"https:\\\/\\\/secure.gravatar.com\\\/avatar\\\/e0a867bdedb85fd243eadf09663511f96fc81e0720a4a42581f334ad4303aa6b?s=96&d=mm&r=g\",\"url\":\"https:\\\/\\\/secure.gravatar.com\\\/avatar\\\/e0a867bdedb85fd243eadf09663511f96fc81e0720a4a42581f334ad4303aa6b?s=96&d=mm&r=g\",\"contentUrl\":\"https:\\\/\\\/secure.gravatar.com\\\/avatar\\\/e0a867bdedb85fd243eadf09663511f96fc81e0720a4a42581f334ad4303aa6b?s=96&d=mm&r=g\",\"caption\":\"Reda\u00e7\u00e3o\"}}]}<\/script>\n<!-- \/ Yoast SEO plugin. -->","yoast_head_json":{"title":"PL quer amar o Nordeste at\u00e9 que a elei\u00e7\u00e3o os separe - Notibras","robots":{"index":"index","follow":"follow","max-snippet":"max-snippet:-1","max-image-preview":"max-image-preview:large","max-video-preview":"max-video-preview:-1"},"canonical":"https:\/\/www.notibras.com\/site\/pl-quer-amar-o-nordeste-ate-que-a-eleicao-os-separe\/","og_locale":"pt_BR","og_type":"article","og_title":"PL quer amar o Nordeste at\u00e9 que a elei\u00e7\u00e3o os separe - Notibras","og_description":"Duas semanas ap\u00f3s um de seus membros expor ao Brasil e ao mundo seu perfil de legenda sect\u00e1ria, mis\u00f3gina, homof\u00f3bica, racista e golpista, o Partido das L\u00e1grimas (PL), de maioria bolsonarista, decidiu fazer um mea-culpa. Depois que o deputado goiano Gustavo Gayer comparou os nordestinos a galinhas, o partido da boquinha parece disposto a conquistar [&hellip;]","og_url":"https:\/\/www.notibras.com\/site\/pl-quer-amar-o-nordeste-ate-que-a-eleicao-os-separe\/","og_site_name":"Notibras","article_publisher":"https:\/\/www.facebook.com\/notibras\/","article_published_time":"2024-06-18T04:18:54+00:00","article_modified_time":"2024-06-18T04:19:49+00:00","og_image":[{"width":770,"height":513,"url":"https:\/\/www.notibras.com\/site\/wp-content\/uploads\/2022\/11\/pl_coletiva_vac_abr_2211222187.jpg","type":"image\/jpeg"}],"author":"Reda\u00e7\u00e3o","twitter_card":"summary_large_image","twitter_creator":"@Notibras","twitter_site":"@Notibras","twitter_misc":{"Escrito por":"Reda\u00e7\u00e3o","Est. tempo de leitura":"4 minutos"},"schema":{"@context":"https:\/\/schema.org","@graph":[{"@type":"Article","@id":"https:\/\/www.notibras.com\/site\/pl-quer-amar-o-nordeste-ate-que-a-eleicao-os-separe\/#article","isPartOf":{"@id":"https:\/\/www.notibras.com\/site\/pl-quer-amar-o-nordeste-ate-que-a-eleicao-os-separe\/"},"author":{"name":"Reda\u00e7\u00e3o","@id":"https:\/\/www.notibras.com\/site\/#\/schema\/person\/36ab0979449956132d3e5b517ea76ac8"},"headline":"PL quer amar o Nordeste at\u00e9 que a elei\u00e7\u00e3o os separe","datePublished":"2024-06-18T04:18:54+00:00","dateModified":"2024-06-18T04:19:49+00:00","mainEntityOfPage":{"@id":"https:\/\/www.notibras.com\/site\/pl-quer-amar-o-nordeste-ate-que-a-eleicao-os-separe\/"},"wordCount":680,"publisher":{"@id":"https:\/\/www.notibras.com\/site\/#organization"},"image":{"@id":"https:\/\/www.notibras.com\/site\/pl-quer-amar-o-nordeste-ate-que-a-eleicao-os-separe\/#primaryimage"},"thumbnailUrl":"https:\/\/www.notibras.com\/site\/wp-content\/uploads\/2022\/11\/pl_coletiva_vac_abr_2211222187.jpg","articleSection":["Alagoas","Bahia","Cear\u00e1","Maranh\u00e3o","Nordeste","Para\u00edba","Pernambuco","Piau\u00ed","Rio Grande do Norte","Sergipe"],"inLanguage":"pt-BR"},{"@type":"WebPage","@id":"https:\/\/www.notibras.com\/site\/pl-quer-amar-o-nordeste-ate-que-a-eleicao-os-separe\/","url":"https:\/\/www.notibras.com\/site\/pl-quer-amar-o-nordeste-ate-que-a-eleicao-os-separe\/","name":"PL quer amar o Nordeste at\u00e9 que a elei\u00e7\u00e3o os separe - Notibras","isPartOf":{"@id":"https:\/\/www.notibras.com\/site\/#website"},"primaryImageOfPage":{"@id":"https:\/\/www.notibras.com\/site\/pl-quer-amar-o-nordeste-ate-que-a-eleicao-os-separe\/#primaryimage"},"image":{"@id":"https:\/\/www.notibras.com\/site\/pl-quer-amar-o-nordeste-ate-que-a-eleicao-os-separe\/#primaryimage"},"thumbnailUrl":"https:\/\/www.notibras.com\/site\/wp-content\/uploads\/2022\/11\/pl_coletiva_vac_abr_2211222187.jpg","datePublished":"2024-06-18T04:18:54+00:00","dateModified":"2024-06-18T04:19:49+00:00","breadcrumb":{"@id":"https:\/\/www.notibras.com\/site\/pl-quer-amar-o-nordeste-ate-que-a-eleicao-os-separe\/#breadcrumb"},"inLanguage":"pt-BR","potentialAction":[{"@type":"ReadAction","target":["https:\/\/www.notibras.com\/site\/pl-quer-amar-o-nordeste-ate-que-a-eleicao-os-separe\/"]}]},{"@type":"ImageObject","inLanguage":"pt-BR","@id":"https:\/\/www.notibras.com\/site\/pl-quer-amar-o-nordeste-ate-que-a-eleicao-os-separe\/#primaryimage","url":"https:\/\/www.notibras.com\/site\/wp-content\/uploads\/2022\/11\/pl_coletiva_vac_abr_2211222187.jpg","contentUrl":"https:\/\/www.notibras.com\/site\/wp-content\/uploads\/2022\/11\/pl_coletiva_vac_abr_2211222187.jpg","width":770,"height":513,"caption":"O presidente nacional do Partido Liberal (PL), Valdemar Costa Neto, fala com a imprensa no Centro de Eventos e Conven\u00e7\u00f5es Brasil, em Bras\u00edlia."},{"@type":"BreadcrumbList","@id":"https:\/\/www.notibras.com\/site\/pl-quer-amar-o-nordeste-ate-que-a-eleicao-os-separe\/#breadcrumb","itemListElement":[{"@type":"ListItem","position":1,"name":"In\u00edcio","item":"https:\/\/www.notibras.com\/site\/"},{"@type":"ListItem","position":2,"name":"PL quer amar o Nordeste at\u00e9 que a elei\u00e7\u00e3o os separe"}]},{"@type":"WebSite","@id":"https:\/\/www.notibras.com\/site\/#website","url":"https:\/\/www.notibras.com\/site\/","name":"Notibras","description":"Not\u00edcias de Bras\u00edlia, do Brasil e do Mundo","publisher":{"@id":"https:\/\/www.notibras.com\/site\/#organization"},"potentialAction":[{"@type":"SearchAction","target":{"@type":"EntryPoint","urlTemplate":"https:\/\/www.notibras.com\/site\/?s={search_term_string}"},"query-input":{"@type":"PropertyValueSpecification","valueRequired":true,"valueName":"search_term_string"}}],"inLanguage":"pt-BR"},{"@type":"Organization","@id":"https:\/\/www.notibras.com\/site\/#organization","name":"Grupo Notibras de Comunica\u00e7\u00e3o","url":"https:\/\/www.notibras.com\/site\/","logo":{"@type":"ImageObject","inLanguage":"pt-BR","@id":"https:\/\/www.notibras.com\/site\/#\/schema\/logo\/image\/","url":"https:\/\/www.notibras.com\/site\/wp-content\/uploads\/2023\/01\/notibras23.png","contentUrl":"https:\/\/www.notibras.com\/site\/wp-content\/uploads\/2023\/01\/notibras23.png","width":350,"height":87,"caption":"Grupo Notibras de Comunica\u00e7\u00e3o"},"image":{"@id":"https:\/\/www.notibras.com\/site\/#\/schema\/logo\/image\/"},"sameAs":["https:\/\/www.facebook.com\/notibras\/","https:\/\/x.com\/Notibras","https:\/\/www.instagram.com\/notibras\/"]},{"@type":"Person","@id":"https:\/\/www.notibras.com\/site\/#\/schema\/person\/36ab0979449956132d3e5b517ea76ac8","name":"Reda\u00e7\u00e3o","image":{"@type":"ImageObject","inLanguage":"pt-BR","@id":"https:\/\/secure.gravatar.com\/avatar\/e0a867bdedb85fd243eadf09663511f96fc81e0720a4a42581f334ad4303aa6b?s=96&d=mm&r=g","url":"https:\/\/secure.gravatar.com\/avatar\/e0a867bdedb85fd243eadf09663511f96fc81e0720a4a42581f334ad4303aa6b?s=96&d=mm&r=g","contentUrl":"https:\/\/secure.gravatar.com\/avatar\/e0a867bdedb85fd243eadf09663511f96fc81e0720a4a42581f334ad4303aa6b?s=96&d=mm&r=g","caption":"Reda\u00e7\u00e3o"}}]}},"amp_enabled":true,"_links":{"self":[{"href":"https:\/\/www.notibras.com\/site\/wp-json\/wp\/v2\/posts\/330964","targetHints":{"allow":["GET"]}}],"collection":[{"href":"https:\/\/www.notibras.com\/site\/wp-json\/wp\/v2\/posts"}],"about":[{"href":"https:\/\/www.notibras.com\/site\/wp-json\/wp\/v2\/types\/post"}],"author":[{"embeddable":true,"href":"https:\/\/www.notibras.com\/site\/wp-json\/wp\/v2\/users\/2"}],"replies":[{"embeddable":true,"href":"https:\/\/www.notibras.com\/site\/wp-json\/wp\/v2\/comments?post=330964"}],"version-history":[{"count":1,"href":"https:\/\/www.notibras.com\/site\/wp-json\/wp\/v2\/posts\/330964\/revisions"}],"predecessor-version":[{"id":330965,"href":"https:\/\/www.notibras.com\/site\/wp-json\/wp\/v2\/posts\/330964\/revisions\/330965"}],"wp:featuredmedia":[{"embeddable":true,"href":"https:\/\/www.notibras.com\/site\/wp-json\/wp\/v2\/media\/294958"}],"wp:attachment":[{"href":"https:\/\/www.notibras.com\/site\/wp-json\/wp\/v2\/media?parent=330964"}],"wp:term":[{"taxonomy":"category","embeddable":true,"href":"https:\/\/www.notibras.com\/site\/wp-json\/wp\/v2\/categories?post=330964"},{"taxonomy":"post_tag","embeddable":true,"href":"https:\/\/www.notibras.com\/site\/wp-json\/wp\/v2\/tags?post=330964"}],"curies":[{"name":"wp","href":"https:\/\/api.w.org\/{rel}","templated":true}]}}