{"id":330969,"date":"2024-06-18T00:48:38","date_gmt":"2024-06-18T03:48:38","guid":{"rendered":"https:\/\/www.notibras.com\/site\/?p=330969"},"modified":"2024-06-18T11:19:21","modified_gmt":"2024-06-18T14:19:21","slug":"presos-suspeitos-de-trafico-drogas-por-sistema-dos-correios","status":"publish","type":"post","link":"https:\/\/www.notibras.com\/site\/presos-suspeitos-de-trafico-drogas-por-sistema-dos-correios\/","title":{"rendered":"Presos suspeitos de tr\u00e1fico de drogas por sistema dos Correios"},"content":{"rendered":"<p>A PCDF atrav\u00e9s da 15\u00aa DP, deflagrou a opera\u00e7\u00e3o Bad Livery 3 e, em duas a\u00e7\u00f5es distintas, apreendeu um menor de 17 anos de idade pela pratica de ato infracional an\u00e1logo ao crime de tr\u00e1fico de drogas e um homem de 24 anos de idade pelo crime de contrabando.<\/p>\n<p>A opera\u00e7\u00e3o policial foi deflagrada ap\u00f3s a Receita Federal, atrav\u00e9s de seus cachorros, ter identificado duas encomendas enviadas pelos Correios suspeitas de conterem substancias il\u00edcitas.<\/p>\n<p>Ap\u00f3s serem notificados do fato, os funcion\u00e1rios dos Correios passaram as encomendas na esteira de raio-X e identificaram que uma delas continha comprimidos de MDA e que a outra continha cigarros eletr\u00f4nicos em seu interior.<\/p>\n<p>Os fatos foram informados aos policiais da 15\u00aa DP, os quais decidiram acompanhar a entrega das encomendas aos destinat\u00e1rios, por coincid\u00eancia, ambos residentes no Gama\/DF.<\/p>\n<p>Na primeira entrega, ocorrida na \u00faltima sexta feira (14\/06), ap\u00f3s confirmar ser o destinat\u00e1rio e receber a encomenda, o adolescente de 17 anos de idade foi detido e conduzido \u00e0 DCA, onde foi autuado em flagrante pela pr\u00e1tica de ato infracional an\u00e1logo ao crime de tr\u00e1fico de drogas interestadual, pois, na caixa da encomenda por ele recebida, havia 300 comprimidos de MDA, oriundos do Estado do Rio de Janeiro.<\/p>\n<p>Na segunda entrega, ocorrida nesta segunda feira (17), o homem de 24 anos de idade foi preso ap\u00f3s receber, em sua Tabacaria, uma encomenda contendo 190 cigarros eletr\u00f4nicos. Indagado sobre os produtos, o autor confessou ter conhecimento que eles eram proibidos no Brasil, por\u00e9m, como est\u00e3o em falta no DF, vislumbrou uma boa oportunidade de adquiri-los atrav\u00e9s de um site e revend\u00ea-los aos consumidores.<\/p>\n<p>Ap\u00f3s receber a voz de pris\u00e3o, o homem foi conduzido para a 15\u00aa DP onde foi preso em flagrante pelo crime de contrabando por adquirir, em proveito pr\u00f3prio, no exerc\u00edcio de atividade comercial, mercadoria proibida pela lei brasileira.<\/p>\n<p>A pena prevista para tal delito \u00e9 de 2 a 5 anos de reclus\u00e3o.<\/p>\n<p>Ap\u00f3s a formaliza\u00e7\u00e3o de sua pris\u00e3o, foi o autor recolhido \u00e0 carceragem da DCCP, onde permanecer\u00e1 \u00e0 disposi\u00e7\u00e3o da Justi\u00e7a.<\/p>\n","protected":false},"excerpt":{"rendered":"<p>A PCDF atrav\u00e9s da 15\u00aa DP, deflagrou a opera\u00e7\u00e3o Bad Livery 3 e, em duas a\u00e7\u00f5es distintas, apreendeu um menor de 17 anos de idade pela pratica de ato infracional an\u00e1logo ao crime de tr\u00e1fico de drogas e um homem de 24 anos de idade pelo crime de contrabando. A opera\u00e7\u00e3o policial foi deflagrada ap\u00f3s [&hellip;]<\/p>\n","protected":false},"author":2,"featured_media":330970,"comment_status":"closed","ping_status":"closed","sticky":false,"template":"","format":"standard","meta":{"_acf_changed":false,"footnotes":""},"categories":[161],"tags":[],"class_list":["post-330969","post","type-post","status-publish","format-standard","has-post-thumbnail","hentry","category-quadradinho-em-foco"],"acf":[],"yoast_head":"<!-- This site is optimized with the Yoast SEO plugin v27.5 - https:\/\/yoast.com\/product\/yoast-seo-wordpress\/ -->\n<title>Presos suspeitos de tr\u00e1fico de drogas por sistema dos Correios - Notibras<\/title>\n<meta name=\"robots\" content=\"index, follow, max-snippet:-1, max-image-preview:large, max-video-preview:-1\" \/>\n<link rel=\"canonical\" href=\"https:\/\/www.notibras.com\/site\/presos-suspeitos-de-trafico-drogas-por-sistema-dos-correios\/\" \/>\n<meta property=\"og:locale\" content=\"pt_BR\" \/>\n<meta property=\"og:type\" content=\"article\" \/>\n<meta property=\"og:title\" content=\"Presos suspeitos de tr\u00e1fico de drogas por sistema dos Correios - Notibras\" \/>\n<meta property=\"og:description\" content=\"A PCDF atrav\u00e9s da 15\u00aa DP, deflagrou a opera\u00e7\u00e3o Bad Livery 3 e, em duas a\u00e7\u00f5es distintas, apreendeu um menor de 17 anos de idade pela pratica de ato infracional an\u00e1logo ao crime de tr\u00e1fico de drogas e um homem de 24 anos de idade pelo crime de contrabando. A opera\u00e7\u00e3o policial foi deflagrada ap\u00f3s [&hellip;]\" \/>\n<meta property=\"og:url\" content=\"https:\/\/www.notibras.com\/site\/presos-suspeitos-de-trafico-drogas-por-sistema-dos-correios\/\" \/>\n<meta property=\"og:site_name\" content=\"Notibras\" \/>\n<meta property=\"article:publisher\" content=\"https:\/\/www.facebook.com\/notibras\/\" \/>\n<meta property=\"article:published_time\" content=\"2024-06-18T03:48:38+00:00\" \/>\n<meta property=\"article:modified_time\" content=\"2024-06-18T14:19:21+00:00\" \/>\n<meta property=\"og:image\" content=\"https:\/\/www.notibras.com\/site\/wp-content\/uploads\/2024\/06\/377ff16c-8864-4d41-81ae-6f011ef1985a.jpg\" \/>\n\t<meta property=\"og:image:width\" content=\"1600\" \/>\n\t<meta property=\"og:image:height\" content=\"900\" \/>\n\t<meta property=\"og:image:type\" content=\"image\/jpeg\" \/>\n<meta name=\"author\" content=\"Reda\u00e7\u00e3o\" \/>\n<meta name=\"twitter:card\" content=\"summary_large_image\" \/>\n<meta name=\"twitter:creator\" content=\"@Notibras\" \/>\n<meta name=\"twitter:site\" content=\"@Notibras\" \/>\n<meta name=\"twitter:label1\" content=\"Escrito por\" \/>\n\t<meta name=\"twitter:data1\" content=\"Reda\u00e7\u00e3o\" \/>\n\t<meta name=\"twitter:label2\" content=\"Est. tempo de leitura\" \/>\n\t<meta name=\"twitter:data2\" content=\"3 minutos\" \/>\n<script type=\"application\/ld+json\" class=\"yoast-schema-graph\">{\"@context\":\"https:\\\/\\\/schema.org\",\"@graph\":[{\"@type\":\"Article\",\"@id\":\"https:\\\/\\\/www.notibras.com\\\/site\\\/presos-suspeitos-de-trafico-drogas-por-sistema-dos-correios\\\/#article\",\"isPartOf\":{\"@id\":\"https:\\\/\\\/www.notibras.com\\\/site\\\/presos-suspeitos-de-trafico-drogas-por-sistema-dos-correios\\\/\"},\"author\":{\"name\":\"Reda\u00e7\u00e3o\",\"@id\":\"https:\\\/\\\/www.notibras.com\\\/site\\\/#\\\/schema\\\/person\\\/36ab0979449956132d3e5b517ea76ac8\"},\"headline\":\"Presos suspeitos de tr\u00e1fico de drogas por sistema dos Correios\",\"datePublished\":\"2024-06-18T03:48:38+00:00\",\"dateModified\":\"2024-06-18T14:19:21+00:00\",\"mainEntityOfPage\":{\"@id\":\"https:\\\/\\\/www.notibras.com\\\/site\\\/presos-suspeitos-de-trafico-drogas-por-sistema-dos-correios\\\/\"},\"wordCount\":368,\"publisher\":{\"@id\":\"https:\\\/\\\/www.notibras.com\\\/site\\\/#organization\"},\"image\":{\"@id\":\"https:\\\/\\\/www.notibras.com\\\/site\\\/presos-suspeitos-de-trafico-drogas-por-sistema-dos-correios\\\/#primaryimage\"},\"thumbnailUrl\":\"https:\\\/\\\/www.notibras.com\\\/site\\\/wp-content\\\/uploads\\\/2024\\\/06\\\/377ff16c-8864-4d41-81ae-6f011ef1985a.jpg\",\"articleSection\":[\"Quadradinho em Foco\"],\"inLanguage\":\"pt-BR\"},{\"@type\":\"WebPage\",\"@id\":\"https:\\\/\\\/www.notibras.com\\\/site\\\/presos-suspeitos-de-trafico-drogas-por-sistema-dos-correios\\\/\",\"url\":\"https:\\\/\\\/www.notibras.com\\\/site\\\/presos-suspeitos-de-trafico-drogas-por-sistema-dos-correios\\\/\",\"name\":\"Presos suspeitos de tr\u00e1fico de drogas por sistema dos Correios - Notibras\",\"isPartOf\":{\"@id\":\"https:\\\/\\\/www.notibras.com\\\/site\\\/#website\"},\"primaryImageOfPage\":{\"@id\":\"https:\\\/\\\/www.notibras.com\\\/site\\\/presos-suspeitos-de-trafico-drogas-por-sistema-dos-correios\\\/#primaryimage\"},\"image\":{\"@id\":\"https:\\\/\\\/www.notibras.com\\\/site\\\/presos-suspeitos-de-trafico-drogas-por-sistema-dos-correios\\\/#primaryimage\"},\"thumbnailUrl\":\"https:\\\/\\\/www.notibras.com\\\/site\\\/wp-content\\\/uploads\\\/2024\\\/06\\\/377ff16c-8864-4d41-81ae-6f011ef1985a.jpg\",\"datePublished\":\"2024-06-18T03:48:38+00:00\",\"dateModified\":\"2024-06-18T14:19:21+00:00\",\"breadcrumb\":{\"@id\":\"https:\\\/\\\/www.notibras.com\\\/site\\\/presos-suspeitos-de-trafico-drogas-por-sistema-dos-correios\\\/#breadcrumb\"},\"inLanguage\":\"pt-BR\",\"potentialAction\":[{\"@type\":\"ReadAction\",\"target\":[\"https:\\\/\\\/www.notibras.com\\\/site\\\/presos-suspeitos-de-trafico-drogas-por-sistema-dos-correios\\\/\"]}]},{\"@type\":\"ImageObject\",\"inLanguage\":\"pt-BR\",\"@id\":\"https:\\\/\\\/www.notibras.com\\\/site\\\/presos-suspeitos-de-trafico-drogas-por-sistema-dos-correios\\\/#primaryimage\",\"url\":\"https:\\\/\\\/www.notibras.com\\\/site\\\/wp-content\\\/uploads\\\/2024\\\/06\\\/377ff16c-8864-4d41-81ae-6f011ef1985a.jpg\",\"contentUrl\":\"https:\\\/\\\/www.notibras.com\\\/site\\\/wp-content\\\/uploads\\\/2024\\\/06\\\/377ff16c-8864-4d41-81ae-6f011ef1985a.jpg\",\"width\":1600,\"height\":900},{\"@type\":\"BreadcrumbList\",\"@id\":\"https:\\\/\\\/www.notibras.com\\\/site\\\/presos-suspeitos-de-trafico-drogas-por-sistema-dos-correios\\\/#breadcrumb\",\"itemListElement\":[{\"@type\":\"ListItem\",\"position\":1,\"name\":\"In\u00edcio\",\"item\":\"https:\\\/\\\/www.notibras.com\\\/site\\\/\"},{\"@type\":\"ListItem\",\"position\":2,\"name\":\"Presos suspeitos de tr\u00e1fico de drogas por sistema dos Correios\"}]},{\"@type\":\"WebSite\",\"@id\":\"https:\\\/\\\/www.notibras.com\\\/site\\\/#website\",\"url\":\"https:\\\/\\\/www.notibras.com\\\/site\\\/\",\"name\":\"Notibras\",\"description\":\"Not\u00edcias de Bras\u00edlia, do Brasil e do Mundo\",\"publisher\":{\"@id\":\"https:\\\/\\\/www.notibras.com\\\/site\\\/#organization\"},\"potentialAction\":[{\"@type\":\"SearchAction\",\"target\":{\"@type\":\"EntryPoint\",\"urlTemplate\":\"https:\\\/\\\/www.notibras.com\\\/site\\\/?s={search_term_string}\"},\"query-input\":{\"@type\":\"PropertyValueSpecification\",\"valueRequired\":true,\"valueName\":\"search_term_string\"}}],\"inLanguage\":\"pt-BR\"},{\"@type\":\"Organization\",\"@id\":\"https:\\\/\\\/www.notibras.com\\\/site\\\/#organization\",\"name\":\"Grupo Notibras de Comunica\u00e7\u00e3o\",\"url\":\"https:\\\/\\\/www.notibras.com\\\/site\\\/\",\"logo\":{\"@type\":\"ImageObject\",\"inLanguage\":\"pt-BR\",\"@id\":\"https:\\\/\\\/www.notibras.com\\\/site\\\/#\\\/schema\\\/logo\\\/image\\\/\",\"url\":\"https:\\\/\\\/www.notibras.com\\\/site\\\/wp-content\\\/uploads\\\/2023\\\/01\\\/notibras23.png\",\"contentUrl\":\"https:\\\/\\\/www.notibras.com\\\/site\\\/wp-content\\\/uploads\\\/2023\\\/01\\\/notibras23.png\",\"width\":350,\"height\":87,\"caption\":\"Grupo Notibras de Comunica\u00e7\u00e3o\"},\"image\":{\"@id\":\"https:\\\/\\\/www.notibras.com\\\/site\\\/#\\\/schema\\\/logo\\\/image\\\/\"},\"sameAs\":[\"https:\\\/\\\/www.facebook.com\\\/notibras\\\/\",\"https:\\\/\\\/x.com\\\/Notibras\",\"https:\\\/\\\/www.instagram.com\\\/notibras\\\/\"]},{\"@type\":\"Person\",\"@id\":\"https:\\\/\\\/www.notibras.com\\\/site\\\/#\\\/schema\\\/person\\\/36ab0979449956132d3e5b517ea76ac8\",\"name\":\"Reda\u00e7\u00e3o\",\"image\":{\"@type\":\"ImageObject\",\"inLanguage\":\"pt-BR\",\"@id\":\"https:\\\/\\\/secure.gravatar.com\\\/avatar\\\/e0a867bdedb85fd243eadf09663511f96fc81e0720a4a42581f334ad4303aa6b?s=96&d=mm&r=g\",\"url\":\"https:\\\/\\\/secure.gravatar.com\\\/avatar\\\/e0a867bdedb85fd243eadf09663511f96fc81e0720a4a42581f334ad4303aa6b?s=96&d=mm&r=g\",\"contentUrl\":\"https:\\\/\\\/secure.gravatar.com\\\/avatar\\\/e0a867bdedb85fd243eadf09663511f96fc81e0720a4a42581f334ad4303aa6b?s=96&d=mm&r=g\",\"caption\":\"Reda\u00e7\u00e3o\"}}]}<\/script>\n<!-- \/ Yoast SEO plugin. -->","yoast_head_json":{"title":"Presos suspeitos de tr\u00e1fico de drogas por sistema dos Correios - Notibras","robots":{"index":"index","follow":"follow","max-snippet":"max-snippet:-1","max-image-preview":"max-image-preview:large","max-video-preview":"max-video-preview:-1"},"canonical":"https:\/\/www.notibras.com\/site\/presos-suspeitos-de-trafico-drogas-por-sistema-dos-correios\/","og_locale":"pt_BR","og_type":"article","og_title":"Presos suspeitos de tr\u00e1fico de drogas por sistema dos Correios - Notibras","og_description":"A PCDF atrav\u00e9s da 15\u00aa DP, deflagrou a opera\u00e7\u00e3o Bad Livery 3 e, em duas a\u00e7\u00f5es distintas, apreendeu um menor de 17 anos de idade pela pratica de ato infracional an\u00e1logo ao crime de tr\u00e1fico de drogas e um homem de 24 anos de idade pelo crime de contrabando. A opera\u00e7\u00e3o policial foi deflagrada ap\u00f3s [&hellip;]","og_url":"https:\/\/www.notibras.com\/site\/presos-suspeitos-de-trafico-drogas-por-sistema-dos-correios\/","og_site_name":"Notibras","article_publisher":"https:\/\/www.facebook.com\/notibras\/","article_published_time":"2024-06-18T03:48:38+00:00","article_modified_time":"2024-06-18T14:19:21+00:00","og_image":[{"width":1600,"height":900,"url":"https:\/\/www.notibras.com\/site\/wp-content\/uploads\/2024\/06\/377ff16c-8864-4d41-81ae-6f011ef1985a.jpg","type":"image\/jpeg"}],"author":"Reda\u00e7\u00e3o","twitter_card":"summary_large_image","twitter_creator":"@Notibras","twitter_site":"@Notibras","twitter_misc":{"Escrito por":"Reda\u00e7\u00e3o","Est. tempo de leitura":"3 minutos"},"schema":{"@context":"https:\/\/schema.org","@graph":[{"@type":"Article","@id":"https:\/\/www.notibras.com\/site\/presos-suspeitos-de-trafico-drogas-por-sistema-dos-correios\/#article","isPartOf":{"@id":"https:\/\/www.notibras.com\/site\/presos-suspeitos-de-trafico-drogas-por-sistema-dos-correios\/"},"author":{"name":"Reda\u00e7\u00e3o","@id":"https:\/\/www.notibras.com\/site\/#\/schema\/person\/36ab0979449956132d3e5b517ea76ac8"},"headline":"Presos suspeitos de tr\u00e1fico de drogas por sistema dos Correios","datePublished":"2024-06-18T03:48:38+00:00","dateModified":"2024-06-18T14:19:21+00:00","mainEntityOfPage":{"@id":"https:\/\/www.notibras.com\/site\/presos-suspeitos-de-trafico-drogas-por-sistema-dos-correios\/"},"wordCount":368,"publisher":{"@id":"https:\/\/www.notibras.com\/site\/#organization"},"image":{"@id":"https:\/\/www.notibras.com\/site\/presos-suspeitos-de-trafico-drogas-por-sistema-dos-correios\/#primaryimage"},"thumbnailUrl":"https:\/\/www.notibras.com\/site\/wp-content\/uploads\/2024\/06\/377ff16c-8864-4d41-81ae-6f011ef1985a.jpg","articleSection":["Quadradinho em Foco"],"inLanguage":"pt-BR"},{"@type":"WebPage","@id":"https:\/\/www.notibras.com\/site\/presos-suspeitos-de-trafico-drogas-por-sistema-dos-correios\/","url":"https:\/\/www.notibras.com\/site\/presos-suspeitos-de-trafico-drogas-por-sistema-dos-correios\/","name":"Presos suspeitos de tr\u00e1fico de drogas por sistema dos Correios - Notibras","isPartOf":{"@id":"https:\/\/www.notibras.com\/site\/#website"},"primaryImageOfPage":{"@id":"https:\/\/www.notibras.com\/site\/presos-suspeitos-de-trafico-drogas-por-sistema-dos-correios\/#primaryimage"},"image":{"@id":"https:\/\/www.notibras.com\/site\/presos-suspeitos-de-trafico-drogas-por-sistema-dos-correios\/#primaryimage"},"thumbnailUrl":"https:\/\/www.notibras.com\/site\/wp-content\/uploads\/2024\/06\/377ff16c-8864-4d41-81ae-6f011ef1985a.jpg","datePublished":"2024-06-18T03:48:38+00:00","dateModified":"2024-06-18T14:19:21+00:00","breadcrumb":{"@id":"https:\/\/www.notibras.com\/site\/presos-suspeitos-de-trafico-drogas-por-sistema-dos-correios\/#breadcrumb"},"inLanguage":"pt-BR","potentialAction":[{"@type":"ReadAction","target":["https:\/\/www.notibras.com\/site\/presos-suspeitos-de-trafico-drogas-por-sistema-dos-correios\/"]}]},{"@type":"ImageObject","inLanguage":"pt-BR","@id":"https:\/\/www.notibras.com\/site\/presos-suspeitos-de-trafico-drogas-por-sistema-dos-correios\/#primaryimage","url":"https:\/\/www.notibras.com\/site\/wp-content\/uploads\/2024\/06\/377ff16c-8864-4d41-81ae-6f011ef1985a.jpg","contentUrl":"https:\/\/www.notibras.com\/site\/wp-content\/uploads\/2024\/06\/377ff16c-8864-4d41-81ae-6f011ef1985a.jpg","width":1600,"height":900},{"@type":"BreadcrumbList","@id":"https:\/\/www.notibras.com\/site\/presos-suspeitos-de-trafico-drogas-por-sistema-dos-correios\/#breadcrumb","itemListElement":[{"@type":"ListItem","position":1,"name":"In\u00edcio","item":"https:\/\/www.notibras.com\/site\/"},{"@type":"ListItem","position":2,"name":"Presos suspeitos de tr\u00e1fico de drogas por sistema dos Correios"}]},{"@type":"WebSite","@id":"https:\/\/www.notibras.com\/site\/#website","url":"https:\/\/www.notibras.com\/site\/","name":"Notibras","description":"Not\u00edcias de Bras\u00edlia, do Brasil e do Mundo","publisher":{"@id":"https:\/\/www.notibras.com\/site\/#organization"},"potentialAction":[{"@type":"SearchAction","target":{"@type":"EntryPoint","urlTemplate":"https:\/\/www.notibras.com\/site\/?s={search_term_string}"},"query-input":{"@type":"PropertyValueSpecification","valueRequired":true,"valueName":"search_term_string"}}],"inLanguage":"pt-BR"},{"@type":"Organization","@id":"https:\/\/www.notibras.com\/site\/#organization","name":"Grupo Notibras de Comunica\u00e7\u00e3o","url":"https:\/\/www.notibras.com\/site\/","logo":{"@type":"ImageObject","inLanguage":"pt-BR","@id":"https:\/\/www.notibras.com\/site\/#\/schema\/logo\/image\/","url":"https:\/\/www.notibras.com\/site\/wp-content\/uploads\/2023\/01\/notibras23.png","contentUrl":"https:\/\/www.notibras.com\/site\/wp-content\/uploads\/2023\/01\/notibras23.png","width":350,"height":87,"caption":"Grupo Notibras de Comunica\u00e7\u00e3o"},"image":{"@id":"https:\/\/www.notibras.com\/site\/#\/schema\/logo\/image\/"},"sameAs":["https:\/\/www.facebook.com\/notibras\/","https:\/\/x.com\/Notibras","https:\/\/www.instagram.com\/notibras\/"]},{"@type":"Person","@id":"https:\/\/www.notibras.com\/site\/#\/schema\/person\/36ab0979449956132d3e5b517ea76ac8","name":"Reda\u00e7\u00e3o","image":{"@type":"ImageObject","inLanguage":"pt-BR","@id":"https:\/\/secure.gravatar.com\/avatar\/e0a867bdedb85fd243eadf09663511f96fc81e0720a4a42581f334ad4303aa6b?s=96&d=mm&r=g","url":"https:\/\/secure.gravatar.com\/avatar\/e0a867bdedb85fd243eadf09663511f96fc81e0720a4a42581f334ad4303aa6b?s=96&d=mm&r=g","contentUrl":"https:\/\/secure.gravatar.com\/avatar\/e0a867bdedb85fd243eadf09663511f96fc81e0720a4a42581f334ad4303aa6b?s=96&d=mm&r=g","caption":"Reda\u00e7\u00e3o"}}]}},"amp_enabled":true,"_links":{"self":[{"href":"https:\/\/www.notibras.com\/site\/wp-json\/wp\/v2\/posts\/330969","targetHints":{"allow":["GET"]}}],"collection":[{"href":"https:\/\/www.notibras.com\/site\/wp-json\/wp\/v2\/posts"}],"about":[{"href":"https:\/\/www.notibras.com\/site\/wp-json\/wp\/v2\/types\/post"}],"author":[{"embeddable":true,"href":"https:\/\/www.notibras.com\/site\/wp-json\/wp\/v2\/users\/2"}],"replies":[{"embeddable":true,"href":"https:\/\/www.notibras.com\/site\/wp-json\/wp\/v2\/comments?post=330969"}],"version-history":[{"count":2,"href":"https:\/\/www.notibras.com\/site\/wp-json\/wp\/v2\/posts\/330969\/revisions"}],"predecessor-version":[{"id":330995,"href":"https:\/\/www.notibras.com\/site\/wp-json\/wp\/v2\/posts\/330969\/revisions\/330995"}],"wp:featuredmedia":[{"embeddable":true,"href":"https:\/\/www.notibras.com\/site\/wp-json\/wp\/v2\/media\/330970"}],"wp:attachment":[{"href":"https:\/\/www.notibras.com\/site\/wp-json\/wp\/v2\/media?parent=330969"}],"wp:term":[{"taxonomy":"category","embeddable":true,"href":"https:\/\/www.notibras.com\/site\/wp-json\/wp\/v2\/categories?post=330969"},{"taxonomy":"post_tag","embeddable":true,"href":"https:\/\/www.notibras.com\/site\/wp-json\/wp\/v2\/tags?post=330969"}],"curies":[{"name":"wp","href":"https:\/\/api.w.org\/{rel}","templated":true}]}}