{"id":330997,"date":"2024-06-18T13:58:13","date_gmt":"2024-06-18T16:58:13","guid":{"rendered":"https:\/\/www.notibras.com\/site\/?p=330997"},"modified":"2024-06-18T14:00:14","modified_gmt":"2024-06-18T17:00:14","slug":"brasilia-com-seca-e-frio-vive-tempos-de-sujeira-que-provoca-muita-otite","status":"publish","type":"post","link":"https:\/\/www.notibras.com\/site\/brasilia-com-seca-e-frio-vive-tempos-de-sujeira-que-provoca-muita-otite\/","title":{"rendered":"Bras\u00edlia, com seca e frio, vive tempos de sujeira que provoca muita otite"},"content":{"rendered":"<p>O per\u00edodo da seca, marcado pela baixa umidade, chegou em Bras\u00edlia e com ele o aumento de casos de doen\u00e7as respirat\u00f3rias como rinite al\u00e9rgica e asma. Uma das alternativas para prevenir as doen\u00e7as de trato respirat\u00f3rio \u00e9 a lavagem nasal, mas \u00e9 preciso aten\u00e7\u00e3o ao colocar em pr\u00e1tica a t\u00e9cnica considerada, por muitos, simples.<\/p>\n<p>A lavagem nasal \u00e9 uma manobra essencial para uma melhor respira\u00e7\u00e3o. Al\u00e9m de promover a limpeza das narinas e a fluidifica\u00e7\u00e3o, o m\u00e9todo ajuda na descongest\u00e3o e preven\u00e7\u00e3o de doen\u00e7as do trato respirat\u00f3rio. Por\u00e9m, a lavagem mal-sucedida pode causar infec\u00e7\u00f5es e inflama\u00e7\u00f5es no ouvido, como a Otite M\u00e9dia Serosa.<\/p>\n<p>A Otite M\u00e9dia Serosa \u00e9 uma condi\u00e7\u00e3o na qual ocorre ac\u00famulo de l\u00edquidos na orelha m\u00e9dia, a c\u00e2mara do ouvido situada atr\u00e1s da membrana do t\u00edmpano. De acordo com o otorrinolaringologista do Hospital DF Star, da Rede D&#8217;Or, Marcelo Maruyama, \u00e9 uma condi\u00e7\u00e3o comum que afeta principalmente crian\u00e7as.<\/p>\n<p>&#8220;Esse ac\u00famulo pode causar diversos sintomas como sensa\u00e7\u00e3o de ouvido tampado, perda de audi\u00e7\u00e3o, zumbido, sensa\u00e7\u00e3o de pulsa\u00e7\u00e3o nos ouvidos e, em alguns casos, at\u00e9 dor. A Otite M\u00e9dia Serosa tamb\u00e9m pode predispor a infec\u00e7\u00f5es de repeti\u00e7\u00e3o nos ouvidos (otites m\u00e9dias agudas de repeti\u00e7\u00e3o), pois o l\u00edquido parado fica sujeito a contamina\u00e7\u00f5es por bact\u00e9rias patog\u00eanicas, que podem gerar inflama\u00e7\u00e3o e, consequentemente, dor e febre&#8221;, explica.<\/p>\n<p>Segundo Maruyama, a lavagem nasal como causa de Otite M\u00e9dia Serosa tem sido discutida e observada nos consult\u00f3rios, particularmente com o surgimento de op\u00e7\u00f5es no mercado de lavagens nasais com alto volume.<\/p>\n<p>&#8220;Existem v\u00e1rias evid\u00eancias de que a lavagem nasal, quando realizada corretamente, pode ser inclusive \u00fatil para prevenir a Otite. Mas, ela deve ser feita da maneira correta, particularmente observando a posi\u00e7\u00e3o da cabe\u00e7a e a press\u00e3o com que a solu\u00e7\u00e3o entra nas cavidades nasais. A press\u00e3o realizada deve ser sempre gentil, mesmo que a solu\u00e7\u00e3o demore mais para penetrar as narinas. A lavagem nasal, quando realizada de forma inadequada, pode fazer com que o l\u00edquido da lavagem penetre as tubas auditivas e chegue \u00e0s orelhas m\u00e9dias. Na grande maioria dos casos, isso gera apenas um desconforto moment\u00e2neo, j\u00e1 que o adequado funcionamento das tubas consegue drenar a solu\u00e7\u00e3o. Quando as tubas n\u00e3o est\u00e3o funcionando bem, o l\u00edquido da lavagem pode persistir por mais tempo nas orelhas m\u00e9dias. Al\u00e9m disso, se a lavagem nasal carregar pat\u00f3genos para as orelhas m\u00e9dias, pode ser que o indiv\u00edduo venha a ter uma infec\u00e7\u00e3o aguda&#8221;, explica o m\u00e9dico.<\/p>\n<p>Durante o per\u00edodo da seca, os casos de otite m\u00e9dia aumentam, pois as mucosas respirat\u00f3rias ficam mais agredidas e sujeitas a inflama\u00e7\u00f5es e infec\u00e7\u00f5es, que s\u00e3o causas de mau funcionamento das tubas auditivas e ac\u00famulos anormais de l\u00edquidos na orelha.<\/p>\n<p>&#8220;Al\u00e9m disso, trata-se do per\u00edodo em Bras\u00edlia em que circulam mais viroses respirat\u00f3rias. Para quem j\u00e1 teve problemas nos ouvidos realizando lavagem nasal, pode ser recomendado que utilizem lavagens com menor volume como, por exemplo, os dispositivos de jato cont\u00ednuo que tamb\u00e9m s\u00e3o encontrados facilmente nas farm\u00e1cias. Se o intuito \u00e9 apenas aliviar o inc\u00f4modo com o ressecamento das mucosas, outras op\u00e7\u00f5es s\u00e3o os dispositivos em spray ou em gel. Tamb\u00e9m \u00e9 importante que ap\u00f3s as lavagens a pessoa deixe drenar bem a solu\u00e7\u00e3o e n\u00e3o assoe com muita for\u00e7a, pelo mesmo motivo que n\u00e3o se deve realizar lavagens com muita press\u00e3o. \u00c9 claro que, igualmente ou talvez mais importante que a hidrata\u00e7\u00e3o das mucosas com lavagens e umidifica\u00e7\u00e3o externa, \u00e9 a hidrata\u00e7\u00e3o por via oral&#8221;, afirma Marcelo Maruyama.<\/p>\n<p>A Otite M\u00e9dia Serosa geralmente se resolve espontaneamente em algumas semanas ou meses. No entanto, em alguns casos, a doen\u00e7a pode persistir por um per\u00edodo mais longo. Na maior parte dos casos, o tratamento \u00e9 conservador, objetivando-se a desobstru\u00e7\u00e3o da tuba auditiva. Algumas medica\u00e7\u00f5es podem ser \u00fateis para fluidificar as secre\u00e7\u00f5es, descongestionar o nariz e tratar infec\u00e7\u00f5es e alergias das vias respirat\u00f3rias. Tamb\u00e9m pode ser indicada fonoterapia, com a realiza\u00e7\u00e3o de exerc\u00edcios que ajudem a ventilar a orelha m\u00e9dia. Por\u00e9m, o otorrinolaringologista explica que alguns casos falham ao tratamento cl\u00ednico e deve ser indicado um procedimento cir\u00fargico, que consiste na realiza\u00e7\u00e3o de uma microperfura\u00e7\u00e3o no t\u00edmpano, aspira\u00e7\u00e3o do l\u00edquido retido e inser\u00e7\u00e3o de um tubo de ventila\u00e7\u00e3o na perfura\u00e7\u00e3o.<\/p>\n<p>Para prevenir n\u00e3o somente a Otite M\u00e9dia Serosa, mas tamb\u00e9m outras afec\u00e7\u00f5es respirat\u00f3rias neste per\u00edodo de seca, o otorrinolaringologista do Hospital DF Star, Marcelo Maruyama indica que se atente aos h\u00e1bitos de vida saud\u00e1veis, objetivando o bom funcionamento das defesas naturais e do sistema imunol\u00f3gico; manter-se hidratado; usar a t\u00e9cnica adequada para lavar o nariz; higienizar as m\u00e3os com frequ\u00eancia; evitar locais aglomerados e sem ventila\u00e7\u00e3o; usar m\u00e1scara como uma barreira adicional de propaga\u00e7\u00e3o das viroses respirat\u00f3rias, e consultar um m\u00e9dico regularmente.<\/p>\n","protected":false},"excerpt":{"rendered":"<p>O per\u00edodo da seca, marcado pela baixa umidade, chegou em Bras\u00edlia e com ele o aumento de casos de doen\u00e7as respirat\u00f3rias como rinite al\u00e9rgica e asma. Uma das alternativas para prevenir as doen\u00e7as de trato respirat\u00f3rio \u00e9 a lavagem nasal, mas \u00e9 preciso aten\u00e7\u00e3o ao colocar em pr\u00e1tica a t\u00e9cnica considerada, por muitos, simples. A [&hellip;]<\/p>\n","protected":false},"author":2,"featured_media":201410,"comment_status":"closed","ping_status":"closed","sticky":false,"template":"","format":"standard","meta":{"_acf_changed":false,"footnotes":""},"categories":[161],"tags":[95],"class_list":["post-330997","post","type-post","status-publish","format-standard","has-post-thumbnail","hentry","category-quadradinho-em-foco","tag-capa"],"acf":[],"yoast_head":"<!-- This site is optimized with the Yoast SEO plugin v27.5 - https:\/\/yoast.com\/product\/yoast-seo-wordpress\/ -->\n<title>Bras\u00edlia, com seca e frio, vive tempos de sujeira que provoca muita otite - Notibras<\/title>\n<meta name=\"robots\" content=\"index, follow, max-snippet:-1, max-image-preview:large, max-video-preview:-1\" \/>\n<link rel=\"canonical\" href=\"https:\/\/www.notibras.com\/site\/brasilia-com-seca-e-frio-vive-tempos-de-sujeira-que-provoca-muita-otite\/\" \/>\n<meta property=\"og:locale\" content=\"pt_BR\" \/>\n<meta property=\"og:type\" content=\"article\" \/>\n<meta property=\"og:title\" content=\"Bras\u00edlia, com seca e frio, vive tempos de sujeira que provoca muita otite - Notibras\" \/>\n<meta property=\"og:description\" content=\"O per\u00edodo da seca, marcado pela baixa umidade, chegou em Bras\u00edlia e com ele o aumento de casos de doen\u00e7as respirat\u00f3rias como rinite al\u00e9rgica e asma. Uma das alternativas para prevenir as doen\u00e7as de trato respirat\u00f3rio \u00e9 a lavagem nasal, mas \u00e9 preciso aten\u00e7\u00e3o ao colocar em pr\u00e1tica a t\u00e9cnica considerada, por muitos, simples. A [&hellip;]\" \/>\n<meta property=\"og:url\" content=\"https:\/\/www.notibras.com\/site\/brasilia-com-seca-e-frio-vive-tempos-de-sujeira-que-provoca-muita-otite\/\" \/>\n<meta property=\"og:site_name\" content=\"Notibras\" \/>\n<meta property=\"article:publisher\" content=\"https:\/\/www.facebook.com\/notibras\/\" \/>\n<meta property=\"article:published_time\" content=\"2024-06-18T16:58:13+00:00\" \/>\n<meta property=\"article:modified_time\" content=\"2024-06-18T17:00:14+00:00\" \/>\n<meta property=\"og:image\" content=\"https:\/\/www.notibras.com\/site\/wp-content\/uploads\/2019\/02\/brasilia-seca.jpg\" \/>\n\t<meta property=\"og:image:width\" content=\"1024\" \/>\n\t<meta property=\"og:image:height\" content=\"576\" \/>\n\t<meta property=\"og:image:type\" content=\"image\/jpeg\" \/>\n<meta name=\"author\" content=\"Reda\u00e7\u00e3o\" \/>\n<meta name=\"twitter:card\" content=\"summary_large_image\" \/>\n<meta name=\"twitter:creator\" content=\"@Notibras\" \/>\n<meta name=\"twitter:site\" content=\"@Notibras\" \/>\n<meta name=\"twitter:label1\" content=\"Escrito por\" \/>\n\t<meta name=\"twitter:data1\" content=\"Reda\u00e7\u00e3o\" \/>\n\t<meta name=\"twitter:label2\" content=\"Est. tempo de leitura\" \/>\n\t<meta name=\"twitter:data2\" content=\"5 minutos\" \/>\n<script type=\"application\/ld+json\" class=\"yoast-schema-graph\">{\"@context\":\"https:\\\/\\\/schema.org\",\"@graph\":[{\"@type\":\"Article\",\"@id\":\"https:\\\/\\\/www.notibras.com\\\/site\\\/brasilia-com-seca-e-frio-vive-tempos-de-sujeira-que-provoca-muita-otite\\\/#article\",\"isPartOf\":{\"@id\":\"https:\\\/\\\/www.notibras.com\\\/site\\\/brasilia-com-seca-e-frio-vive-tempos-de-sujeira-que-provoca-muita-otite\\\/\"},\"author\":{\"name\":\"Reda\u00e7\u00e3o\",\"@id\":\"https:\\\/\\\/www.notibras.com\\\/site\\\/#\\\/schema\\\/person\\\/36ab0979449956132d3e5b517ea76ac8\"},\"headline\":\"Bras\u00edlia, com seca e frio, vive tempos de sujeira que provoca muita otite\",\"datePublished\":\"2024-06-18T16:58:13+00:00\",\"dateModified\":\"2024-06-18T17:00:14+00:00\",\"mainEntityOfPage\":{\"@id\":\"https:\\\/\\\/www.notibras.com\\\/site\\\/brasilia-com-seca-e-frio-vive-tempos-de-sujeira-que-provoca-muita-otite\\\/\"},\"wordCount\":917,\"publisher\":{\"@id\":\"https:\\\/\\\/www.notibras.com\\\/site\\\/#organization\"},\"image\":{\"@id\":\"https:\\\/\\\/www.notibras.com\\\/site\\\/brasilia-com-seca-e-frio-vive-tempos-de-sujeira-que-provoca-muita-otite\\\/#primaryimage\"},\"thumbnailUrl\":\"https:\\\/\\\/www.notibras.com\\\/site\\\/wp-content\\\/uploads\\\/2019\\\/02\\\/brasilia-seca.jpg\",\"keywords\":[\"capa\"],\"articleSection\":[\"Quadradinho em Foco\"],\"inLanguage\":\"pt-BR\"},{\"@type\":\"WebPage\",\"@id\":\"https:\\\/\\\/www.notibras.com\\\/site\\\/brasilia-com-seca-e-frio-vive-tempos-de-sujeira-que-provoca-muita-otite\\\/\",\"url\":\"https:\\\/\\\/www.notibras.com\\\/site\\\/brasilia-com-seca-e-frio-vive-tempos-de-sujeira-que-provoca-muita-otite\\\/\",\"name\":\"Bras\u00edlia, com seca e frio, vive tempos de sujeira que provoca muita otite - Notibras\",\"isPartOf\":{\"@id\":\"https:\\\/\\\/www.notibras.com\\\/site\\\/#website\"},\"primaryImageOfPage\":{\"@id\":\"https:\\\/\\\/www.notibras.com\\\/site\\\/brasilia-com-seca-e-frio-vive-tempos-de-sujeira-que-provoca-muita-otite\\\/#primaryimage\"},\"image\":{\"@id\":\"https:\\\/\\\/www.notibras.com\\\/site\\\/brasilia-com-seca-e-frio-vive-tempos-de-sujeira-que-provoca-muita-otite\\\/#primaryimage\"},\"thumbnailUrl\":\"https:\\\/\\\/www.notibras.com\\\/site\\\/wp-content\\\/uploads\\\/2019\\\/02\\\/brasilia-seca.jpg\",\"datePublished\":\"2024-06-18T16:58:13+00:00\",\"dateModified\":\"2024-06-18T17:00:14+00:00\",\"breadcrumb\":{\"@id\":\"https:\\\/\\\/www.notibras.com\\\/site\\\/brasilia-com-seca-e-frio-vive-tempos-de-sujeira-que-provoca-muita-otite\\\/#breadcrumb\"},\"inLanguage\":\"pt-BR\",\"potentialAction\":[{\"@type\":\"ReadAction\",\"target\":[\"https:\\\/\\\/www.notibras.com\\\/site\\\/brasilia-com-seca-e-frio-vive-tempos-de-sujeira-que-provoca-muita-otite\\\/\"]}]},{\"@type\":\"ImageObject\",\"inLanguage\":\"pt-BR\",\"@id\":\"https:\\\/\\\/www.notibras.com\\\/site\\\/brasilia-com-seca-e-frio-vive-tempos-de-sujeira-que-provoca-muita-otite\\\/#primaryimage\",\"url\":\"https:\\\/\\\/www.notibras.com\\\/site\\\/wp-content\\\/uploads\\\/2019\\\/02\\\/brasilia-seca.jpg\",\"contentUrl\":\"https:\\\/\\\/www.notibras.com\\\/site\\\/wp-content\\\/uploads\\\/2019\\\/02\\\/brasilia-seca.jpg\",\"width\":1024,\"height\":576},{\"@type\":\"BreadcrumbList\",\"@id\":\"https:\\\/\\\/www.notibras.com\\\/site\\\/brasilia-com-seca-e-frio-vive-tempos-de-sujeira-que-provoca-muita-otite\\\/#breadcrumb\",\"itemListElement\":[{\"@type\":\"ListItem\",\"position\":1,\"name\":\"In\u00edcio\",\"item\":\"https:\\\/\\\/www.notibras.com\\\/site\\\/\"},{\"@type\":\"ListItem\",\"position\":2,\"name\":\"Bras\u00edlia, com seca e frio, vive tempos de sujeira que provoca muita otite\"}]},{\"@type\":\"WebSite\",\"@id\":\"https:\\\/\\\/www.notibras.com\\\/site\\\/#website\",\"url\":\"https:\\\/\\\/www.notibras.com\\\/site\\\/\",\"name\":\"Notibras\",\"description\":\"Not\u00edcias de Bras\u00edlia, do Brasil e do Mundo\",\"publisher\":{\"@id\":\"https:\\\/\\\/www.notibras.com\\\/site\\\/#organization\"},\"potentialAction\":[{\"@type\":\"SearchAction\",\"target\":{\"@type\":\"EntryPoint\",\"urlTemplate\":\"https:\\\/\\\/www.notibras.com\\\/site\\\/?s={search_term_string}\"},\"query-input\":{\"@type\":\"PropertyValueSpecification\",\"valueRequired\":true,\"valueName\":\"search_term_string\"}}],\"inLanguage\":\"pt-BR\"},{\"@type\":\"Organization\",\"@id\":\"https:\\\/\\\/www.notibras.com\\\/site\\\/#organization\",\"name\":\"Grupo Notibras de Comunica\u00e7\u00e3o\",\"url\":\"https:\\\/\\\/www.notibras.com\\\/site\\\/\",\"logo\":{\"@type\":\"ImageObject\",\"inLanguage\":\"pt-BR\",\"@id\":\"https:\\\/\\\/www.notibras.com\\\/site\\\/#\\\/schema\\\/logo\\\/image\\\/\",\"url\":\"https:\\\/\\\/www.notibras.com\\\/site\\\/wp-content\\\/uploads\\\/2023\\\/01\\\/notibras23.png\",\"contentUrl\":\"https:\\\/\\\/www.notibras.com\\\/site\\\/wp-content\\\/uploads\\\/2023\\\/01\\\/notibras23.png\",\"width\":350,\"height\":87,\"caption\":\"Grupo Notibras de Comunica\u00e7\u00e3o\"},\"image\":{\"@id\":\"https:\\\/\\\/www.notibras.com\\\/site\\\/#\\\/schema\\\/logo\\\/image\\\/\"},\"sameAs\":[\"https:\\\/\\\/www.facebook.com\\\/notibras\\\/\",\"https:\\\/\\\/x.com\\\/Notibras\",\"https:\\\/\\\/www.instagram.com\\\/notibras\\\/\"]},{\"@type\":\"Person\",\"@id\":\"https:\\\/\\\/www.notibras.com\\\/site\\\/#\\\/schema\\\/person\\\/36ab0979449956132d3e5b517ea76ac8\",\"name\":\"Reda\u00e7\u00e3o\",\"image\":{\"@type\":\"ImageObject\",\"inLanguage\":\"pt-BR\",\"@id\":\"https:\\\/\\\/secure.gravatar.com\\\/avatar\\\/e0a867bdedb85fd243eadf09663511f96fc81e0720a4a42581f334ad4303aa6b?s=96&d=mm&r=g\",\"url\":\"https:\\\/\\\/secure.gravatar.com\\\/avatar\\\/e0a867bdedb85fd243eadf09663511f96fc81e0720a4a42581f334ad4303aa6b?s=96&d=mm&r=g\",\"contentUrl\":\"https:\\\/\\\/secure.gravatar.com\\\/avatar\\\/e0a867bdedb85fd243eadf09663511f96fc81e0720a4a42581f334ad4303aa6b?s=96&d=mm&r=g\",\"caption\":\"Reda\u00e7\u00e3o\"}}]}<\/script>\n<!-- \/ Yoast SEO plugin. -->","yoast_head_json":{"title":"Bras\u00edlia, com seca e frio, vive tempos de sujeira que provoca muita otite - Notibras","robots":{"index":"index","follow":"follow","max-snippet":"max-snippet:-1","max-image-preview":"max-image-preview:large","max-video-preview":"max-video-preview:-1"},"canonical":"https:\/\/www.notibras.com\/site\/brasilia-com-seca-e-frio-vive-tempos-de-sujeira-que-provoca-muita-otite\/","og_locale":"pt_BR","og_type":"article","og_title":"Bras\u00edlia, com seca e frio, vive tempos de sujeira que provoca muita otite - Notibras","og_description":"O per\u00edodo da seca, marcado pela baixa umidade, chegou em Bras\u00edlia e com ele o aumento de casos de doen\u00e7as respirat\u00f3rias como rinite al\u00e9rgica e asma. Uma das alternativas para prevenir as doen\u00e7as de trato respirat\u00f3rio \u00e9 a lavagem nasal, mas \u00e9 preciso aten\u00e7\u00e3o ao colocar em pr\u00e1tica a t\u00e9cnica considerada, por muitos, simples. A [&hellip;]","og_url":"https:\/\/www.notibras.com\/site\/brasilia-com-seca-e-frio-vive-tempos-de-sujeira-que-provoca-muita-otite\/","og_site_name":"Notibras","article_publisher":"https:\/\/www.facebook.com\/notibras\/","article_published_time":"2024-06-18T16:58:13+00:00","article_modified_time":"2024-06-18T17:00:14+00:00","og_image":[{"width":1024,"height":576,"url":"https:\/\/www.notibras.com\/site\/wp-content\/uploads\/2019\/02\/brasilia-seca.jpg","type":"image\/jpeg"}],"author":"Reda\u00e7\u00e3o","twitter_card":"summary_large_image","twitter_creator":"@Notibras","twitter_site":"@Notibras","twitter_misc":{"Escrito por":"Reda\u00e7\u00e3o","Est. tempo de leitura":"5 minutos"},"schema":{"@context":"https:\/\/schema.org","@graph":[{"@type":"Article","@id":"https:\/\/www.notibras.com\/site\/brasilia-com-seca-e-frio-vive-tempos-de-sujeira-que-provoca-muita-otite\/#article","isPartOf":{"@id":"https:\/\/www.notibras.com\/site\/brasilia-com-seca-e-frio-vive-tempos-de-sujeira-que-provoca-muita-otite\/"},"author":{"name":"Reda\u00e7\u00e3o","@id":"https:\/\/www.notibras.com\/site\/#\/schema\/person\/36ab0979449956132d3e5b517ea76ac8"},"headline":"Bras\u00edlia, com seca e frio, vive tempos de sujeira que provoca muita otite","datePublished":"2024-06-18T16:58:13+00:00","dateModified":"2024-06-18T17:00:14+00:00","mainEntityOfPage":{"@id":"https:\/\/www.notibras.com\/site\/brasilia-com-seca-e-frio-vive-tempos-de-sujeira-que-provoca-muita-otite\/"},"wordCount":917,"publisher":{"@id":"https:\/\/www.notibras.com\/site\/#organization"},"image":{"@id":"https:\/\/www.notibras.com\/site\/brasilia-com-seca-e-frio-vive-tempos-de-sujeira-que-provoca-muita-otite\/#primaryimage"},"thumbnailUrl":"https:\/\/www.notibras.com\/site\/wp-content\/uploads\/2019\/02\/brasilia-seca.jpg","keywords":["capa"],"articleSection":["Quadradinho em Foco"],"inLanguage":"pt-BR"},{"@type":"WebPage","@id":"https:\/\/www.notibras.com\/site\/brasilia-com-seca-e-frio-vive-tempos-de-sujeira-que-provoca-muita-otite\/","url":"https:\/\/www.notibras.com\/site\/brasilia-com-seca-e-frio-vive-tempos-de-sujeira-que-provoca-muita-otite\/","name":"Bras\u00edlia, com seca e frio, vive tempos de sujeira que provoca muita otite - Notibras","isPartOf":{"@id":"https:\/\/www.notibras.com\/site\/#website"},"primaryImageOfPage":{"@id":"https:\/\/www.notibras.com\/site\/brasilia-com-seca-e-frio-vive-tempos-de-sujeira-que-provoca-muita-otite\/#primaryimage"},"image":{"@id":"https:\/\/www.notibras.com\/site\/brasilia-com-seca-e-frio-vive-tempos-de-sujeira-que-provoca-muita-otite\/#primaryimage"},"thumbnailUrl":"https:\/\/www.notibras.com\/site\/wp-content\/uploads\/2019\/02\/brasilia-seca.jpg","datePublished":"2024-06-18T16:58:13+00:00","dateModified":"2024-06-18T17:00:14+00:00","breadcrumb":{"@id":"https:\/\/www.notibras.com\/site\/brasilia-com-seca-e-frio-vive-tempos-de-sujeira-que-provoca-muita-otite\/#breadcrumb"},"inLanguage":"pt-BR","potentialAction":[{"@type":"ReadAction","target":["https:\/\/www.notibras.com\/site\/brasilia-com-seca-e-frio-vive-tempos-de-sujeira-que-provoca-muita-otite\/"]}]},{"@type":"ImageObject","inLanguage":"pt-BR","@id":"https:\/\/www.notibras.com\/site\/brasilia-com-seca-e-frio-vive-tempos-de-sujeira-que-provoca-muita-otite\/#primaryimage","url":"https:\/\/www.notibras.com\/site\/wp-content\/uploads\/2019\/02\/brasilia-seca.jpg","contentUrl":"https:\/\/www.notibras.com\/site\/wp-content\/uploads\/2019\/02\/brasilia-seca.jpg","width":1024,"height":576},{"@type":"BreadcrumbList","@id":"https:\/\/www.notibras.com\/site\/brasilia-com-seca-e-frio-vive-tempos-de-sujeira-que-provoca-muita-otite\/#breadcrumb","itemListElement":[{"@type":"ListItem","position":1,"name":"In\u00edcio","item":"https:\/\/www.notibras.com\/site\/"},{"@type":"ListItem","position":2,"name":"Bras\u00edlia, com seca e frio, vive tempos de sujeira que provoca muita otite"}]},{"@type":"WebSite","@id":"https:\/\/www.notibras.com\/site\/#website","url":"https:\/\/www.notibras.com\/site\/","name":"Notibras","description":"Not\u00edcias de Bras\u00edlia, do Brasil e do Mundo","publisher":{"@id":"https:\/\/www.notibras.com\/site\/#organization"},"potentialAction":[{"@type":"SearchAction","target":{"@type":"EntryPoint","urlTemplate":"https:\/\/www.notibras.com\/site\/?s={search_term_string}"},"query-input":{"@type":"PropertyValueSpecification","valueRequired":true,"valueName":"search_term_string"}}],"inLanguage":"pt-BR"},{"@type":"Organization","@id":"https:\/\/www.notibras.com\/site\/#organization","name":"Grupo Notibras de Comunica\u00e7\u00e3o","url":"https:\/\/www.notibras.com\/site\/","logo":{"@type":"ImageObject","inLanguage":"pt-BR","@id":"https:\/\/www.notibras.com\/site\/#\/schema\/logo\/image\/","url":"https:\/\/www.notibras.com\/site\/wp-content\/uploads\/2023\/01\/notibras23.png","contentUrl":"https:\/\/www.notibras.com\/site\/wp-content\/uploads\/2023\/01\/notibras23.png","width":350,"height":87,"caption":"Grupo Notibras de Comunica\u00e7\u00e3o"},"image":{"@id":"https:\/\/www.notibras.com\/site\/#\/schema\/logo\/image\/"},"sameAs":["https:\/\/www.facebook.com\/notibras\/","https:\/\/x.com\/Notibras","https:\/\/www.instagram.com\/notibras\/"]},{"@type":"Person","@id":"https:\/\/www.notibras.com\/site\/#\/schema\/person\/36ab0979449956132d3e5b517ea76ac8","name":"Reda\u00e7\u00e3o","image":{"@type":"ImageObject","inLanguage":"pt-BR","@id":"https:\/\/secure.gravatar.com\/avatar\/e0a867bdedb85fd243eadf09663511f96fc81e0720a4a42581f334ad4303aa6b?s=96&d=mm&r=g","url":"https:\/\/secure.gravatar.com\/avatar\/e0a867bdedb85fd243eadf09663511f96fc81e0720a4a42581f334ad4303aa6b?s=96&d=mm&r=g","contentUrl":"https:\/\/secure.gravatar.com\/avatar\/e0a867bdedb85fd243eadf09663511f96fc81e0720a4a42581f334ad4303aa6b?s=96&d=mm&r=g","caption":"Reda\u00e7\u00e3o"}}]}},"amp_enabled":true,"_links":{"self":[{"href":"https:\/\/www.notibras.com\/site\/wp-json\/wp\/v2\/posts\/330997","targetHints":{"allow":["GET"]}}],"collection":[{"href":"https:\/\/www.notibras.com\/site\/wp-json\/wp\/v2\/posts"}],"about":[{"href":"https:\/\/www.notibras.com\/site\/wp-json\/wp\/v2\/types\/post"}],"author":[{"embeddable":true,"href":"https:\/\/www.notibras.com\/site\/wp-json\/wp\/v2\/users\/2"}],"replies":[{"embeddable":true,"href":"https:\/\/www.notibras.com\/site\/wp-json\/wp\/v2\/comments?post=330997"}],"version-history":[{"count":3,"href":"https:\/\/www.notibras.com\/site\/wp-json\/wp\/v2\/posts\/330997\/revisions"}],"predecessor-version":[{"id":331000,"href":"https:\/\/www.notibras.com\/site\/wp-json\/wp\/v2\/posts\/330997\/revisions\/331000"}],"wp:featuredmedia":[{"embeddable":true,"href":"https:\/\/www.notibras.com\/site\/wp-json\/wp\/v2\/media\/201410"}],"wp:attachment":[{"href":"https:\/\/www.notibras.com\/site\/wp-json\/wp\/v2\/media?parent=330997"}],"wp:term":[{"taxonomy":"category","embeddable":true,"href":"https:\/\/www.notibras.com\/site\/wp-json\/wp\/v2\/categories?post=330997"},{"taxonomy":"post_tag","embeddable":true,"href":"https:\/\/www.notibras.com\/site\/wp-json\/wp\/v2\/tags?post=330997"}],"curies":[{"name":"wp","href":"https:\/\/api.w.org\/{rel}","templated":true}]}}