{"id":331012,"date":"2024-06-19T02:05:38","date_gmt":"2024-06-19T05:05:38","guid":{"rendered":"https:\/\/www.notibras.com\/site\/?p=331012"},"modified":"2024-06-19T14:54:27","modified_gmt":"2024-06-19T17:54:27","slug":"notibras-o-portal-que-de-caca-virou-cacador-nos-seus-25-anos-no-ar","status":"publish","type":"post","link":"https:\/\/www.notibras.com\/site\/notibras-o-portal-que-de-caca-virou-cacador-nos-seus-25-anos-no-ar\/","title":{"rendered":"Notibras, o portal que de ca\u00e7a virou ca\u00e7ador nos seus 25 anos no ar"},"content":{"rendered":"<p><strong>Notibras<\/strong> est\u00e1 comemorando nesta quarta, 19, 25 anos de exist\u00eancia. O nome pode at\u00e9 transportar para o de uma empresa p\u00fablica, mas \u00e9 de jornalistas, produzido por jornalistas, onde quem manda s\u00e3o os amigos. A jornada at\u00e9 aqui tem sido \u00e1rdua, se considerarmos, em particular, que no cen\u00e1rio agitado do jornalismo contempor\u00e2neo, em que grandes conglomerados dominam o mercado e as redes sociais redefinem a forma como consumimos not\u00edcias, a trajet\u00f3ria de um ve\u00edculo independente que chega ao Jubileu de Prata com sucesso \u00e9, sem d\u00favida, uma hist\u00f3ria digna de uma cr\u00f4nica.<\/p>\n<p>Poder\u00edamos come\u00e7ar com o famoso &#8216;Era uma vez&#8217; dos contos de fadas, mas preferimos a realidade dos fatos do \u00faltimo quarto de s\u00e9culo, quando um grupo de jornalistas idealistas mostrou a cara por acreditar na for\u00e7a da informa\u00e7\u00e3o livre e imparcial. Corria o ano de 1999. Em uma pequena sala, com computadores modestos e uma conex\u00e3o de internet discada, nasceu o <em>Jornal da Quadra<\/em>. O primeiro slogan, <em>Voz Livre<\/em>, j\u00e1 indicava nosso prop\u00f3sito: ser um espa\u00e7o onde a verdade e a pluralidade de vozes pudessem ecoar sem amarras.<\/p>\n<p>No come\u00e7o, o desafio era enorme. Com recursos limitados e uma equipe enxuta, cada reportagem era fruto de muito suor e paix\u00e3o. Mas esse amor era o combust\u00edvel que nos movia adiante, com o cuidado de um trem-bala que n\u00e3o descarrilasse. Enquanto os grandes jornais impressos ainda dominavam, o portal apostava na internet como o futuro da informa\u00e7\u00e3o. Foi uma jogada arriscada, mas vision\u00e1ria.<\/p>\n<p>A primeira grande cobertura que colocou o <em>Jornal da Quadra<\/em> no mapa foi a de um esc\u00e2ndalo de corrup\u00e7\u00e3o local. Enquanto os ve\u00edculos tradicionais hesitavam, n\u00f3s public\u00e1vamos uma s\u00e9rie de reportagens investigativas que revelaram esquemas profundos de desvio de verbas. A repercuss\u00e3o foi imensa. De repente, nosso pequeno e suburbano site tornou-se uma refer\u00eancia em jornalismo investigativo.<\/p>\n<p>Com o passar dos anos, a tecnologia evoluiu, e <strong>Notibras<\/strong> acompanhou cada mudan\u00e7a. Adaptamo-nos \u00e0s novas plataformas, exploramos o poder das redes sociais e investimos em formatos multim\u00eddia. Os pr\u00f3ximos passos &#8211; para n\u00e3o corrermos o risco de simplesmente copiarmos o que existe &#8211; ser\u00e3o em dire\u00e7\u00e3o a Podcasts, v\u00eddeos, infogr\u00e1ficos interativos&#8230; Nada ser\u00e1 deixado de lado. A equipe cresceu, mas a ess\u00eancia permanece a mesma: comprometimento com a verdade e independ\u00eancia editorial.<\/p>\n<p>Hoje, ao completar 25 anos, somos mais do que um portal de not\u00edcias. Notibras \u00e9 institui\u00e7\u00e3o respeitada e reconhecida. Nossos leitores s\u00e3o fi\u00e9is e engajados, confiando no jornalismo s\u00e9rio e \u00e9tico que sempre foi nossa marca registrada. A comemora\u00e7\u00e3o do anivers\u00e1rio \u00e9 tamb\u00e9m uma celebra\u00e7\u00e3o da perseveran\u00e7a e do valor do jornalismo independente.<\/p>\n<p>Olhar para tr\u00e1s \u00e9 ver uma trajet\u00f3ria pontuada por desafios superados e conquistas alcan\u00e7adas. Por\u00e9m, mais importante do que celebrar o passado, <strong>Notibras<\/strong> continua olhando para o futuro. Em um mundo onde a desinforma\u00e7\u00e3o se espalha rapidamente, e a verdade \u00e9 muitas vezes obscurecida, o compromisso com o jornalismo de qualidade nunca foi t\u00e3o crucial.<\/p>\n<p>Assim, nossa hist\u00f3ria n\u00e3o \u00e9 apenas sobre um portal de not\u00edcias, mas sobre o poder da determina\u00e7\u00e3o, da integridade e da cren\u00e7a no valor da informa\u00e7\u00e3o. Que venham mais 25 anos, porque, enquanto houver verdades a serem contadas, haver\u00e1 sempre espa\u00e7o para uma <em>Voz Livre<\/em>.<\/p>\n<p>Como se disse acima, o nome, tirado a f\u00f3rceps de mentes j\u00e1 experimentadas, era <em>Jornal da Quadra<\/em>. E assim ficou por tr\u00eas anos. At\u00e9 que Luiz Gushiken, o Japa, ministro da Comunica\u00e7\u00e3o Social do primeiro Governo Lula, nos chamou para conversar. O convite para um caf\u00e9 da manh\u00e3 no gabinete dele foi uma honra. Gushiken, sin\u00f4nimo de liberdade e avalista de projetos libert\u00e1rios, acenou com a possibilidade de nosso projeto entrar na m\u00eddia de empresas p\u00fablicas. Ponderou, por\u00e9m, um entrave: Lula \u00e9 Brasil, e o <em>Jornal da Quadra<\/em> era Bras\u00edlia. &#8220;Crie uma marca mais abrangente&#8221;, sugeriu. E citou, literalmente, um portal que apresentasse not\u00edcias do Brasil.<\/p>\n<p>No final da tarde daquele mesmo dia, Notebook debaixo do bra\u00e7o, mostramos a nova capa ao ministro. Surgiu, ent\u00e3o, <strong>Notibras.<\/strong><\/p>\n<p>Figuras \u00e9picas do jornalismo brasileiro passaram a compor nossos quadros. Podemos citar, entre outros, Cl\u00e1udio Coletti, Jos\u00e9 Escarlate, Leonardo Mota Neto, L\u00e9lio Raphanelli, Adriano Lopes de Oliveira e sua equipe com William Waack, M\u00f4nica Valdwogel, Cyntia Peter, Ana Paula Padr\u00e3o, Carlos Marchi, Mino Pedrosa, Airton Maia&#8230; Alguns deles viraram estrelinhas. Outros buscaram novos rumos e um tanto permaneceu ao nosso lado.<\/p>\n<p>Hoje temos tr\u00eas alicerces. Este escriba, que agora comanda a Sucursal Regional Nordeste; Armando Cardoso, presidente do Conselho Editorial de <strong>Notibras<\/strong>, baseado em Bras\u00edlia, e Eduardo Mart\u00ednez, que coordena a mais machadiana equipe de cronistas em atua\u00e7\u00e3o na atualidade, vivendo na ponte-a\u00e9rea Bras\u00edlia-Porto Alegre.<\/p>\n<p>Na retaguarda, como Editor-Chefe, Wenceslau Ara\u00fajo e suas picardias. E ao seu redor, na reda\u00e7\u00e3o de Bras\u00edlia, Sonja Tavares, Malu Oliveira, Carolina Paiva, Ant\u00f4nio Albuquerque, Bart\u00f4 Granja, Jo\u00e3o Moura, Karoline Pimentel, Pedro Cunha, Arimath\u00e9ia Martins, Mathuzal\u00e9m Jr e colaboradores especiais, como Nemo Guzm\u00e1n e Roberto Amaral, este, ex-ministro da Ci\u00eancia e Tecnologia no primeiro mandato de Lula. Isso sem falar em Daniel Marchi, este sim, candidato a uma cadeira na ABL. Por fim, a dedicada Dona Irene, ou simplesmente Irene Ara\u00fajo, respons\u00e1vel por editar as mais n\u00edtidas imagens que ilustram nossos textos.<\/p>\n<p>Vinte e cinco anos n\u00e3o s\u00e3o sin\u00f4nimo de uma vida de lutas, mas de batalhas de guerras di\u00e1rias pela informa\u00e7\u00e3o precisa. Somos o primeiro portal de not\u00edcias aberto na internet produzido a partir de Bras\u00edlia. Sabemos que ainda estamos engatinhando, mas nem por isso deixamos de manter a cabe\u00e7a erguida. Prontos para enfrentar mais ass\u00e9dios morais, tentativas de cerceamento da liberdade de imprensa e de express\u00e3o. Mas com sangue de um foca para mostrar que o tempo de ca\u00e7a passou. <strong>Notibras<\/strong> agora \u00e9 um portal ca\u00e7ador. E n\u00e3o apenas de not\u00edcias.<\/p>\n<p>Um brinde.<\/p>\n","protected":false},"excerpt":{"rendered":"<p>Notibras est\u00e1 comemorando nesta quarta, 19, 25 anos de exist\u00eancia. O nome pode at\u00e9 transportar para o de uma empresa p\u00fablica, mas \u00e9 de jornalistas, produzido por jornalistas, onde quem manda s\u00e3o os amigos. A jornada at\u00e9 aqui tem sido \u00e1rdua, se considerarmos, em particular, que no cen\u00e1rio agitado do jornalismo contempor\u00e2neo, em que grandes [&hellip;]<\/p>\n","protected":false},"author":2,"featured_media":331013,"comment_status":"closed","ping_status":"closed","sticky":false,"template":"","format":"standard","meta":{"_acf_changed":false,"footnotes":""},"categories":[161],"tags":[95],"class_list":["post-331012","post","type-post","status-publish","format-standard","has-post-thumbnail","hentry","category-quadradinho-em-foco","tag-capa"],"acf":[],"yoast_head":"<!-- This site is optimized with the Yoast SEO plugin v27.5 - https:\/\/yoast.com\/product\/yoast-seo-wordpress\/ -->\n<title>Notibras, o portal que de ca\u00e7a virou ca\u00e7ador nos seus 25 anos no ar - Notibras<\/title>\n<meta name=\"robots\" content=\"index, follow, max-snippet:-1, max-image-preview:large, max-video-preview:-1\" \/>\n<link rel=\"canonical\" href=\"https:\/\/www.notibras.com\/site\/notibras-o-portal-que-de-caca-virou-cacador-nos-seus-25-anos-no-ar\/\" \/>\n<meta property=\"og:locale\" content=\"pt_BR\" \/>\n<meta property=\"og:type\" content=\"article\" \/>\n<meta property=\"og:title\" content=\"Notibras, o portal que de ca\u00e7a virou ca\u00e7ador nos seus 25 anos no ar - Notibras\" \/>\n<meta property=\"og:description\" content=\"Notibras est\u00e1 comemorando nesta quarta, 19, 25 anos de exist\u00eancia. O nome pode at\u00e9 transportar para o de uma empresa p\u00fablica, mas \u00e9 de jornalistas, produzido por jornalistas, onde quem manda s\u00e3o os amigos. A jornada at\u00e9 aqui tem sido \u00e1rdua, se considerarmos, em particular, que no cen\u00e1rio agitado do jornalismo contempor\u00e2neo, em que grandes [&hellip;]\" \/>\n<meta property=\"og:url\" content=\"https:\/\/www.notibras.com\/site\/notibras-o-portal-que-de-caca-virou-cacador-nos-seus-25-anos-no-ar\/\" \/>\n<meta property=\"og:site_name\" content=\"Notibras\" \/>\n<meta property=\"article:publisher\" content=\"https:\/\/www.facebook.com\/notibras\/\" \/>\n<meta property=\"article:published_time\" content=\"2024-06-19T05:05:38+00:00\" \/>\n<meta property=\"article:modified_time\" content=\"2024-06-19T17:54:27+00:00\" \/>\n<meta property=\"og:image\" content=\"https:\/\/www.notibras.com\/site\/wp-content\/uploads\/2024\/06\/be9c0e60-f2bb-4203-aeb1-d0ad3927d3dd.jpeg\" \/>\n\t<meta property=\"og:image:width\" content=\"1290\" \/>\n\t<meta property=\"og:image:height\" content=\"967\" \/>\n\t<meta property=\"og:image:type\" content=\"image\/jpeg\" \/>\n<meta name=\"author\" content=\"Reda\u00e7\u00e3o\" \/>\n<meta name=\"twitter:card\" content=\"summary_large_image\" \/>\n<meta name=\"twitter:creator\" content=\"@Notibras\" \/>\n<meta name=\"twitter:site\" content=\"@Notibras\" \/>\n<meta name=\"twitter:label1\" content=\"Escrito por\" \/>\n\t<meta name=\"twitter:data1\" content=\"Reda\u00e7\u00e3o\" \/>\n\t<meta name=\"twitter:label2\" content=\"Est. tempo de leitura\" \/>\n\t<meta name=\"twitter:data2\" content=\"6 minutos\" \/>\n<script type=\"application\/ld+json\" class=\"yoast-schema-graph\">{\"@context\":\"https:\\\/\\\/schema.org\",\"@graph\":[{\"@type\":\"Article\",\"@id\":\"https:\\\/\\\/www.notibras.com\\\/site\\\/notibras-o-portal-que-de-caca-virou-cacador-nos-seus-25-anos-no-ar\\\/#article\",\"isPartOf\":{\"@id\":\"https:\\\/\\\/www.notibras.com\\\/site\\\/notibras-o-portal-que-de-caca-virou-cacador-nos-seus-25-anos-no-ar\\\/\"},\"author\":{\"name\":\"Reda\u00e7\u00e3o\",\"@id\":\"https:\\\/\\\/www.notibras.com\\\/site\\\/#\\\/schema\\\/person\\\/36ab0979449956132d3e5b517ea76ac8\"},\"headline\":\"Notibras, o portal que de ca\u00e7a virou ca\u00e7ador nos seus 25 anos no ar\",\"datePublished\":\"2024-06-19T05:05:38+00:00\",\"dateModified\":\"2024-06-19T17:54:27+00:00\",\"mainEntityOfPage\":{\"@id\":\"https:\\\/\\\/www.notibras.com\\\/site\\\/notibras-o-portal-que-de-caca-virou-cacador-nos-seus-25-anos-no-ar\\\/\"},\"wordCount\":1058,\"publisher\":{\"@id\":\"https:\\\/\\\/www.notibras.com\\\/site\\\/#organization\"},\"image\":{\"@id\":\"https:\\\/\\\/www.notibras.com\\\/site\\\/notibras-o-portal-que-de-caca-virou-cacador-nos-seus-25-anos-no-ar\\\/#primaryimage\"},\"thumbnailUrl\":\"https:\\\/\\\/www.notibras.com\\\/site\\\/wp-content\\\/uploads\\\/2024\\\/06\\\/be9c0e60-f2bb-4203-aeb1-d0ad3927d3dd.jpeg\",\"keywords\":[\"capa\"],\"articleSection\":[\"Quadradinho em Foco\"],\"inLanguage\":\"pt-BR\"},{\"@type\":\"WebPage\",\"@id\":\"https:\\\/\\\/www.notibras.com\\\/site\\\/notibras-o-portal-que-de-caca-virou-cacador-nos-seus-25-anos-no-ar\\\/\",\"url\":\"https:\\\/\\\/www.notibras.com\\\/site\\\/notibras-o-portal-que-de-caca-virou-cacador-nos-seus-25-anos-no-ar\\\/\",\"name\":\"Notibras, o portal que de ca\u00e7a virou ca\u00e7ador nos seus 25 anos no ar - Notibras\",\"isPartOf\":{\"@id\":\"https:\\\/\\\/www.notibras.com\\\/site\\\/#website\"},\"primaryImageOfPage\":{\"@id\":\"https:\\\/\\\/www.notibras.com\\\/site\\\/notibras-o-portal-que-de-caca-virou-cacador-nos-seus-25-anos-no-ar\\\/#primaryimage\"},\"image\":{\"@id\":\"https:\\\/\\\/www.notibras.com\\\/site\\\/notibras-o-portal-que-de-caca-virou-cacador-nos-seus-25-anos-no-ar\\\/#primaryimage\"},\"thumbnailUrl\":\"https:\\\/\\\/www.notibras.com\\\/site\\\/wp-content\\\/uploads\\\/2024\\\/06\\\/be9c0e60-f2bb-4203-aeb1-d0ad3927d3dd.jpeg\",\"datePublished\":\"2024-06-19T05:05:38+00:00\",\"dateModified\":\"2024-06-19T17:54:27+00:00\",\"breadcrumb\":{\"@id\":\"https:\\\/\\\/www.notibras.com\\\/site\\\/notibras-o-portal-que-de-caca-virou-cacador-nos-seus-25-anos-no-ar\\\/#breadcrumb\"},\"inLanguage\":\"pt-BR\",\"potentialAction\":[{\"@type\":\"ReadAction\",\"target\":[\"https:\\\/\\\/www.notibras.com\\\/site\\\/notibras-o-portal-que-de-caca-virou-cacador-nos-seus-25-anos-no-ar\\\/\"]}]},{\"@type\":\"ImageObject\",\"inLanguage\":\"pt-BR\",\"@id\":\"https:\\\/\\\/www.notibras.com\\\/site\\\/notibras-o-portal-que-de-caca-virou-cacador-nos-seus-25-anos-no-ar\\\/#primaryimage\",\"url\":\"https:\\\/\\\/www.notibras.com\\\/site\\\/wp-content\\\/uploads\\\/2024\\\/06\\\/be9c0e60-f2bb-4203-aeb1-d0ad3927d3dd.jpeg\",\"contentUrl\":\"https:\\\/\\\/www.notibras.com\\\/site\\\/wp-content\\\/uploads\\\/2024\\\/06\\\/be9c0e60-f2bb-4203-aeb1-d0ad3927d3dd.jpeg\",\"width\":1290,\"height\":967},{\"@type\":\"BreadcrumbList\",\"@id\":\"https:\\\/\\\/www.notibras.com\\\/site\\\/notibras-o-portal-que-de-caca-virou-cacador-nos-seus-25-anos-no-ar\\\/#breadcrumb\",\"itemListElement\":[{\"@type\":\"ListItem\",\"position\":1,\"name\":\"In\u00edcio\",\"item\":\"https:\\\/\\\/www.notibras.com\\\/site\\\/\"},{\"@type\":\"ListItem\",\"position\":2,\"name\":\"Notibras, o portal que de ca\u00e7a virou ca\u00e7ador nos seus 25 anos no ar\"}]},{\"@type\":\"WebSite\",\"@id\":\"https:\\\/\\\/www.notibras.com\\\/site\\\/#website\",\"url\":\"https:\\\/\\\/www.notibras.com\\\/site\\\/\",\"name\":\"Notibras\",\"description\":\"Not\u00edcias de Bras\u00edlia, do Brasil e do Mundo\",\"publisher\":{\"@id\":\"https:\\\/\\\/www.notibras.com\\\/site\\\/#organization\"},\"potentialAction\":[{\"@type\":\"SearchAction\",\"target\":{\"@type\":\"EntryPoint\",\"urlTemplate\":\"https:\\\/\\\/www.notibras.com\\\/site\\\/?s={search_term_string}\"},\"query-input\":{\"@type\":\"PropertyValueSpecification\",\"valueRequired\":true,\"valueName\":\"search_term_string\"}}],\"inLanguage\":\"pt-BR\"},{\"@type\":\"Organization\",\"@id\":\"https:\\\/\\\/www.notibras.com\\\/site\\\/#organization\",\"name\":\"Grupo Notibras de Comunica\u00e7\u00e3o\",\"url\":\"https:\\\/\\\/www.notibras.com\\\/site\\\/\",\"logo\":{\"@type\":\"ImageObject\",\"inLanguage\":\"pt-BR\",\"@id\":\"https:\\\/\\\/www.notibras.com\\\/site\\\/#\\\/schema\\\/logo\\\/image\\\/\",\"url\":\"https:\\\/\\\/www.notibras.com\\\/site\\\/wp-content\\\/uploads\\\/2023\\\/01\\\/notibras23.png\",\"contentUrl\":\"https:\\\/\\\/www.notibras.com\\\/site\\\/wp-content\\\/uploads\\\/2023\\\/01\\\/notibras23.png\",\"width\":350,\"height\":87,\"caption\":\"Grupo Notibras de Comunica\u00e7\u00e3o\"},\"image\":{\"@id\":\"https:\\\/\\\/www.notibras.com\\\/site\\\/#\\\/schema\\\/logo\\\/image\\\/\"},\"sameAs\":[\"https:\\\/\\\/www.facebook.com\\\/notibras\\\/\",\"https:\\\/\\\/x.com\\\/Notibras\",\"https:\\\/\\\/www.instagram.com\\\/notibras\\\/\"]},{\"@type\":\"Person\",\"@id\":\"https:\\\/\\\/www.notibras.com\\\/site\\\/#\\\/schema\\\/person\\\/36ab0979449956132d3e5b517ea76ac8\",\"name\":\"Reda\u00e7\u00e3o\",\"image\":{\"@type\":\"ImageObject\",\"inLanguage\":\"pt-BR\",\"@id\":\"https:\\\/\\\/secure.gravatar.com\\\/avatar\\\/e0a867bdedb85fd243eadf09663511f96fc81e0720a4a42581f334ad4303aa6b?s=96&d=mm&r=g\",\"url\":\"https:\\\/\\\/secure.gravatar.com\\\/avatar\\\/e0a867bdedb85fd243eadf09663511f96fc81e0720a4a42581f334ad4303aa6b?s=96&d=mm&r=g\",\"contentUrl\":\"https:\\\/\\\/secure.gravatar.com\\\/avatar\\\/e0a867bdedb85fd243eadf09663511f96fc81e0720a4a42581f334ad4303aa6b?s=96&d=mm&r=g\",\"caption\":\"Reda\u00e7\u00e3o\"}}]}<\/script>\n<!-- \/ Yoast SEO plugin. -->","yoast_head_json":{"title":"Notibras, o portal que de ca\u00e7a virou ca\u00e7ador nos seus 25 anos no ar - Notibras","robots":{"index":"index","follow":"follow","max-snippet":"max-snippet:-1","max-image-preview":"max-image-preview:large","max-video-preview":"max-video-preview:-1"},"canonical":"https:\/\/www.notibras.com\/site\/notibras-o-portal-que-de-caca-virou-cacador-nos-seus-25-anos-no-ar\/","og_locale":"pt_BR","og_type":"article","og_title":"Notibras, o portal que de ca\u00e7a virou ca\u00e7ador nos seus 25 anos no ar - Notibras","og_description":"Notibras est\u00e1 comemorando nesta quarta, 19, 25 anos de exist\u00eancia. O nome pode at\u00e9 transportar para o de uma empresa p\u00fablica, mas \u00e9 de jornalistas, produzido por jornalistas, onde quem manda s\u00e3o os amigos. A jornada at\u00e9 aqui tem sido \u00e1rdua, se considerarmos, em particular, que no cen\u00e1rio agitado do jornalismo contempor\u00e2neo, em que grandes [&hellip;]","og_url":"https:\/\/www.notibras.com\/site\/notibras-o-portal-que-de-caca-virou-cacador-nos-seus-25-anos-no-ar\/","og_site_name":"Notibras","article_publisher":"https:\/\/www.facebook.com\/notibras\/","article_published_time":"2024-06-19T05:05:38+00:00","article_modified_time":"2024-06-19T17:54:27+00:00","og_image":[{"width":1290,"height":967,"url":"https:\/\/www.notibras.com\/site\/wp-content\/uploads\/2024\/06\/be9c0e60-f2bb-4203-aeb1-d0ad3927d3dd.jpeg","type":"image\/jpeg"}],"author":"Reda\u00e7\u00e3o","twitter_card":"summary_large_image","twitter_creator":"@Notibras","twitter_site":"@Notibras","twitter_misc":{"Escrito por":"Reda\u00e7\u00e3o","Est. tempo de leitura":"6 minutos"},"schema":{"@context":"https:\/\/schema.org","@graph":[{"@type":"Article","@id":"https:\/\/www.notibras.com\/site\/notibras-o-portal-que-de-caca-virou-cacador-nos-seus-25-anos-no-ar\/#article","isPartOf":{"@id":"https:\/\/www.notibras.com\/site\/notibras-o-portal-que-de-caca-virou-cacador-nos-seus-25-anos-no-ar\/"},"author":{"name":"Reda\u00e7\u00e3o","@id":"https:\/\/www.notibras.com\/site\/#\/schema\/person\/36ab0979449956132d3e5b517ea76ac8"},"headline":"Notibras, o portal que de ca\u00e7a virou ca\u00e7ador nos seus 25 anos no ar","datePublished":"2024-06-19T05:05:38+00:00","dateModified":"2024-06-19T17:54:27+00:00","mainEntityOfPage":{"@id":"https:\/\/www.notibras.com\/site\/notibras-o-portal-que-de-caca-virou-cacador-nos-seus-25-anos-no-ar\/"},"wordCount":1058,"publisher":{"@id":"https:\/\/www.notibras.com\/site\/#organization"},"image":{"@id":"https:\/\/www.notibras.com\/site\/notibras-o-portal-que-de-caca-virou-cacador-nos-seus-25-anos-no-ar\/#primaryimage"},"thumbnailUrl":"https:\/\/www.notibras.com\/site\/wp-content\/uploads\/2024\/06\/be9c0e60-f2bb-4203-aeb1-d0ad3927d3dd.jpeg","keywords":["capa"],"articleSection":["Quadradinho em Foco"],"inLanguage":"pt-BR"},{"@type":"WebPage","@id":"https:\/\/www.notibras.com\/site\/notibras-o-portal-que-de-caca-virou-cacador-nos-seus-25-anos-no-ar\/","url":"https:\/\/www.notibras.com\/site\/notibras-o-portal-que-de-caca-virou-cacador-nos-seus-25-anos-no-ar\/","name":"Notibras, o portal que de ca\u00e7a virou ca\u00e7ador nos seus 25 anos no ar - Notibras","isPartOf":{"@id":"https:\/\/www.notibras.com\/site\/#website"},"primaryImageOfPage":{"@id":"https:\/\/www.notibras.com\/site\/notibras-o-portal-que-de-caca-virou-cacador-nos-seus-25-anos-no-ar\/#primaryimage"},"image":{"@id":"https:\/\/www.notibras.com\/site\/notibras-o-portal-que-de-caca-virou-cacador-nos-seus-25-anos-no-ar\/#primaryimage"},"thumbnailUrl":"https:\/\/www.notibras.com\/site\/wp-content\/uploads\/2024\/06\/be9c0e60-f2bb-4203-aeb1-d0ad3927d3dd.jpeg","datePublished":"2024-06-19T05:05:38+00:00","dateModified":"2024-06-19T17:54:27+00:00","breadcrumb":{"@id":"https:\/\/www.notibras.com\/site\/notibras-o-portal-que-de-caca-virou-cacador-nos-seus-25-anos-no-ar\/#breadcrumb"},"inLanguage":"pt-BR","potentialAction":[{"@type":"ReadAction","target":["https:\/\/www.notibras.com\/site\/notibras-o-portal-que-de-caca-virou-cacador-nos-seus-25-anos-no-ar\/"]}]},{"@type":"ImageObject","inLanguage":"pt-BR","@id":"https:\/\/www.notibras.com\/site\/notibras-o-portal-que-de-caca-virou-cacador-nos-seus-25-anos-no-ar\/#primaryimage","url":"https:\/\/www.notibras.com\/site\/wp-content\/uploads\/2024\/06\/be9c0e60-f2bb-4203-aeb1-d0ad3927d3dd.jpeg","contentUrl":"https:\/\/www.notibras.com\/site\/wp-content\/uploads\/2024\/06\/be9c0e60-f2bb-4203-aeb1-d0ad3927d3dd.jpeg","width":1290,"height":967},{"@type":"BreadcrumbList","@id":"https:\/\/www.notibras.com\/site\/notibras-o-portal-que-de-caca-virou-cacador-nos-seus-25-anos-no-ar\/#breadcrumb","itemListElement":[{"@type":"ListItem","position":1,"name":"In\u00edcio","item":"https:\/\/www.notibras.com\/site\/"},{"@type":"ListItem","position":2,"name":"Notibras, o portal que de ca\u00e7a virou ca\u00e7ador nos seus 25 anos no ar"}]},{"@type":"WebSite","@id":"https:\/\/www.notibras.com\/site\/#website","url":"https:\/\/www.notibras.com\/site\/","name":"Notibras","description":"Not\u00edcias de Bras\u00edlia, do Brasil e do Mundo","publisher":{"@id":"https:\/\/www.notibras.com\/site\/#organization"},"potentialAction":[{"@type":"SearchAction","target":{"@type":"EntryPoint","urlTemplate":"https:\/\/www.notibras.com\/site\/?s={search_term_string}"},"query-input":{"@type":"PropertyValueSpecification","valueRequired":true,"valueName":"search_term_string"}}],"inLanguage":"pt-BR"},{"@type":"Organization","@id":"https:\/\/www.notibras.com\/site\/#organization","name":"Grupo Notibras de Comunica\u00e7\u00e3o","url":"https:\/\/www.notibras.com\/site\/","logo":{"@type":"ImageObject","inLanguage":"pt-BR","@id":"https:\/\/www.notibras.com\/site\/#\/schema\/logo\/image\/","url":"https:\/\/www.notibras.com\/site\/wp-content\/uploads\/2023\/01\/notibras23.png","contentUrl":"https:\/\/www.notibras.com\/site\/wp-content\/uploads\/2023\/01\/notibras23.png","width":350,"height":87,"caption":"Grupo Notibras de Comunica\u00e7\u00e3o"},"image":{"@id":"https:\/\/www.notibras.com\/site\/#\/schema\/logo\/image\/"},"sameAs":["https:\/\/www.facebook.com\/notibras\/","https:\/\/x.com\/Notibras","https:\/\/www.instagram.com\/notibras\/"]},{"@type":"Person","@id":"https:\/\/www.notibras.com\/site\/#\/schema\/person\/36ab0979449956132d3e5b517ea76ac8","name":"Reda\u00e7\u00e3o","image":{"@type":"ImageObject","inLanguage":"pt-BR","@id":"https:\/\/secure.gravatar.com\/avatar\/e0a867bdedb85fd243eadf09663511f96fc81e0720a4a42581f334ad4303aa6b?s=96&d=mm&r=g","url":"https:\/\/secure.gravatar.com\/avatar\/e0a867bdedb85fd243eadf09663511f96fc81e0720a4a42581f334ad4303aa6b?s=96&d=mm&r=g","contentUrl":"https:\/\/secure.gravatar.com\/avatar\/e0a867bdedb85fd243eadf09663511f96fc81e0720a4a42581f334ad4303aa6b?s=96&d=mm&r=g","caption":"Reda\u00e7\u00e3o"}}]}},"amp_enabled":true,"_links":{"self":[{"href":"https:\/\/www.notibras.com\/site\/wp-json\/wp\/v2\/posts\/331012","targetHints":{"allow":["GET"]}}],"collection":[{"href":"https:\/\/www.notibras.com\/site\/wp-json\/wp\/v2\/posts"}],"about":[{"href":"https:\/\/www.notibras.com\/site\/wp-json\/wp\/v2\/types\/post"}],"author":[{"embeddable":true,"href":"https:\/\/www.notibras.com\/site\/wp-json\/wp\/v2\/users\/2"}],"replies":[{"embeddable":true,"href":"https:\/\/www.notibras.com\/site\/wp-json\/wp\/v2\/comments?post=331012"}],"version-history":[{"count":6,"href":"https:\/\/www.notibras.com\/site\/wp-json\/wp\/v2\/posts\/331012\/revisions"}],"predecessor-version":[{"id":331094,"href":"https:\/\/www.notibras.com\/site\/wp-json\/wp\/v2\/posts\/331012\/revisions\/331094"}],"wp:featuredmedia":[{"embeddable":true,"href":"https:\/\/www.notibras.com\/site\/wp-json\/wp\/v2\/media\/331013"}],"wp:attachment":[{"href":"https:\/\/www.notibras.com\/site\/wp-json\/wp\/v2\/media?parent=331012"}],"wp:term":[{"taxonomy":"category","embeddable":true,"href":"https:\/\/www.notibras.com\/site\/wp-json\/wp\/v2\/categories?post=331012"},{"taxonomy":"post_tag","embeddable":true,"href":"https:\/\/www.notibras.com\/site\/wp-json\/wp\/v2\/tags?post=331012"}],"curies":[{"name":"wp","href":"https:\/\/api.w.org\/{rel}","templated":true}]}}