{"id":331046,"date":"2024-06-19T00:00:29","date_gmt":"2024-06-19T03:00:29","guid":{"rendered":"https:\/\/www.notibras.com\/site\/?p=331046"},"modified":"2024-06-19T03:44:48","modified_gmt":"2024-06-19T06:44:48","slug":"auxilio-para-pessoas-com-transtorno-mental-passa-para-755","status":"publish","type":"post","link":"https:\/\/www.notibras.com\/site\/auxilio-para-pessoas-com-transtorno-mental-passa-para-755\/","title":{"rendered":"Aux\u00edlio para pessoas com transtorno mental passa para 755"},"content":{"rendered":"<p>O Minist\u00e9rio da Sa\u00fade aumentou de R$ 500 para R$ 755, o equivalente a 51%, o valor do aux\u00edlio concedido a pessoas com transtorno mental que ficaram internadas por longo tempo em hospitais psiqui\u00e1tricos e de cust\u00f3dia.<\/p>\n<p>&#8220;A estrat\u00e9gia busca favorecer a amplia\u00e7\u00e3o da rede de rela\u00e7\u00f5es destas pessoas e o seu bem-estar, al\u00e9m de estimular o exerc\u00edcio pleno dos seus direitos civis, pol\u00edticos e de cidadania, fora da unidade hospitalar&#8221;, diz nota do minist\u00e9rio.<\/p>\n<p>O benef\u00edcio visa estimular a reinser\u00e7\u00e3o social e bem-estar de pessoas que ficaram dois ou mais anos internadas de forma ininterrupta. O aux\u00edlio faz parte do programa De Volta para Casa, que j\u00e1 atendeu cerca de 8 mil pessoas em 20 anos, segundo dados do minist\u00e9rio em agosto de 2023.<\/p>\n<p>No ano passado, o minist\u00e9rio criou um departamento para tratar sobre a sa\u00fade mental, focado em retomar habilita\u00e7\u00e3o de novos servi\u00e7os e recompor Centros de Aten\u00e7\u00e3o Psicossocial (CAPS) e dos Servi\u00e7os Residenciais Terap\u00eauticos (SRT).<\/p>\n<p>Outra estrat\u00e9gia para ampliar o acesso \u00e0 sa\u00fade mental \u00e9 a constru\u00e7\u00e3o de unidades de atendimento. O novo Programa de Acelera\u00e7\u00e3o do Crescimento (Novo PAC) prev\u00ea 150 novos Centros de Aten\u00e7\u00e3o Psicossocial (Caps) em todas as regi\u00f5es do pa\u00eds, o que permitir\u00e1 atendimento de 13,4 milh\u00f5es de pessoas.<\/p>\n","protected":false},"excerpt":{"rendered":"<p>O Minist\u00e9rio da Sa\u00fade aumentou de R$ 500 para R$ 755, o equivalente a 51%, o valor do aux\u00edlio concedido a pessoas com transtorno mental que ficaram internadas por longo tempo em hospitais psiqui\u00e1tricos e de cust\u00f3dia. &#8220;A estrat\u00e9gia busca favorecer a amplia\u00e7\u00e3o da rede de rela\u00e7\u00f5es destas pessoas e o seu bem-estar, al\u00e9m de [&hellip;]<\/p>\n","protected":false},"author":2,"featured_media":331047,"comment_status":"closed","ping_status":"closed","sticky":false,"template":"","format":"standard","meta":{"_acf_changed":false,"footnotes":""},"categories":[166,167,168,169,165,170,171,172,173,174],"tags":[],"class_list":["post-331046","post","type-post","status-publish","format-standard","has-post-thumbnail","hentry","category-alagoas","category-bahia","category-ceara","category-maranhao","category-nordeste","category-paraiba-nordeste","category-pernambuco-nordeste","category-piaui","category-rio-grande-do-norte","category-sergipe"],"acf":[],"yoast_head":"<!-- This site is optimized with the Yoast SEO plugin v27.5 - https:\/\/yoast.com\/product\/yoast-seo-wordpress\/ -->\n<title>Aux\u00edlio para pessoas com transtorno mental passa para 755 - Notibras<\/title>\n<meta name=\"robots\" content=\"index, follow, max-snippet:-1, max-image-preview:large, max-video-preview:-1\" \/>\n<link rel=\"canonical\" href=\"https:\/\/www.notibras.com\/site\/auxilio-para-pessoas-com-transtorno-mental-passa-para-755\/\" \/>\n<meta property=\"og:locale\" content=\"pt_BR\" \/>\n<meta property=\"og:type\" content=\"article\" \/>\n<meta property=\"og:title\" content=\"Aux\u00edlio para pessoas com transtorno mental passa para 755 - Notibras\" \/>\n<meta property=\"og:description\" content=\"O Minist\u00e9rio da Sa\u00fade aumentou de R$ 500 para R$ 755, o equivalente a 51%, o valor do aux\u00edlio concedido a pessoas com transtorno mental que ficaram internadas por longo tempo em hospitais psiqui\u00e1tricos e de cust\u00f3dia. &#8220;A estrat\u00e9gia busca favorecer a amplia\u00e7\u00e3o da rede de rela\u00e7\u00f5es destas pessoas e o seu bem-estar, al\u00e9m de [&hellip;]\" \/>\n<meta property=\"og:url\" content=\"https:\/\/www.notibras.com\/site\/auxilio-para-pessoas-com-transtorno-mental-passa-para-755\/\" \/>\n<meta property=\"og:site_name\" content=\"Notibras\" \/>\n<meta property=\"article:publisher\" content=\"https:\/\/www.facebook.com\/notibras\/\" \/>\n<meta property=\"article:published_time\" content=\"2024-06-19T03:00:29+00:00\" \/>\n<meta property=\"article:modified_time\" content=\"2024-06-19T06:44:48+00:00\" \/>\n<meta property=\"og:image\" content=\"https:\/\/www.notibras.com\/site\/wp-content\/uploads\/2024\/06\/transtornomental750.webp\" \/>\n\t<meta property=\"og:image:width\" content=\"1170\" \/>\n\t<meta property=\"og:image:height\" content=\"700\" \/>\n\t<meta property=\"og:image:type\" content=\"image\/webp\" \/>\n<meta name=\"author\" content=\"Reda\u00e7\u00e3o\" \/>\n<meta name=\"twitter:card\" content=\"summary_large_image\" \/>\n<meta name=\"twitter:creator\" content=\"@Notibras\" \/>\n<meta name=\"twitter:site\" content=\"@Notibras\" \/>\n<meta name=\"twitter:label1\" content=\"Escrito por\" \/>\n\t<meta name=\"twitter:data1\" content=\"Reda\u00e7\u00e3o\" \/>\n\t<meta name=\"twitter:label2\" content=\"Est. tempo de leitura\" \/>\n\t<meta name=\"twitter:data2\" content=\"2 minutos\" \/>\n<script type=\"application\/ld+json\" class=\"yoast-schema-graph\">{\"@context\":\"https:\\\/\\\/schema.org\",\"@graph\":[{\"@type\":\"Article\",\"@id\":\"https:\\\/\\\/www.notibras.com\\\/site\\\/auxilio-para-pessoas-com-transtorno-mental-passa-para-755\\\/#article\",\"isPartOf\":{\"@id\":\"https:\\\/\\\/www.notibras.com\\\/site\\\/auxilio-para-pessoas-com-transtorno-mental-passa-para-755\\\/\"},\"author\":{\"name\":\"Reda\u00e7\u00e3o\",\"@id\":\"https:\\\/\\\/www.notibras.com\\\/site\\\/#\\\/schema\\\/person\\\/36ab0979449956132d3e5b517ea76ac8\"},\"headline\":\"Aux\u00edlio para pessoas com transtorno mental passa para 755\",\"datePublished\":\"2024-06-19T03:00:29+00:00\",\"dateModified\":\"2024-06-19T06:44:48+00:00\",\"mainEntityOfPage\":{\"@id\":\"https:\\\/\\\/www.notibras.com\\\/site\\\/auxilio-para-pessoas-com-transtorno-mental-passa-para-755\\\/\"},\"wordCount\":237,\"publisher\":{\"@id\":\"https:\\\/\\\/www.notibras.com\\\/site\\\/#organization\"},\"image\":{\"@id\":\"https:\\\/\\\/www.notibras.com\\\/site\\\/auxilio-para-pessoas-com-transtorno-mental-passa-para-755\\\/#primaryimage\"},\"thumbnailUrl\":\"https:\\\/\\\/www.notibras.com\\\/site\\\/wp-content\\\/uploads\\\/2024\\\/06\\\/transtornomental750.webp\",\"articleSection\":[\"Alagoas\",\"Bahia\",\"Cear\u00e1\",\"Maranh\u00e3o\",\"Nordeste\",\"Para\u00edba\",\"Pernambuco\",\"Piau\u00ed\",\"Rio Grande do Norte\",\"Sergipe\"],\"inLanguage\":\"pt-BR\"},{\"@type\":\"WebPage\",\"@id\":\"https:\\\/\\\/www.notibras.com\\\/site\\\/auxilio-para-pessoas-com-transtorno-mental-passa-para-755\\\/\",\"url\":\"https:\\\/\\\/www.notibras.com\\\/site\\\/auxilio-para-pessoas-com-transtorno-mental-passa-para-755\\\/\",\"name\":\"Aux\u00edlio para pessoas com transtorno mental passa para 755 - Notibras\",\"isPartOf\":{\"@id\":\"https:\\\/\\\/www.notibras.com\\\/site\\\/#website\"},\"primaryImageOfPage\":{\"@id\":\"https:\\\/\\\/www.notibras.com\\\/site\\\/auxilio-para-pessoas-com-transtorno-mental-passa-para-755\\\/#primaryimage\"},\"image\":{\"@id\":\"https:\\\/\\\/www.notibras.com\\\/site\\\/auxilio-para-pessoas-com-transtorno-mental-passa-para-755\\\/#primaryimage\"},\"thumbnailUrl\":\"https:\\\/\\\/www.notibras.com\\\/site\\\/wp-content\\\/uploads\\\/2024\\\/06\\\/transtornomental750.webp\",\"datePublished\":\"2024-06-19T03:00:29+00:00\",\"dateModified\":\"2024-06-19T06:44:48+00:00\",\"breadcrumb\":{\"@id\":\"https:\\\/\\\/www.notibras.com\\\/site\\\/auxilio-para-pessoas-com-transtorno-mental-passa-para-755\\\/#breadcrumb\"},\"inLanguage\":\"pt-BR\",\"potentialAction\":[{\"@type\":\"ReadAction\",\"target\":[\"https:\\\/\\\/www.notibras.com\\\/site\\\/auxilio-para-pessoas-com-transtorno-mental-passa-para-755\\\/\"]}]},{\"@type\":\"ImageObject\",\"inLanguage\":\"pt-BR\",\"@id\":\"https:\\\/\\\/www.notibras.com\\\/site\\\/auxilio-para-pessoas-com-transtorno-mental-passa-para-755\\\/#primaryimage\",\"url\":\"https:\\\/\\\/www.notibras.com\\\/site\\\/wp-content\\\/uploads\\\/2024\\\/06\\\/transtornomental750.webp\",\"contentUrl\":\"https:\\\/\\\/www.notibras.com\\\/site\\\/wp-content\\\/uploads\\\/2024\\\/06\\\/transtornomental750.webp\",\"width\":1170,\"height\":700},{\"@type\":\"BreadcrumbList\",\"@id\":\"https:\\\/\\\/www.notibras.com\\\/site\\\/auxilio-para-pessoas-com-transtorno-mental-passa-para-755\\\/#breadcrumb\",\"itemListElement\":[{\"@type\":\"ListItem\",\"position\":1,\"name\":\"In\u00edcio\",\"item\":\"https:\\\/\\\/www.notibras.com\\\/site\\\/\"},{\"@type\":\"ListItem\",\"position\":2,\"name\":\"Aux\u00edlio para pessoas com transtorno mental passa para 755\"}]},{\"@type\":\"WebSite\",\"@id\":\"https:\\\/\\\/www.notibras.com\\\/site\\\/#website\",\"url\":\"https:\\\/\\\/www.notibras.com\\\/site\\\/\",\"name\":\"Notibras\",\"description\":\"Not\u00edcias de Bras\u00edlia, do Brasil e do Mundo\",\"publisher\":{\"@id\":\"https:\\\/\\\/www.notibras.com\\\/site\\\/#organization\"},\"potentialAction\":[{\"@type\":\"SearchAction\",\"target\":{\"@type\":\"EntryPoint\",\"urlTemplate\":\"https:\\\/\\\/www.notibras.com\\\/site\\\/?s={search_term_string}\"},\"query-input\":{\"@type\":\"PropertyValueSpecification\",\"valueRequired\":true,\"valueName\":\"search_term_string\"}}],\"inLanguage\":\"pt-BR\"},{\"@type\":\"Organization\",\"@id\":\"https:\\\/\\\/www.notibras.com\\\/site\\\/#organization\",\"name\":\"Grupo Notibras de Comunica\u00e7\u00e3o\",\"url\":\"https:\\\/\\\/www.notibras.com\\\/site\\\/\",\"logo\":{\"@type\":\"ImageObject\",\"inLanguage\":\"pt-BR\",\"@id\":\"https:\\\/\\\/www.notibras.com\\\/site\\\/#\\\/schema\\\/logo\\\/image\\\/\",\"url\":\"https:\\\/\\\/www.notibras.com\\\/site\\\/wp-content\\\/uploads\\\/2023\\\/01\\\/notibras23.png\",\"contentUrl\":\"https:\\\/\\\/www.notibras.com\\\/site\\\/wp-content\\\/uploads\\\/2023\\\/01\\\/notibras23.png\",\"width\":350,\"height\":87,\"caption\":\"Grupo Notibras de Comunica\u00e7\u00e3o\"},\"image\":{\"@id\":\"https:\\\/\\\/www.notibras.com\\\/site\\\/#\\\/schema\\\/logo\\\/image\\\/\"},\"sameAs\":[\"https:\\\/\\\/www.facebook.com\\\/notibras\\\/\",\"https:\\\/\\\/x.com\\\/Notibras\",\"https:\\\/\\\/www.instagram.com\\\/notibras\\\/\"]},{\"@type\":\"Person\",\"@id\":\"https:\\\/\\\/www.notibras.com\\\/site\\\/#\\\/schema\\\/person\\\/36ab0979449956132d3e5b517ea76ac8\",\"name\":\"Reda\u00e7\u00e3o\",\"image\":{\"@type\":\"ImageObject\",\"inLanguage\":\"pt-BR\",\"@id\":\"https:\\\/\\\/secure.gravatar.com\\\/avatar\\\/e0a867bdedb85fd243eadf09663511f96fc81e0720a4a42581f334ad4303aa6b?s=96&d=mm&r=g\",\"url\":\"https:\\\/\\\/secure.gravatar.com\\\/avatar\\\/e0a867bdedb85fd243eadf09663511f96fc81e0720a4a42581f334ad4303aa6b?s=96&d=mm&r=g\",\"contentUrl\":\"https:\\\/\\\/secure.gravatar.com\\\/avatar\\\/e0a867bdedb85fd243eadf09663511f96fc81e0720a4a42581f334ad4303aa6b?s=96&d=mm&r=g\",\"caption\":\"Reda\u00e7\u00e3o\"}}]}<\/script>\n<!-- \/ Yoast SEO plugin. -->","yoast_head_json":{"title":"Aux\u00edlio para pessoas com transtorno mental passa para 755 - Notibras","robots":{"index":"index","follow":"follow","max-snippet":"max-snippet:-1","max-image-preview":"max-image-preview:large","max-video-preview":"max-video-preview:-1"},"canonical":"https:\/\/www.notibras.com\/site\/auxilio-para-pessoas-com-transtorno-mental-passa-para-755\/","og_locale":"pt_BR","og_type":"article","og_title":"Aux\u00edlio para pessoas com transtorno mental passa para 755 - Notibras","og_description":"O Minist\u00e9rio da Sa\u00fade aumentou de R$ 500 para R$ 755, o equivalente a 51%, o valor do aux\u00edlio concedido a pessoas com transtorno mental que ficaram internadas por longo tempo em hospitais psiqui\u00e1tricos e de cust\u00f3dia. &#8220;A estrat\u00e9gia busca favorecer a amplia\u00e7\u00e3o da rede de rela\u00e7\u00f5es destas pessoas e o seu bem-estar, al\u00e9m de [&hellip;]","og_url":"https:\/\/www.notibras.com\/site\/auxilio-para-pessoas-com-transtorno-mental-passa-para-755\/","og_site_name":"Notibras","article_publisher":"https:\/\/www.facebook.com\/notibras\/","article_published_time":"2024-06-19T03:00:29+00:00","article_modified_time":"2024-06-19T06:44:48+00:00","og_image":[{"width":1170,"height":700,"url":"https:\/\/www.notibras.com\/site\/wp-content\/uploads\/2024\/06\/transtornomental750.webp","type":"image\/webp"}],"author":"Reda\u00e7\u00e3o","twitter_card":"summary_large_image","twitter_creator":"@Notibras","twitter_site":"@Notibras","twitter_misc":{"Escrito por":"Reda\u00e7\u00e3o","Est. tempo de leitura":"2 minutos"},"schema":{"@context":"https:\/\/schema.org","@graph":[{"@type":"Article","@id":"https:\/\/www.notibras.com\/site\/auxilio-para-pessoas-com-transtorno-mental-passa-para-755\/#article","isPartOf":{"@id":"https:\/\/www.notibras.com\/site\/auxilio-para-pessoas-com-transtorno-mental-passa-para-755\/"},"author":{"name":"Reda\u00e7\u00e3o","@id":"https:\/\/www.notibras.com\/site\/#\/schema\/person\/36ab0979449956132d3e5b517ea76ac8"},"headline":"Aux\u00edlio para pessoas com transtorno mental passa para 755","datePublished":"2024-06-19T03:00:29+00:00","dateModified":"2024-06-19T06:44:48+00:00","mainEntityOfPage":{"@id":"https:\/\/www.notibras.com\/site\/auxilio-para-pessoas-com-transtorno-mental-passa-para-755\/"},"wordCount":237,"publisher":{"@id":"https:\/\/www.notibras.com\/site\/#organization"},"image":{"@id":"https:\/\/www.notibras.com\/site\/auxilio-para-pessoas-com-transtorno-mental-passa-para-755\/#primaryimage"},"thumbnailUrl":"https:\/\/www.notibras.com\/site\/wp-content\/uploads\/2024\/06\/transtornomental750.webp","articleSection":["Alagoas","Bahia","Cear\u00e1","Maranh\u00e3o","Nordeste","Para\u00edba","Pernambuco","Piau\u00ed","Rio Grande do Norte","Sergipe"],"inLanguage":"pt-BR"},{"@type":"WebPage","@id":"https:\/\/www.notibras.com\/site\/auxilio-para-pessoas-com-transtorno-mental-passa-para-755\/","url":"https:\/\/www.notibras.com\/site\/auxilio-para-pessoas-com-transtorno-mental-passa-para-755\/","name":"Aux\u00edlio para pessoas com transtorno mental passa para 755 - Notibras","isPartOf":{"@id":"https:\/\/www.notibras.com\/site\/#website"},"primaryImageOfPage":{"@id":"https:\/\/www.notibras.com\/site\/auxilio-para-pessoas-com-transtorno-mental-passa-para-755\/#primaryimage"},"image":{"@id":"https:\/\/www.notibras.com\/site\/auxilio-para-pessoas-com-transtorno-mental-passa-para-755\/#primaryimage"},"thumbnailUrl":"https:\/\/www.notibras.com\/site\/wp-content\/uploads\/2024\/06\/transtornomental750.webp","datePublished":"2024-06-19T03:00:29+00:00","dateModified":"2024-06-19T06:44:48+00:00","breadcrumb":{"@id":"https:\/\/www.notibras.com\/site\/auxilio-para-pessoas-com-transtorno-mental-passa-para-755\/#breadcrumb"},"inLanguage":"pt-BR","potentialAction":[{"@type":"ReadAction","target":["https:\/\/www.notibras.com\/site\/auxilio-para-pessoas-com-transtorno-mental-passa-para-755\/"]}]},{"@type":"ImageObject","inLanguage":"pt-BR","@id":"https:\/\/www.notibras.com\/site\/auxilio-para-pessoas-com-transtorno-mental-passa-para-755\/#primaryimage","url":"https:\/\/www.notibras.com\/site\/wp-content\/uploads\/2024\/06\/transtornomental750.webp","contentUrl":"https:\/\/www.notibras.com\/site\/wp-content\/uploads\/2024\/06\/transtornomental750.webp","width":1170,"height":700},{"@type":"BreadcrumbList","@id":"https:\/\/www.notibras.com\/site\/auxilio-para-pessoas-com-transtorno-mental-passa-para-755\/#breadcrumb","itemListElement":[{"@type":"ListItem","position":1,"name":"In\u00edcio","item":"https:\/\/www.notibras.com\/site\/"},{"@type":"ListItem","position":2,"name":"Aux\u00edlio para pessoas com transtorno mental passa para 755"}]},{"@type":"WebSite","@id":"https:\/\/www.notibras.com\/site\/#website","url":"https:\/\/www.notibras.com\/site\/","name":"Notibras","description":"Not\u00edcias de Bras\u00edlia, do Brasil e do Mundo","publisher":{"@id":"https:\/\/www.notibras.com\/site\/#organization"},"potentialAction":[{"@type":"SearchAction","target":{"@type":"EntryPoint","urlTemplate":"https:\/\/www.notibras.com\/site\/?s={search_term_string}"},"query-input":{"@type":"PropertyValueSpecification","valueRequired":true,"valueName":"search_term_string"}}],"inLanguage":"pt-BR"},{"@type":"Organization","@id":"https:\/\/www.notibras.com\/site\/#organization","name":"Grupo Notibras de Comunica\u00e7\u00e3o","url":"https:\/\/www.notibras.com\/site\/","logo":{"@type":"ImageObject","inLanguage":"pt-BR","@id":"https:\/\/www.notibras.com\/site\/#\/schema\/logo\/image\/","url":"https:\/\/www.notibras.com\/site\/wp-content\/uploads\/2023\/01\/notibras23.png","contentUrl":"https:\/\/www.notibras.com\/site\/wp-content\/uploads\/2023\/01\/notibras23.png","width":350,"height":87,"caption":"Grupo Notibras de Comunica\u00e7\u00e3o"},"image":{"@id":"https:\/\/www.notibras.com\/site\/#\/schema\/logo\/image\/"},"sameAs":["https:\/\/www.facebook.com\/notibras\/","https:\/\/x.com\/Notibras","https:\/\/www.instagram.com\/notibras\/"]},{"@type":"Person","@id":"https:\/\/www.notibras.com\/site\/#\/schema\/person\/36ab0979449956132d3e5b517ea76ac8","name":"Reda\u00e7\u00e3o","image":{"@type":"ImageObject","inLanguage":"pt-BR","@id":"https:\/\/secure.gravatar.com\/avatar\/e0a867bdedb85fd243eadf09663511f96fc81e0720a4a42581f334ad4303aa6b?s=96&d=mm&r=g","url":"https:\/\/secure.gravatar.com\/avatar\/e0a867bdedb85fd243eadf09663511f96fc81e0720a4a42581f334ad4303aa6b?s=96&d=mm&r=g","contentUrl":"https:\/\/secure.gravatar.com\/avatar\/e0a867bdedb85fd243eadf09663511f96fc81e0720a4a42581f334ad4303aa6b?s=96&d=mm&r=g","caption":"Reda\u00e7\u00e3o"}}]}},"amp_enabled":true,"_links":{"self":[{"href":"https:\/\/www.notibras.com\/site\/wp-json\/wp\/v2\/posts\/331046","targetHints":{"allow":["GET"]}}],"collection":[{"href":"https:\/\/www.notibras.com\/site\/wp-json\/wp\/v2\/posts"}],"about":[{"href":"https:\/\/www.notibras.com\/site\/wp-json\/wp\/v2\/types\/post"}],"author":[{"embeddable":true,"href":"https:\/\/www.notibras.com\/site\/wp-json\/wp\/v2\/users\/2"}],"replies":[{"embeddable":true,"href":"https:\/\/www.notibras.com\/site\/wp-json\/wp\/v2\/comments?post=331046"}],"version-history":[{"count":1,"href":"https:\/\/www.notibras.com\/site\/wp-json\/wp\/v2\/posts\/331046\/revisions"}],"predecessor-version":[{"id":331048,"href":"https:\/\/www.notibras.com\/site\/wp-json\/wp\/v2\/posts\/331046\/revisions\/331048"}],"wp:featuredmedia":[{"embeddable":true,"href":"https:\/\/www.notibras.com\/site\/wp-json\/wp\/v2\/media\/331047"}],"wp:attachment":[{"href":"https:\/\/www.notibras.com\/site\/wp-json\/wp\/v2\/media?parent=331046"}],"wp:term":[{"taxonomy":"category","embeddable":true,"href":"https:\/\/www.notibras.com\/site\/wp-json\/wp\/v2\/categories?post=331046"},{"taxonomy":"post_tag","embeddable":true,"href":"https:\/\/www.notibras.com\/site\/wp-json\/wp\/v2\/tags?post=331046"}],"curies":[{"name":"wp","href":"https:\/\/api.w.org\/{rel}","templated":true}]}}