{"id":331049,"date":"2024-06-19T00:00:13","date_gmt":"2024-06-19T03:00:13","guid":{"rendered":"https:\/\/www.notibras.com\/site\/?p=331049"},"modified":"2024-06-19T03:52:39","modified_gmt":"2024-06-19T06:52:39","slug":"nordestinos-impulsionam-greve-dos-servidores-do-meio-ambiente","status":"publish","type":"post","link":"https:\/\/www.notibras.com\/site\/nordestinos-impulsionam-greve-dos-servidores-do-meio-ambiente\/","title":{"rendered":"Nordestinos impulsionam greve dos servidores do meio ambiente"},"content":{"rendered":"<p>Em negocia\u00e7\u00e3o h\u00e1 cerca de seis meses com o Minist\u00e9rio da Gest\u00e3o e da Inova\u00e7\u00e3o em Servi\u00e7os P\u00fablicos (MGI), sem avan\u00e7os, os servidores federais ambientais decidiram pela greve em 17 estados e no Distrito Federal. Representados pela Associa\u00e7\u00e3o Nacional dos Servidores da Carreira de Especialista em Meio Ambiente (Ascema Nacional), os funcion\u00e1rios p\u00fablicos est\u00e3o vinculados ao Instituto Brasileiro do Meio Ambiente e dos Recursos Naturais Renov\u00e1veis (Ibama), ao Instituto Chico Mendes de Conserva\u00e7\u00e3o da Biodiversidade (ICMBio), ao Minist\u00e9rio do Meio Ambiente e Mudan\u00e7a do Clima (MMA) e ao Servi\u00e7o Florestal Brasileiro.<\/p>\n<p>As assembleias que aprovaram a paralisa\u00e7\u00e3o, por tempo indeterminado, a partir do dia 24 de junho, ocorreram em nove estados: Acre, Esp\u00edrito Santo, Goi\u00e1s, Par\u00e1, Para\u00edba, Rio de Janeiro, Rio Grande do Norte, Rio Grande do Sul e Tocantins. Em outras oito unidades da Federa\u00e7\u00e3o, que incluem Distrito Federal, Bahia, Maranh\u00e3o, Minas Gerais, Pernambuco, Paran\u00e1, Santa Catarina e S\u00e3o Paulo, a greve foi aprovada para come\u00e7ar no dia 1\u00ba de julho. O \u00fanico estado que, at\u00e9 o momento, n\u00e3o aderiu \u00e0 greve foi o Cear\u00e1, que rejeitou a paralisa\u00e7\u00e3o em assembleia. Os demais estados (Amap\u00e1, Alagoas, Amazonas, Mato Grosso, Mato Grosso do Sul, Piau\u00ed, Rond\u00f4nia, Roraima e Sergipe) v\u00e3o realizar assembleias nos pr\u00f3ximos dias, o que deve ampliar a mobiliza\u00e7\u00e3o.<\/p>\n<p>Os servidores da \u00e1rea ambiental j\u00e1 estavam com atividades de fiscaliza\u00e7\u00e3o e licenciamento, e outras opera\u00e7\u00f5es de campo, suspensas desde janeiro, mas a greve nacional deve estender a paralisa\u00e7\u00e3o para todas as \u00e1reas, inclusive os servi\u00e7os administrativos. De acordo com representantes da categoria, apesar da primeira proposta de reestrutura\u00e7\u00e3o da carreira ter sido apresentada em outubro do ano passado, a primeira reuni\u00e3o com o MGI ocorreu em 1\u00ba de fevereiro. De l\u00e1 pra c\u00e1, houve negocia\u00e7\u00f5es que esbarraram em uma \u00faltima contraproposta apresentada pelo governo federal, em abril, encerrando os prazos para negocia\u00e7\u00e3o.<\/p>\n<p>&#8220;Essa proposta de abril foi recha\u00e7ada por unanimidade pelas assembleias, isso foi comunicado ao governo e est\u00e1vamos aguardando essa resposta, no dia 7 de junho, que reafirmou uma proposta rejeitada. Desde ent\u00e3o, n\u00f3s tivemos uma escalada do movimento, com indicativos de greves em diversos estados. Esse movimento vai agravar a situa\u00e7\u00e3o dos servi\u00e7os prestados por esses \u00f3rg\u00e3os, prejudicando as metas ambientais e compromissos internacionais assumidos pelo pa\u00eds, algo que n\u00e3o \u00e9 desejado por nenhuma das partes deste processo, mas que \u00e9 responsabilidade do governo resolver&#8221;, aponta Cleberson Zavaski, presidente da Ascema Nacional.<\/p>\n<p>&#8220;Vale lembrar que nossa reivindica\u00e7\u00e3o n\u00e3o traz impacto or\u00e7ament\u00e1rio em 2024 e nem prioriza o reajuste salarial. A gente reivindica uma reestrutura\u00e7\u00e3o de carreira, com diminui\u00e7\u00e3o do fosso entre cargos intermedi\u00e1rios e de n\u00edvel superior, cria\u00e7\u00e3o da gratifica\u00e7\u00e3o de atividade de risco e a incorpora\u00e7\u00e3o do servidores ambientais na Lei de Fronteiras, que j\u00e1 prev\u00ea indeniza\u00e7\u00f5es para atua\u00e7\u00e3o em \u00e1reas estrat\u00e9gicas, como acontece com carreiras do Minist\u00e9rio da Agricultura, Receita Federal e pol\u00edcias, por exemplo&#8221;, acrescentou.<\/p>\n<p>Em nota \u00e0 Ag\u00eancia Brasil, o Minist\u00e9rio da Gest\u00e3o informou &#8220;que aguarda resposta formal \u00e0 \u00faltima proposta feita pelo governo na Mesa de Negocia\u00e7\u00e3o, que prev\u00ea reajustes de 19% a 30% para a categoria&#8221;, e que &#8220;segue aberto ao di\u00e1logo com os servidores do meio ambiente e de todas as outras \u00e1reas da Administra\u00e7\u00e3o P\u00fablica Federal&#8221;. A resposta formal, segundo a Ascema Nacional, j\u00e1 havia sido enviada na tarde desta ter\u00e7a-feira (18).<\/p>\n<p><strong>Impactos<\/strong><br \/>\nSegundo Cleberson Zavaski, a paralisa\u00e7\u00e3o dos servidores do Ibama, desde o in\u00edcio do ano, derrubou em 80% as opera\u00e7\u00f5es de fiscaliza\u00e7\u00e3o de prote\u00e7\u00e3o da Amaz\u00f4nia, que depende de viagens de servidores, que n\u00e3o est\u00e3o indo \u00e0 campo. No restante do pa\u00eds, a queda ficou em torno de 60%, com grande parte do efetivo priorizando o trabalho no escrit\u00f3rios.<\/p>\n<p>O represamento das fiscaliza\u00e7\u00f5es afeta, desde fevereiro, a importa\u00e7\u00e3o de ve\u00edculos. Pela legisla\u00e7\u00e3o, todos os ve\u00edculos automotores que entram no Brasil, incluindo carros, motocicletas e tratores, dependem de autoriza\u00e7\u00e3o ambiental. &#8220;Antes, o prazo corria de uma semana a 15 dias. Agora, tem se levado de 40 a 50 dias de atraso, o que tem causado cancelamento de pedidos, segundo algumas empresas&#8221;, afirma Zavaski.<\/p>\n<p>O andamento das obras do Programa de Acelera\u00e7\u00e3o do Crescimento (PAC), que dependem de licenciamento ambiental, tamb\u00e9m est\u00e1 paralisado por conta da mobiliza\u00e7\u00e3o dos servidores ambientais, informou o presidente da Ascema Nacional.<\/p>\n<p>Outro impacto do movimento dos servidores ambientais pode ser dar no aumento dos inc\u00eandios florestais, j\u00e1 que as opera\u00e7\u00f5es de brigadas e de combate ao fogo no Pantanal, Cerrado e Amaz\u00f4nia n\u00e3o est\u00e3o normalizadas. No in\u00edcio do m\u00eas, em protesto contra o pouco avan\u00e7o das negocia\u00e7\u00f5es, cerca de 1,3 mil entregaram cargos de chefia, coordena\u00e7\u00f5es de unidades e de equipes de campo, segundo a Ascema.<\/p>\n","protected":false},"excerpt":{"rendered":"<p>Em negocia\u00e7\u00e3o h\u00e1 cerca de seis meses com o Minist\u00e9rio da Gest\u00e3o e da Inova\u00e7\u00e3o em Servi\u00e7os P\u00fablicos (MGI), sem avan\u00e7os, os servidores federais ambientais decidiram pela greve em 17 estados e no Distrito Federal. Representados pela Associa\u00e7\u00e3o Nacional dos Servidores da Carreira de Especialista em Meio Ambiente (Ascema Nacional), os funcion\u00e1rios p\u00fablicos est\u00e3o vinculados [&hellip;]<\/p>\n","protected":false},"author":2,"featured_media":331050,"comment_status":"closed","ping_status":"closed","sticky":false,"template":"","format":"standard","meta":{"_acf_changed":false,"footnotes":""},"categories":[166,167,168,169,165,170,171,172,173,174],"tags":[],"class_list":["post-331049","post","type-post","status-publish","format-standard","has-post-thumbnail","hentry","category-alagoas","category-bahia","category-ceara","category-maranhao","category-nordeste","category-paraiba-nordeste","category-pernambuco-nordeste","category-piaui","category-rio-grande-do-norte","category-sergipe"],"acf":[],"yoast_head":"<!-- This site is optimized with the Yoast SEO plugin v27.5 - https:\/\/yoast.com\/product\/yoast-seo-wordpress\/ -->\n<title>Nordestinos impulsionam greve dos servidores do meio ambiente - Notibras<\/title>\n<meta name=\"robots\" content=\"index, follow, max-snippet:-1, max-image-preview:large, max-video-preview:-1\" \/>\n<link rel=\"canonical\" href=\"https:\/\/www.notibras.com\/site\/nordestinos-impulsionam-greve-dos-servidores-do-meio-ambiente\/\" \/>\n<meta property=\"og:locale\" content=\"pt_BR\" \/>\n<meta property=\"og:type\" content=\"article\" \/>\n<meta property=\"og:title\" content=\"Nordestinos impulsionam greve dos servidores do meio ambiente - Notibras\" \/>\n<meta property=\"og:description\" content=\"Em negocia\u00e7\u00e3o h\u00e1 cerca de seis meses com o Minist\u00e9rio da Gest\u00e3o e da Inova\u00e7\u00e3o em Servi\u00e7os P\u00fablicos (MGI), sem avan\u00e7os, os servidores federais ambientais decidiram pela greve em 17 estados e no Distrito Federal. Representados pela Associa\u00e7\u00e3o Nacional dos Servidores da Carreira de Especialista em Meio Ambiente (Ascema Nacional), os funcion\u00e1rios p\u00fablicos est\u00e3o vinculados [&hellip;]\" \/>\n<meta property=\"og:url\" content=\"https:\/\/www.notibras.com\/site\/nordestinos-impulsionam-greve-dos-servidores-do-meio-ambiente\/\" \/>\n<meta property=\"og:site_name\" content=\"Notibras\" \/>\n<meta property=\"article:publisher\" content=\"https:\/\/www.facebook.com\/notibras\/\" \/>\n<meta property=\"article:published_time\" content=\"2024-06-19T03:00:13+00:00\" \/>\n<meta property=\"article:modified_time\" content=\"2024-06-19T06:52:39+00:00\" \/>\n<meta property=\"og:image\" content=\"https:\/\/www.notibras.com\/site\/wp-content\/uploads\/2024\/06\/greveibama.ne_.webp\" \/>\n\t<meta property=\"og:image:width\" content=\"1170\" \/>\n\t<meta property=\"og:image:height\" content=\"700\" \/>\n\t<meta property=\"og:image:type\" content=\"image\/webp\" \/>\n<meta name=\"author\" content=\"Reda\u00e7\u00e3o\" \/>\n<meta name=\"twitter:card\" content=\"summary_large_image\" \/>\n<meta name=\"twitter:creator\" content=\"@Notibras\" \/>\n<meta name=\"twitter:site\" content=\"@Notibras\" \/>\n<meta name=\"twitter:label1\" content=\"Escrito por\" \/>\n\t<meta name=\"twitter:data1\" content=\"Reda\u00e7\u00e3o\" \/>\n\t<meta name=\"twitter:label2\" content=\"Est. tempo de leitura\" \/>\n\t<meta name=\"twitter:data2\" content=\"5 minutos\" \/>\n<script type=\"application\/ld+json\" class=\"yoast-schema-graph\">{\"@context\":\"https:\\\/\\\/schema.org\",\"@graph\":[{\"@type\":\"Article\",\"@id\":\"https:\\\/\\\/www.notibras.com\\\/site\\\/nordestinos-impulsionam-greve-dos-servidores-do-meio-ambiente\\\/#article\",\"isPartOf\":{\"@id\":\"https:\\\/\\\/www.notibras.com\\\/site\\\/nordestinos-impulsionam-greve-dos-servidores-do-meio-ambiente\\\/\"},\"author\":{\"name\":\"Reda\u00e7\u00e3o\",\"@id\":\"https:\\\/\\\/www.notibras.com\\\/site\\\/#\\\/schema\\\/person\\\/36ab0979449956132d3e5b517ea76ac8\"},\"headline\":\"Nordestinos impulsionam greve dos servidores do meio ambiente\",\"datePublished\":\"2024-06-19T03:00:13+00:00\",\"dateModified\":\"2024-06-19T06:52:39+00:00\",\"mainEntityOfPage\":{\"@id\":\"https:\\\/\\\/www.notibras.com\\\/site\\\/nordestinos-impulsionam-greve-dos-servidores-do-meio-ambiente\\\/\"},\"wordCount\":850,\"publisher\":{\"@id\":\"https:\\\/\\\/www.notibras.com\\\/site\\\/#organization\"},\"image\":{\"@id\":\"https:\\\/\\\/www.notibras.com\\\/site\\\/nordestinos-impulsionam-greve-dos-servidores-do-meio-ambiente\\\/#primaryimage\"},\"thumbnailUrl\":\"https:\\\/\\\/www.notibras.com\\\/site\\\/wp-content\\\/uploads\\\/2024\\\/06\\\/greveibama.ne_.webp\",\"articleSection\":[\"Alagoas\",\"Bahia\",\"Cear\u00e1\",\"Maranh\u00e3o\",\"Nordeste\",\"Para\u00edba\",\"Pernambuco\",\"Piau\u00ed\",\"Rio Grande do Norte\",\"Sergipe\"],\"inLanguage\":\"pt-BR\"},{\"@type\":\"WebPage\",\"@id\":\"https:\\\/\\\/www.notibras.com\\\/site\\\/nordestinos-impulsionam-greve-dos-servidores-do-meio-ambiente\\\/\",\"url\":\"https:\\\/\\\/www.notibras.com\\\/site\\\/nordestinos-impulsionam-greve-dos-servidores-do-meio-ambiente\\\/\",\"name\":\"Nordestinos impulsionam greve dos servidores do meio ambiente - Notibras\",\"isPartOf\":{\"@id\":\"https:\\\/\\\/www.notibras.com\\\/site\\\/#website\"},\"primaryImageOfPage\":{\"@id\":\"https:\\\/\\\/www.notibras.com\\\/site\\\/nordestinos-impulsionam-greve-dos-servidores-do-meio-ambiente\\\/#primaryimage\"},\"image\":{\"@id\":\"https:\\\/\\\/www.notibras.com\\\/site\\\/nordestinos-impulsionam-greve-dos-servidores-do-meio-ambiente\\\/#primaryimage\"},\"thumbnailUrl\":\"https:\\\/\\\/www.notibras.com\\\/site\\\/wp-content\\\/uploads\\\/2024\\\/06\\\/greveibama.ne_.webp\",\"datePublished\":\"2024-06-19T03:00:13+00:00\",\"dateModified\":\"2024-06-19T06:52:39+00:00\",\"breadcrumb\":{\"@id\":\"https:\\\/\\\/www.notibras.com\\\/site\\\/nordestinos-impulsionam-greve-dos-servidores-do-meio-ambiente\\\/#breadcrumb\"},\"inLanguage\":\"pt-BR\",\"potentialAction\":[{\"@type\":\"ReadAction\",\"target\":[\"https:\\\/\\\/www.notibras.com\\\/site\\\/nordestinos-impulsionam-greve-dos-servidores-do-meio-ambiente\\\/\"]}]},{\"@type\":\"ImageObject\",\"inLanguage\":\"pt-BR\",\"@id\":\"https:\\\/\\\/www.notibras.com\\\/site\\\/nordestinos-impulsionam-greve-dos-servidores-do-meio-ambiente\\\/#primaryimage\",\"url\":\"https:\\\/\\\/www.notibras.com\\\/site\\\/wp-content\\\/uploads\\\/2024\\\/06\\\/greveibama.ne_.webp\",\"contentUrl\":\"https:\\\/\\\/www.notibras.com\\\/site\\\/wp-content\\\/uploads\\\/2024\\\/06\\\/greveibama.ne_.webp\",\"width\":1170,\"height\":700},{\"@type\":\"BreadcrumbList\",\"@id\":\"https:\\\/\\\/www.notibras.com\\\/site\\\/nordestinos-impulsionam-greve-dos-servidores-do-meio-ambiente\\\/#breadcrumb\",\"itemListElement\":[{\"@type\":\"ListItem\",\"position\":1,\"name\":\"In\u00edcio\",\"item\":\"https:\\\/\\\/www.notibras.com\\\/site\\\/\"},{\"@type\":\"ListItem\",\"position\":2,\"name\":\"Nordestinos impulsionam greve dos servidores do meio ambiente\"}]},{\"@type\":\"WebSite\",\"@id\":\"https:\\\/\\\/www.notibras.com\\\/site\\\/#website\",\"url\":\"https:\\\/\\\/www.notibras.com\\\/site\\\/\",\"name\":\"Notibras\",\"description\":\"Not\u00edcias de Bras\u00edlia, do Brasil e do Mundo\",\"publisher\":{\"@id\":\"https:\\\/\\\/www.notibras.com\\\/site\\\/#organization\"},\"potentialAction\":[{\"@type\":\"SearchAction\",\"target\":{\"@type\":\"EntryPoint\",\"urlTemplate\":\"https:\\\/\\\/www.notibras.com\\\/site\\\/?s={search_term_string}\"},\"query-input\":{\"@type\":\"PropertyValueSpecification\",\"valueRequired\":true,\"valueName\":\"search_term_string\"}}],\"inLanguage\":\"pt-BR\"},{\"@type\":\"Organization\",\"@id\":\"https:\\\/\\\/www.notibras.com\\\/site\\\/#organization\",\"name\":\"Grupo Notibras de Comunica\u00e7\u00e3o\",\"url\":\"https:\\\/\\\/www.notibras.com\\\/site\\\/\",\"logo\":{\"@type\":\"ImageObject\",\"inLanguage\":\"pt-BR\",\"@id\":\"https:\\\/\\\/www.notibras.com\\\/site\\\/#\\\/schema\\\/logo\\\/image\\\/\",\"url\":\"https:\\\/\\\/www.notibras.com\\\/site\\\/wp-content\\\/uploads\\\/2023\\\/01\\\/notibras23.png\",\"contentUrl\":\"https:\\\/\\\/www.notibras.com\\\/site\\\/wp-content\\\/uploads\\\/2023\\\/01\\\/notibras23.png\",\"width\":350,\"height\":87,\"caption\":\"Grupo Notibras de Comunica\u00e7\u00e3o\"},\"image\":{\"@id\":\"https:\\\/\\\/www.notibras.com\\\/site\\\/#\\\/schema\\\/logo\\\/image\\\/\"},\"sameAs\":[\"https:\\\/\\\/www.facebook.com\\\/notibras\\\/\",\"https:\\\/\\\/x.com\\\/Notibras\",\"https:\\\/\\\/www.instagram.com\\\/notibras\\\/\"]},{\"@type\":\"Person\",\"@id\":\"https:\\\/\\\/www.notibras.com\\\/site\\\/#\\\/schema\\\/person\\\/36ab0979449956132d3e5b517ea76ac8\",\"name\":\"Reda\u00e7\u00e3o\",\"image\":{\"@type\":\"ImageObject\",\"inLanguage\":\"pt-BR\",\"@id\":\"https:\\\/\\\/secure.gravatar.com\\\/avatar\\\/e0a867bdedb85fd243eadf09663511f96fc81e0720a4a42581f334ad4303aa6b?s=96&d=mm&r=g\",\"url\":\"https:\\\/\\\/secure.gravatar.com\\\/avatar\\\/e0a867bdedb85fd243eadf09663511f96fc81e0720a4a42581f334ad4303aa6b?s=96&d=mm&r=g\",\"contentUrl\":\"https:\\\/\\\/secure.gravatar.com\\\/avatar\\\/e0a867bdedb85fd243eadf09663511f96fc81e0720a4a42581f334ad4303aa6b?s=96&d=mm&r=g\",\"caption\":\"Reda\u00e7\u00e3o\"}}]}<\/script>\n<!-- \/ Yoast SEO plugin. -->","yoast_head_json":{"title":"Nordestinos impulsionam greve dos servidores do meio ambiente - Notibras","robots":{"index":"index","follow":"follow","max-snippet":"max-snippet:-1","max-image-preview":"max-image-preview:large","max-video-preview":"max-video-preview:-1"},"canonical":"https:\/\/www.notibras.com\/site\/nordestinos-impulsionam-greve-dos-servidores-do-meio-ambiente\/","og_locale":"pt_BR","og_type":"article","og_title":"Nordestinos impulsionam greve dos servidores do meio ambiente - Notibras","og_description":"Em negocia\u00e7\u00e3o h\u00e1 cerca de seis meses com o Minist\u00e9rio da Gest\u00e3o e da Inova\u00e7\u00e3o em Servi\u00e7os P\u00fablicos (MGI), sem avan\u00e7os, os servidores federais ambientais decidiram pela greve em 17 estados e no Distrito Federal. Representados pela Associa\u00e7\u00e3o Nacional dos Servidores da Carreira de Especialista em Meio Ambiente (Ascema Nacional), os funcion\u00e1rios p\u00fablicos est\u00e3o vinculados [&hellip;]","og_url":"https:\/\/www.notibras.com\/site\/nordestinos-impulsionam-greve-dos-servidores-do-meio-ambiente\/","og_site_name":"Notibras","article_publisher":"https:\/\/www.facebook.com\/notibras\/","article_published_time":"2024-06-19T03:00:13+00:00","article_modified_time":"2024-06-19T06:52:39+00:00","og_image":[{"width":1170,"height":700,"url":"https:\/\/www.notibras.com\/site\/wp-content\/uploads\/2024\/06\/greveibama.ne_.webp","type":"image\/webp"}],"author":"Reda\u00e7\u00e3o","twitter_card":"summary_large_image","twitter_creator":"@Notibras","twitter_site":"@Notibras","twitter_misc":{"Escrito por":"Reda\u00e7\u00e3o","Est. tempo de leitura":"5 minutos"},"schema":{"@context":"https:\/\/schema.org","@graph":[{"@type":"Article","@id":"https:\/\/www.notibras.com\/site\/nordestinos-impulsionam-greve-dos-servidores-do-meio-ambiente\/#article","isPartOf":{"@id":"https:\/\/www.notibras.com\/site\/nordestinos-impulsionam-greve-dos-servidores-do-meio-ambiente\/"},"author":{"name":"Reda\u00e7\u00e3o","@id":"https:\/\/www.notibras.com\/site\/#\/schema\/person\/36ab0979449956132d3e5b517ea76ac8"},"headline":"Nordestinos impulsionam greve dos servidores do meio ambiente","datePublished":"2024-06-19T03:00:13+00:00","dateModified":"2024-06-19T06:52:39+00:00","mainEntityOfPage":{"@id":"https:\/\/www.notibras.com\/site\/nordestinos-impulsionam-greve-dos-servidores-do-meio-ambiente\/"},"wordCount":850,"publisher":{"@id":"https:\/\/www.notibras.com\/site\/#organization"},"image":{"@id":"https:\/\/www.notibras.com\/site\/nordestinos-impulsionam-greve-dos-servidores-do-meio-ambiente\/#primaryimage"},"thumbnailUrl":"https:\/\/www.notibras.com\/site\/wp-content\/uploads\/2024\/06\/greveibama.ne_.webp","articleSection":["Alagoas","Bahia","Cear\u00e1","Maranh\u00e3o","Nordeste","Para\u00edba","Pernambuco","Piau\u00ed","Rio Grande do Norte","Sergipe"],"inLanguage":"pt-BR"},{"@type":"WebPage","@id":"https:\/\/www.notibras.com\/site\/nordestinos-impulsionam-greve-dos-servidores-do-meio-ambiente\/","url":"https:\/\/www.notibras.com\/site\/nordestinos-impulsionam-greve-dos-servidores-do-meio-ambiente\/","name":"Nordestinos impulsionam greve dos servidores do meio ambiente - Notibras","isPartOf":{"@id":"https:\/\/www.notibras.com\/site\/#website"},"primaryImageOfPage":{"@id":"https:\/\/www.notibras.com\/site\/nordestinos-impulsionam-greve-dos-servidores-do-meio-ambiente\/#primaryimage"},"image":{"@id":"https:\/\/www.notibras.com\/site\/nordestinos-impulsionam-greve-dos-servidores-do-meio-ambiente\/#primaryimage"},"thumbnailUrl":"https:\/\/www.notibras.com\/site\/wp-content\/uploads\/2024\/06\/greveibama.ne_.webp","datePublished":"2024-06-19T03:00:13+00:00","dateModified":"2024-06-19T06:52:39+00:00","breadcrumb":{"@id":"https:\/\/www.notibras.com\/site\/nordestinos-impulsionam-greve-dos-servidores-do-meio-ambiente\/#breadcrumb"},"inLanguage":"pt-BR","potentialAction":[{"@type":"ReadAction","target":["https:\/\/www.notibras.com\/site\/nordestinos-impulsionam-greve-dos-servidores-do-meio-ambiente\/"]}]},{"@type":"ImageObject","inLanguage":"pt-BR","@id":"https:\/\/www.notibras.com\/site\/nordestinos-impulsionam-greve-dos-servidores-do-meio-ambiente\/#primaryimage","url":"https:\/\/www.notibras.com\/site\/wp-content\/uploads\/2024\/06\/greveibama.ne_.webp","contentUrl":"https:\/\/www.notibras.com\/site\/wp-content\/uploads\/2024\/06\/greveibama.ne_.webp","width":1170,"height":700},{"@type":"BreadcrumbList","@id":"https:\/\/www.notibras.com\/site\/nordestinos-impulsionam-greve-dos-servidores-do-meio-ambiente\/#breadcrumb","itemListElement":[{"@type":"ListItem","position":1,"name":"In\u00edcio","item":"https:\/\/www.notibras.com\/site\/"},{"@type":"ListItem","position":2,"name":"Nordestinos impulsionam greve dos servidores do meio ambiente"}]},{"@type":"WebSite","@id":"https:\/\/www.notibras.com\/site\/#website","url":"https:\/\/www.notibras.com\/site\/","name":"Notibras","description":"Not\u00edcias de Bras\u00edlia, do Brasil e do Mundo","publisher":{"@id":"https:\/\/www.notibras.com\/site\/#organization"},"potentialAction":[{"@type":"SearchAction","target":{"@type":"EntryPoint","urlTemplate":"https:\/\/www.notibras.com\/site\/?s={search_term_string}"},"query-input":{"@type":"PropertyValueSpecification","valueRequired":true,"valueName":"search_term_string"}}],"inLanguage":"pt-BR"},{"@type":"Organization","@id":"https:\/\/www.notibras.com\/site\/#organization","name":"Grupo Notibras de Comunica\u00e7\u00e3o","url":"https:\/\/www.notibras.com\/site\/","logo":{"@type":"ImageObject","inLanguage":"pt-BR","@id":"https:\/\/www.notibras.com\/site\/#\/schema\/logo\/image\/","url":"https:\/\/www.notibras.com\/site\/wp-content\/uploads\/2023\/01\/notibras23.png","contentUrl":"https:\/\/www.notibras.com\/site\/wp-content\/uploads\/2023\/01\/notibras23.png","width":350,"height":87,"caption":"Grupo Notibras de Comunica\u00e7\u00e3o"},"image":{"@id":"https:\/\/www.notibras.com\/site\/#\/schema\/logo\/image\/"},"sameAs":["https:\/\/www.facebook.com\/notibras\/","https:\/\/x.com\/Notibras","https:\/\/www.instagram.com\/notibras\/"]},{"@type":"Person","@id":"https:\/\/www.notibras.com\/site\/#\/schema\/person\/36ab0979449956132d3e5b517ea76ac8","name":"Reda\u00e7\u00e3o","image":{"@type":"ImageObject","inLanguage":"pt-BR","@id":"https:\/\/secure.gravatar.com\/avatar\/e0a867bdedb85fd243eadf09663511f96fc81e0720a4a42581f334ad4303aa6b?s=96&d=mm&r=g","url":"https:\/\/secure.gravatar.com\/avatar\/e0a867bdedb85fd243eadf09663511f96fc81e0720a4a42581f334ad4303aa6b?s=96&d=mm&r=g","contentUrl":"https:\/\/secure.gravatar.com\/avatar\/e0a867bdedb85fd243eadf09663511f96fc81e0720a4a42581f334ad4303aa6b?s=96&d=mm&r=g","caption":"Reda\u00e7\u00e3o"}}]}},"amp_enabled":true,"_links":{"self":[{"href":"https:\/\/www.notibras.com\/site\/wp-json\/wp\/v2\/posts\/331049","targetHints":{"allow":["GET"]}}],"collection":[{"href":"https:\/\/www.notibras.com\/site\/wp-json\/wp\/v2\/posts"}],"about":[{"href":"https:\/\/www.notibras.com\/site\/wp-json\/wp\/v2\/types\/post"}],"author":[{"embeddable":true,"href":"https:\/\/www.notibras.com\/site\/wp-json\/wp\/v2\/users\/2"}],"replies":[{"embeddable":true,"href":"https:\/\/www.notibras.com\/site\/wp-json\/wp\/v2\/comments?post=331049"}],"version-history":[{"count":1,"href":"https:\/\/www.notibras.com\/site\/wp-json\/wp\/v2\/posts\/331049\/revisions"}],"predecessor-version":[{"id":331051,"href":"https:\/\/www.notibras.com\/site\/wp-json\/wp\/v2\/posts\/331049\/revisions\/331051"}],"wp:featuredmedia":[{"embeddable":true,"href":"https:\/\/www.notibras.com\/site\/wp-json\/wp\/v2\/media\/331050"}],"wp:attachment":[{"href":"https:\/\/www.notibras.com\/site\/wp-json\/wp\/v2\/media?parent=331049"}],"wp:term":[{"taxonomy":"category","embeddable":true,"href":"https:\/\/www.notibras.com\/site\/wp-json\/wp\/v2\/categories?post=331049"},{"taxonomy":"post_tag","embeddable":true,"href":"https:\/\/www.notibras.com\/site\/wp-json\/wp\/v2\/tags?post=331049"}],"curies":[{"name":"wp","href":"https:\/\/api.w.org\/{rel}","templated":true}]}}