{"id":331059,"date":"2024-06-19T00:00:07","date_gmt":"2024-06-19T03:00:07","guid":{"rendered":"https:\/\/www.notibras.com\/site\/?p=331059"},"modified":"2024-06-19T04:20:59","modified_gmt":"2024-06-19T07:20:59","slug":"locais-de-prova-do-cnu-serao-divulgados-no-dia-7-de-agosto","status":"publish","type":"post","link":"https:\/\/www.notibras.com\/site\/locais-de-prova-do-cnu-serao-divulgados-no-dia-7-de-agosto\/","title":{"rendered":"Locais de prova do CNU ser\u00e3o divulgados no dia 7 de agosto"},"content":{"rendered":"<p>Faltam dois meses para o Concurso Nacional Unificado (CNU), as provas ser\u00e3o aplicadas no dia 18 de agosto (domingo) em todo o pa\u00eds. Ser\u00e1 o concurso com o maior n\u00famero de candidatos j\u00e1 realizado no Brasil. Ao todo, 2,144 milh\u00f5es de candidatos se inscreveram no processo seletivo e disputar\u00e3o 6.640 vagas oferecidas por 21 \u00f3rg\u00e3os p\u00fablicos federais.<\/p>\n<p>Inicialmente, o concurso estava marcado para o dia 5 de maio. O governo federal adiou em raz\u00e3o da situa\u00e7\u00e3o do Rio Grande do Sul, que teve quase todas as cidades inundadas por causa das fortes chuvas enfrentadas naquele m\u00eas.<\/p>\n<p>Segundo o governo, a medida foi para garantir acesso de todos os candidatos ao processo seletivo. Com o adiamento, todos os 18.757 malotes de prova foram recolhidos e colocados em local seguro. O Minist\u00e9rio da Gest\u00e3o e da Inova\u00e7\u00e3o em Servi\u00e7os P\u00fablicos, respons\u00e1vel pelo CNU, informou que os malotes foram checados e n\u00e3o houve nenhuma viola\u00e7\u00e3o.<\/p>\n<p><strong>Locais de prova<\/strong><br \/>\nCom a nova data do concurso, os cart\u00f5es de prova ser\u00e3o divulgados no dia 7 de agosto (quarta-feira), de acordo com o Minist\u00e9rio da Gest\u00e3o.<\/p>\n<p>O cart\u00e3o trar\u00e1 o local onde o candidato far\u00e1 as provas, os hor\u00e1rios de abertura e fechamento dos port\u00f5es e outras informa\u00e7\u00f5es.<\/p>\n<p>O candidato deve ficar atento se o local de prova foi mantido ou mudou. O minist\u00e9rio informou que tentar\u00e1 manter os endere\u00e7os definidos anteriormente.<\/p>\n<p>As provas ser\u00e3o aplicadas em um \u00fanico dia, em dois turnos (manh\u00e3 e tarde).<\/p>\n<p>Como consultar o cart\u00e3o de prova?<br \/>\nPara consultar o cart\u00e3o, ser\u00e1 preciso acessar a \u00c1rea do Candidato, na mesma p\u00e1gina em que foi feita a inscri\u00e7\u00e3o. \u00c9 necess\u00e1rio fazer login com a conta Gov.br.<\/p>\n<p><strong>Cronograma<\/strong><br \/>\nO cronograma completo do concurso, como divulga\u00e7\u00e3o da classifica\u00e7\u00e3o e convoca\u00e7\u00e3o dos aprovados, ser\u00e1 divulgado em breve, conforme o minist\u00e9rio.<\/p>\n<p>At\u00e9 o momento, foram divulgadas as datas de aplica\u00e7\u00e3o das provas &#8211; 18 de agosto &#8211; e da divulga\u00e7\u00e3o do cart\u00e3o de prova &#8211; 7 de agosto.<\/p>\n","protected":false},"excerpt":{"rendered":"<p>Faltam dois meses para o Concurso Nacional Unificado (CNU), as provas ser\u00e3o aplicadas no dia 18 de agosto (domingo) em todo o pa\u00eds. Ser\u00e1 o concurso com o maior n\u00famero de candidatos j\u00e1 realizado no Brasil. Ao todo, 2,144 milh\u00f5es de candidatos se inscreveram no processo seletivo e disputar\u00e3o 6.640 vagas oferecidas por 21 \u00f3rg\u00e3os [&hellip;]<\/p>\n","protected":false},"author":2,"featured_media":331060,"comment_status":"closed","ping_status":"closed","sticky":false,"template":"","format":"standard","meta":{"_acf_changed":false,"footnotes":""},"categories":[161],"tags":[],"class_list":["post-331059","post","type-post","status-publish","format-standard","has-post-thumbnail","hentry","category-quadradinho-em-foco"],"acf":[],"yoast_head":"<!-- This site is optimized with the Yoast SEO plugin v27.5 - https:\/\/yoast.com\/product\/yoast-seo-wordpress\/ -->\n<title>Locais de prova do CNU ser\u00e3o divulgados no dia 7 de agosto - Notibras<\/title>\n<meta name=\"robots\" content=\"index, follow, max-snippet:-1, max-image-preview:large, max-video-preview:-1\" \/>\n<link rel=\"canonical\" href=\"https:\/\/www.notibras.com\/site\/locais-de-prova-do-cnu-serao-divulgados-no-dia-7-de-agosto\/\" \/>\n<meta property=\"og:locale\" content=\"pt_BR\" \/>\n<meta property=\"og:type\" content=\"article\" \/>\n<meta property=\"og:title\" content=\"Locais de prova do CNU ser\u00e3o divulgados no dia 7 de agosto - Notibras\" \/>\n<meta property=\"og:description\" content=\"Faltam dois meses para o Concurso Nacional Unificado (CNU), as provas ser\u00e3o aplicadas no dia 18 de agosto (domingo) em todo o pa\u00eds. Ser\u00e1 o concurso com o maior n\u00famero de candidatos j\u00e1 realizado no Brasil. Ao todo, 2,144 milh\u00f5es de candidatos se inscreveram no processo seletivo e disputar\u00e3o 6.640 vagas oferecidas por 21 \u00f3rg\u00e3os [&hellip;]\" \/>\n<meta property=\"og:url\" content=\"https:\/\/www.notibras.com\/site\/locais-de-prova-do-cnu-serao-divulgados-no-dia-7-de-agosto\/\" \/>\n<meta property=\"og:site_name\" content=\"Notibras\" \/>\n<meta property=\"article:publisher\" content=\"https:\/\/www.facebook.com\/notibras\/\" \/>\n<meta property=\"article:published_time\" content=\"2024-06-19T03:00:07+00:00\" \/>\n<meta property=\"article:modified_time\" content=\"2024-06-19T07:20:59+00:00\" \/>\n<meta property=\"og:image\" content=\"https:\/\/www.notibras.com\/site\/wp-content\/uploads\/2024\/06\/provascnjagosto.webp\" \/>\n\t<meta property=\"og:image:width\" content=\"1170\" \/>\n\t<meta property=\"og:image:height\" content=\"700\" \/>\n\t<meta property=\"og:image:type\" content=\"image\/webp\" \/>\n<meta name=\"author\" content=\"Reda\u00e7\u00e3o\" \/>\n<meta name=\"twitter:card\" content=\"summary_large_image\" \/>\n<meta name=\"twitter:creator\" content=\"@Notibras\" \/>\n<meta name=\"twitter:site\" content=\"@Notibras\" \/>\n<meta name=\"twitter:label1\" content=\"Escrito por\" \/>\n\t<meta name=\"twitter:data1\" content=\"Reda\u00e7\u00e3o\" \/>\n\t<meta name=\"twitter:label2\" content=\"Est. tempo de leitura\" \/>\n\t<meta name=\"twitter:data2\" content=\"3 minutos\" \/>\n<script type=\"application\/ld+json\" class=\"yoast-schema-graph\">{\"@context\":\"https:\\\/\\\/schema.org\",\"@graph\":[{\"@type\":\"Article\",\"@id\":\"https:\\\/\\\/www.notibras.com\\\/site\\\/locais-de-prova-do-cnu-serao-divulgados-no-dia-7-de-agosto\\\/#article\",\"isPartOf\":{\"@id\":\"https:\\\/\\\/www.notibras.com\\\/site\\\/locais-de-prova-do-cnu-serao-divulgados-no-dia-7-de-agosto\\\/\"},\"author\":{\"name\":\"Reda\u00e7\u00e3o\",\"@id\":\"https:\\\/\\\/www.notibras.com\\\/site\\\/#\\\/schema\\\/person\\\/36ab0979449956132d3e5b517ea76ac8\"},\"headline\":\"Locais de prova do CNU ser\u00e3o divulgados no dia 7 de agosto\",\"datePublished\":\"2024-06-19T03:00:07+00:00\",\"dateModified\":\"2024-06-19T07:20:59+00:00\",\"mainEntityOfPage\":{\"@id\":\"https:\\\/\\\/www.notibras.com\\\/site\\\/locais-de-prova-do-cnu-serao-divulgados-no-dia-7-de-agosto\\\/\"},\"wordCount\":366,\"publisher\":{\"@id\":\"https:\\\/\\\/www.notibras.com\\\/site\\\/#organization\"},\"image\":{\"@id\":\"https:\\\/\\\/www.notibras.com\\\/site\\\/locais-de-prova-do-cnu-serao-divulgados-no-dia-7-de-agosto\\\/#primaryimage\"},\"thumbnailUrl\":\"https:\\\/\\\/www.notibras.com\\\/site\\\/wp-content\\\/uploads\\\/2024\\\/06\\\/provascnjagosto.webp\",\"articleSection\":[\"Quadradinho em Foco\"],\"inLanguage\":\"pt-BR\"},{\"@type\":\"WebPage\",\"@id\":\"https:\\\/\\\/www.notibras.com\\\/site\\\/locais-de-prova-do-cnu-serao-divulgados-no-dia-7-de-agosto\\\/\",\"url\":\"https:\\\/\\\/www.notibras.com\\\/site\\\/locais-de-prova-do-cnu-serao-divulgados-no-dia-7-de-agosto\\\/\",\"name\":\"Locais de prova do CNU ser\u00e3o divulgados no dia 7 de agosto - Notibras\",\"isPartOf\":{\"@id\":\"https:\\\/\\\/www.notibras.com\\\/site\\\/#website\"},\"primaryImageOfPage\":{\"@id\":\"https:\\\/\\\/www.notibras.com\\\/site\\\/locais-de-prova-do-cnu-serao-divulgados-no-dia-7-de-agosto\\\/#primaryimage\"},\"image\":{\"@id\":\"https:\\\/\\\/www.notibras.com\\\/site\\\/locais-de-prova-do-cnu-serao-divulgados-no-dia-7-de-agosto\\\/#primaryimage\"},\"thumbnailUrl\":\"https:\\\/\\\/www.notibras.com\\\/site\\\/wp-content\\\/uploads\\\/2024\\\/06\\\/provascnjagosto.webp\",\"datePublished\":\"2024-06-19T03:00:07+00:00\",\"dateModified\":\"2024-06-19T07:20:59+00:00\",\"breadcrumb\":{\"@id\":\"https:\\\/\\\/www.notibras.com\\\/site\\\/locais-de-prova-do-cnu-serao-divulgados-no-dia-7-de-agosto\\\/#breadcrumb\"},\"inLanguage\":\"pt-BR\",\"potentialAction\":[{\"@type\":\"ReadAction\",\"target\":[\"https:\\\/\\\/www.notibras.com\\\/site\\\/locais-de-prova-do-cnu-serao-divulgados-no-dia-7-de-agosto\\\/\"]}]},{\"@type\":\"ImageObject\",\"inLanguage\":\"pt-BR\",\"@id\":\"https:\\\/\\\/www.notibras.com\\\/site\\\/locais-de-prova-do-cnu-serao-divulgados-no-dia-7-de-agosto\\\/#primaryimage\",\"url\":\"https:\\\/\\\/www.notibras.com\\\/site\\\/wp-content\\\/uploads\\\/2024\\\/06\\\/provascnjagosto.webp\",\"contentUrl\":\"https:\\\/\\\/www.notibras.com\\\/site\\\/wp-content\\\/uploads\\\/2024\\\/06\\\/provascnjagosto.webp\",\"width\":1170,\"height\":700},{\"@type\":\"BreadcrumbList\",\"@id\":\"https:\\\/\\\/www.notibras.com\\\/site\\\/locais-de-prova-do-cnu-serao-divulgados-no-dia-7-de-agosto\\\/#breadcrumb\",\"itemListElement\":[{\"@type\":\"ListItem\",\"position\":1,\"name\":\"In\u00edcio\",\"item\":\"https:\\\/\\\/www.notibras.com\\\/site\\\/\"},{\"@type\":\"ListItem\",\"position\":2,\"name\":\"Locais de prova do CNU ser\u00e3o divulgados no dia 7 de agosto\"}]},{\"@type\":\"WebSite\",\"@id\":\"https:\\\/\\\/www.notibras.com\\\/site\\\/#website\",\"url\":\"https:\\\/\\\/www.notibras.com\\\/site\\\/\",\"name\":\"Notibras\",\"description\":\"Not\u00edcias de Bras\u00edlia, do Brasil e do Mundo\",\"publisher\":{\"@id\":\"https:\\\/\\\/www.notibras.com\\\/site\\\/#organization\"},\"potentialAction\":[{\"@type\":\"SearchAction\",\"target\":{\"@type\":\"EntryPoint\",\"urlTemplate\":\"https:\\\/\\\/www.notibras.com\\\/site\\\/?s={search_term_string}\"},\"query-input\":{\"@type\":\"PropertyValueSpecification\",\"valueRequired\":true,\"valueName\":\"search_term_string\"}}],\"inLanguage\":\"pt-BR\"},{\"@type\":\"Organization\",\"@id\":\"https:\\\/\\\/www.notibras.com\\\/site\\\/#organization\",\"name\":\"Grupo Notibras de Comunica\u00e7\u00e3o\",\"url\":\"https:\\\/\\\/www.notibras.com\\\/site\\\/\",\"logo\":{\"@type\":\"ImageObject\",\"inLanguage\":\"pt-BR\",\"@id\":\"https:\\\/\\\/www.notibras.com\\\/site\\\/#\\\/schema\\\/logo\\\/image\\\/\",\"url\":\"https:\\\/\\\/www.notibras.com\\\/site\\\/wp-content\\\/uploads\\\/2023\\\/01\\\/notibras23.png\",\"contentUrl\":\"https:\\\/\\\/www.notibras.com\\\/site\\\/wp-content\\\/uploads\\\/2023\\\/01\\\/notibras23.png\",\"width\":350,\"height\":87,\"caption\":\"Grupo Notibras de Comunica\u00e7\u00e3o\"},\"image\":{\"@id\":\"https:\\\/\\\/www.notibras.com\\\/site\\\/#\\\/schema\\\/logo\\\/image\\\/\"},\"sameAs\":[\"https:\\\/\\\/www.facebook.com\\\/notibras\\\/\",\"https:\\\/\\\/x.com\\\/Notibras\",\"https:\\\/\\\/www.instagram.com\\\/notibras\\\/\"]},{\"@type\":\"Person\",\"@id\":\"https:\\\/\\\/www.notibras.com\\\/site\\\/#\\\/schema\\\/person\\\/36ab0979449956132d3e5b517ea76ac8\",\"name\":\"Reda\u00e7\u00e3o\",\"image\":{\"@type\":\"ImageObject\",\"inLanguage\":\"pt-BR\",\"@id\":\"https:\\\/\\\/secure.gravatar.com\\\/avatar\\\/e0a867bdedb85fd243eadf09663511f96fc81e0720a4a42581f334ad4303aa6b?s=96&d=mm&r=g\",\"url\":\"https:\\\/\\\/secure.gravatar.com\\\/avatar\\\/e0a867bdedb85fd243eadf09663511f96fc81e0720a4a42581f334ad4303aa6b?s=96&d=mm&r=g\",\"contentUrl\":\"https:\\\/\\\/secure.gravatar.com\\\/avatar\\\/e0a867bdedb85fd243eadf09663511f96fc81e0720a4a42581f334ad4303aa6b?s=96&d=mm&r=g\",\"caption\":\"Reda\u00e7\u00e3o\"}}]}<\/script>\n<!-- \/ Yoast SEO plugin. -->","yoast_head_json":{"title":"Locais de prova do CNU ser\u00e3o divulgados no dia 7 de agosto - Notibras","robots":{"index":"index","follow":"follow","max-snippet":"max-snippet:-1","max-image-preview":"max-image-preview:large","max-video-preview":"max-video-preview:-1"},"canonical":"https:\/\/www.notibras.com\/site\/locais-de-prova-do-cnu-serao-divulgados-no-dia-7-de-agosto\/","og_locale":"pt_BR","og_type":"article","og_title":"Locais de prova do CNU ser\u00e3o divulgados no dia 7 de agosto - Notibras","og_description":"Faltam dois meses para o Concurso Nacional Unificado (CNU), as provas ser\u00e3o aplicadas no dia 18 de agosto (domingo) em todo o pa\u00eds. Ser\u00e1 o concurso com o maior n\u00famero de candidatos j\u00e1 realizado no Brasil. Ao todo, 2,144 milh\u00f5es de candidatos se inscreveram no processo seletivo e disputar\u00e3o 6.640 vagas oferecidas por 21 \u00f3rg\u00e3os [&hellip;]","og_url":"https:\/\/www.notibras.com\/site\/locais-de-prova-do-cnu-serao-divulgados-no-dia-7-de-agosto\/","og_site_name":"Notibras","article_publisher":"https:\/\/www.facebook.com\/notibras\/","article_published_time":"2024-06-19T03:00:07+00:00","article_modified_time":"2024-06-19T07:20:59+00:00","og_image":[{"width":1170,"height":700,"url":"https:\/\/www.notibras.com\/site\/wp-content\/uploads\/2024\/06\/provascnjagosto.webp","type":"image\/webp"}],"author":"Reda\u00e7\u00e3o","twitter_card":"summary_large_image","twitter_creator":"@Notibras","twitter_site":"@Notibras","twitter_misc":{"Escrito por":"Reda\u00e7\u00e3o","Est. tempo de leitura":"3 minutos"},"schema":{"@context":"https:\/\/schema.org","@graph":[{"@type":"Article","@id":"https:\/\/www.notibras.com\/site\/locais-de-prova-do-cnu-serao-divulgados-no-dia-7-de-agosto\/#article","isPartOf":{"@id":"https:\/\/www.notibras.com\/site\/locais-de-prova-do-cnu-serao-divulgados-no-dia-7-de-agosto\/"},"author":{"name":"Reda\u00e7\u00e3o","@id":"https:\/\/www.notibras.com\/site\/#\/schema\/person\/36ab0979449956132d3e5b517ea76ac8"},"headline":"Locais de prova do CNU ser\u00e3o divulgados no dia 7 de agosto","datePublished":"2024-06-19T03:00:07+00:00","dateModified":"2024-06-19T07:20:59+00:00","mainEntityOfPage":{"@id":"https:\/\/www.notibras.com\/site\/locais-de-prova-do-cnu-serao-divulgados-no-dia-7-de-agosto\/"},"wordCount":366,"publisher":{"@id":"https:\/\/www.notibras.com\/site\/#organization"},"image":{"@id":"https:\/\/www.notibras.com\/site\/locais-de-prova-do-cnu-serao-divulgados-no-dia-7-de-agosto\/#primaryimage"},"thumbnailUrl":"https:\/\/www.notibras.com\/site\/wp-content\/uploads\/2024\/06\/provascnjagosto.webp","articleSection":["Quadradinho em Foco"],"inLanguage":"pt-BR"},{"@type":"WebPage","@id":"https:\/\/www.notibras.com\/site\/locais-de-prova-do-cnu-serao-divulgados-no-dia-7-de-agosto\/","url":"https:\/\/www.notibras.com\/site\/locais-de-prova-do-cnu-serao-divulgados-no-dia-7-de-agosto\/","name":"Locais de prova do CNU ser\u00e3o divulgados no dia 7 de agosto - Notibras","isPartOf":{"@id":"https:\/\/www.notibras.com\/site\/#website"},"primaryImageOfPage":{"@id":"https:\/\/www.notibras.com\/site\/locais-de-prova-do-cnu-serao-divulgados-no-dia-7-de-agosto\/#primaryimage"},"image":{"@id":"https:\/\/www.notibras.com\/site\/locais-de-prova-do-cnu-serao-divulgados-no-dia-7-de-agosto\/#primaryimage"},"thumbnailUrl":"https:\/\/www.notibras.com\/site\/wp-content\/uploads\/2024\/06\/provascnjagosto.webp","datePublished":"2024-06-19T03:00:07+00:00","dateModified":"2024-06-19T07:20:59+00:00","breadcrumb":{"@id":"https:\/\/www.notibras.com\/site\/locais-de-prova-do-cnu-serao-divulgados-no-dia-7-de-agosto\/#breadcrumb"},"inLanguage":"pt-BR","potentialAction":[{"@type":"ReadAction","target":["https:\/\/www.notibras.com\/site\/locais-de-prova-do-cnu-serao-divulgados-no-dia-7-de-agosto\/"]}]},{"@type":"ImageObject","inLanguage":"pt-BR","@id":"https:\/\/www.notibras.com\/site\/locais-de-prova-do-cnu-serao-divulgados-no-dia-7-de-agosto\/#primaryimage","url":"https:\/\/www.notibras.com\/site\/wp-content\/uploads\/2024\/06\/provascnjagosto.webp","contentUrl":"https:\/\/www.notibras.com\/site\/wp-content\/uploads\/2024\/06\/provascnjagosto.webp","width":1170,"height":700},{"@type":"BreadcrumbList","@id":"https:\/\/www.notibras.com\/site\/locais-de-prova-do-cnu-serao-divulgados-no-dia-7-de-agosto\/#breadcrumb","itemListElement":[{"@type":"ListItem","position":1,"name":"In\u00edcio","item":"https:\/\/www.notibras.com\/site\/"},{"@type":"ListItem","position":2,"name":"Locais de prova do CNU ser\u00e3o divulgados no dia 7 de agosto"}]},{"@type":"WebSite","@id":"https:\/\/www.notibras.com\/site\/#website","url":"https:\/\/www.notibras.com\/site\/","name":"Notibras","description":"Not\u00edcias de Bras\u00edlia, do Brasil e do Mundo","publisher":{"@id":"https:\/\/www.notibras.com\/site\/#organization"},"potentialAction":[{"@type":"SearchAction","target":{"@type":"EntryPoint","urlTemplate":"https:\/\/www.notibras.com\/site\/?s={search_term_string}"},"query-input":{"@type":"PropertyValueSpecification","valueRequired":true,"valueName":"search_term_string"}}],"inLanguage":"pt-BR"},{"@type":"Organization","@id":"https:\/\/www.notibras.com\/site\/#organization","name":"Grupo Notibras de Comunica\u00e7\u00e3o","url":"https:\/\/www.notibras.com\/site\/","logo":{"@type":"ImageObject","inLanguage":"pt-BR","@id":"https:\/\/www.notibras.com\/site\/#\/schema\/logo\/image\/","url":"https:\/\/www.notibras.com\/site\/wp-content\/uploads\/2023\/01\/notibras23.png","contentUrl":"https:\/\/www.notibras.com\/site\/wp-content\/uploads\/2023\/01\/notibras23.png","width":350,"height":87,"caption":"Grupo Notibras de Comunica\u00e7\u00e3o"},"image":{"@id":"https:\/\/www.notibras.com\/site\/#\/schema\/logo\/image\/"},"sameAs":["https:\/\/www.facebook.com\/notibras\/","https:\/\/x.com\/Notibras","https:\/\/www.instagram.com\/notibras\/"]},{"@type":"Person","@id":"https:\/\/www.notibras.com\/site\/#\/schema\/person\/36ab0979449956132d3e5b517ea76ac8","name":"Reda\u00e7\u00e3o","image":{"@type":"ImageObject","inLanguage":"pt-BR","@id":"https:\/\/secure.gravatar.com\/avatar\/e0a867bdedb85fd243eadf09663511f96fc81e0720a4a42581f334ad4303aa6b?s=96&d=mm&r=g","url":"https:\/\/secure.gravatar.com\/avatar\/e0a867bdedb85fd243eadf09663511f96fc81e0720a4a42581f334ad4303aa6b?s=96&d=mm&r=g","contentUrl":"https:\/\/secure.gravatar.com\/avatar\/e0a867bdedb85fd243eadf09663511f96fc81e0720a4a42581f334ad4303aa6b?s=96&d=mm&r=g","caption":"Reda\u00e7\u00e3o"}}]}},"amp_enabled":true,"_links":{"self":[{"href":"https:\/\/www.notibras.com\/site\/wp-json\/wp\/v2\/posts\/331059","targetHints":{"allow":["GET"]}}],"collection":[{"href":"https:\/\/www.notibras.com\/site\/wp-json\/wp\/v2\/posts"}],"about":[{"href":"https:\/\/www.notibras.com\/site\/wp-json\/wp\/v2\/types\/post"}],"author":[{"embeddable":true,"href":"https:\/\/www.notibras.com\/site\/wp-json\/wp\/v2\/users\/2"}],"replies":[{"embeddable":true,"href":"https:\/\/www.notibras.com\/site\/wp-json\/wp\/v2\/comments?post=331059"}],"version-history":[{"count":1,"href":"https:\/\/www.notibras.com\/site\/wp-json\/wp\/v2\/posts\/331059\/revisions"}],"predecessor-version":[{"id":331061,"href":"https:\/\/www.notibras.com\/site\/wp-json\/wp\/v2\/posts\/331059\/revisions\/331061"}],"wp:featuredmedia":[{"embeddable":true,"href":"https:\/\/www.notibras.com\/site\/wp-json\/wp\/v2\/media\/331060"}],"wp:attachment":[{"href":"https:\/\/www.notibras.com\/site\/wp-json\/wp\/v2\/media?parent=331059"}],"wp:term":[{"taxonomy":"category","embeddable":true,"href":"https:\/\/www.notibras.com\/site\/wp-json\/wp\/v2\/categories?post=331059"},{"taxonomy":"post_tag","embeddable":true,"href":"https:\/\/www.notibras.com\/site\/wp-json\/wp\/v2\/tags?post=331059"}],"curies":[{"name":"wp","href":"https:\/\/api.w.org\/{rel}","templated":true}]}}