{"id":331062,"date":"2024-06-19T04:32:51","date_gmt":"2024-06-19T07:32:51","guid":{"rendered":"https:\/\/www.notibras.com\/site\/?p=331062"},"modified":"2024-06-19T04:32:51","modified_gmt":"2024-06-19T07:32:51","slug":"alma-tenta-levantar-astral-sem-ter-o-que-comer","status":"publish","type":"post","link":"https:\/\/www.notibras.com\/site\/alma-tenta-levantar-astral-sem-ter-o-que-comer\/","title":{"rendered":"Alma tenta levantar astral sem ter o que comer"},"content":{"rendered":"<p>Que eram pobres, n\u00e3o restava d\u00favida. No entanto, Alma, a esposa, fazia quest\u00e3o de tentar esconder tamanha mis\u00e9ria debaixo dos trapos que lhe serviam de vestes. Uma fita na cintura, uma bijuteria no pesco\u00e7o, aquele retoque na maquiagem. Quem visse, at\u00e9 pensava que aquele povo pertencia \u00e0 t\u00e3o almejada classe m\u00e9dia.<\/p>\n<p>J\u00falio, o marido, era pobre at\u00e9 nas atitudes. Isso, ali\u00e1s, provocava discuss\u00f5es frequentes com a mulher, que n\u00e3o suportava tamanha dureza. Tanto \u00e9 que o homem, talvez por inoc\u00eancia, n\u00e3o percebia as pr\u00f3prias manias e, n\u00e3o raro, levava aquela bronca.<\/p>\n<p>Domingo, l\u00e1 estava o casal apaixonado, apesar das agruras. Coisas de g\u00eanios, n\u00e3o necessariamente opostos, apesar de diferentes. O prato do dia era macarronada com carne mo\u00edda. Uma iguaria, levando-se em conta tanto pauperismo.<\/p>\n<p>Comida pronta, os dois se serviram. De t\u00e3o gostoso que o prato estava, repetiram. O imbr\u00f3glio come\u00e7ou quando o esposo quis pegar o resto do macarr\u00e3o.<\/p>\n<p>\u2014 Pare de raspar a panela, J\u00falio!<\/p>\n<p>\u2014 Por qu\u00ea, amor?<\/p>\n<p>\u2014 Os vizinhos v\u00e3o pensar que a gente \u00e9 pobre.<\/p>\n<p>\u2014 Que besteira!<\/p>\n<p>\u2014 Que besteira que nada! E trate de bater forte na t\u00e1bua de carne.<\/p>\n<p>\u2014 Alma, por que eu bateria na t\u00e1bua, se nem temos dinheiro pra comprar bife?<\/p>\n<p>\u2014 \u00c9 pros vizinhos pensarem que somos ricos.<\/p>\n<p><strong>*Eduardo Mart\u00ednez \u00e9 autor do livro \u201c57 Contos e Cr\u00f4nicas por um Autor muito Velho\u201d.<\/strong><\/p>\n<p>Compre aqui\u00a0<span class=\"x19la9d6 x1fc57z9 x6ikm8r x10wlt62 x19co3pv x1g5zs5t xfibh0p xiy17q3 x1xsqp64 x1lkfr7t xexx8yu x4uap5 x18d9i69 xkhd6sd\"><span class=\"xrtxmta x1bhl96m\"><img decoding=\"async\" class=\"emoji\" role=\"img\" draggable=\"false\" src=\"https:\/\/s.w.org\/images\/core\/emoji\/14.0.0\/svg\/1f447-1f3ff.svg\" alt=\"&#x1f447;&#x1f3ff;\" \/><\/span><\/span><span class=\"x19la9d6 x1fc57z9 x6ikm8r x10wlt62 x19co3pv x1g5zs5t xfibh0p xiy17q3 x1xsqp64 x1lkfr7t xexx8yu x4uap5 x18d9i69 xkhd6sd\"><span class=\"xrtxmta x1bhl96m\"><img decoding=\"async\" class=\"emoji\" role=\"img\" draggable=\"false\" src=\"https:\/\/s.w.org\/images\/core\/emoji\/14.0.0\/svg\/1f447-1f3ff.svg\" alt=\"&#x1f447;&#x1f3ff;\" \/><\/span><\/span><span class=\"x19la9d6 x1fc57z9 x6ikm8r x10wlt62 x19co3pv x1g5zs5t xfibh0p xiy17q3 x1xsqp64 x1lkfr7t xexx8yu x4uap5 x18d9i69 xkhd6sd\"><span class=\"xrtxmta x1bhl96m\"><img decoding=\"async\" class=\"emoji\" role=\"img\" draggable=\"false\" src=\"https:\/\/s.w.org\/images\/core\/emoji\/14.0.0\/svg\/1f447-1f3ff.svg\" alt=\"&#x1f447;&#x1f3ff;\" \/><\/span><\/span><\/p>\n<p><a href=\"http:\/\/www.joanineditora.com.br\/57-contos-e-cronicas-por-um-autor-muito-velho\">http:\/\/www.joanineditora.com.br\/57-contos-e-cronicas-por-um-autor-muito-velho<\/a><\/p>\n","protected":false},"excerpt":{"rendered":"<p>Que eram pobres, n\u00e3o restava d\u00favida. No entanto, Alma, a esposa, fazia quest\u00e3o de tentar esconder tamanha mis\u00e9ria debaixo dos trapos que lhe serviam de vestes. Uma fita na cintura, uma bijuteria no pesco\u00e7o, aquele retoque na maquiagem. Quem visse, at\u00e9 pensava que aquele povo pertencia \u00e0 t\u00e3o almejada classe m\u00e9dia. J\u00falio, o marido, era [&hellip;]<\/p>\n","protected":false},"author":2,"featured_media":331063,"comment_status":"closed","ping_status":"closed","sticky":false,"template":"","format":"standard","meta":{"_acf_changed":false,"footnotes":""},"categories":[161],"tags":[],"class_list":["post-331062","post","type-post","status-publish","format-standard","has-post-thumbnail","hentry","category-quadradinho-em-foco"],"acf":[],"yoast_head":"<!-- This site is optimized with the Yoast SEO plugin v27.5 - https:\/\/yoast.com\/product\/yoast-seo-wordpress\/ -->\n<title>Alma tenta levantar astral sem ter o que comer - Notibras<\/title>\n<meta name=\"robots\" content=\"index, follow, max-snippet:-1, max-image-preview:large, max-video-preview:-1\" \/>\n<link rel=\"canonical\" href=\"https:\/\/www.notibras.com\/site\/alma-tenta-levantar-astral-sem-ter-o-que-comer\/\" \/>\n<meta property=\"og:locale\" content=\"pt_BR\" \/>\n<meta property=\"og:type\" content=\"article\" \/>\n<meta property=\"og:title\" content=\"Alma tenta levantar astral sem ter o que comer - Notibras\" \/>\n<meta property=\"og:description\" content=\"Que eram pobres, n\u00e3o restava d\u00favida. No entanto, Alma, a esposa, fazia quest\u00e3o de tentar esconder tamanha mis\u00e9ria debaixo dos trapos que lhe serviam de vestes. Uma fita na cintura, uma bijuteria no pesco\u00e7o, aquele retoque na maquiagem. Quem visse, at\u00e9 pensava que aquele povo pertencia \u00e0 t\u00e3o almejada classe m\u00e9dia. J\u00falio, o marido, era [&hellip;]\" \/>\n<meta property=\"og:url\" content=\"https:\/\/www.notibras.com\/site\/alma-tenta-levantar-astral-sem-ter-o-que-comer\/\" \/>\n<meta property=\"og:site_name\" content=\"Notibras\" \/>\n<meta property=\"article:publisher\" content=\"https:\/\/www.facebook.com\/notibras\/\" \/>\n<meta property=\"article:published_time\" content=\"2024-06-19T07:32:51+00:00\" \/>\n<meta property=\"og:image\" content=\"https:\/\/www.notibras.com\/site\/wp-content\/uploads\/2024\/06\/8a9145c3-4a12-43c5-826d-e46e61605e11.jpeg\" \/>\n\t<meta property=\"og:image:width\" content=\"511\" \/>\n\t<meta property=\"og:image:height\" content=\"473\" \/>\n\t<meta property=\"og:image:type\" content=\"image\/jpeg\" \/>\n<meta name=\"author\" content=\"Reda\u00e7\u00e3o\" \/>\n<meta name=\"twitter:card\" content=\"summary_large_image\" \/>\n<meta name=\"twitter:creator\" content=\"@Notibras\" \/>\n<meta name=\"twitter:site\" content=\"@Notibras\" \/>\n<meta name=\"twitter:label1\" content=\"Escrito por\" \/>\n\t<meta name=\"twitter:data1\" content=\"Reda\u00e7\u00e3o\" \/>\n\t<meta name=\"twitter:label2\" content=\"Est. tempo de leitura\" \/>\n\t<meta name=\"twitter:data2\" content=\"3 minutos\" \/>\n<script type=\"application\/ld+json\" class=\"yoast-schema-graph\">{\"@context\":\"https:\\\/\\\/schema.org\",\"@graph\":[{\"@type\":\"Article\",\"@id\":\"https:\\\/\\\/www.notibras.com\\\/site\\\/alma-tenta-levantar-astral-sem-ter-o-que-comer\\\/#article\",\"isPartOf\":{\"@id\":\"https:\\\/\\\/www.notibras.com\\\/site\\\/alma-tenta-levantar-astral-sem-ter-o-que-comer\\\/\"},\"author\":{\"name\":\"Reda\u00e7\u00e3o\",\"@id\":\"https:\\\/\\\/www.notibras.com\\\/site\\\/#\\\/schema\\\/person\\\/36ab0979449956132d3e5b517ea76ac8\"},\"headline\":\"Alma tenta levantar astral sem ter o que comer\",\"datePublished\":\"2024-06-19T07:32:51+00:00\",\"mainEntityOfPage\":{\"@id\":\"https:\\\/\\\/www.notibras.com\\\/site\\\/alma-tenta-levantar-astral-sem-ter-o-que-comer\\\/\"},\"wordCount\":259,\"publisher\":{\"@id\":\"https:\\\/\\\/www.notibras.com\\\/site\\\/#organization\"},\"image\":{\"@id\":\"https:\\\/\\\/www.notibras.com\\\/site\\\/alma-tenta-levantar-astral-sem-ter-o-que-comer\\\/#primaryimage\"},\"thumbnailUrl\":\"https:\\\/\\\/www.notibras.com\\\/site\\\/wp-content\\\/uploads\\\/2024\\\/06\\\/8a9145c3-4a12-43c5-826d-e46e61605e11.jpeg\",\"articleSection\":[\"Quadradinho em Foco\"],\"inLanguage\":\"pt-BR\"},{\"@type\":\"WebPage\",\"@id\":\"https:\\\/\\\/www.notibras.com\\\/site\\\/alma-tenta-levantar-astral-sem-ter-o-que-comer\\\/\",\"url\":\"https:\\\/\\\/www.notibras.com\\\/site\\\/alma-tenta-levantar-astral-sem-ter-o-que-comer\\\/\",\"name\":\"Alma tenta levantar astral sem ter o que comer - Notibras\",\"isPartOf\":{\"@id\":\"https:\\\/\\\/www.notibras.com\\\/site\\\/#website\"},\"primaryImageOfPage\":{\"@id\":\"https:\\\/\\\/www.notibras.com\\\/site\\\/alma-tenta-levantar-astral-sem-ter-o-que-comer\\\/#primaryimage\"},\"image\":{\"@id\":\"https:\\\/\\\/www.notibras.com\\\/site\\\/alma-tenta-levantar-astral-sem-ter-o-que-comer\\\/#primaryimage\"},\"thumbnailUrl\":\"https:\\\/\\\/www.notibras.com\\\/site\\\/wp-content\\\/uploads\\\/2024\\\/06\\\/8a9145c3-4a12-43c5-826d-e46e61605e11.jpeg\",\"datePublished\":\"2024-06-19T07:32:51+00:00\",\"breadcrumb\":{\"@id\":\"https:\\\/\\\/www.notibras.com\\\/site\\\/alma-tenta-levantar-astral-sem-ter-o-que-comer\\\/#breadcrumb\"},\"inLanguage\":\"pt-BR\",\"potentialAction\":[{\"@type\":\"ReadAction\",\"target\":[\"https:\\\/\\\/www.notibras.com\\\/site\\\/alma-tenta-levantar-astral-sem-ter-o-que-comer\\\/\"]}]},{\"@type\":\"ImageObject\",\"inLanguage\":\"pt-BR\",\"@id\":\"https:\\\/\\\/www.notibras.com\\\/site\\\/alma-tenta-levantar-astral-sem-ter-o-que-comer\\\/#primaryimage\",\"url\":\"https:\\\/\\\/www.notibras.com\\\/site\\\/wp-content\\\/uploads\\\/2024\\\/06\\\/8a9145c3-4a12-43c5-826d-e46e61605e11.jpeg\",\"contentUrl\":\"https:\\\/\\\/www.notibras.com\\\/site\\\/wp-content\\\/uploads\\\/2024\\\/06\\\/8a9145c3-4a12-43c5-826d-e46e61605e11.jpeg\",\"width\":511,\"height\":473},{\"@type\":\"BreadcrumbList\",\"@id\":\"https:\\\/\\\/www.notibras.com\\\/site\\\/alma-tenta-levantar-astral-sem-ter-o-que-comer\\\/#breadcrumb\",\"itemListElement\":[{\"@type\":\"ListItem\",\"position\":1,\"name\":\"In\u00edcio\",\"item\":\"https:\\\/\\\/www.notibras.com\\\/site\\\/\"},{\"@type\":\"ListItem\",\"position\":2,\"name\":\"Alma tenta levantar astral sem ter o que comer\"}]},{\"@type\":\"WebSite\",\"@id\":\"https:\\\/\\\/www.notibras.com\\\/site\\\/#website\",\"url\":\"https:\\\/\\\/www.notibras.com\\\/site\\\/\",\"name\":\"Notibras\",\"description\":\"Not\u00edcias de Bras\u00edlia, do Brasil e do Mundo\",\"publisher\":{\"@id\":\"https:\\\/\\\/www.notibras.com\\\/site\\\/#organization\"},\"potentialAction\":[{\"@type\":\"SearchAction\",\"target\":{\"@type\":\"EntryPoint\",\"urlTemplate\":\"https:\\\/\\\/www.notibras.com\\\/site\\\/?s={search_term_string}\"},\"query-input\":{\"@type\":\"PropertyValueSpecification\",\"valueRequired\":true,\"valueName\":\"search_term_string\"}}],\"inLanguage\":\"pt-BR\"},{\"@type\":\"Organization\",\"@id\":\"https:\\\/\\\/www.notibras.com\\\/site\\\/#organization\",\"name\":\"Grupo Notibras de Comunica\u00e7\u00e3o\",\"url\":\"https:\\\/\\\/www.notibras.com\\\/site\\\/\",\"logo\":{\"@type\":\"ImageObject\",\"inLanguage\":\"pt-BR\",\"@id\":\"https:\\\/\\\/www.notibras.com\\\/site\\\/#\\\/schema\\\/logo\\\/image\\\/\",\"url\":\"https:\\\/\\\/www.notibras.com\\\/site\\\/wp-content\\\/uploads\\\/2023\\\/01\\\/notibras23.png\",\"contentUrl\":\"https:\\\/\\\/www.notibras.com\\\/site\\\/wp-content\\\/uploads\\\/2023\\\/01\\\/notibras23.png\",\"width\":350,\"height\":87,\"caption\":\"Grupo Notibras de Comunica\u00e7\u00e3o\"},\"image\":{\"@id\":\"https:\\\/\\\/www.notibras.com\\\/site\\\/#\\\/schema\\\/logo\\\/image\\\/\"},\"sameAs\":[\"https:\\\/\\\/www.facebook.com\\\/notibras\\\/\",\"https:\\\/\\\/x.com\\\/Notibras\",\"https:\\\/\\\/www.instagram.com\\\/notibras\\\/\"]},{\"@type\":\"Person\",\"@id\":\"https:\\\/\\\/www.notibras.com\\\/site\\\/#\\\/schema\\\/person\\\/36ab0979449956132d3e5b517ea76ac8\",\"name\":\"Reda\u00e7\u00e3o\",\"image\":{\"@type\":\"ImageObject\",\"inLanguage\":\"pt-BR\",\"@id\":\"https:\\\/\\\/secure.gravatar.com\\\/avatar\\\/e0a867bdedb85fd243eadf09663511f96fc81e0720a4a42581f334ad4303aa6b?s=96&d=mm&r=g\",\"url\":\"https:\\\/\\\/secure.gravatar.com\\\/avatar\\\/e0a867bdedb85fd243eadf09663511f96fc81e0720a4a42581f334ad4303aa6b?s=96&d=mm&r=g\",\"contentUrl\":\"https:\\\/\\\/secure.gravatar.com\\\/avatar\\\/e0a867bdedb85fd243eadf09663511f96fc81e0720a4a42581f334ad4303aa6b?s=96&d=mm&r=g\",\"caption\":\"Reda\u00e7\u00e3o\"}}]}<\/script>\n<!-- \/ Yoast SEO plugin. -->","yoast_head_json":{"title":"Alma tenta levantar astral sem ter o que comer - Notibras","robots":{"index":"index","follow":"follow","max-snippet":"max-snippet:-1","max-image-preview":"max-image-preview:large","max-video-preview":"max-video-preview:-1"},"canonical":"https:\/\/www.notibras.com\/site\/alma-tenta-levantar-astral-sem-ter-o-que-comer\/","og_locale":"pt_BR","og_type":"article","og_title":"Alma tenta levantar astral sem ter o que comer - Notibras","og_description":"Que eram pobres, n\u00e3o restava d\u00favida. No entanto, Alma, a esposa, fazia quest\u00e3o de tentar esconder tamanha mis\u00e9ria debaixo dos trapos que lhe serviam de vestes. Uma fita na cintura, uma bijuteria no pesco\u00e7o, aquele retoque na maquiagem. Quem visse, at\u00e9 pensava que aquele povo pertencia \u00e0 t\u00e3o almejada classe m\u00e9dia. J\u00falio, o marido, era [&hellip;]","og_url":"https:\/\/www.notibras.com\/site\/alma-tenta-levantar-astral-sem-ter-o-que-comer\/","og_site_name":"Notibras","article_publisher":"https:\/\/www.facebook.com\/notibras\/","article_published_time":"2024-06-19T07:32:51+00:00","og_image":[{"width":511,"height":473,"url":"https:\/\/www.notibras.com\/site\/wp-content\/uploads\/2024\/06\/8a9145c3-4a12-43c5-826d-e46e61605e11.jpeg","type":"image\/jpeg"}],"author":"Reda\u00e7\u00e3o","twitter_card":"summary_large_image","twitter_creator":"@Notibras","twitter_site":"@Notibras","twitter_misc":{"Escrito por":"Reda\u00e7\u00e3o","Est. tempo de leitura":"3 minutos"},"schema":{"@context":"https:\/\/schema.org","@graph":[{"@type":"Article","@id":"https:\/\/www.notibras.com\/site\/alma-tenta-levantar-astral-sem-ter-o-que-comer\/#article","isPartOf":{"@id":"https:\/\/www.notibras.com\/site\/alma-tenta-levantar-astral-sem-ter-o-que-comer\/"},"author":{"name":"Reda\u00e7\u00e3o","@id":"https:\/\/www.notibras.com\/site\/#\/schema\/person\/36ab0979449956132d3e5b517ea76ac8"},"headline":"Alma tenta levantar astral sem ter o que comer","datePublished":"2024-06-19T07:32:51+00:00","mainEntityOfPage":{"@id":"https:\/\/www.notibras.com\/site\/alma-tenta-levantar-astral-sem-ter-o-que-comer\/"},"wordCount":259,"publisher":{"@id":"https:\/\/www.notibras.com\/site\/#organization"},"image":{"@id":"https:\/\/www.notibras.com\/site\/alma-tenta-levantar-astral-sem-ter-o-que-comer\/#primaryimage"},"thumbnailUrl":"https:\/\/www.notibras.com\/site\/wp-content\/uploads\/2024\/06\/8a9145c3-4a12-43c5-826d-e46e61605e11.jpeg","articleSection":["Quadradinho em Foco"],"inLanguage":"pt-BR"},{"@type":"WebPage","@id":"https:\/\/www.notibras.com\/site\/alma-tenta-levantar-astral-sem-ter-o-que-comer\/","url":"https:\/\/www.notibras.com\/site\/alma-tenta-levantar-astral-sem-ter-o-que-comer\/","name":"Alma tenta levantar astral sem ter o que comer - Notibras","isPartOf":{"@id":"https:\/\/www.notibras.com\/site\/#website"},"primaryImageOfPage":{"@id":"https:\/\/www.notibras.com\/site\/alma-tenta-levantar-astral-sem-ter-o-que-comer\/#primaryimage"},"image":{"@id":"https:\/\/www.notibras.com\/site\/alma-tenta-levantar-astral-sem-ter-o-que-comer\/#primaryimage"},"thumbnailUrl":"https:\/\/www.notibras.com\/site\/wp-content\/uploads\/2024\/06\/8a9145c3-4a12-43c5-826d-e46e61605e11.jpeg","datePublished":"2024-06-19T07:32:51+00:00","breadcrumb":{"@id":"https:\/\/www.notibras.com\/site\/alma-tenta-levantar-astral-sem-ter-o-que-comer\/#breadcrumb"},"inLanguage":"pt-BR","potentialAction":[{"@type":"ReadAction","target":["https:\/\/www.notibras.com\/site\/alma-tenta-levantar-astral-sem-ter-o-que-comer\/"]}]},{"@type":"ImageObject","inLanguage":"pt-BR","@id":"https:\/\/www.notibras.com\/site\/alma-tenta-levantar-astral-sem-ter-o-que-comer\/#primaryimage","url":"https:\/\/www.notibras.com\/site\/wp-content\/uploads\/2024\/06\/8a9145c3-4a12-43c5-826d-e46e61605e11.jpeg","contentUrl":"https:\/\/www.notibras.com\/site\/wp-content\/uploads\/2024\/06\/8a9145c3-4a12-43c5-826d-e46e61605e11.jpeg","width":511,"height":473},{"@type":"BreadcrumbList","@id":"https:\/\/www.notibras.com\/site\/alma-tenta-levantar-astral-sem-ter-o-que-comer\/#breadcrumb","itemListElement":[{"@type":"ListItem","position":1,"name":"In\u00edcio","item":"https:\/\/www.notibras.com\/site\/"},{"@type":"ListItem","position":2,"name":"Alma tenta levantar astral sem ter o que comer"}]},{"@type":"WebSite","@id":"https:\/\/www.notibras.com\/site\/#website","url":"https:\/\/www.notibras.com\/site\/","name":"Notibras","description":"Not\u00edcias de Bras\u00edlia, do Brasil e do Mundo","publisher":{"@id":"https:\/\/www.notibras.com\/site\/#organization"},"potentialAction":[{"@type":"SearchAction","target":{"@type":"EntryPoint","urlTemplate":"https:\/\/www.notibras.com\/site\/?s={search_term_string}"},"query-input":{"@type":"PropertyValueSpecification","valueRequired":true,"valueName":"search_term_string"}}],"inLanguage":"pt-BR"},{"@type":"Organization","@id":"https:\/\/www.notibras.com\/site\/#organization","name":"Grupo Notibras de Comunica\u00e7\u00e3o","url":"https:\/\/www.notibras.com\/site\/","logo":{"@type":"ImageObject","inLanguage":"pt-BR","@id":"https:\/\/www.notibras.com\/site\/#\/schema\/logo\/image\/","url":"https:\/\/www.notibras.com\/site\/wp-content\/uploads\/2023\/01\/notibras23.png","contentUrl":"https:\/\/www.notibras.com\/site\/wp-content\/uploads\/2023\/01\/notibras23.png","width":350,"height":87,"caption":"Grupo Notibras de Comunica\u00e7\u00e3o"},"image":{"@id":"https:\/\/www.notibras.com\/site\/#\/schema\/logo\/image\/"},"sameAs":["https:\/\/www.facebook.com\/notibras\/","https:\/\/x.com\/Notibras","https:\/\/www.instagram.com\/notibras\/"]},{"@type":"Person","@id":"https:\/\/www.notibras.com\/site\/#\/schema\/person\/36ab0979449956132d3e5b517ea76ac8","name":"Reda\u00e7\u00e3o","image":{"@type":"ImageObject","inLanguage":"pt-BR","@id":"https:\/\/secure.gravatar.com\/avatar\/e0a867bdedb85fd243eadf09663511f96fc81e0720a4a42581f334ad4303aa6b?s=96&d=mm&r=g","url":"https:\/\/secure.gravatar.com\/avatar\/e0a867bdedb85fd243eadf09663511f96fc81e0720a4a42581f334ad4303aa6b?s=96&d=mm&r=g","contentUrl":"https:\/\/secure.gravatar.com\/avatar\/e0a867bdedb85fd243eadf09663511f96fc81e0720a4a42581f334ad4303aa6b?s=96&d=mm&r=g","caption":"Reda\u00e7\u00e3o"}}]}},"amp_enabled":true,"_links":{"self":[{"href":"https:\/\/www.notibras.com\/site\/wp-json\/wp\/v2\/posts\/331062","targetHints":{"allow":["GET"]}}],"collection":[{"href":"https:\/\/www.notibras.com\/site\/wp-json\/wp\/v2\/posts"}],"about":[{"href":"https:\/\/www.notibras.com\/site\/wp-json\/wp\/v2\/types\/post"}],"author":[{"embeddable":true,"href":"https:\/\/www.notibras.com\/site\/wp-json\/wp\/v2\/users\/2"}],"replies":[{"embeddable":true,"href":"https:\/\/www.notibras.com\/site\/wp-json\/wp\/v2\/comments?post=331062"}],"version-history":[{"count":1,"href":"https:\/\/www.notibras.com\/site\/wp-json\/wp\/v2\/posts\/331062\/revisions"}],"predecessor-version":[{"id":331064,"href":"https:\/\/www.notibras.com\/site\/wp-json\/wp\/v2\/posts\/331062\/revisions\/331064"}],"wp:featuredmedia":[{"embeddable":true,"href":"https:\/\/www.notibras.com\/site\/wp-json\/wp\/v2\/media\/331063"}],"wp:attachment":[{"href":"https:\/\/www.notibras.com\/site\/wp-json\/wp\/v2\/media?parent=331062"}],"wp:term":[{"taxonomy":"category","embeddable":true,"href":"https:\/\/www.notibras.com\/site\/wp-json\/wp\/v2\/categories?post=331062"},{"taxonomy":"post_tag","embeddable":true,"href":"https:\/\/www.notibras.com\/site\/wp-json\/wp\/v2\/tags?post=331062"}],"curies":[{"name":"wp","href":"https:\/\/api.w.org\/{rel}","templated":true}]}}