{"id":331065,"date":"2024-06-19T04:30:13","date_gmt":"2024-06-19T07:30:13","guid":{"rendered":"https:\/\/www.notibras.com\/site\/?p=331065"},"modified":"2024-06-19T04:52:59","modified_gmt":"2024-06-19T07:52:59","slug":"lembrancas-de-fabiana-assassinada-em-juiz-de-fora","status":"publish","type":"post","link":"https:\/\/www.notibras.com\/site\/lembrancas-de-fabiana-assassinada-em-juiz-de-fora\/","title":{"rendered":"Lembran\u00e7as de Fabiana, assassinada em Juiz de Fora"},"content":{"rendered":"<p>Giz. Essa era a \u00fanica arma que a professora Fabiana Filipino Coelho ousava ter e fazia quest\u00e3o de portar para ensinar seus alunos, sempre interessados em prestar aten\u00e7\u00e3o naquela mulher de n\u00e3o mais de um metro e cinquenta. Voz firme, mas sem perder a ternura, Fabiana tornava a matem\u00e1tica bem mais palat\u00e1vel para as turmas.<\/p>\n<p>Fabiana, que era esposa e m\u00e3e, naquele fat\u00eddico dia 20 de novembro de 2019, no centro de Juiz de Fora, Minas Gerais, enquanto fazia compras para a festa de anivers\u00e1rio do pequeno Francisco, seu filho, foi alvejada por um disparo de arma de fogo. O autor de tal tiro, um policial militar reformado, de maneira irrespons\u00e1vel, atirou tentando acertar um suposto adolescente infrator em meio a uma multid\u00e3o. Errou o jovem, mas acertou Fabiana. Se o homem imaginou se transformar em her\u00f3i, n\u00e3o se sabe, mas acabou se tornando o assassino da professora.<\/p>\n<p>As perguntas s\u00e3o muitas, mas uma em especial atormenta at\u00e9 hoje a vida de familiares e amigos da professora Fabiana. Era hora de agir, quando milhares de cidad\u00e3os transitavam pelo local? Uma professora estupidamente assassinada, e seu algoz vai a j\u00fari na quinta, 20.<\/p>\n<p>Para conhecer um pouco mais a v\u00edtima, Notibras entrou em contato com alguns amigos e familiares de Fabiana. Glyder, um dos mais emotivos pelo assassinato da amiga, disse que &#8220;falar da Fabiana \u00e9 dif\u00edcil porque acabo tendo v\u00e1rias recorda\u00e7\u00f5es. Mas eu vou falar o que ela era. Al\u00e9m de minha amiga no trabalho, era tamb\u00e9m minha amiga pessoal&#8230;. Em tudo que fazia, ela era intensa, sempre preocupada com os alunos, com os colegas de trabalho, com todos ao redor dela. Ela, o Daniel e o pequeno Francisco formavam uma fam\u00edlia muito bacana. E como ela amava o Francisco! Ela era louca pelo filho. Era excelente m\u00e3e, apesar do pouco tempo que teve chance de ser m\u00e3e. Mas a gente percebia que ela possu\u00eda uma rela\u00e7\u00e3o de muito carinho pelo filho&#8230;&#8221;<\/p>\n<p>J\u00e1 Lauriana disse que era muito dif\u00edcil externalizar sua rela\u00e7\u00e3o de amizade com Fabiana. &#8220;Eu tenho certeza que eu vou me emocionar muito. Ontem (ter\u00e7a, 18) eu ainda conversava com meu marido sobre a Fabi. A gente t\u00e1 entrando um per\u00edodo de f\u00e9rias e eu tinha falado para ele do meu desejo de ir ao Rio para visitar o Daniel e o Francisquinho&#8230; Ainda \u00e9 dif\u00edcil acreditar que a Fabi partiu e mora hoje em outro plano. Todas as vezes que eu passo pela Oleg\u00e1rio, eu a vejo, todas as vezes que eu passo pelo caminho que a gente fazia todo dia para levar as crian\u00e7as na escola e a gente se encontrava. Eu vejo ela descendo com o Francisquinho, sabe? Enquanto eu deixava as crian\u00e7as no col\u00e9gio e subia para trabalhar e a gente se encontrava nesse trajeto. Ent\u00e3o, essa mem\u00f3ria \u00e9 uma mem\u00f3ria muito forte ainda no meu cora\u00e7\u00e3o. E a Fabiana \u00e9 uma pessoa incr\u00edvel assim. E que eu tive um privil\u00e9gio muito grande de reencontr\u00e1-la, porque eu acho que a gente tinha uma amizade de outras vidas tamb\u00e9m&#8230; uma grande amiga, uma grande companheira de sonhos e uma profissional que lutava pelos alunos, que acreditava muito na educa\u00e7\u00e3o, na educa\u00e7\u00e3o p\u00fablica. Uma profissional exemplar e de uma generosidade \u00edmpar, que dividia os conhecimentos dela com os professores tamb\u00e9m. Com os alunos, n\u00e3o mediu esfor\u00e7os para desenvolver os trabalhos. Ent\u00e3o, ela \u00e9 uma profissional como poucas, que acreditava muito nos alunos, na educa\u00e7\u00e3o p\u00fablica e na escola p\u00fablica. Ela fez uma linda trajet\u00f3ria. Linda, linda trajet\u00f3ria com os alunos. Quando ela partiu, os depoimentos dos alunos retratavam isso, o amor que eles tinham pelo belo trabalho compromissado da Fabi, e eles conseguiam sentir isso. Uma m\u00e3e nossa, eu acho que a perda da m\u00e3e Fabiana \u00e9 o que mais me aperta o cora\u00e7\u00e3o, porque a gente tinha muitos planos para as crian\u00e7as e com as crian\u00e7as. A gente brincava que nossos filhos eram amiguinhos de barriga, vivenciamos tamb\u00e9m esta fase muito pr\u00f3xima, t\u00ednhamos planos das crian\u00e7as crescerem juntos brincando tamb\u00e9m. A Fabi, o Daniel e o Francisco, eles fazem parte da nossa hist\u00f3ria e tamb\u00e9m dos nossos sonhos. Me lembro como se fosse hoje. Sim, a primeira vez que ela falou do Daniel, sua paix\u00e3o pelos Fuscas, ele que veio ser seu grande amor, seu companheiro de vida, de sonhos, do desejo de constru\u00e7\u00e3o de uma fam\u00edlia ao lado dele. Ent\u00e3o, fica dif\u00edcil ainda acreditar que a Fabi partiu, porque os sonhos ainda vivem em n\u00f3s, porque, para al\u00e9m da profissional, ela era uma grande amiga de todos no ambiente de trabalho, generosa e para al\u00e9m do ambiente de trabalho, tamb\u00e9m \u00e9 uma filha exemplar, cuidava da m\u00e3e da av\u00f3. Ent\u00e3o, ela faz muita falta, faz muita falta. N\u00e3o poder abra\u00e7\u00e1-la. N\u00e3o v\u00ea l\u00e1 sempre no nosso trajeto de sempre. Ent\u00e3o, eu n\u00e3o sei se eu consegui contribuir ou n\u00e3o, com minhas palavras sobre ela porque eu fico muito mexida ainda. Eu me lembro quando eu conversei com o Daniel logo ap\u00f3s o falecimento, conversei com o Daniel e eu chorava compulsivamente. Eu ficava at\u00e9 constrangida perto do Daniel, que \u00e9 um amigo querido tamb\u00e9m, porque ele estava l\u00e1 firme, tentando me consolar, enquanto eu que deveria estar consolando. Ent\u00e3o, \u00e9 um tema que me toca muito falar na Fabi porque ainda sinto muito, um amor muito grande, uma falta enorme. Porque a gente podia ficar assim meses sem se ver e era como se a gente tivesse falado h\u00e1 cinco minutos. Era muita cumplicidade, era muito, muito forte. Ent\u00e3o, \u00e9 isso. Fico muito emotiva ainda sobre esse vazio que ficou.&#8221;<\/p>\n<p>O disparo da arma de fogo de um policial militar reformado calou a voz da professora Fabiana. No entanto, essa mesma voz continua ecoando entre os que tiveram a oportunidade de conviver com ela. N\u00f3s, daqui de <strong>Notibras<\/strong>, ouvimos os apelos dos que desejam um pa\u00eds onde haja menos armas e mais cidad\u00e3os comprometidos como a Professora Fabiana Filipino Coelho.<\/p>\n<p>&nbsp;<\/p>\n","protected":false},"excerpt":{"rendered":"<p>Giz. Essa era a \u00fanica arma que a professora Fabiana Filipino Coelho ousava ter e fazia quest\u00e3o de portar para ensinar seus alunos, sempre interessados em prestar aten\u00e7\u00e3o naquela mulher de n\u00e3o mais de um metro e cinquenta. Voz firme, mas sem perder a ternura, Fabiana tornava a matem\u00e1tica bem mais palat\u00e1vel para as turmas. [&hellip;]<\/p>\n","protected":false},"author":2,"featured_media":331066,"comment_status":"closed","ping_status":"closed","sticky":false,"template":"","format":"standard","meta":{"_acf_changed":false,"footnotes":""},"categories":[161],"tags":[],"class_list":["post-331065","post","type-post","status-publish","format-standard","has-post-thumbnail","hentry","category-quadradinho-em-foco"],"acf":[],"yoast_head":"<!-- This site is optimized with the Yoast SEO plugin v27.5 - https:\/\/yoast.com\/product\/yoast-seo-wordpress\/ -->\n<title>Lembran\u00e7as de Fabiana, assassinada em Juiz de Fora - Notibras<\/title>\n<meta name=\"robots\" content=\"index, follow, max-snippet:-1, max-image-preview:large, max-video-preview:-1\" \/>\n<link rel=\"canonical\" href=\"https:\/\/www.notibras.com\/site\/lembrancas-de-fabiana-assassinada-em-juiz-de-fora\/\" \/>\n<meta property=\"og:locale\" content=\"pt_BR\" \/>\n<meta property=\"og:type\" content=\"article\" \/>\n<meta property=\"og:title\" content=\"Lembran\u00e7as de Fabiana, assassinada em Juiz de Fora - Notibras\" \/>\n<meta property=\"og:description\" content=\"Giz. Essa era a \u00fanica arma que a professora Fabiana Filipino Coelho ousava ter e fazia quest\u00e3o de portar para ensinar seus alunos, sempre interessados em prestar aten\u00e7\u00e3o naquela mulher de n\u00e3o mais de um metro e cinquenta. Voz firme, mas sem perder a ternura, Fabiana tornava a matem\u00e1tica bem mais palat\u00e1vel para as turmas. [&hellip;]\" \/>\n<meta property=\"og:url\" content=\"https:\/\/www.notibras.com\/site\/lembrancas-de-fabiana-assassinada-em-juiz-de-fora\/\" \/>\n<meta property=\"og:site_name\" content=\"Notibras\" \/>\n<meta property=\"article:publisher\" content=\"https:\/\/www.facebook.com\/notibras\/\" \/>\n<meta property=\"article:published_time\" content=\"2024-06-19T07:30:13+00:00\" \/>\n<meta property=\"article:modified_time\" content=\"2024-06-19T07:52:59+00:00\" \/>\n<meta property=\"og:image\" content=\"https:\/\/www.notibras.com\/site\/wp-content\/uploads\/2024\/06\/87eade3b-3ff9-403b-9688-20b25806cae9.jpeg\" \/>\n\t<meta property=\"og:image:width\" content=\"721\" \/>\n\t<meta property=\"og:image:height\" content=\"1280\" \/>\n\t<meta property=\"og:image:type\" content=\"image\/jpeg\" \/>\n<meta name=\"author\" content=\"Reda\u00e7\u00e3o\" \/>\n<meta name=\"twitter:card\" content=\"summary_large_image\" \/>\n<meta name=\"twitter:creator\" content=\"@Notibras\" \/>\n<meta name=\"twitter:site\" content=\"@Notibras\" \/>\n<meta name=\"twitter:label1\" content=\"Escrito por\" \/>\n\t<meta name=\"twitter:data1\" content=\"Reda\u00e7\u00e3o\" \/>\n\t<meta name=\"twitter:label2\" content=\"Est. tempo de leitura\" \/>\n\t<meta name=\"twitter:data2\" content=\"6 minutos\" \/>\n<script type=\"application\/ld+json\" class=\"yoast-schema-graph\">{\"@context\":\"https:\\\/\\\/schema.org\",\"@graph\":[{\"@type\":\"Article\",\"@id\":\"https:\\\/\\\/www.notibras.com\\\/site\\\/lembrancas-de-fabiana-assassinada-em-juiz-de-fora\\\/#article\",\"isPartOf\":{\"@id\":\"https:\\\/\\\/www.notibras.com\\\/site\\\/lembrancas-de-fabiana-assassinada-em-juiz-de-fora\\\/\"},\"author\":{\"name\":\"Reda\u00e7\u00e3o\",\"@id\":\"https:\\\/\\\/www.notibras.com\\\/site\\\/#\\\/schema\\\/person\\\/36ab0979449956132d3e5b517ea76ac8\"},\"headline\":\"Lembran\u00e7as de Fabiana, assassinada em Juiz de Fora\",\"datePublished\":\"2024-06-19T07:30:13+00:00\",\"dateModified\":\"2024-06-19T07:52:59+00:00\",\"mainEntityOfPage\":{\"@id\":\"https:\\\/\\\/www.notibras.com\\\/site\\\/lembrancas-de-fabiana-assassinada-em-juiz-de-fora\\\/\"},\"wordCount\":1074,\"publisher\":{\"@id\":\"https:\\\/\\\/www.notibras.com\\\/site\\\/#organization\"},\"image\":{\"@id\":\"https:\\\/\\\/www.notibras.com\\\/site\\\/lembrancas-de-fabiana-assassinada-em-juiz-de-fora\\\/#primaryimage\"},\"thumbnailUrl\":\"https:\\\/\\\/www.notibras.com\\\/site\\\/wp-content\\\/uploads\\\/2024\\\/06\\\/87eade3b-3ff9-403b-9688-20b25806cae9.jpeg\",\"articleSection\":[\"Quadradinho em Foco\"],\"inLanguage\":\"pt-BR\"},{\"@type\":\"WebPage\",\"@id\":\"https:\\\/\\\/www.notibras.com\\\/site\\\/lembrancas-de-fabiana-assassinada-em-juiz-de-fora\\\/\",\"url\":\"https:\\\/\\\/www.notibras.com\\\/site\\\/lembrancas-de-fabiana-assassinada-em-juiz-de-fora\\\/\",\"name\":\"Lembran\u00e7as de Fabiana, assassinada em Juiz de Fora - Notibras\",\"isPartOf\":{\"@id\":\"https:\\\/\\\/www.notibras.com\\\/site\\\/#website\"},\"primaryImageOfPage\":{\"@id\":\"https:\\\/\\\/www.notibras.com\\\/site\\\/lembrancas-de-fabiana-assassinada-em-juiz-de-fora\\\/#primaryimage\"},\"image\":{\"@id\":\"https:\\\/\\\/www.notibras.com\\\/site\\\/lembrancas-de-fabiana-assassinada-em-juiz-de-fora\\\/#primaryimage\"},\"thumbnailUrl\":\"https:\\\/\\\/www.notibras.com\\\/site\\\/wp-content\\\/uploads\\\/2024\\\/06\\\/87eade3b-3ff9-403b-9688-20b25806cae9.jpeg\",\"datePublished\":\"2024-06-19T07:30:13+00:00\",\"dateModified\":\"2024-06-19T07:52:59+00:00\",\"breadcrumb\":{\"@id\":\"https:\\\/\\\/www.notibras.com\\\/site\\\/lembrancas-de-fabiana-assassinada-em-juiz-de-fora\\\/#breadcrumb\"},\"inLanguage\":\"pt-BR\",\"potentialAction\":[{\"@type\":\"ReadAction\",\"target\":[\"https:\\\/\\\/www.notibras.com\\\/site\\\/lembrancas-de-fabiana-assassinada-em-juiz-de-fora\\\/\"]}]},{\"@type\":\"ImageObject\",\"inLanguage\":\"pt-BR\",\"@id\":\"https:\\\/\\\/www.notibras.com\\\/site\\\/lembrancas-de-fabiana-assassinada-em-juiz-de-fora\\\/#primaryimage\",\"url\":\"https:\\\/\\\/www.notibras.com\\\/site\\\/wp-content\\\/uploads\\\/2024\\\/06\\\/87eade3b-3ff9-403b-9688-20b25806cae9.jpeg\",\"contentUrl\":\"https:\\\/\\\/www.notibras.com\\\/site\\\/wp-content\\\/uploads\\\/2024\\\/06\\\/87eade3b-3ff9-403b-9688-20b25806cae9.jpeg\",\"width\":721,\"height\":1280},{\"@type\":\"BreadcrumbList\",\"@id\":\"https:\\\/\\\/www.notibras.com\\\/site\\\/lembrancas-de-fabiana-assassinada-em-juiz-de-fora\\\/#breadcrumb\",\"itemListElement\":[{\"@type\":\"ListItem\",\"position\":1,\"name\":\"In\u00edcio\",\"item\":\"https:\\\/\\\/www.notibras.com\\\/site\\\/\"},{\"@type\":\"ListItem\",\"position\":2,\"name\":\"Lembran\u00e7as de Fabiana, assassinada em Juiz de Fora\"}]},{\"@type\":\"WebSite\",\"@id\":\"https:\\\/\\\/www.notibras.com\\\/site\\\/#website\",\"url\":\"https:\\\/\\\/www.notibras.com\\\/site\\\/\",\"name\":\"Notibras\",\"description\":\"Not\u00edcias de Bras\u00edlia, do Brasil e do Mundo\",\"publisher\":{\"@id\":\"https:\\\/\\\/www.notibras.com\\\/site\\\/#organization\"},\"potentialAction\":[{\"@type\":\"SearchAction\",\"target\":{\"@type\":\"EntryPoint\",\"urlTemplate\":\"https:\\\/\\\/www.notibras.com\\\/site\\\/?s={search_term_string}\"},\"query-input\":{\"@type\":\"PropertyValueSpecification\",\"valueRequired\":true,\"valueName\":\"search_term_string\"}}],\"inLanguage\":\"pt-BR\"},{\"@type\":\"Organization\",\"@id\":\"https:\\\/\\\/www.notibras.com\\\/site\\\/#organization\",\"name\":\"Grupo Notibras de Comunica\u00e7\u00e3o\",\"url\":\"https:\\\/\\\/www.notibras.com\\\/site\\\/\",\"logo\":{\"@type\":\"ImageObject\",\"inLanguage\":\"pt-BR\",\"@id\":\"https:\\\/\\\/www.notibras.com\\\/site\\\/#\\\/schema\\\/logo\\\/image\\\/\",\"url\":\"https:\\\/\\\/www.notibras.com\\\/site\\\/wp-content\\\/uploads\\\/2023\\\/01\\\/notibras23.png\",\"contentUrl\":\"https:\\\/\\\/www.notibras.com\\\/site\\\/wp-content\\\/uploads\\\/2023\\\/01\\\/notibras23.png\",\"width\":350,\"height\":87,\"caption\":\"Grupo Notibras de Comunica\u00e7\u00e3o\"},\"image\":{\"@id\":\"https:\\\/\\\/www.notibras.com\\\/site\\\/#\\\/schema\\\/logo\\\/image\\\/\"},\"sameAs\":[\"https:\\\/\\\/www.facebook.com\\\/notibras\\\/\",\"https:\\\/\\\/x.com\\\/Notibras\",\"https:\\\/\\\/www.instagram.com\\\/notibras\\\/\"]},{\"@type\":\"Person\",\"@id\":\"https:\\\/\\\/www.notibras.com\\\/site\\\/#\\\/schema\\\/person\\\/36ab0979449956132d3e5b517ea76ac8\",\"name\":\"Reda\u00e7\u00e3o\",\"image\":{\"@type\":\"ImageObject\",\"inLanguage\":\"pt-BR\",\"@id\":\"https:\\\/\\\/secure.gravatar.com\\\/avatar\\\/e0a867bdedb85fd243eadf09663511f96fc81e0720a4a42581f334ad4303aa6b?s=96&d=mm&r=g\",\"url\":\"https:\\\/\\\/secure.gravatar.com\\\/avatar\\\/e0a867bdedb85fd243eadf09663511f96fc81e0720a4a42581f334ad4303aa6b?s=96&d=mm&r=g\",\"contentUrl\":\"https:\\\/\\\/secure.gravatar.com\\\/avatar\\\/e0a867bdedb85fd243eadf09663511f96fc81e0720a4a42581f334ad4303aa6b?s=96&d=mm&r=g\",\"caption\":\"Reda\u00e7\u00e3o\"}}]}<\/script>\n<!-- \/ Yoast SEO plugin. -->","yoast_head_json":{"title":"Lembran\u00e7as de Fabiana, assassinada em Juiz de Fora - Notibras","robots":{"index":"index","follow":"follow","max-snippet":"max-snippet:-1","max-image-preview":"max-image-preview:large","max-video-preview":"max-video-preview:-1"},"canonical":"https:\/\/www.notibras.com\/site\/lembrancas-de-fabiana-assassinada-em-juiz-de-fora\/","og_locale":"pt_BR","og_type":"article","og_title":"Lembran\u00e7as de Fabiana, assassinada em Juiz de Fora - Notibras","og_description":"Giz. Essa era a \u00fanica arma que a professora Fabiana Filipino Coelho ousava ter e fazia quest\u00e3o de portar para ensinar seus alunos, sempre interessados em prestar aten\u00e7\u00e3o naquela mulher de n\u00e3o mais de um metro e cinquenta. Voz firme, mas sem perder a ternura, Fabiana tornava a matem\u00e1tica bem mais palat\u00e1vel para as turmas. [&hellip;]","og_url":"https:\/\/www.notibras.com\/site\/lembrancas-de-fabiana-assassinada-em-juiz-de-fora\/","og_site_name":"Notibras","article_publisher":"https:\/\/www.facebook.com\/notibras\/","article_published_time":"2024-06-19T07:30:13+00:00","article_modified_time":"2024-06-19T07:52:59+00:00","og_image":[{"width":721,"height":1280,"url":"https:\/\/www.notibras.com\/site\/wp-content\/uploads\/2024\/06\/87eade3b-3ff9-403b-9688-20b25806cae9.jpeg","type":"image\/jpeg"}],"author":"Reda\u00e7\u00e3o","twitter_card":"summary_large_image","twitter_creator":"@Notibras","twitter_site":"@Notibras","twitter_misc":{"Escrito por":"Reda\u00e7\u00e3o","Est. tempo de leitura":"6 minutos"},"schema":{"@context":"https:\/\/schema.org","@graph":[{"@type":"Article","@id":"https:\/\/www.notibras.com\/site\/lembrancas-de-fabiana-assassinada-em-juiz-de-fora\/#article","isPartOf":{"@id":"https:\/\/www.notibras.com\/site\/lembrancas-de-fabiana-assassinada-em-juiz-de-fora\/"},"author":{"name":"Reda\u00e7\u00e3o","@id":"https:\/\/www.notibras.com\/site\/#\/schema\/person\/36ab0979449956132d3e5b517ea76ac8"},"headline":"Lembran\u00e7as de Fabiana, assassinada em Juiz de Fora","datePublished":"2024-06-19T07:30:13+00:00","dateModified":"2024-06-19T07:52:59+00:00","mainEntityOfPage":{"@id":"https:\/\/www.notibras.com\/site\/lembrancas-de-fabiana-assassinada-em-juiz-de-fora\/"},"wordCount":1074,"publisher":{"@id":"https:\/\/www.notibras.com\/site\/#organization"},"image":{"@id":"https:\/\/www.notibras.com\/site\/lembrancas-de-fabiana-assassinada-em-juiz-de-fora\/#primaryimage"},"thumbnailUrl":"https:\/\/www.notibras.com\/site\/wp-content\/uploads\/2024\/06\/87eade3b-3ff9-403b-9688-20b25806cae9.jpeg","articleSection":["Quadradinho em Foco"],"inLanguage":"pt-BR"},{"@type":"WebPage","@id":"https:\/\/www.notibras.com\/site\/lembrancas-de-fabiana-assassinada-em-juiz-de-fora\/","url":"https:\/\/www.notibras.com\/site\/lembrancas-de-fabiana-assassinada-em-juiz-de-fora\/","name":"Lembran\u00e7as de Fabiana, assassinada em Juiz de Fora - Notibras","isPartOf":{"@id":"https:\/\/www.notibras.com\/site\/#website"},"primaryImageOfPage":{"@id":"https:\/\/www.notibras.com\/site\/lembrancas-de-fabiana-assassinada-em-juiz-de-fora\/#primaryimage"},"image":{"@id":"https:\/\/www.notibras.com\/site\/lembrancas-de-fabiana-assassinada-em-juiz-de-fora\/#primaryimage"},"thumbnailUrl":"https:\/\/www.notibras.com\/site\/wp-content\/uploads\/2024\/06\/87eade3b-3ff9-403b-9688-20b25806cae9.jpeg","datePublished":"2024-06-19T07:30:13+00:00","dateModified":"2024-06-19T07:52:59+00:00","breadcrumb":{"@id":"https:\/\/www.notibras.com\/site\/lembrancas-de-fabiana-assassinada-em-juiz-de-fora\/#breadcrumb"},"inLanguage":"pt-BR","potentialAction":[{"@type":"ReadAction","target":["https:\/\/www.notibras.com\/site\/lembrancas-de-fabiana-assassinada-em-juiz-de-fora\/"]}]},{"@type":"ImageObject","inLanguage":"pt-BR","@id":"https:\/\/www.notibras.com\/site\/lembrancas-de-fabiana-assassinada-em-juiz-de-fora\/#primaryimage","url":"https:\/\/www.notibras.com\/site\/wp-content\/uploads\/2024\/06\/87eade3b-3ff9-403b-9688-20b25806cae9.jpeg","contentUrl":"https:\/\/www.notibras.com\/site\/wp-content\/uploads\/2024\/06\/87eade3b-3ff9-403b-9688-20b25806cae9.jpeg","width":721,"height":1280},{"@type":"BreadcrumbList","@id":"https:\/\/www.notibras.com\/site\/lembrancas-de-fabiana-assassinada-em-juiz-de-fora\/#breadcrumb","itemListElement":[{"@type":"ListItem","position":1,"name":"In\u00edcio","item":"https:\/\/www.notibras.com\/site\/"},{"@type":"ListItem","position":2,"name":"Lembran\u00e7as de Fabiana, assassinada em Juiz de Fora"}]},{"@type":"WebSite","@id":"https:\/\/www.notibras.com\/site\/#website","url":"https:\/\/www.notibras.com\/site\/","name":"Notibras","description":"Not\u00edcias de Bras\u00edlia, do Brasil e do Mundo","publisher":{"@id":"https:\/\/www.notibras.com\/site\/#organization"},"potentialAction":[{"@type":"SearchAction","target":{"@type":"EntryPoint","urlTemplate":"https:\/\/www.notibras.com\/site\/?s={search_term_string}"},"query-input":{"@type":"PropertyValueSpecification","valueRequired":true,"valueName":"search_term_string"}}],"inLanguage":"pt-BR"},{"@type":"Organization","@id":"https:\/\/www.notibras.com\/site\/#organization","name":"Grupo Notibras de Comunica\u00e7\u00e3o","url":"https:\/\/www.notibras.com\/site\/","logo":{"@type":"ImageObject","inLanguage":"pt-BR","@id":"https:\/\/www.notibras.com\/site\/#\/schema\/logo\/image\/","url":"https:\/\/www.notibras.com\/site\/wp-content\/uploads\/2023\/01\/notibras23.png","contentUrl":"https:\/\/www.notibras.com\/site\/wp-content\/uploads\/2023\/01\/notibras23.png","width":350,"height":87,"caption":"Grupo Notibras de Comunica\u00e7\u00e3o"},"image":{"@id":"https:\/\/www.notibras.com\/site\/#\/schema\/logo\/image\/"},"sameAs":["https:\/\/www.facebook.com\/notibras\/","https:\/\/x.com\/Notibras","https:\/\/www.instagram.com\/notibras\/"]},{"@type":"Person","@id":"https:\/\/www.notibras.com\/site\/#\/schema\/person\/36ab0979449956132d3e5b517ea76ac8","name":"Reda\u00e7\u00e3o","image":{"@type":"ImageObject","inLanguage":"pt-BR","@id":"https:\/\/secure.gravatar.com\/avatar\/e0a867bdedb85fd243eadf09663511f96fc81e0720a4a42581f334ad4303aa6b?s=96&d=mm&r=g","url":"https:\/\/secure.gravatar.com\/avatar\/e0a867bdedb85fd243eadf09663511f96fc81e0720a4a42581f334ad4303aa6b?s=96&d=mm&r=g","contentUrl":"https:\/\/secure.gravatar.com\/avatar\/e0a867bdedb85fd243eadf09663511f96fc81e0720a4a42581f334ad4303aa6b?s=96&d=mm&r=g","caption":"Reda\u00e7\u00e3o"}}]}},"amp_enabled":true,"_links":{"self":[{"href":"https:\/\/www.notibras.com\/site\/wp-json\/wp\/v2\/posts\/331065","targetHints":{"allow":["GET"]}}],"collection":[{"href":"https:\/\/www.notibras.com\/site\/wp-json\/wp\/v2\/posts"}],"about":[{"href":"https:\/\/www.notibras.com\/site\/wp-json\/wp\/v2\/types\/post"}],"author":[{"embeddable":true,"href":"https:\/\/www.notibras.com\/site\/wp-json\/wp\/v2\/users\/2"}],"replies":[{"embeddable":true,"href":"https:\/\/www.notibras.com\/site\/wp-json\/wp\/v2\/comments?post=331065"}],"version-history":[{"count":1,"href":"https:\/\/www.notibras.com\/site\/wp-json\/wp\/v2\/posts\/331065\/revisions"}],"predecessor-version":[{"id":331067,"href":"https:\/\/www.notibras.com\/site\/wp-json\/wp\/v2\/posts\/331065\/revisions\/331067"}],"wp:featuredmedia":[{"embeddable":true,"href":"https:\/\/www.notibras.com\/site\/wp-json\/wp\/v2\/media\/331066"}],"wp:attachment":[{"href":"https:\/\/www.notibras.com\/site\/wp-json\/wp\/v2\/media?parent=331065"}],"wp:term":[{"taxonomy":"category","embeddable":true,"href":"https:\/\/www.notibras.com\/site\/wp-json\/wp\/v2\/categories?post=331065"},{"taxonomy":"post_tag","embeddable":true,"href":"https:\/\/www.notibras.com\/site\/wp-json\/wp\/v2\/tags?post=331065"}],"curies":[{"name":"wp","href":"https:\/\/api.w.org\/{rel}","templated":true}]}}