{"id":331116,"date":"2024-06-20T09:45:53","date_gmt":"2024-06-20T12:45:53","guid":{"rendered":"https:\/\/www.notibras.com\/site\/?p=331116"},"modified":"2024-06-20T10:49:16","modified_gmt":"2024-06-20T13:49:16","slug":"todos-vivemos-a-espera-do-vento-de-justica-por-fabi","status":"publish","type":"post","link":"https:\/\/www.notibras.com\/site\/todos-vivemos-a-espera-do-vento-de-justica-por-fabi\/","title":{"rendered":"Todos vivemos \u00e0 espera do vento de justi\u00e7a por Fabi"},"content":{"rendered":"<p>Amigas-irm\u00e3s. Era assim que n\u00f3s nos refer\u00edamos uma \u00e0 outra. Seu pai era primo de minha m\u00e3e, mas n\u00e3o foi o grau de parentesco que nos uniu. Foi o fato de estudarmos juntas na Escola Normal, compartilhar a s\u00e9rie, os trabalhos e as caminhadas de ida e vinda de nossas casas para o col\u00e9gio o que nos aproximou. Duas garotas t\u00edmidas, divid\u00edamos ainda os medos, as ang\u00fastias, os sonhos, as paix\u00f5es e as alegrias desde a adolesc\u00eancia. A \u00fanica vez que discutimos, no sentido de nos desentendermos, foi por causa de um p\u00f4ster imenso do Tom Cruise, gal\u00e3 de Top Gun, Ases Indom\u00e1veis.<\/p>\n<p>N\u00f3s colecion\u00e1vamos figurinhas e revistas com fotos do ator e um dia, ao chegarmos juntas em uma banca de jornal hoje extinta, brigamos por Tom Cruise. Fiquei com o p\u00f4ster, mas o dei de presente a ela em seu anivers\u00e1rio de 30 anos, se n\u00e3o estou enganada. Fabiana era amiga de todas as horas, das boas e das ruins. Nossa amizade, em vez de ter se enfraquecido com a dist\u00e2ncia f\u00edsica de quando ela se mudou para o estado do Esp\u00edrito Santo, ou de quando eu me mudei para Vi\u00e7osa, se fortaleceu cada vez mais. As cartas que troc\u00e1vamos naquele per\u00edodo seguem comigo.<\/p>\n<p>Desde a adolesc\u00eancia t\u00ednhamos uma lista, escrita em papel, de coisas para fazer juntas, como viajar para muitos lugares. Mas nem quer\u00edamos ir t\u00e3o longe assim. A cada viagem Fabiana tirava uma foto junto a uma placa que tivesse o nome da cidade visitada. Fomos pra Ouro Preto, Cabangu, Petr\u00f3polis, Ibitipoca, Porto Firme, Rio Pomba&#8230; n\u00e3o imagin\u00e1vamos que um dia estar\u00edamos juntas em sua lua de mel com Daniel, em Floren\u00e7a. Quando eles se casaram eu estava na Fran\u00e7a para um est\u00e1gio doutoral e, na impossibilidade de vir ao Brasil para ser sua madrinha de casamento, fui convidada por ela para ser sua \u201cmadrinha de lua de mel\u201d (risos). Falei com ela por Skype, no dia do casamento.<\/p>\n<p>Fabiana fazia ainda viagens internas, digo, para dentro de si, planejando coisas simples, mas extraordin\u00e1rias, como ser independente, ter um grande amor, ter um filho. Na v\u00e9spera do nascimento de Francisco, fiz quest\u00e3o de vir de Vi\u00e7osa para estar junto dela, e lembro que me preocupei vendo-a comer pizza, \u00e0 noite, antes de come\u00e7ar o jejum para o parto do dia seguinte. Temos uma foto linda deste momento, lado a lado, ela, com um barrig\u00e3o imenso, o bra\u00e7o no ber\u00e7o, e eu, com a m\u00e3o no beb\u00ea em seu ventre.<\/p>\n<p>Trabalhadora, honesta, determinada, era uma mulher e uma professora que acreditava na educa\u00e7\u00e3o como instrumento para a constru\u00e7\u00e3o de um mundo mais justo, igualit\u00e1rio. Na semana em que foi levada de n\u00f3s, estava animada com a oficina de bandanas que dava para seus estudantes, como parte de um projeto da Semana da Consci\u00eancia Negra. Era tamb\u00e9m uma artes\u00e3 e tanto! Tentava me convencer de que eu gostaria de costurar, mas eu n\u00e3o acreditava. Em nossa \u00faltima conversa, tr\u00eas dias antes do fat\u00eddico crime que tirou sua vida, ela me disse que eu precisava ter um hobby manual e que \u201ctinha certeza\u201d de que eu ia gostar. Eu dizia que n\u00e3o, ela insistia. Passados quase cinco anos, n\u00e3o \u00e9 que adoro fazer costura criativa? Ela me conhecia mesmo. Espero que de alguma dimens\u00e3o ela, que era esp\u00edrita, consiga saber de minhas costurices&#8230; Me apresentou a Raul Seixas, que amava; me ensinou a cozinhar amendoim no chocolate, receita que preparava deliciosamente bem; virou noites comigo formatando minha disserta\u00e7\u00e3o e minha tese&#8230;<\/p>\n<p>Compartilhamos muitas, muitas coisas. Coisas n\u00e3o, a vida! Mas ainda havia muito a ser compartilhado: itens da lista de adolesc\u00eancia que ainda n\u00e3o tinham sido realizados; Aperol Spritz para ser tomado; tortas de queijo a serem feitas e degustadas juntas, passeios a muitas feirinhas, como a Feira Hippie de Belo Horizonte, que ela amava. Hav\u00edamos combinado de reler nossas cartas juntas \u201cqualquer hora dessas\u201d.<\/p>\n<p>Numa dessas horas, em 2019, sua vida foi violentamente tirada e interrompida. Tempos depois, um projeto de lei de um vereador de Juiz de Fora visava colocar uma rua em homenagem \u00e0 Fabiana, em um bairro mais afastado da cidade. Em tempos de desconstru\u00e7\u00e3o e reconstru\u00e7\u00e3o das narrativas hist\u00f3ricas, uma boa homenagem a ela seria renomear a hoje Rua Marechal Deodoro com seu nome. N\u00e3o para marcar o local triste de sua morte, mas para que as futuras gera\u00e7\u00f5es saibam que por ali passava uma professora que tanto lutava por uma vida mais digna para todas as pessoas. Por menos marechais neste mundo! Para que este tipo de crime nunca mais se repita! Pela mem\u00f3ria de Fabiana Filipino Coelho!<\/p>\n<p>Participativa e dedicada \u00e0 sua fam\u00edlia, \u201cest\u00e1 fazendo muita falta\u201d, conta seu irm\u00e3o de sangue. Restam, al\u00e9m da dor e saudade dos familiares e dos amigos, as lembran\u00e7as boas, e a esperan\u00e7a de que o tempo costure os buracos deixados por sua aus\u00eancia. Sonho muito com ela, viva, bem. Em um dos sonhos ela me contou que toda vez que eu falava com ela ou pensava nela daqui da terra, que ela sentia \u201cum sopro ou ventinho no rosto\u201d. Que ela possa sentir um vento de paz e justi\u00e7a nestes dias vindouros!<\/p>\n","protected":false},"excerpt":{"rendered":"<p>Amigas-irm\u00e3s. Era assim que n\u00f3s nos refer\u00edamos uma \u00e0 outra. Seu pai era primo de minha m\u00e3e, mas n\u00e3o foi o grau de parentesco que nos uniu. Foi o fato de estudarmos juntas na Escola Normal, compartilhar a s\u00e9rie, os trabalhos e as caminhadas de ida e vinda de nossas casas para o col\u00e9gio o [&hellip;]<\/p>\n","protected":false},"author":2,"featured_media":331117,"comment_status":"closed","ping_status":"closed","sticky":false,"template":"","format":"standard","meta":{"_acf_changed":false,"footnotes":""},"categories":[161],"tags":[],"class_list":["post-331116","post","type-post","status-publish","format-standard","has-post-thumbnail","hentry","category-quadradinho-em-foco"],"acf":[],"yoast_head":"<!-- This site is optimized with the Yoast SEO plugin v27.5 - https:\/\/yoast.com\/product\/yoast-seo-wordpress\/ -->\n<title>Todos vivemos \u00e0 espera do vento de justi\u00e7a por Fabi - Notibras<\/title>\n<meta name=\"robots\" content=\"index, follow, max-snippet:-1, max-image-preview:large, max-video-preview:-1\" \/>\n<link rel=\"canonical\" href=\"https:\/\/www.notibras.com\/site\/todos-vivemos-a-espera-do-vento-de-justica-por-fabi\/\" \/>\n<meta property=\"og:locale\" content=\"pt_BR\" \/>\n<meta property=\"og:type\" content=\"article\" \/>\n<meta property=\"og:title\" content=\"Todos vivemos \u00e0 espera do vento de justi\u00e7a por Fabi - Notibras\" \/>\n<meta property=\"og:description\" content=\"Amigas-irm\u00e3s. Era assim que n\u00f3s nos refer\u00edamos uma \u00e0 outra. Seu pai era primo de minha m\u00e3e, mas n\u00e3o foi o grau de parentesco que nos uniu. Foi o fato de estudarmos juntas na Escola Normal, compartilhar a s\u00e9rie, os trabalhos e as caminhadas de ida e vinda de nossas casas para o col\u00e9gio o [&hellip;]\" \/>\n<meta property=\"og:url\" content=\"https:\/\/www.notibras.com\/site\/todos-vivemos-a-espera-do-vento-de-justica-por-fabi\/\" \/>\n<meta property=\"og:site_name\" content=\"Notibras\" \/>\n<meta property=\"article:publisher\" content=\"https:\/\/www.facebook.com\/notibras\/\" \/>\n<meta property=\"article:published_time\" content=\"2024-06-20T12:45:53+00:00\" \/>\n<meta property=\"article:modified_time\" content=\"2024-06-20T13:49:16+00:00\" \/>\n<meta property=\"og:image\" content=\"https:\/\/www.notibras.com\/site\/wp-content\/uploads\/2024\/06\/107cba7e-5b01-4da4-8e4b-e6942c51cb0b.jpeg\" \/>\n\t<meta property=\"og:image:width\" content=\"960\" \/>\n\t<meta property=\"og:image:height\" content=\"1280\" \/>\n\t<meta property=\"og:image:type\" content=\"image\/jpeg\" \/>\n<meta name=\"author\" content=\"Reda\u00e7\u00e3o\" \/>\n<meta name=\"twitter:card\" content=\"summary_large_image\" \/>\n<meta name=\"twitter:creator\" content=\"@Notibras\" \/>\n<meta name=\"twitter:site\" content=\"@Notibras\" \/>\n<meta name=\"twitter:label1\" content=\"Escrito por\" \/>\n\t<meta name=\"twitter:data1\" content=\"Reda\u00e7\u00e3o\" \/>\n\t<meta name=\"twitter:label2\" content=\"Est. tempo de leitura\" \/>\n\t<meta name=\"twitter:data2\" content=\"5 minutos\" \/>\n<script type=\"application\/ld+json\" class=\"yoast-schema-graph\">{\"@context\":\"https:\\\/\\\/schema.org\",\"@graph\":[{\"@type\":\"Article\",\"@id\":\"https:\\\/\\\/www.notibras.com\\\/site\\\/todos-vivemos-a-espera-do-vento-de-justica-por-fabi\\\/#article\",\"isPartOf\":{\"@id\":\"https:\\\/\\\/www.notibras.com\\\/site\\\/todos-vivemos-a-espera-do-vento-de-justica-por-fabi\\\/\"},\"author\":{\"name\":\"Reda\u00e7\u00e3o\",\"@id\":\"https:\\\/\\\/www.notibras.com\\\/site\\\/#\\\/schema\\\/person\\\/36ab0979449956132d3e5b517ea76ac8\"},\"headline\":\"Todos vivemos \u00e0 espera do vento de justi\u00e7a por Fabi\",\"datePublished\":\"2024-06-20T12:45:53+00:00\",\"dateModified\":\"2024-06-20T13:49:16+00:00\",\"mainEntityOfPage\":{\"@id\":\"https:\\\/\\\/www.notibras.com\\\/site\\\/todos-vivemos-a-espera-do-vento-de-justica-por-fabi\\\/\"},\"wordCount\":937,\"publisher\":{\"@id\":\"https:\\\/\\\/www.notibras.com\\\/site\\\/#organization\"},\"image\":{\"@id\":\"https:\\\/\\\/www.notibras.com\\\/site\\\/todos-vivemos-a-espera-do-vento-de-justica-por-fabi\\\/#primaryimage\"},\"thumbnailUrl\":\"https:\\\/\\\/www.notibras.com\\\/site\\\/wp-content\\\/uploads\\\/2024\\\/06\\\/107cba7e-5b01-4da4-8e4b-e6942c51cb0b.jpeg\",\"articleSection\":[\"Quadradinho em Foco\"],\"inLanguage\":\"pt-BR\"},{\"@type\":\"WebPage\",\"@id\":\"https:\\\/\\\/www.notibras.com\\\/site\\\/todos-vivemos-a-espera-do-vento-de-justica-por-fabi\\\/\",\"url\":\"https:\\\/\\\/www.notibras.com\\\/site\\\/todos-vivemos-a-espera-do-vento-de-justica-por-fabi\\\/\",\"name\":\"Todos vivemos \u00e0 espera do vento de justi\u00e7a por Fabi - Notibras\",\"isPartOf\":{\"@id\":\"https:\\\/\\\/www.notibras.com\\\/site\\\/#website\"},\"primaryImageOfPage\":{\"@id\":\"https:\\\/\\\/www.notibras.com\\\/site\\\/todos-vivemos-a-espera-do-vento-de-justica-por-fabi\\\/#primaryimage\"},\"image\":{\"@id\":\"https:\\\/\\\/www.notibras.com\\\/site\\\/todos-vivemos-a-espera-do-vento-de-justica-por-fabi\\\/#primaryimage\"},\"thumbnailUrl\":\"https:\\\/\\\/www.notibras.com\\\/site\\\/wp-content\\\/uploads\\\/2024\\\/06\\\/107cba7e-5b01-4da4-8e4b-e6942c51cb0b.jpeg\",\"datePublished\":\"2024-06-20T12:45:53+00:00\",\"dateModified\":\"2024-06-20T13:49:16+00:00\",\"breadcrumb\":{\"@id\":\"https:\\\/\\\/www.notibras.com\\\/site\\\/todos-vivemos-a-espera-do-vento-de-justica-por-fabi\\\/#breadcrumb\"},\"inLanguage\":\"pt-BR\",\"potentialAction\":[{\"@type\":\"ReadAction\",\"target\":[\"https:\\\/\\\/www.notibras.com\\\/site\\\/todos-vivemos-a-espera-do-vento-de-justica-por-fabi\\\/\"]}]},{\"@type\":\"ImageObject\",\"inLanguage\":\"pt-BR\",\"@id\":\"https:\\\/\\\/www.notibras.com\\\/site\\\/todos-vivemos-a-espera-do-vento-de-justica-por-fabi\\\/#primaryimage\",\"url\":\"https:\\\/\\\/www.notibras.com\\\/site\\\/wp-content\\\/uploads\\\/2024\\\/06\\\/107cba7e-5b01-4da4-8e4b-e6942c51cb0b.jpeg\",\"contentUrl\":\"https:\\\/\\\/www.notibras.com\\\/site\\\/wp-content\\\/uploads\\\/2024\\\/06\\\/107cba7e-5b01-4da4-8e4b-e6942c51cb0b.jpeg\",\"width\":960,\"height\":1280},{\"@type\":\"BreadcrumbList\",\"@id\":\"https:\\\/\\\/www.notibras.com\\\/site\\\/todos-vivemos-a-espera-do-vento-de-justica-por-fabi\\\/#breadcrumb\",\"itemListElement\":[{\"@type\":\"ListItem\",\"position\":1,\"name\":\"In\u00edcio\",\"item\":\"https:\\\/\\\/www.notibras.com\\\/site\\\/\"},{\"@type\":\"ListItem\",\"position\":2,\"name\":\"Todos vivemos \u00e0 espera do vento de justi\u00e7a por Fabi\"}]},{\"@type\":\"WebSite\",\"@id\":\"https:\\\/\\\/www.notibras.com\\\/site\\\/#website\",\"url\":\"https:\\\/\\\/www.notibras.com\\\/site\\\/\",\"name\":\"Notibras\",\"description\":\"Not\u00edcias de Bras\u00edlia, do Brasil e do Mundo\",\"publisher\":{\"@id\":\"https:\\\/\\\/www.notibras.com\\\/site\\\/#organization\"},\"potentialAction\":[{\"@type\":\"SearchAction\",\"target\":{\"@type\":\"EntryPoint\",\"urlTemplate\":\"https:\\\/\\\/www.notibras.com\\\/site\\\/?s={search_term_string}\"},\"query-input\":{\"@type\":\"PropertyValueSpecification\",\"valueRequired\":true,\"valueName\":\"search_term_string\"}}],\"inLanguage\":\"pt-BR\"},{\"@type\":\"Organization\",\"@id\":\"https:\\\/\\\/www.notibras.com\\\/site\\\/#organization\",\"name\":\"Grupo Notibras de Comunica\u00e7\u00e3o\",\"url\":\"https:\\\/\\\/www.notibras.com\\\/site\\\/\",\"logo\":{\"@type\":\"ImageObject\",\"inLanguage\":\"pt-BR\",\"@id\":\"https:\\\/\\\/www.notibras.com\\\/site\\\/#\\\/schema\\\/logo\\\/image\\\/\",\"url\":\"https:\\\/\\\/www.notibras.com\\\/site\\\/wp-content\\\/uploads\\\/2023\\\/01\\\/notibras23.png\",\"contentUrl\":\"https:\\\/\\\/www.notibras.com\\\/site\\\/wp-content\\\/uploads\\\/2023\\\/01\\\/notibras23.png\",\"width\":350,\"height\":87,\"caption\":\"Grupo Notibras de Comunica\u00e7\u00e3o\"},\"image\":{\"@id\":\"https:\\\/\\\/www.notibras.com\\\/site\\\/#\\\/schema\\\/logo\\\/image\\\/\"},\"sameAs\":[\"https:\\\/\\\/www.facebook.com\\\/notibras\\\/\",\"https:\\\/\\\/x.com\\\/Notibras\",\"https:\\\/\\\/www.instagram.com\\\/notibras\\\/\"]},{\"@type\":\"Person\",\"@id\":\"https:\\\/\\\/www.notibras.com\\\/site\\\/#\\\/schema\\\/person\\\/36ab0979449956132d3e5b517ea76ac8\",\"name\":\"Reda\u00e7\u00e3o\",\"image\":{\"@type\":\"ImageObject\",\"inLanguage\":\"pt-BR\",\"@id\":\"https:\\\/\\\/secure.gravatar.com\\\/avatar\\\/e0a867bdedb85fd243eadf09663511f96fc81e0720a4a42581f334ad4303aa6b?s=96&d=mm&r=g\",\"url\":\"https:\\\/\\\/secure.gravatar.com\\\/avatar\\\/e0a867bdedb85fd243eadf09663511f96fc81e0720a4a42581f334ad4303aa6b?s=96&d=mm&r=g\",\"contentUrl\":\"https:\\\/\\\/secure.gravatar.com\\\/avatar\\\/e0a867bdedb85fd243eadf09663511f96fc81e0720a4a42581f334ad4303aa6b?s=96&d=mm&r=g\",\"caption\":\"Reda\u00e7\u00e3o\"}}]}<\/script>\n<!-- \/ Yoast SEO plugin. -->","yoast_head_json":{"title":"Todos vivemos \u00e0 espera do vento de justi\u00e7a por Fabi - Notibras","robots":{"index":"index","follow":"follow","max-snippet":"max-snippet:-1","max-image-preview":"max-image-preview:large","max-video-preview":"max-video-preview:-1"},"canonical":"https:\/\/www.notibras.com\/site\/todos-vivemos-a-espera-do-vento-de-justica-por-fabi\/","og_locale":"pt_BR","og_type":"article","og_title":"Todos vivemos \u00e0 espera do vento de justi\u00e7a por Fabi - Notibras","og_description":"Amigas-irm\u00e3s. Era assim que n\u00f3s nos refer\u00edamos uma \u00e0 outra. Seu pai era primo de minha m\u00e3e, mas n\u00e3o foi o grau de parentesco que nos uniu. Foi o fato de estudarmos juntas na Escola Normal, compartilhar a s\u00e9rie, os trabalhos e as caminhadas de ida e vinda de nossas casas para o col\u00e9gio o [&hellip;]","og_url":"https:\/\/www.notibras.com\/site\/todos-vivemos-a-espera-do-vento-de-justica-por-fabi\/","og_site_name":"Notibras","article_publisher":"https:\/\/www.facebook.com\/notibras\/","article_published_time":"2024-06-20T12:45:53+00:00","article_modified_time":"2024-06-20T13:49:16+00:00","og_image":[{"width":960,"height":1280,"url":"https:\/\/www.notibras.com\/site\/wp-content\/uploads\/2024\/06\/107cba7e-5b01-4da4-8e4b-e6942c51cb0b.jpeg","type":"image\/jpeg"}],"author":"Reda\u00e7\u00e3o","twitter_card":"summary_large_image","twitter_creator":"@Notibras","twitter_site":"@Notibras","twitter_misc":{"Escrito por":"Reda\u00e7\u00e3o","Est. tempo de leitura":"5 minutos"},"schema":{"@context":"https:\/\/schema.org","@graph":[{"@type":"Article","@id":"https:\/\/www.notibras.com\/site\/todos-vivemos-a-espera-do-vento-de-justica-por-fabi\/#article","isPartOf":{"@id":"https:\/\/www.notibras.com\/site\/todos-vivemos-a-espera-do-vento-de-justica-por-fabi\/"},"author":{"name":"Reda\u00e7\u00e3o","@id":"https:\/\/www.notibras.com\/site\/#\/schema\/person\/36ab0979449956132d3e5b517ea76ac8"},"headline":"Todos vivemos \u00e0 espera do vento de justi\u00e7a por Fabi","datePublished":"2024-06-20T12:45:53+00:00","dateModified":"2024-06-20T13:49:16+00:00","mainEntityOfPage":{"@id":"https:\/\/www.notibras.com\/site\/todos-vivemos-a-espera-do-vento-de-justica-por-fabi\/"},"wordCount":937,"publisher":{"@id":"https:\/\/www.notibras.com\/site\/#organization"},"image":{"@id":"https:\/\/www.notibras.com\/site\/todos-vivemos-a-espera-do-vento-de-justica-por-fabi\/#primaryimage"},"thumbnailUrl":"https:\/\/www.notibras.com\/site\/wp-content\/uploads\/2024\/06\/107cba7e-5b01-4da4-8e4b-e6942c51cb0b.jpeg","articleSection":["Quadradinho em Foco"],"inLanguage":"pt-BR"},{"@type":"WebPage","@id":"https:\/\/www.notibras.com\/site\/todos-vivemos-a-espera-do-vento-de-justica-por-fabi\/","url":"https:\/\/www.notibras.com\/site\/todos-vivemos-a-espera-do-vento-de-justica-por-fabi\/","name":"Todos vivemos \u00e0 espera do vento de justi\u00e7a por Fabi - Notibras","isPartOf":{"@id":"https:\/\/www.notibras.com\/site\/#website"},"primaryImageOfPage":{"@id":"https:\/\/www.notibras.com\/site\/todos-vivemos-a-espera-do-vento-de-justica-por-fabi\/#primaryimage"},"image":{"@id":"https:\/\/www.notibras.com\/site\/todos-vivemos-a-espera-do-vento-de-justica-por-fabi\/#primaryimage"},"thumbnailUrl":"https:\/\/www.notibras.com\/site\/wp-content\/uploads\/2024\/06\/107cba7e-5b01-4da4-8e4b-e6942c51cb0b.jpeg","datePublished":"2024-06-20T12:45:53+00:00","dateModified":"2024-06-20T13:49:16+00:00","breadcrumb":{"@id":"https:\/\/www.notibras.com\/site\/todos-vivemos-a-espera-do-vento-de-justica-por-fabi\/#breadcrumb"},"inLanguage":"pt-BR","potentialAction":[{"@type":"ReadAction","target":["https:\/\/www.notibras.com\/site\/todos-vivemos-a-espera-do-vento-de-justica-por-fabi\/"]}]},{"@type":"ImageObject","inLanguage":"pt-BR","@id":"https:\/\/www.notibras.com\/site\/todos-vivemos-a-espera-do-vento-de-justica-por-fabi\/#primaryimage","url":"https:\/\/www.notibras.com\/site\/wp-content\/uploads\/2024\/06\/107cba7e-5b01-4da4-8e4b-e6942c51cb0b.jpeg","contentUrl":"https:\/\/www.notibras.com\/site\/wp-content\/uploads\/2024\/06\/107cba7e-5b01-4da4-8e4b-e6942c51cb0b.jpeg","width":960,"height":1280},{"@type":"BreadcrumbList","@id":"https:\/\/www.notibras.com\/site\/todos-vivemos-a-espera-do-vento-de-justica-por-fabi\/#breadcrumb","itemListElement":[{"@type":"ListItem","position":1,"name":"In\u00edcio","item":"https:\/\/www.notibras.com\/site\/"},{"@type":"ListItem","position":2,"name":"Todos vivemos \u00e0 espera do vento de justi\u00e7a por Fabi"}]},{"@type":"WebSite","@id":"https:\/\/www.notibras.com\/site\/#website","url":"https:\/\/www.notibras.com\/site\/","name":"Notibras","description":"Not\u00edcias de Bras\u00edlia, do Brasil e do Mundo","publisher":{"@id":"https:\/\/www.notibras.com\/site\/#organization"},"potentialAction":[{"@type":"SearchAction","target":{"@type":"EntryPoint","urlTemplate":"https:\/\/www.notibras.com\/site\/?s={search_term_string}"},"query-input":{"@type":"PropertyValueSpecification","valueRequired":true,"valueName":"search_term_string"}}],"inLanguage":"pt-BR"},{"@type":"Organization","@id":"https:\/\/www.notibras.com\/site\/#organization","name":"Grupo Notibras de Comunica\u00e7\u00e3o","url":"https:\/\/www.notibras.com\/site\/","logo":{"@type":"ImageObject","inLanguage":"pt-BR","@id":"https:\/\/www.notibras.com\/site\/#\/schema\/logo\/image\/","url":"https:\/\/www.notibras.com\/site\/wp-content\/uploads\/2023\/01\/notibras23.png","contentUrl":"https:\/\/www.notibras.com\/site\/wp-content\/uploads\/2023\/01\/notibras23.png","width":350,"height":87,"caption":"Grupo Notibras de Comunica\u00e7\u00e3o"},"image":{"@id":"https:\/\/www.notibras.com\/site\/#\/schema\/logo\/image\/"},"sameAs":["https:\/\/www.facebook.com\/notibras\/","https:\/\/x.com\/Notibras","https:\/\/www.instagram.com\/notibras\/"]},{"@type":"Person","@id":"https:\/\/www.notibras.com\/site\/#\/schema\/person\/36ab0979449956132d3e5b517ea76ac8","name":"Reda\u00e7\u00e3o","image":{"@type":"ImageObject","inLanguage":"pt-BR","@id":"https:\/\/secure.gravatar.com\/avatar\/e0a867bdedb85fd243eadf09663511f96fc81e0720a4a42581f334ad4303aa6b?s=96&d=mm&r=g","url":"https:\/\/secure.gravatar.com\/avatar\/e0a867bdedb85fd243eadf09663511f96fc81e0720a4a42581f334ad4303aa6b?s=96&d=mm&r=g","contentUrl":"https:\/\/secure.gravatar.com\/avatar\/e0a867bdedb85fd243eadf09663511f96fc81e0720a4a42581f334ad4303aa6b?s=96&d=mm&r=g","caption":"Reda\u00e7\u00e3o"}}]}},"amp_enabled":true,"_links":{"self":[{"href":"https:\/\/www.notibras.com\/site\/wp-json\/wp\/v2\/posts\/331116","targetHints":{"allow":["GET"]}}],"collection":[{"href":"https:\/\/www.notibras.com\/site\/wp-json\/wp\/v2\/posts"}],"about":[{"href":"https:\/\/www.notibras.com\/site\/wp-json\/wp\/v2\/types\/post"}],"author":[{"embeddable":true,"href":"https:\/\/www.notibras.com\/site\/wp-json\/wp\/v2\/users\/2"}],"replies":[{"embeddable":true,"href":"https:\/\/www.notibras.com\/site\/wp-json\/wp\/v2\/comments?post=331116"}],"version-history":[{"count":3,"href":"https:\/\/www.notibras.com\/site\/wp-json\/wp\/v2\/posts\/331116\/revisions"}],"predecessor-version":[{"id":331120,"href":"https:\/\/www.notibras.com\/site\/wp-json\/wp\/v2\/posts\/331116\/revisions\/331120"}],"wp:featuredmedia":[{"embeddable":true,"href":"https:\/\/www.notibras.com\/site\/wp-json\/wp\/v2\/media\/331117"}],"wp:attachment":[{"href":"https:\/\/www.notibras.com\/site\/wp-json\/wp\/v2\/media?parent=331116"}],"wp:term":[{"taxonomy":"category","embeddable":true,"href":"https:\/\/www.notibras.com\/site\/wp-json\/wp\/v2\/categories?post=331116"},{"taxonomy":"post_tag","embeddable":true,"href":"https:\/\/www.notibras.com\/site\/wp-json\/wp\/v2\/tags?post=331116"}],"curies":[{"name":"wp","href":"https:\/\/api.w.org\/{rel}","templated":true}]}}