{"id":331151,"date":"2024-06-20T00:00:24","date_gmt":"2024-06-20T03:00:24","guid":{"rendered":"https:\/\/www.notibras.com\/site\/?p=331151"},"modified":"2024-06-20T12:29:50","modified_gmt":"2024-06-20T15:29:50","slug":"mulheres-fazem-ato-contra-pl-que-equipara-aborto-a-homicidio","status":"publish","type":"post","link":"https:\/\/www.notibras.com\/site\/mulheres-fazem-ato-contra-pl-que-equipara-aborto-a-homicidio\/","title":{"rendered":"Mulheres fazem ato contra PL que equipara aborto a homic\u00eddio"},"content":{"rendered":"<p>Um grupo de mulheres participou na tarde desta quarta-feira (19) de protesto em Bras\u00edlia contra o PL 1.904\/2024 em frente \u00e0 C\u00e2mara dos Deputados.<\/p>\n<p>Os atos, que pediam o arquivo do \u201cPL da Gravidez Infantil\u201d, como tamb\u00e9m \u00e9 chamado, foi convocado pela Frente Nacional contra a Criminaliza\u00e7\u00e3o das Mulheres e pela Legaliza\u00e7\u00e3o do Aborto; e pelo movimento da sociedade civil Crian\u00e7a N\u00e3o \u00e9 M\u00e3e.<\/p>\n<p>O PL equipara aborto a homic\u00eddio; e prev\u00ea que meninas e mulheres que vierem a fazer o procedimento ap\u00f3s 22 semanas de gesta\u00e7\u00e3o, inclusive quando v\u00edtimas de estupro, ter\u00e3o penas de seis a 20 anos de reclus\u00e3o &#8211; puni\u00e7\u00e3o maior do que a prevista para quem comete crime de estupro de vulner\u00e1vel (de oito a 15 anos de reclus\u00e3o). Hoje, a legisla\u00e7\u00e3o brasileira n\u00e3o prev\u00ea um limite m\u00e1ximo para interromper a gravidez de forma legal.<\/p>\n<p>Al\u00e9m dos atos, tamb\u00e9m foi escrito um manifesto contra a proposta assinado por cerca de 150 mulheres crist\u00e3s, inclusive pastoras e di\u00e1conas, de igrejas diferentes &#8211; Luterana, Anglicana, Presbiteriana, Batista, Neopentecostais e Cat\u00f3lica \u2013 e de todas as regi\u00f5es do pa\u00eds. O documento foi redigido para ser entregue no Congresso Nacional, no Supremo Tribunal Federal e na Presid\u00eancia da Rep\u00fablica.<\/p>\n<p><strong>Contr\u00e1rio \u00e0 Constitui\u00e7\u00e3o<\/strong><br \/>\nO texto foi articulado por lideran\u00e7as femininas dessas igrejas, entre elas a pastora Lusmarina Campos Garcia, da Igreja Evang\u00e9lica de Confiss\u00e3o Luterana no Brasil. Para a religiosa -e tamb\u00e9m advogada com doutorado em Direito -, o PL \u00e9 \u201cum mecanismo para criminalizar as meninas e as mulheres. \u00c9 absolutamente contr\u00e1rio \u00e0 Constitui\u00e7\u00e3o, que tem as garantias todas estabelecidas no Artigo 5\u00ba. \u00c9 tamb\u00e9m absolutamente contr\u00e1rio aos tratados internacionais dos quais o Brasil \u00e9 signat\u00e1rio.\u201d<\/p>\n<p>Na avalia\u00e7\u00e3o de Lusmarina, a \u201cproposta n\u00e3o prospera\u201d, mas foi apresentada &#8211; e ganhou regime de urg\u00eancia na tramita\u00e7\u00e3o &#8211; como \u201cmodo de pressionar o governo para a aprova\u00e7\u00e3o de outras pautas. Para que o governo libere outros tipos de vota\u00e7\u00e3o, relativas aos direitos trabalhistas, aos direitos educacionais, aos direitos dos povos ind\u00edgenas, \u00e0 quest\u00e3o ambiental.\u201d<\/p>\n<p>\u201cEu penso que na verdade o aborto e as quest\u00f5es da sa\u00fade reprodutiva das mulheres acabaram se tornando tipo uma moeda de troca, uma barganha, por parte dos grupos mais fundamentalistas\u201d, opina a religiosa, que critica a \u201cexplora\u00e7\u00e3o da boa f\u00e9 das pessoas, especialmente aquelas em vulnerabilidade social\u201d, disse.<br \/>\n\u201cH\u00e1 pastores que precisam que essa gente esteja em vulnerabilidade social e precisam que o Estado n\u00e3o cumpra o seu papel de responder a essa vulnerabilidade, para poder ter um papel mais importante na vida dessas pessoas. Acho que \u00e9 uma infelicidade profunda que n\u00f3s n\u00e3o tenhamos uma pol\u00edtica social forte que consiga dar conta de responder \u00e0s necessidades do povo. Com isso deixamos aberta a possibilidade para que alguns grupos explorem a necessidade das pessoas com uma linguagem de f\u00e9\u201d, lamentou a pastora.<\/p>\n<p>Ontem, o presidente da C\u00e2mara dos Deputados, Arthur Lira (PP-AL), previu que o PL 1.904 ser\u00e1 debatido no pr\u00f3ximo semestre. Segundo ele, \u201cnada nesse projeto retroagir\u00e1 nos direitos j\u00e1 garantidos e nada ir\u00e1 avan\u00e7ar para trazer qualquer dano \u00e0s mulheres.<\/p>\n<p>Para especialistas em sa\u00fade reprodutiva e em direito penal, eventual aprova\u00e7\u00e3o do PL criminalizaria especialmente meninas v\u00edtimas de estupro. Em 2022, de cada quatro estupros, tr\u00eas foram cometidos contra pessoas \u201cincapazes de consentir, fosse pela idade (menores de 14 anos), ou por qualquer outro motivo (defici\u00eancia, enfermidade etc.)\u201d, informa publica\u00e7\u00e3o do F\u00f3rum Brasileiro de Seguran\u00e7a P\u00fablica em 2023.<\/p>\n<p>O Instituto de Pesquisa Econ\u00f4mica Aplicada (Ipea) estima que apenas 8,5% dos estupros no Brasil s\u00e3o relatados \u00e0 pol\u00edcia. A proje\u00e7\u00e3o do instituto \u00e9 que, de fato, ocorram 822 mil casos anuais.<\/p>\n<p>Mantida a propor\u00e7\u00e3o de tr\u00eas quartos dos casos registrados nas delegacias, o Brasil teria mais de 616 mil casos de vulner\u00e1veis por ano.<\/p>\n<p>&nbsp;<\/p>\n","protected":false},"excerpt":{"rendered":"<p>Um grupo de mulheres participou na tarde desta quarta-feira (19) de protesto em Bras\u00edlia contra o PL 1.904\/2024 em frente \u00e0 C\u00e2mara dos Deputados. Os atos, que pediam o arquivo do \u201cPL da Gravidez Infantil\u201d, como tamb\u00e9m \u00e9 chamado, foi convocado pela Frente Nacional contra a Criminaliza\u00e7\u00e3o das Mulheres e pela Legaliza\u00e7\u00e3o do Aborto; e [&hellip;]<\/p>\n","protected":false},"author":2,"featured_media":331152,"comment_status":"closed","ping_status":"closed","sticky":false,"template":"","format":"standard","meta":{"_acf_changed":false,"footnotes":""},"categories":[161],"tags":[],"class_list":["post-331151","post","type-post","status-publish","format-standard","has-post-thumbnail","hentry","category-quadradinho-em-foco"],"acf":[],"yoast_head":"<!-- This site is optimized with the Yoast SEO plugin v27.5 - https:\/\/yoast.com\/product\/yoast-seo-wordpress\/ -->\n<title>Mulheres fazem ato contra PL que equipara aborto a homic\u00eddio - Notibras<\/title>\n<meta name=\"robots\" content=\"index, follow, max-snippet:-1, max-image-preview:large, max-video-preview:-1\" \/>\n<link rel=\"canonical\" href=\"https:\/\/www.notibras.com\/site\/mulheres-fazem-ato-contra-pl-que-equipara-aborto-a-homicidio\/\" \/>\n<meta property=\"og:locale\" content=\"pt_BR\" \/>\n<meta property=\"og:type\" content=\"article\" \/>\n<meta property=\"og:title\" content=\"Mulheres fazem ato contra PL que equipara aborto a homic\u00eddio - Notibras\" \/>\n<meta property=\"og:description\" content=\"Um grupo de mulheres participou na tarde desta quarta-feira (19) de protesto em Bras\u00edlia contra o PL 1.904\/2024 em frente \u00e0 C\u00e2mara dos Deputados. Os atos, que pediam o arquivo do \u201cPL da Gravidez Infantil\u201d, como tamb\u00e9m \u00e9 chamado, foi convocado pela Frente Nacional contra a Criminaliza\u00e7\u00e3o das Mulheres e pela Legaliza\u00e7\u00e3o do Aborto; e [&hellip;]\" \/>\n<meta property=\"og:url\" content=\"https:\/\/www.notibras.com\/site\/mulheres-fazem-ato-contra-pl-que-equipara-aborto-a-homicidio\/\" \/>\n<meta property=\"og:site_name\" content=\"Notibras\" \/>\n<meta property=\"article:publisher\" content=\"https:\/\/www.facebook.com\/notibras\/\" \/>\n<meta property=\"article:published_time\" content=\"2024-06-20T03:00:24+00:00\" \/>\n<meta property=\"article:modified_time\" content=\"2024-06-20T15:29:50+00:00\" \/>\n<meta property=\"og:image\" content=\"https:\/\/www.notibras.com\/site\/wp-content\/uploads\/2024\/06\/bsbaborto.webp\" \/>\n\t<meta property=\"og:image:width\" content=\"1170\" \/>\n\t<meta property=\"og:image:height\" content=\"700\" \/>\n\t<meta property=\"og:image:type\" content=\"image\/webp\" \/>\n<meta name=\"author\" content=\"Reda\u00e7\u00e3o\" \/>\n<meta name=\"twitter:card\" content=\"summary_large_image\" \/>\n<meta name=\"twitter:creator\" content=\"@Notibras\" \/>\n<meta name=\"twitter:site\" content=\"@Notibras\" \/>\n<meta name=\"twitter:label1\" content=\"Escrito por\" \/>\n\t<meta name=\"twitter:data1\" content=\"Reda\u00e7\u00e3o\" \/>\n\t<meta name=\"twitter:label2\" content=\"Est. tempo de leitura\" \/>\n\t<meta name=\"twitter:data2\" content=\"4 minutos\" \/>\n<script type=\"application\/ld+json\" class=\"yoast-schema-graph\">{\"@context\":\"https:\\\/\\\/schema.org\",\"@graph\":[{\"@type\":\"Article\",\"@id\":\"https:\\\/\\\/www.notibras.com\\\/site\\\/mulheres-fazem-ato-contra-pl-que-equipara-aborto-a-homicidio\\\/#article\",\"isPartOf\":{\"@id\":\"https:\\\/\\\/www.notibras.com\\\/site\\\/mulheres-fazem-ato-contra-pl-que-equipara-aborto-a-homicidio\\\/\"},\"author\":{\"name\":\"Reda\u00e7\u00e3o\",\"@id\":\"https:\\\/\\\/www.notibras.com\\\/site\\\/#\\\/schema\\\/person\\\/36ab0979449956132d3e5b517ea76ac8\"},\"headline\":\"Mulheres fazem ato contra PL que equipara aborto a homic\u00eddio\",\"datePublished\":\"2024-06-20T03:00:24+00:00\",\"dateModified\":\"2024-06-20T15:29:50+00:00\",\"mainEntityOfPage\":{\"@id\":\"https:\\\/\\\/www.notibras.com\\\/site\\\/mulheres-fazem-ato-contra-pl-que-equipara-aborto-a-homicidio\\\/\"},\"wordCount\":676,\"publisher\":{\"@id\":\"https:\\\/\\\/www.notibras.com\\\/site\\\/#organization\"},\"image\":{\"@id\":\"https:\\\/\\\/www.notibras.com\\\/site\\\/mulheres-fazem-ato-contra-pl-que-equipara-aborto-a-homicidio\\\/#primaryimage\"},\"thumbnailUrl\":\"https:\\\/\\\/www.notibras.com\\\/site\\\/wp-content\\\/uploads\\\/2024\\\/06\\\/bsbaborto.webp\",\"articleSection\":[\"Quadradinho em Foco\"],\"inLanguage\":\"pt-BR\"},{\"@type\":\"WebPage\",\"@id\":\"https:\\\/\\\/www.notibras.com\\\/site\\\/mulheres-fazem-ato-contra-pl-que-equipara-aborto-a-homicidio\\\/\",\"url\":\"https:\\\/\\\/www.notibras.com\\\/site\\\/mulheres-fazem-ato-contra-pl-que-equipara-aborto-a-homicidio\\\/\",\"name\":\"Mulheres fazem ato contra PL que equipara aborto a homic\u00eddio - Notibras\",\"isPartOf\":{\"@id\":\"https:\\\/\\\/www.notibras.com\\\/site\\\/#website\"},\"primaryImageOfPage\":{\"@id\":\"https:\\\/\\\/www.notibras.com\\\/site\\\/mulheres-fazem-ato-contra-pl-que-equipara-aborto-a-homicidio\\\/#primaryimage\"},\"image\":{\"@id\":\"https:\\\/\\\/www.notibras.com\\\/site\\\/mulheres-fazem-ato-contra-pl-que-equipara-aborto-a-homicidio\\\/#primaryimage\"},\"thumbnailUrl\":\"https:\\\/\\\/www.notibras.com\\\/site\\\/wp-content\\\/uploads\\\/2024\\\/06\\\/bsbaborto.webp\",\"datePublished\":\"2024-06-20T03:00:24+00:00\",\"dateModified\":\"2024-06-20T15:29:50+00:00\",\"breadcrumb\":{\"@id\":\"https:\\\/\\\/www.notibras.com\\\/site\\\/mulheres-fazem-ato-contra-pl-que-equipara-aborto-a-homicidio\\\/#breadcrumb\"},\"inLanguage\":\"pt-BR\",\"potentialAction\":[{\"@type\":\"ReadAction\",\"target\":[\"https:\\\/\\\/www.notibras.com\\\/site\\\/mulheres-fazem-ato-contra-pl-que-equipara-aborto-a-homicidio\\\/\"]}]},{\"@type\":\"ImageObject\",\"inLanguage\":\"pt-BR\",\"@id\":\"https:\\\/\\\/www.notibras.com\\\/site\\\/mulheres-fazem-ato-contra-pl-que-equipara-aborto-a-homicidio\\\/#primaryimage\",\"url\":\"https:\\\/\\\/www.notibras.com\\\/site\\\/wp-content\\\/uploads\\\/2024\\\/06\\\/bsbaborto.webp\",\"contentUrl\":\"https:\\\/\\\/www.notibras.com\\\/site\\\/wp-content\\\/uploads\\\/2024\\\/06\\\/bsbaborto.webp\",\"width\":1170,\"height\":700},{\"@type\":\"BreadcrumbList\",\"@id\":\"https:\\\/\\\/www.notibras.com\\\/site\\\/mulheres-fazem-ato-contra-pl-que-equipara-aborto-a-homicidio\\\/#breadcrumb\",\"itemListElement\":[{\"@type\":\"ListItem\",\"position\":1,\"name\":\"In\u00edcio\",\"item\":\"https:\\\/\\\/www.notibras.com\\\/site\\\/\"},{\"@type\":\"ListItem\",\"position\":2,\"name\":\"Mulheres fazem ato contra PL que equipara aborto a homic\u00eddio\"}]},{\"@type\":\"WebSite\",\"@id\":\"https:\\\/\\\/www.notibras.com\\\/site\\\/#website\",\"url\":\"https:\\\/\\\/www.notibras.com\\\/site\\\/\",\"name\":\"Notibras\",\"description\":\"Not\u00edcias de Bras\u00edlia, do Brasil e do Mundo\",\"publisher\":{\"@id\":\"https:\\\/\\\/www.notibras.com\\\/site\\\/#organization\"},\"potentialAction\":[{\"@type\":\"SearchAction\",\"target\":{\"@type\":\"EntryPoint\",\"urlTemplate\":\"https:\\\/\\\/www.notibras.com\\\/site\\\/?s={search_term_string}\"},\"query-input\":{\"@type\":\"PropertyValueSpecification\",\"valueRequired\":true,\"valueName\":\"search_term_string\"}}],\"inLanguage\":\"pt-BR\"},{\"@type\":\"Organization\",\"@id\":\"https:\\\/\\\/www.notibras.com\\\/site\\\/#organization\",\"name\":\"Grupo Notibras de Comunica\u00e7\u00e3o\",\"url\":\"https:\\\/\\\/www.notibras.com\\\/site\\\/\",\"logo\":{\"@type\":\"ImageObject\",\"inLanguage\":\"pt-BR\",\"@id\":\"https:\\\/\\\/www.notibras.com\\\/site\\\/#\\\/schema\\\/logo\\\/image\\\/\",\"url\":\"https:\\\/\\\/www.notibras.com\\\/site\\\/wp-content\\\/uploads\\\/2023\\\/01\\\/notibras23.png\",\"contentUrl\":\"https:\\\/\\\/www.notibras.com\\\/site\\\/wp-content\\\/uploads\\\/2023\\\/01\\\/notibras23.png\",\"width\":350,\"height\":87,\"caption\":\"Grupo Notibras de Comunica\u00e7\u00e3o\"},\"image\":{\"@id\":\"https:\\\/\\\/www.notibras.com\\\/site\\\/#\\\/schema\\\/logo\\\/image\\\/\"},\"sameAs\":[\"https:\\\/\\\/www.facebook.com\\\/notibras\\\/\",\"https:\\\/\\\/x.com\\\/Notibras\",\"https:\\\/\\\/www.instagram.com\\\/notibras\\\/\"]},{\"@type\":\"Person\",\"@id\":\"https:\\\/\\\/www.notibras.com\\\/site\\\/#\\\/schema\\\/person\\\/36ab0979449956132d3e5b517ea76ac8\",\"name\":\"Reda\u00e7\u00e3o\",\"image\":{\"@type\":\"ImageObject\",\"inLanguage\":\"pt-BR\",\"@id\":\"https:\\\/\\\/secure.gravatar.com\\\/avatar\\\/e0a867bdedb85fd243eadf09663511f96fc81e0720a4a42581f334ad4303aa6b?s=96&d=mm&r=g\",\"url\":\"https:\\\/\\\/secure.gravatar.com\\\/avatar\\\/e0a867bdedb85fd243eadf09663511f96fc81e0720a4a42581f334ad4303aa6b?s=96&d=mm&r=g\",\"contentUrl\":\"https:\\\/\\\/secure.gravatar.com\\\/avatar\\\/e0a867bdedb85fd243eadf09663511f96fc81e0720a4a42581f334ad4303aa6b?s=96&d=mm&r=g\",\"caption\":\"Reda\u00e7\u00e3o\"}}]}<\/script>\n<!-- \/ Yoast SEO plugin. -->","yoast_head_json":{"title":"Mulheres fazem ato contra PL que equipara aborto a homic\u00eddio - Notibras","robots":{"index":"index","follow":"follow","max-snippet":"max-snippet:-1","max-image-preview":"max-image-preview:large","max-video-preview":"max-video-preview:-1"},"canonical":"https:\/\/www.notibras.com\/site\/mulheres-fazem-ato-contra-pl-que-equipara-aborto-a-homicidio\/","og_locale":"pt_BR","og_type":"article","og_title":"Mulheres fazem ato contra PL que equipara aborto a homic\u00eddio - Notibras","og_description":"Um grupo de mulheres participou na tarde desta quarta-feira (19) de protesto em Bras\u00edlia contra o PL 1.904\/2024 em frente \u00e0 C\u00e2mara dos Deputados. Os atos, que pediam o arquivo do \u201cPL da Gravidez Infantil\u201d, como tamb\u00e9m \u00e9 chamado, foi convocado pela Frente Nacional contra a Criminaliza\u00e7\u00e3o das Mulheres e pela Legaliza\u00e7\u00e3o do Aborto; e [&hellip;]","og_url":"https:\/\/www.notibras.com\/site\/mulheres-fazem-ato-contra-pl-que-equipara-aborto-a-homicidio\/","og_site_name":"Notibras","article_publisher":"https:\/\/www.facebook.com\/notibras\/","article_published_time":"2024-06-20T03:00:24+00:00","article_modified_time":"2024-06-20T15:29:50+00:00","og_image":[{"width":1170,"height":700,"url":"https:\/\/www.notibras.com\/site\/wp-content\/uploads\/2024\/06\/bsbaborto.webp","type":"image\/webp"}],"author":"Reda\u00e7\u00e3o","twitter_card":"summary_large_image","twitter_creator":"@Notibras","twitter_site":"@Notibras","twitter_misc":{"Escrito por":"Reda\u00e7\u00e3o","Est. tempo de leitura":"4 minutos"},"schema":{"@context":"https:\/\/schema.org","@graph":[{"@type":"Article","@id":"https:\/\/www.notibras.com\/site\/mulheres-fazem-ato-contra-pl-que-equipara-aborto-a-homicidio\/#article","isPartOf":{"@id":"https:\/\/www.notibras.com\/site\/mulheres-fazem-ato-contra-pl-que-equipara-aborto-a-homicidio\/"},"author":{"name":"Reda\u00e7\u00e3o","@id":"https:\/\/www.notibras.com\/site\/#\/schema\/person\/36ab0979449956132d3e5b517ea76ac8"},"headline":"Mulheres fazem ato contra PL que equipara aborto a homic\u00eddio","datePublished":"2024-06-20T03:00:24+00:00","dateModified":"2024-06-20T15:29:50+00:00","mainEntityOfPage":{"@id":"https:\/\/www.notibras.com\/site\/mulheres-fazem-ato-contra-pl-que-equipara-aborto-a-homicidio\/"},"wordCount":676,"publisher":{"@id":"https:\/\/www.notibras.com\/site\/#organization"},"image":{"@id":"https:\/\/www.notibras.com\/site\/mulheres-fazem-ato-contra-pl-que-equipara-aborto-a-homicidio\/#primaryimage"},"thumbnailUrl":"https:\/\/www.notibras.com\/site\/wp-content\/uploads\/2024\/06\/bsbaborto.webp","articleSection":["Quadradinho em Foco"],"inLanguage":"pt-BR"},{"@type":"WebPage","@id":"https:\/\/www.notibras.com\/site\/mulheres-fazem-ato-contra-pl-que-equipara-aborto-a-homicidio\/","url":"https:\/\/www.notibras.com\/site\/mulheres-fazem-ato-contra-pl-que-equipara-aborto-a-homicidio\/","name":"Mulheres fazem ato contra PL que equipara aborto a homic\u00eddio - Notibras","isPartOf":{"@id":"https:\/\/www.notibras.com\/site\/#website"},"primaryImageOfPage":{"@id":"https:\/\/www.notibras.com\/site\/mulheres-fazem-ato-contra-pl-que-equipara-aborto-a-homicidio\/#primaryimage"},"image":{"@id":"https:\/\/www.notibras.com\/site\/mulheres-fazem-ato-contra-pl-que-equipara-aborto-a-homicidio\/#primaryimage"},"thumbnailUrl":"https:\/\/www.notibras.com\/site\/wp-content\/uploads\/2024\/06\/bsbaborto.webp","datePublished":"2024-06-20T03:00:24+00:00","dateModified":"2024-06-20T15:29:50+00:00","breadcrumb":{"@id":"https:\/\/www.notibras.com\/site\/mulheres-fazem-ato-contra-pl-que-equipara-aborto-a-homicidio\/#breadcrumb"},"inLanguage":"pt-BR","potentialAction":[{"@type":"ReadAction","target":["https:\/\/www.notibras.com\/site\/mulheres-fazem-ato-contra-pl-que-equipara-aborto-a-homicidio\/"]}]},{"@type":"ImageObject","inLanguage":"pt-BR","@id":"https:\/\/www.notibras.com\/site\/mulheres-fazem-ato-contra-pl-que-equipara-aborto-a-homicidio\/#primaryimage","url":"https:\/\/www.notibras.com\/site\/wp-content\/uploads\/2024\/06\/bsbaborto.webp","contentUrl":"https:\/\/www.notibras.com\/site\/wp-content\/uploads\/2024\/06\/bsbaborto.webp","width":1170,"height":700},{"@type":"BreadcrumbList","@id":"https:\/\/www.notibras.com\/site\/mulheres-fazem-ato-contra-pl-que-equipara-aborto-a-homicidio\/#breadcrumb","itemListElement":[{"@type":"ListItem","position":1,"name":"In\u00edcio","item":"https:\/\/www.notibras.com\/site\/"},{"@type":"ListItem","position":2,"name":"Mulheres fazem ato contra PL que equipara aborto a homic\u00eddio"}]},{"@type":"WebSite","@id":"https:\/\/www.notibras.com\/site\/#website","url":"https:\/\/www.notibras.com\/site\/","name":"Notibras","description":"Not\u00edcias de Bras\u00edlia, do Brasil e do Mundo","publisher":{"@id":"https:\/\/www.notibras.com\/site\/#organization"},"potentialAction":[{"@type":"SearchAction","target":{"@type":"EntryPoint","urlTemplate":"https:\/\/www.notibras.com\/site\/?s={search_term_string}"},"query-input":{"@type":"PropertyValueSpecification","valueRequired":true,"valueName":"search_term_string"}}],"inLanguage":"pt-BR"},{"@type":"Organization","@id":"https:\/\/www.notibras.com\/site\/#organization","name":"Grupo Notibras de Comunica\u00e7\u00e3o","url":"https:\/\/www.notibras.com\/site\/","logo":{"@type":"ImageObject","inLanguage":"pt-BR","@id":"https:\/\/www.notibras.com\/site\/#\/schema\/logo\/image\/","url":"https:\/\/www.notibras.com\/site\/wp-content\/uploads\/2023\/01\/notibras23.png","contentUrl":"https:\/\/www.notibras.com\/site\/wp-content\/uploads\/2023\/01\/notibras23.png","width":350,"height":87,"caption":"Grupo Notibras de Comunica\u00e7\u00e3o"},"image":{"@id":"https:\/\/www.notibras.com\/site\/#\/schema\/logo\/image\/"},"sameAs":["https:\/\/www.facebook.com\/notibras\/","https:\/\/x.com\/Notibras","https:\/\/www.instagram.com\/notibras\/"]},{"@type":"Person","@id":"https:\/\/www.notibras.com\/site\/#\/schema\/person\/36ab0979449956132d3e5b517ea76ac8","name":"Reda\u00e7\u00e3o","image":{"@type":"ImageObject","inLanguage":"pt-BR","@id":"https:\/\/secure.gravatar.com\/avatar\/e0a867bdedb85fd243eadf09663511f96fc81e0720a4a42581f334ad4303aa6b?s=96&d=mm&r=g","url":"https:\/\/secure.gravatar.com\/avatar\/e0a867bdedb85fd243eadf09663511f96fc81e0720a4a42581f334ad4303aa6b?s=96&d=mm&r=g","contentUrl":"https:\/\/secure.gravatar.com\/avatar\/e0a867bdedb85fd243eadf09663511f96fc81e0720a4a42581f334ad4303aa6b?s=96&d=mm&r=g","caption":"Reda\u00e7\u00e3o"}}]}},"amp_enabled":true,"_links":{"self":[{"href":"https:\/\/www.notibras.com\/site\/wp-json\/wp\/v2\/posts\/331151","targetHints":{"allow":["GET"]}}],"collection":[{"href":"https:\/\/www.notibras.com\/site\/wp-json\/wp\/v2\/posts"}],"about":[{"href":"https:\/\/www.notibras.com\/site\/wp-json\/wp\/v2\/types\/post"}],"author":[{"embeddable":true,"href":"https:\/\/www.notibras.com\/site\/wp-json\/wp\/v2\/users\/2"}],"replies":[{"embeddable":true,"href":"https:\/\/www.notibras.com\/site\/wp-json\/wp\/v2\/comments?post=331151"}],"version-history":[{"count":1,"href":"https:\/\/www.notibras.com\/site\/wp-json\/wp\/v2\/posts\/331151\/revisions"}],"predecessor-version":[{"id":331153,"href":"https:\/\/www.notibras.com\/site\/wp-json\/wp\/v2\/posts\/331151\/revisions\/331153"}],"wp:featuredmedia":[{"embeddable":true,"href":"https:\/\/www.notibras.com\/site\/wp-json\/wp\/v2\/media\/331152"}],"wp:attachment":[{"href":"https:\/\/www.notibras.com\/site\/wp-json\/wp\/v2\/media?parent=331151"}],"wp:term":[{"taxonomy":"category","embeddable":true,"href":"https:\/\/www.notibras.com\/site\/wp-json\/wp\/v2\/categories?post=331151"},{"taxonomy":"post_tag","embeddable":true,"href":"https:\/\/www.notibras.com\/site\/wp-json\/wp\/v2\/tags?post=331151"}],"curies":[{"name":"wp","href":"https:\/\/api.w.org\/{rel}","templated":true}]}}