{"id":331155,"date":"2024-06-20T00:00:05","date_gmt":"2024-06-20T03:00:05","guid":{"rendered":"https:\/\/www.notibras.com\/site\/?p=331155"},"modified":"2024-06-20T12:39:52","modified_gmt":"2024-06-20T15:39:52","slug":"procon-faz-consulta-sobre-uso-de-inteligencia-artificia","status":"publish","type":"post","link":"https:\/\/www.notibras.com\/site\/procon-faz-consulta-sobre-uso-de-inteligencia-artificia\/","title":{"rendered":"Procon faz consulta sobre uso de Intelig\u00eancia Artificia"},"content":{"rendered":"<p>O Procon lan\u00e7ou nesta semana pesquisa para conhecer a percep\u00e7\u00e3o e opini\u00e3o do consumidor sobre o uso da Intelig\u00eancia Artificial (IA) nas compras on-line. Os resultados coletados ir\u00e3o nortear o desenvolvimento de atividades da \u00e1rea de estudos e pesquisas, como materiais educativos, palestras e outras a\u00e7\u00f5es. A participa\u00e7\u00e3o pode ser pelo site ou pelas redes sociais.<\/p>\n<p>A pesquisa consiste em um question\u00e1rio de 13 perguntas de m\u00faltipla escolha, no qual o visitante deve opinar sobre quest\u00f5es que envolvem o uso da IA durante as compras em lojas, sobre o uso da IA na coleta de dados e an\u00e1lise do comportamento do consumidor, se j\u00e1 identificou publicidade personalizada para o seu perfil e se j\u00e1 foi v\u00edtima de fraude ap\u00f3s a intera\u00e7\u00e3o com IA.<\/p>\n<p>\u201cCom o crescimento do e-commerce e a amplia\u00e7\u00e3o do uso de algoritmos e ferramentas baseadas em intelig\u00eancia artificial pelo com\u00e9rcio eletr\u00f4nico, o tema ganha cada vez mais import\u00e2ncia para os especialistas do \u00f3rg\u00e3o de defesa do consumidor, que, inclusive, possui comiss\u00f5es internas voltadas \u00e0 discuss\u00e3o de segmentos relacionados \u00e0 economia digital e suas varia\u00e7\u00f5es\u201d, diz o Procon.<\/p>\n<p>Em setembro do ano passado o \u00f3rg\u00e3o j\u00e1 havia feito uma primeira sondagem sobre a percep\u00e7\u00e3o do consumidor a respeito do uso de IA nos Servi\u00e7os de Atendimento ao Cliente (SAC) das empresas. A pesquisa teve o objetivo de captar se o consumidor percebia que estava interagindo com IA ao entrar em contato com o SAC, saber qual a avalia\u00e7\u00e3o sobre o atendimento e se as intera\u00e7\u00f5es eram suficientes para atender necessidades e expectativas.<\/p>\n","protected":false},"excerpt":{"rendered":"<p>O Procon lan\u00e7ou nesta semana pesquisa para conhecer a percep\u00e7\u00e3o e opini\u00e3o do consumidor sobre o uso da Intelig\u00eancia Artificial (IA) nas compras on-line. Os resultados coletados ir\u00e3o nortear o desenvolvimento de atividades da \u00e1rea de estudos e pesquisas, como materiais educativos, palestras e outras a\u00e7\u00f5es. A participa\u00e7\u00e3o pode ser pelo site ou pelas redes [&hellip;]<\/p>\n","protected":false},"author":2,"featured_media":331156,"comment_status":"closed","ping_status":"closed","sticky":false,"template":"","format":"standard","meta":{"_acf_changed":false,"footnotes":""},"categories":[161],"tags":[],"class_list":["post-331155","post","type-post","status-publish","format-standard","has-post-thumbnail","hentry","category-quadradinho-em-foco"],"acf":[],"yoast_head":"<!-- This site is optimized with the Yoast SEO plugin v27.5 - https:\/\/yoast.com\/product\/yoast-seo-wordpress\/ -->\n<title>Procon faz consulta sobre uso de Intelig\u00eancia Artificia - Notibras<\/title>\n<meta name=\"robots\" content=\"index, follow, max-snippet:-1, max-image-preview:large, max-video-preview:-1\" \/>\n<link rel=\"canonical\" href=\"https:\/\/www.notibras.com\/site\/procon-faz-consulta-sobre-uso-de-inteligencia-artificia\/\" \/>\n<meta property=\"og:locale\" content=\"pt_BR\" \/>\n<meta property=\"og:type\" content=\"article\" \/>\n<meta property=\"og:title\" content=\"Procon faz consulta sobre uso de Intelig\u00eancia Artificia - Notibras\" \/>\n<meta property=\"og:description\" content=\"O Procon lan\u00e7ou nesta semana pesquisa para conhecer a percep\u00e7\u00e3o e opini\u00e3o do consumidor sobre o uso da Intelig\u00eancia Artificial (IA) nas compras on-line. Os resultados coletados ir\u00e3o nortear o desenvolvimento de atividades da \u00e1rea de estudos e pesquisas, como materiais educativos, palestras e outras a\u00e7\u00f5es. A participa\u00e7\u00e3o pode ser pelo site ou pelas redes [&hellip;]\" \/>\n<meta property=\"og:url\" content=\"https:\/\/www.notibras.com\/site\/procon-faz-consulta-sobre-uso-de-inteligencia-artificia\/\" \/>\n<meta property=\"og:site_name\" content=\"Notibras\" \/>\n<meta property=\"article:publisher\" content=\"https:\/\/www.facebook.com\/notibras\/\" \/>\n<meta property=\"article:published_time\" content=\"2024-06-20T03:00:05+00:00\" \/>\n<meta property=\"article:modified_time\" content=\"2024-06-20T15:39:52+00:00\" \/>\n<meta property=\"og:image\" content=\"https:\/\/www.notibras.com\/site\/wp-content\/uploads\/2024\/06\/proco.mc_.webp\" \/>\n\t<meta property=\"og:image:width\" content=\"1170\" \/>\n\t<meta property=\"og:image:height\" content=\"700\" \/>\n\t<meta property=\"og:image:type\" content=\"image\/webp\" \/>\n<meta name=\"author\" content=\"Reda\u00e7\u00e3o\" \/>\n<meta name=\"twitter:card\" content=\"summary_large_image\" \/>\n<meta name=\"twitter:creator\" content=\"@Notibras\" \/>\n<meta name=\"twitter:site\" content=\"@Notibras\" \/>\n<meta name=\"twitter:label1\" content=\"Escrito por\" \/>\n\t<meta name=\"twitter:data1\" content=\"Reda\u00e7\u00e3o\" \/>\n\t<meta name=\"twitter:label2\" content=\"Est. tempo de leitura\" \/>\n\t<meta name=\"twitter:data2\" content=\"2 minutos\" \/>\n<script type=\"application\/ld+json\" class=\"yoast-schema-graph\">{\"@context\":\"https:\\\/\\\/schema.org\",\"@graph\":[{\"@type\":\"Article\",\"@id\":\"https:\\\/\\\/www.notibras.com\\\/site\\\/procon-faz-consulta-sobre-uso-de-inteligencia-artificia\\\/#article\",\"isPartOf\":{\"@id\":\"https:\\\/\\\/www.notibras.com\\\/site\\\/procon-faz-consulta-sobre-uso-de-inteligencia-artificia\\\/\"},\"author\":{\"name\":\"Reda\u00e7\u00e3o\",\"@id\":\"https:\\\/\\\/www.notibras.com\\\/site\\\/#\\\/schema\\\/person\\\/36ab0979449956132d3e5b517ea76ac8\"},\"headline\":\"Procon faz consulta sobre uso de Intelig\u00eancia Artificia\",\"datePublished\":\"2024-06-20T03:00:05+00:00\",\"dateModified\":\"2024-06-20T15:39:52+00:00\",\"mainEntityOfPage\":{\"@id\":\"https:\\\/\\\/www.notibras.com\\\/site\\\/procon-faz-consulta-sobre-uso-de-inteligencia-artificia\\\/\"},\"wordCount\":288,\"publisher\":{\"@id\":\"https:\\\/\\\/www.notibras.com\\\/site\\\/#organization\"},\"image\":{\"@id\":\"https:\\\/\\\/www.notibras.com\\\/site\\\/procon-faz-consulta-sobre-uso-de-inteligencia-artificia\\\/#primaryimage\"},\"thumbnailUrl\":\"https:\\\/\\\/www.notibras.com\\\/site\\\/wp-content\\\/uploads\\\/2024\\\/06\\\/proco.mc_.webp\",\"articleSection\":[\"Quadradinho em Foco\"],\"inLanguage\":\"pt-BR\"},{\"@type\":\"WebPage\",\"@id\":\"https:\\\/\\\/www.notibras.com\\\/site\\\/procon-faz-consulta-sobre-uso-de-inteligencia-artificia\\\/\",\"url\":\"https:\\\/\\\/www.notibras.com\\\/site\\\/procon-faz-consulta-sobre-uso-de-inteligencia-artificia\\\/\",\"name\":\"Procon faz consulta sobre uso de Intelig\u00eancia Artificia - Notibras\",\"isPartOf\":{\"@id\":\"https:\\\/\\\/www.notibras.com\\\/site\\\/#website\"},\"primaryImageOfPage\":{\"@id\":\"https:\\\/\\\/www.notibras.com\\\/site\\\/procon-faz-consulta-sobre-uso-de-inteligencia-artificia\\\/#primaryimage\"},\"image\":{\"@id\":\"https:\\\/\\\/www.notibras.com\\\/site\\\/procon-faz-consulta-sobre-uso-de-inteligencia-artificia\\\/#primaryimage\"},\"thumbnailUrl\":\"https:\\\/\\\/www.notibras.com\\\/site\\\/wp-content\\\/uploads\\\/2024\\\/06\\\/proco.mc_.webp\",\"datePublished\":\"2024-06-20T03:00:05+00:00\",\"dateModified\":\"2024-06-20T15:39:52+00:00\",\"breadcrumb\":{\"@id\":\"https:\\\/\\\/www.notibras.com\\\/site\\\/procon-faz-consulta-sobre-uso-de-inteligencia-artificia\\\/#breadcrumb\"},\"inLanguage\":\"pt-BR\",\"potentialAction\":[{\"@type\":\"ReadAction\",\"target\":[\"https:\\\/\\\/www.notibras.com\\\/site\\\/procon-faz-consulta-sobre-uso-de-inteligencia-artificia\\\/\"]}]},{\"@type\":\"ImageObject\",\"inLanguage\":\"pt-BR\",\"@id\":\"https:\\\/\\\/www.notibras.com\\\/site\\\/procon-faz-consulta-sobre-uso-de-inteligencia-artificia\\\/#primaryimage\",\"url\":\"https:\\\/\\\/www.notibras.com\\\/site\\\/wp-content\\\/uploads\\\/2024\\\/06\\\/proco.mc_.webp\",\"contentUrl\":\"https:\\\/\\\/www.notibras.com\\\/site\\\/wp-content\\\/uploads\\\/2024\\\/06\\\/proco.mc_.webp\",\"width\":1170,\"height\":700},{\"@type\":\"BreadcrumbList\",\"@id\":\"https:\\\/\\\/www.notibras.com\\\/site\\\/procon-faz-consulta-sobre-uso-de-inteligencia-artificia\\\/#breadcrumb\",\"itemListElement\":[{\"@type\":\"ListItem\",\"position\":1,\"name\":\"In\u00edcio\",\"item\":\"https:\\\/\\\/www.notibras.com\\\/site\\\/\"},{\"@type\":\"ListItem\",\"position\":2,\"name\":\"Procon faz consulta sobre uso de Intelig\u00eancia Artificia\"}]},{\"@type\":\"WebSite\",\"@id\":\"https:\\\/\\\/www.notibras.com\\\/site\\\/#website\",\"url\":\"https:\\\/\\\/www.notibras.com\\\/site\\\/\",\"name\":\"Notibras\",\"description\":\"Not\u00edcias de Bras\u00edlia, do Brasil e do Mundo\",\"publisher\":{\"@id\":\"https:\\\/\\\/www.notibras.com\\\/site\\\/#organization\"},\"potentialAction\":[{\"@type\":\"SearchAction\",\"target\":{\"@type\":\"EntryPoint\",\"urlTemplate\":\"https:\\\/\\\/www.notibras.com\\\/site\\\/?s={search_term_string}\"},\"query-input\":{\"@type\":\"PropertyValueSpecification\",\"valueRequired\":true,\"valueName\":\"search_term_string\"}}],\"inLanguage\":\"pt-BR\"},{\"@type\":\"Organization\",\"@id\":\"https:\\\/\\\/www.notibras.com\\\/site\\\/#organization\",\"name\":\"Grupo Notibras de Comunica\u00e7\u00e3o\",\"url\":\"https:\\\/\\\/www.notibras.com\\\/site\\\/\",\"logo\":{\"@type\":\"ImageObject\",\"inLanguage\":\"pt-BR\",\"@id\":\"https:\\\/\\\/www.notibras.com\\\/site\\\/#\\\/schema\\\/logo\\\/image\\\/\",\"url\":\"https:\\\/\\\/www.notibras.com\\\/site\\\/wp-content\\\/uploads\\\/2023\\\/01\\\/notibras23.png\",\"contentUrl\":\"https:\\\/\\\/www.notibras.com\\\/site\\\/wp-content\\\/uploads\\\/2023\\\/01\\\/notibras23.png\",\"width\":350,\"height\":87,\"caption\":\"Grupo Notibras de Comunica\u00e7\u00e3o\"},\"image\":{\"@id\":\"https:\\\/\\\/www.notibras.com\\\/site\\\/#\\\/schema\\\/logo\\\/image\\\/\"},\"sameAs\":[\"https:\\\/\\\/www.facebook.com\\\/notibras\\\/\",\"https:\\\/\\\/x.com\\\/Notibras\",\"https:\\\/\\\/www.instagram.com\\\/notibras\\\/\"]},{\"@type\":\"Person\",\"@id\":\"https:\\\/\\\/www.notibras.com\\\/site\\\/#\\\/schema\\\/person\\\/36ab0979449956132d3e5b517ea76ac8\",\"name\":\"Reda\u00e7\u00e3o\",\"image\":{\"@type\":\"ImageObject\",\"inLanguage\":\"pt-BR\",\"@id\":\"https:\\\/\\\/secure.gravatar.com\\\/avatar\\\/e0a867bdedb85fd243eadf09663511f96fc81e0720a4a42581f334ad4303aa6b?s=96&d=mm&r=g\",\"url\":\"https:\\\/\\\/secure.gravatar.com\\\/avatar\\\/e0a867bdedb85fd243eadf09663511f96fc81e0720a4a42581f334ad4303aa6b?s=96&d=mm&r=g\",\"contentUrl\":\"https:\\\/\\\/secure.gravatar.com\\\/avatar\\\/e0a867bdedb85fd243eadf09663511f96fc81e0720a4a42581f334ad4303aa6b?s=96&d=mm&r=g\",\"caption\":\"Reda\u00e7\u00e3o\"}}]}<\/script>\n<!-- \/ Yoast SEO plugin. -->","yoast_head_json":{"title":"Procon faz consulta sobre uso de Intelig\u00eancia Artificia - Notibras","robots":{"index":"index","follow":"follow","max-snippet":"max-snippet:-1","max-image-preview":"max-image-preview:large","max-video-preview":"max-video-preview:-1"},"canonical":"https:\/\/www.notibras.com\/site\/procon-faz-consulta-sobre-uso-de-inteligencia-artificia\/","og_locale":"pt_BR","og_type":"article","og_title":"Procon faz consulta sobre uso de Intelig\u00eancia Artificia - Notibras","og_description":"O Procon lan\u00e7ou nesta semana pesquisa para conhecer a percep\u00e7\u00e3o e opini\u00e3o do consumidor sobre o uso da Intelig\u00eancia Artificial (IA) nas compras on-line. Os resultados coletados ir\u00e3o nortear o desenvolvimento de atividades da \u00e1rea de estudos e pesquisas, como materiais educativos, palestras e outras a\u00e7\u00f5es. A participa\u00e7\u00e3o pode ser pelo site ou pelas redes [&hellip;]","og_url":"https:\/\/www.notibras.com\/site\/procon-faz-consulta-sobre-uso-de-inteligencia-artificia\/","og_site_name":"Notibras","article_publisher":"https:\/\/www.facebook.com\/notibras\/","article_published_time":"2024-06-20T03:00:05+00:00","article_modified_time":"2024-06-20T15:39:52+00:00","og_image":[{"width":1170,"height":700,"url":"https:\/\/www.notibras.com\/site\/wp-content\/uploads\/2024\/06\/proco.mc_.webp","type":"image\/webp"}],"author":"Reda\u00e7\u00e3o","twitter_card":"summary_large_image","twitter_creator":"@Notibras","twitter_site":"@Notibras","twitter_misc":{"Escrito por":"Reda\u00e7\u00e3o","Est. tempo de leitura":"2 minutos"},"schema":{"@context":"https:\/\/schema.org","@graph":[{"@type":"Article","@id":"https:\/\/www.notibras.com\/site\/procon-faz-consulta-sobre-uso-de-inteligencia-artificia\/#article","isPartOf":{"@id":"https:\/\/www.notibras.com\/site\/procon-faz-consulta-sobre-uso-de-inteligencia-artificia\/"},"author":{"name":"Reda\u00e7\u00e3o","@id":"https:\/\/www.notibras.com\/site\/#\/schema\/person\/36ab0979449956132d3e5b517ea76ac8"},"headline":"Procon faz consulta sobre uso de Intelig\u00eancia Artificia","datePublished":"2024-06-20T03:00:05+00:00","dateModified":"2024-06-20T15:39:52+00:00","mainEntityOfPage":{"@id":"https:\/\/www.notibras.com\/site\/procon-faz-consulta-sobre-uso-de-inteligencia-artificia\/"},"wordCount":288,"publisher":{"@id":"https:\/\/www.notibras.com\/site\/#organization"},"image":{"@id":"https:\/\/www.notibras.com\/site\/procon-faz-consulta-sobre-uso-de-inteligencia-artificia\/#primaryimage"},"thumbnailUrl":"https:\/\/www.notibras.com\/site\/wp-content\/uploads\/2024\/06\/proco.mc_.webp","articleSection":["Quadradinho em Foco"],"inLanguage":"pt-BR"},{"@type":"WebPage","@id":"https:\/\/www.notibras.com\/site\/procon-faz-consulta-sobre-uso-de-inteligencia-artificia\/","url":"https:\/\/www.notibras.com\/site\/procon-faz-consulta-sobre-uso-de-inteligencia-artificia\/","name":"Procon faz consulta sobre uso de Intelig\u00eancia Artificia - Notibras","isPartOf":{"@id":"https:\/\/www.notibras.com\/site\/#website"},"primaryImageOfPage":{"@id":"https:\/\/www.notibras.com\/site\/procon-faz-consulta-sobre-uso-de-inteligencia-artificia\/#primaryimage"},"image":{"@id":"https:\/\/www.notibras.com\/site\/procon-faz-consulta-sobre-uso-de-inteligencia-artificia\/#primaryimage"},"thumbnailUrl":"https:\/\/www.notibras.com\/site\/wp-content\/uploads\/2024\/06\/proco.mc_.webp","datePublished":"2024-06-20T03:00:05+00:00","dateModified":"2024-06-20T15:39:52+00:00","breadcrumb":{"@id":"https:\/\/www.notibras.com\/site\/procon-faz-consulta-sobre-uso-de-inteligencia-artificia\/#breadcrumb"},"inLanguage":"pt-BR","potentialAction":[{"@type":"ReadAction","target":["https:\/\/www.notibras.com\/site\/procon-faz-consulta-sobre-uso-de-inteligencia-artificia\/"]}]},{"@type":"ImageObject","inLanguage":"pt-BR","@id":"https:\/\/www.notibras.com\/site\/procon-faz-consulta-sobre-uso-de-inteligencia-artificia\/#primaryimage","url":"https:\/\/www.notibras.com\/site\/wp-content\/uploads\/2024\/06\/proco.mc_.webp","contentUrl":"https:\/\/www.notibras.com\/site\/wp-content\/uploads\/2024\/06\/proco.mc_.webp","width":1170,"height":700},{"@type":"BreadcrumbList","@id":"https:\/\/www.notibras.com\/site\/procon-faz-consulta-sobre-uso-de-inteligencia-artificia\/#breadcrumb","itemListElement":[{"@type":"ListItem","position":1,"name":"In\u00edcio","item":"https:\/\/www.notibras.com\/site\/"},{"@type":"ListItem","position":2,"name":"Procon faz consulta sobre uso de Intelig\u00eancia Artificia"}]},{"@type":"WebSite","@id":"https:\/\/www.notibras.com\/site\/#website","url":"https:\/\/www.notibras.com\/site\/","name":"Notibras","description":"Not\u00edcias de Bras\u00edlia, do Brasil e do Mundo","publisher":{"@id":"https:\/\/www.notibras.com\/site\/#organization"},"potentialAction":[{"@type":"SearchAction","target":{"@type":"EntryPoint","urlTemplate":"https:\/\/www.notibras.com\/site\/?s={search_term_string}"},"query-input":{"@type":"PropertyValueSpecification","valueRequired":true,"valueName":"search_term_string"}}],"inLanguage":"pt-BR"},{"@type":"Organization","@id":"https:\/\/www.notibras.com\/site\/#organization","name":"Grupo Notibras de Comunica\u00e7\u00e3o","url":"https:\/\/www.notibras.com\/site\/","logo":{"@type":"ImageObject","inLanguage":"pt-BR","@id":"https:\/\/www.notibras.com\/site\/#\/schema\/logo\/image\/","url":"https:\/\/www.notibras.com\/site\/wp-content\/uploads\/2023\/01\/notibras23.png","contentUrl":"https:\/\/www.notibras.com\/site\/wp-content\/uploads\/2023\/01\/notibras23.png","width":350,"height":87,"caption":"Grupo Notibras de Comunica\u00e7\u00e3o"},"image":{"@id":"https:\/\/www.notibras.com\/site\/#\/schema\/logo\/image\/"},"sameAs":["https:\/\/www.facebook.com\/notibras\/","https:\/\/x.com\/Notibras","https:\/\/www.instagram.com\/notibras\/"]},{"@type":"Person","@id":"https:\/\/www.notibras.com\/site\/#\/schema\/person\/36ab0979449956132d3e5b517ea76ac8","name":"Reda\u00e7\u00e3o","image":{"@type":"ImageObject","inLanguage":"pt-BR","@id":"https:\/\/secure.gravatar.com\/avatar\/e0a867bdedb85fd243eadf09663511f96fc81e0720a4a42581f334ad4303aa6b?s=96&d=mm&r=g","url":"https:\/\/secure.gravatar.com\/avatar\/e0a867bdedb85fd243eadf09663511f96fc81e0720a4a42581f334ad4303aa6b?s=96&d=mm&r=g","contentUrl":"https:\/\/secure.gravatar.com\/avatar\/e0a867bdedb85fd243eadf09663511f96fc81e0720a4a42581f334ad4303aa6b?s=96&d=mm&r=g","caption":"Reda\u00e7\u00e3o"}}]}},"amp_enabled":true,"_links":{"self":[{"href":"https:\/\/www.notibras.com\/site\/wp-json\/wp\/v2\/posts\/331155","targetHints":{"allow":["GET"]}}],"collection":[{"href":"https:\/\/www.notibras.com\/site\/wp-json\/wp\/v2\/posts"}],"about":[{"href":"https:\/\/www.notibras.com\/site\/wp-json\/wp\/v2\/types\/post"}],"author":[{"embeddable":true,"href":"https:\/\/www.notibras.com\/site\/wp-json\/wp\/v2\/users\/2"}],"replies":[{"embeddable":true,"href":"https:\/\/www.notibras.com\/site\/wp-json\/wp\/v2\/comments?post=331155"}],"version-history":[{"count":2,"href":"https:\/\/www.notibras.com\/site\/wp-json\/wp\/v2\/posts\/331155\/revisions"}],"predecessor-version":[{"id":331158,"href":"https:\/\/www.notibras.com\/site\/wp-json\/wp\/v2\/posts\/331155\/revisions\/331158"}],"wp:featuredmedia":[{"embeddable":true,"href":"https:\/\/www.notibras.com\/site\/wp-json\/wp\/v2\/media\/331156"}],"wp:attachment":[{"href":"https:\/\/www.notibras.com\/site\/wp-json\/wp\/v2\/media?parent=331155"}],"wp:term":[{"taxonomy":"category","embeddable":true,"href":"https:\/\/www.notibras.com\/site\/wp-json\/wp\/v2\/categories?post=331155"},{"taxonomy":"post_tag","embeddable":true,"href":"https:\/\/www.notibras.com\/site\/wp-json\/wp\/v2\/tags?post=331155"}],"curies":[{"name":"wp","href":"https:\/\/api.w.org\/{rel}","templated":true}]}}