{"id":331168,"date":"2024-06-20T15:48:10","date_gmt":"2024-06-20T18:48:10","guid":{"rendered":"https:\/\/www.notibras.com\/site\/?p=331168"},"modified":"2024-06-20T15:48:10","modified_gmt":"2024-06-20T18:48:10","slug":"festas-juninas-aumentam-numero-de-queimaduras","status":"publish","type":"post","link":"https:\/\/www.notibras.com\/site\/festas-juninas-aumentam-numero-de-queimaduras\/","title":{"rendered":"Festas juninas aumentam n\u00famero de queimaduras"},"content":{"rendered":"<p>Todo cuidado \u00e9 pouco durante as festas de S\u00e3o Jo\u00e3o que v\u00e3o se estender pelo m\u00eas de julho. Durante as festividades, muitos acidentes s\u00e3o relatados pelo manuseio de fogos de artif\u00edcio e as t\u00edpicas fogueiras. As m\u00e3os s\u00e3o as maiores atingidas nos acidentes, afirma o presidente da Sociedade Brasileira de Cirurgia da M\u00e3o (SBCM), Antonio Carlos da Costa.<\/p>\n<p>Levantamento feito pela sociedade, com base nos n\u00fameros do Minist\u00e9rio da Sa\u00fade, a maior ocorr\u00eancia \u00e9 atribu\u00edda a queimaduras de segundo grau, com les\u00f5es nos membros superiores: m\u00e3os e punhos &#8211; as partes mais expostas -, bra\u00e7os, tronco, rosto e olhos. Tamb\u00e9m n\u00e3o \u00e9 incomum que esse tipo de acidente seja fatal, levando \u00e0 morte ou causando les\u00f5es graves e permanentes. Homens de 15 a 50 anos s\u00e3o as principais v\u00edtimas. \u201cEm geral, como os acidentes com fogos s\u00e3o seguidos de explos\u00f5es, que ocasionam queimaduras graves, tamb\u00e9m ocorrem casos de amputa\u00e7\u00f5es ou ainda deformidade dos membros superiores, assim como da face, que s\u00e3o as \u00e1reas mais atingidas\u201d, observa Costa.<\/p>\n<p>A Organiza\u00e7\u00e3o Mundial da Sa\u00fade (OMS) informa que cerca de 180 mil pessoas morrem por ano devido a queimaduras gerais, considerada a quinta causa mais comum de les\u00f5es n\u00e3o fatais na inf\u00e2ncia. Quando n\u00e3o provocam a morte, podem causar morbidade, hospitaliza\u00e7\u00e3o prolongada, desfigura\u00e7\u00e3o, cicatrizes e incapacidade. O Sistema \u00danico de Sa\u00fade (SUS) registrou quase 5 mil interna\u00e7\u00f5es por queimaduras em tr\u00eas meses. De janeiro a mar\u00e7o deste ano, 4.809 pessoas foram internadas, uma m\u00e9dia de 52 interna\u00e7\u00f5es di\u00e1rias por queimaduras. Durante todo o ano passado, foram 19.522 interna\u00e7\u00f5es. Na \u00e1rea ambulatorial, nos tr\u00eas primeiros meses de 2024 foram realizados 34.567 atendimentos por queimaduras.<\/p>\n<p>De acordo com o especialista, entre junho e julho, com as festas de S\u00e3o Jo\u00e3o, os fogos de artif\u00edcio s\u00e3o o maior perigo para as m\u00e3os. Em geral, os acidentes s\u00e3o seguidos de explos\u00f5es que ocasionam queimaduras graves e at\u00e9 provocam amputa\u00e7\u00f5es.<\/p>\n<p>&#8220;Em rela\u00e7\u00e3o \u00e0s fogueiras, durante o processo de acendimento, especialmente se estiverem sendo utilizados materiais inflam\u00e1veis, como papel, madeira seca ou \u00e1lcool, podem ocorrer estalos e estilha\u00e7os, que atingem as m\u00e3os, causando queimaduras, explica Antonio Carlos da Costa. Em caso de acidente, ele recomenda o seguinte procedimento: a limpeza da queimadura leve deve ser feita com \u00e1gua corrente, usando um jato suave, por cerca de dez minutos. Na sequ\u00eancia, deve-se aplicar uma compressa fria na \u00e1rea. Se a queimadura for grave, siga para uma unidade de sa\u00fade imediatamente.<\/p>\n<p><strong>Tipos de queimaduras<\/strong><br \/>\nAs queimaduras s\u00e3o classificadas quanto \u00e0 profundidade que atingem a pele.<\/p>\n<p>Primeiro grau: quando as les\u00f5es atingem somente a camada epid\u00e9rmica.<\/p>\n<p>Segundo grau: quando h\u00e1 comprometimento da epiderme e a camada superficial ou profunda da derme.<\/p>\n<p>Terceiro grau: acomete, al\u00e9m da pele, outros tecidos como o subcut\u00e2neo, m\u00fasculos, tend\u00f5es e at\u00e9 mesmo os ossos.<\/p>\n<p><strong>Recomenda\u00e7\u00f5es importantes<\/strong><br \/>\nA Sociedade Brasileira de Cirurgia da M\u00e3o lista orienta\u00e7\u00f5es para evitar acidentes do tipo e recomenda\u00e7\u00f5es em casos de ocorr\u00eancias.<\/p>\n<p>&#8211; Se decidir usar fogos de artif\u00edcio, certifique-se de seguir todas as instru\u00e7\u00f5es de seguran\u00e7a fornecidas pelo fabricante. Mantenha uma dist\u00e2ncia segura ao acender os fogos e nunca os aponte na dire\u00e7\u00e3o de pessoas, animais ou objetos inflam\u00e1veis.<\/p>\n<p>&#8211; Mantenha dist\u00e2ncia segura das fogueiras para evitar queimaduras causadas pelo calor intenso. Nunca deixe crian\u00e7as desacompanhadas perto das fogueiras e evite correr ou brincar muito pr\u00f3ximo delas.<\/p>\n<p>&#8211; Mantenha as crian\u00e7as sob supervis\u00e3o constante durante as festividades para garantir que elas n\u00e3o se envolvam em atividades perigosas que possam resultar em queimaduras.<\/p>\n<p>&#8211; Em caso de acidente, nunca descolar tecidos grudados na pele queimada e nem retirar corpos estranhos do local queimado.<\/p>\n<p>&#8211; Nunca colocar manteiga, p\u00f3 de caf\u00e9, creme dental ou qualquer outra subst\u00e2ncia sobre a queimadura; somente o profissional de sa\u00fade sabe o que deve ser aplicado sobre o local afetado.<\/p>\n","protected":false},"excerpt":{"rendered":"<p>Todo cuidado \u00e9 pouco durante as festas de S\u00e3o Jo\u00e3o que v\u00e3o se estender pelo m\u00eas de julho. Durante as festividades, muitos acidentes s\u00e3o relatados pelo manuseio de fogos de artif\u00edcio e as t\u00edpicas fogueiras. As m\u00e3os s\u00e3o as maiores atingidas nos acidentes, afirma o presidente da Sociedade Brasileira de Cirurgia da M\u00e3o (SBCM), Antonio [&hellip;]<\/p>\n","protected":false},"author":2,"featured_media":331169,"comment_status":"closed","ping_status":"closed","sticky":false,"template":"","format":"standard","meta":{"_acf_changed":false,"footnotes":""},"categories":[166,167,168,169,165,170,171,172,173,174],"tags":[],"class_list":["post-331168","post","type-post","status-publish","format-standard","has-post-thumbnail","hentry","category-alagoas","category-bahia","category-ceara","category-maranhao","category-nordeste","category-paraiba-nordeste","category-pernambuco-nordeste","category-piaui","category-rio-grande-do-norte","category-sergipe"],"acf":[],"yoast_head":"<!-- This site is optimized with the Yoast SEO plugin v27.5 - https:\/\/yoast.com\/product\/yoast-seo-wordpress\/ -->\n<title>Festas juninas aumentam n\u00famero de queimaduras - Notibras<\/title>\n<meta name=\"robots\" content=\"index, follow, max-snippet:-1, max-image-preview:large, max-video-preview:-1\" \/>\n<link rel=\"canonical\" href=\"https:\/\/www.notibras.com\/site\/festas-juninas-aumentam-numero-de-queimaduras\/\" \/>\n<meta property=\"og:locale\" content=\"pt_BR\" \/>\n<meta property=\"og:type\" content=\"article\" \/>\n<meta property=\"og:title\" content=\"Festas juninas aumentam n\u00famero de queimaduras - Notibras\" \/>\n<meta property=\"og:description\" content=\"Todo cuidado \u00e9 pouco durante as festas de S\u00e3o Jo\u00e3o que v\u00e3o se estender pelo m\u00eas de julho. Durante as festividades, muitos acidentes s\u00e3o relatados pelo manuseio de fogos de artif\u00edcio e as t\u00edpicas fogueiras. As m\u00e3os s\u00e3o as maiores atingidas nos acidentes, afirma o presidente da Sociedade Brasileira de Cirurgia da M\u00e3o (SBCM), Antonio [&hellip;]\" \/>\n<meta property=\"og:url\" content=\"https:\/\/www.notibras.com\/site\/festas-juninas-aumentam-numero-de-queimaduras\/\" \/>\n<meta property=\"og:site_name\" content=\"Notibras\" \/>\n<meta property=\"article:publisher\" content=\"https:\/\/www.facebook.com\/notibras\/\" \/>\n<meta property=\"article:published_time\" content=\"2024-06-20T18:48:10+00:00\" \/>\n<meta property=\"og:image\" content=\"https:\/\/www.notibras.com\/site\/wp-content\/uploads\/2024\/06\/sjfogos.webp\" \/>\n\t<meta property=\"og:image:width\" content=\"1170\" \/>\n\t<meta property=\"og:image:height\" content=\"700\" \/>\n\t<meta property=\"og:image:type\" content=\"image\/webp\" \/>\n<meta name=\"author\" content=\"Reda\u00e7\u00e3o\" \/>\n<meta name=\"twitter:card\" content=\"summary_large_image\" \/>\n<meta name=\"twitter:creator\" content=\"@Notibras\" \/>\n<meta name=\"twitter:site\" content=\"@Notibras\" \/>\n<meta name=\"twitter:label1\" content=\"Escrito por\" \/>\n\t<meta name=\"twitter:data1\" content=\"Reda\u00e7\u00e3o\" \/>\n\t<meta name=\"twitter:label2\" content=\"Est. tempo de leitura\" \/>\n\t<meta name=\"twitter:data2\" content=\"4 minutos\" \/>\n<script type=\"application\/ld+json\" class=\"yoast-schema-graph\">{\"@context\":\"https:\\\/\\\/schema.org\",\"@graph\":[{\"@type\":\"Article\",\"@id\":\"https:\\\/\\\/www.notibras.com\\\/site\\\/festas-juninas-aumentam-numero-de-queimaduras\\\/#article\",\"isPartOf\":{\"@id\":\"https:\\\/\\\/www.notibras.com\\\/site\\\/festas-juninas-aumentam-numero-de-queimaduras\\\/\"},\"author\":{\"name\":\"Reda\u00e7\u00e3o\",\"@id\":\"https:\\\/\\\/www.notibras.com\\\/site\\\/#\\\/schema\\\/person\\\/36ab0979449956132d3e5b517ea76ac8\"},\"headline\":\"Festas juninas aumentam n\u00famero de queimaduras\",\"datePublished\":\"2024-06-20T18:48:10+00:00\",\"mainEntityOfPage\":{\"@id\":\"https:\\\/\\\/www.notibras.com\\\/site\\\/festas-juninas-aumentam-numero-de-queimaduras\\\/\"},\"wordCount\":699,\"publisher\":{\"@id\":\"https:\\\/\\\/www.notibras.com\\\/site\\\/#organization\"},\"image\":{\"@id\":\"https:\\\/\\\/www.notibras.com\\\/site\\\/festas-juninas-aumentam-numero-de-queimaduras\\\/#primaryimage\"},\"thumbnailUrl\":\"https:\\\/\\\/www.notibras.com\\\/site\\\/wp-content\\\/uploads\\\/2024\\\/06\\\/sjfogos.webp\",\"articleSection\":[\"Alagoas\",\"Bahia\",\"Cear\u00e1\",\"Maranh\u00e3o\",\"Nordeste\",\"Para\u00edba\",\"Pernambuco\",\"Piau\u00ed\",\"Rio Grande do Norte\",\"Sergipe\"],\"inLanguage\":\"pt-BR\"},{\"@type\":\"WebPage\",\"@id\":\"https:\\\/\\\/www.notibras.com\\\/site\\\/festas-juninas-aumentam-numero-de-queimaduras\\\/\",\"url\":\"https:\\\/\\\/www.notibras.com\\\/site\\\/festas-juninas-aumentam-numero-de-queimaduras\\\/\",\"name\":\"Festas juninas aumentam n\u00famero de queimaduras - Notibras\",\"isPartOf\":{\"@id\":\"https:\\\/\\\/www.notibras.com\\\/site\\\/#website\"},\"primaryImageOfPage\":{\"@id\":\"https:\\\/\\\/www.notibras.com\\\/site\\\/festas-juninas-aumentam-numero-de-queimaduras\\\/#primaryimage\"},\"image\":{\"@id\":\"https:\\\/\\\/www.notibras.com\\\/site\\\/festas-juninas-aumentam-numero-de-queimaduras\\\/#primaryimage\"},\"thumbnailUrl\":\"https:\\\/\\\/www.notibras.com\\\/site\\\/wp-content\\\/uploads\\\/2024\\\/06\\\/sjfogos.webp\",\"datePublished\":\"2024-06-20T18:48:10+00:00\",\"breadcrumb\":{\"@id\":\"https:\\\/\\\/www.notibras.com\\\/site\\\/festas-juninas-aumentam-numero-de-queimaduras\\\/#breadcrumb\"},\"inLanguage\":\"pt-BR\",\"potentialAction\":[{\"@type\":\"ReadAction\",\"target\":[\"https:\\\/\\\/www.notibras.com\\\/site\\\/festas-juninas-aumentam-numero-de-queimaduras\\\/\"]}]},{\"@type\":\"ImageObject\",\"inLanguage\":\"pt-BR\",\"@id\":\"https:\\\/\\\/www.notibras.com\\\/site\\\/festas-juninas-aumentam-numero-de-queimaduras\\\/#primaryimage\",\"url\":\"https:\\\/\\\/www.notibras.com\\\/site\\\/wp-content\\\/uploads\\\/2024\\\/06\\\/sjfogos.webp\",\"contentUrl\":\"https:\\\/\\\/www.notibras.com\\\/site\\\/wp-content\\\/uploads\\\/2024\\\/06\\\/sjfogos.webp\",\"width\":1170,\"height\":700},{\"@type\":\"BreadcrumbList\",\"@id\":\"https:\\\/\\\/www.notibras.com\\\/site\\\/festas-juninas-aumentam-numero-de-queimaduras\\\/#breadcrumb\",\"itemListElement\":[{\"@type\":\"ListItem\",\"position\":1,\"name\":\"In\u00edcio\",\"item\":\"https:\\\/\\\/www.notibras.com\\\/site\\\/\"},{\"@type\":\"ListItem\",\"position\":2,\"name\":\"Festas juninas aumentam n\u00famero de queimaduras\"}]},{\"@type\":\"WebSite\",\"@id\":\"https:\\\/\\\/www.notibras.com\\\/site\\\/#website\",\"url\":\"https:\\\/\\\/www.notibras.com\\\/site\\\/\",\"name\":\"Notibras\",\"description\":\"Not\u00edcias de Bras\u00edlia, do Brasil e do Mundo\",\"publisher\":{\"@id\":\"https:\\\/\\\/www.notibras.com\\\/site\\\/#organization\"},\"potentialAction\":[{\"@type\":\"SearchAction\",\"target\":{\"@type\":\"EntryPoint\",\"urlTemplate\":\"https:\\\/\\\/www.notibras.com\\\/site\\\/?s={search_term_string}\"},\"query-input\":{\"@type\":\"PropertyValueSpecification\",\"valueRequired\":true,\"valueName\":\"search_term_string\"}}],\"inLanguage\":\"pt-BR\"},{\"@type\":\"Organization\",\"@id\":\"https:\\\/\\\/www.notibras.com\\\/site\\\/#organization\",\"name\":\"Grupo Notibras de Comunica\u00e7\u00e3o\",\"url\":\"https:\\\/\\\/www.notibras.com\\\/site\\\/\",\"logo\":{\"@type\":\"ImageObject\",\"inLanguage\":\"pt-BR\",\"@id\":\"https:\\\/\\\/www.notibras.com\\\/site\\\/#\\\/schema\\\/logo\\\/image\\\/\",\"url\":\"https:\\\/\\\/www.notibras.com\\\/site\\\/wp-content\\\/uploads\\\/2023\\\/01\\\/notibras23.png\",\"contentUrl\":\"https:\\\/\\\/www.notibras.com\\\/site\\\/wp-content\\\/uploads\\\/2023\\\/01\\\/notibras23.png\",\"width\":350,\"height\":87,\"caption\":\"Grupo Notibras de Comunica\u00e7\u00e3o\"},\"image\":{\"@id\":\"https:\\\/\\\/www.notibras.com\\\/site\\\/#\\\/schema\\\/logo\\\/image\\\/\"},\"sameAs\":[\"https:\\\/\\\/www.facebook.com\\\/notibras\\\/\",\"https:\\\/\\\/x.com\\\/Notibras\",\"https:\\\/\\\/www.instagram.com\\\/notibras\\\/\"]},{\"@type\":\"Person\",\"@id\":\"https:\\\/\\\/www.notibras.com\\\/site\\\/#\\\/schema\\\/person\\\/36ab0979449956132d3e5b517ea76ac8\",\"name\":\"Reda\u00e7\u00e3o\",\"image\":{\"@type\":\"ImageObject\",\"inLanguage\":\"pt-BR\",\"@id\":\"https:\\\/\\\/secure.gravatar.com\\\/avatar\\\/e0a867bdedb85fd243eadf09663511f96fc81e0720a4a42581f334ad4303aa6b?s=96&d=mm&r=g\",\"url\":\"https:\\\/\\\/secure.gravatar.com\\\/avatar\\\/e0a867bdedb85fd243eadf09663511f96fc81e0720a4a42581f334ad4303aa6b?s=96&d=mm&r=g\",\"contentUrl\":\"https:\\\/\\\/secure.gravatar.com\\\/avatar\\\/e0a867bdedb85fd243eadf09663511f96fc81e0720a4a42581f334ad4303aa6b?s=96&d=mm&r=g\",\"caption\":\"Reda\u00e7\u00e3o\"}}]}<\/script>\n<!-- \/ Yoast SEO plugin. -->","yoast_head_json":{"title":"Festas juninas aumentam n\u00famero de queimaduras - Notibras","robots":{"index":"index","follow":"follow","max-snippet":"max-snippet:-1","max-image-preview":"max-image-preview:large","max-video-preview":"max-video-preview:-1"},"canonical":"https:\/\/www.notibras.com\/site\/festas-juninas-aumentam-numero-de-queimaduras\/","og_locale":"pt_BR","og_type":"article","og_title":"Festas juninas aumentam n\u00famero de queimaduras - Notibras","og_description":"Todo cuidado \u00e9 pouco durante as festas de S\u00e3o Jo\u00e3o que v\u00e3o se estender pelo m\u00eas de julho. Durante as festividades, muitos acidentes s\u00e3o relatados pelo manuseio de fogos de artif\u00edcio e as t\u00edpicas fogueiras. As m\u00e3os s\u00e3o as maiores atingidas nos acidentes, afirma o presidente da Sociedade Brasileira de Cirurgia da M\u00e3o (SBCM), Antonio [&hellip;]","og_url":"https:\/\/www.notibras.com\/site\/festas-juninas-aumentam-numero-de-queimaduras\/","og_site_name":"Notibras","article_publisher":"https:\/\/www.facebook.com\/notibras\/","article_published_time":"2024-06-20T18:48:10+00:00","og_image":[{"width":1170,"height":700,"url":"https:\/\/www.notibras.com\/site\/wp-content\/uploads\/2024\/06\/sjfogos.webp","type":"image\/webp"}],"author":"Reda\u00e7\u00e3o","twitter_card":"summary_large_image","twitter_creator":"@Notibras","twitter_site":"@Notibras","twitter_misc":{"Escrito por":"Reda\u00e7\u00e3o","Est. tempo de leitura":"4 minutos"},"schema":{"@context":"https:\/\/schema.org","@graph":[{"@type":"Article","@id":"https:\/\/www.notibras.com\/site\/festas-juninas-aumentam-numero-de-queimaduras\/#article","isPartOf":{"@id":"https:\/\/www.notibras.com\/site\/festas-juninas-aumentam-numero-de-queimaduras\/"},"author":{"name":"Reda\u00e7\u00e3o","@id":"https:\/\/www.notibras.com\/site\/#\/schema\/person\/36ab0979449956132d3e5b517ea76ac8"},"headline":"Festas juninas aumentam n\u00famero de queimaduras","datePublished":"2024-06-20T18:48:10+00:00","mainEntityOfPage":{"@id":"https:\/\/www.notibras.com\/site\/festas-juninas-aumentam-numero-de-queimaduras\/"},"wordCount":699,"publisher":{"@id":"https:\/\/www.notibras.com\/site\/#organization"},"image":{"@id":"https:\/\/www.notibras.com\/site\/festas-juninas-aumentam-numero-de-queimaduras\/#primaryimage"},"thumbnailUrl":"https:\/\/www.notibras.com\/site\/wp-content\/uploads\/2024\/06\/sjfogos.webp","articleSection":["Alagoas","Bahia","Cear\u00e1","Maranh\u00e3o","Nordeste","Para\u00edba","Pernambuco","Piau\u00ed","Rio Grande do Norte","Sergipe"],"inLanguage":"pt-BR"},{"@type":"WebPage","@id":"https:\/\/www.notibras.com\/site\/festas-juninas-aumentam-numero-de-queimaduras\/","url":"https:\/\/www.notibras.com\/site\/festas-juninas-aumentam-numero-de-queimaduras\/","name":"Festas juninas aumentam n\u00famero de queimaduras - Notibras","isPartOf":{"@id":"https:\/\/www.notibras.com\/site\/#website"},"primaryImageOfPage":{"@id":"https:\/\/www.notibras.com\/site\/festas-juninas-aumentam-numero-de-queimaduras\/#primaryimage"},"image":{"@id":"https:\/\/www.notibras.com\/site\/festas-juninas-aumentam-numero-de-queimaduras\/#primaryimage"},"thumbnailUrl":"https:\/\/www.notibras.com\/site\/wp-content\/uploads\/2024\/06\/sjfogos.webp","datePublished":"2024-06-20T18:48:10+00:00","breadcrumb":{"@id":"https:\/\/www.notibras.com\/site\/festas-juninas-aumentam-numero-de-queimaduras\/#breadcrumb"},"inLanguage":"pt-BR","potentialAction":[{"@type":"ReadAction","target":["https:\/\/www.notibras.com\/site\/festas-juninas-aumentam-numero-de-queimaduras\/"]}]},{"@type":"ImageObject","inLanguage":"pt-BR","@id":"https:\/\/www.notibras.com\/site\/festas-juninas-aumentam-numero-de-queimaduras\/#primaryimage","url":"https:\/\/www.notibras.com\/site\/wp-content\/uploads\/2024\/06\/sjfogos.webp","contentUrl":"https:\/\/www.notibras.com\/site\/wp-content\/uploads\/2024\/06\/sjfogos.webp","width":1170,"height":700},{"@type":"BreadcrumbList","@id":"https:\/\/www.notibras.com\/site\/festas-juninas-aumentam-numero-de-queimaduras\/#breadcrumb","itemListElement":[{"@type":"ListItem","position":1,"name":"In\u00edcio","item":"https:\/\/www.notibras.com\/site\/"},{"@type":"ListItem","position":2,"name":"Festas juninas aumentam n\u00famero de queimaduras"}]},{"@type":"WebSite","@id":"https:\/\/www.notibras.com\/site\/#website","url":"https:\/\/www.notibras.com\/site\/","name":"Notibras","description":"Not\u00edcias de Bras\u00edlia, do Brasil e do Mundo","publisher":{"@id":"https:\/\/www.notibras.com\/site\/#organization"},"potentialAction":[{"@type":"SearchAction","target":{"@type":"EntryPoint","urlTemplate":"https:\/\/www.notibras.com\/site\/?s={search_term_string}"},"query-input":{"@type":"PropertyValueSpecification","valueRequired":true,"valueName":"search_term_string"}}],"inLanguage":"pt-BR"},{"@type":"Organization","@id":"https:\/\/www.notibras.com\/site\/#organization","name":"Grupo Notibras de Comunica\u00e7\u00e3o","url":"https:\/\/www.notibras.com\/site\/","logo":{"@type":"ImageObject","inLanguage":"pt-BR","@id":"https:\/\/www.notibras.com\/site\/#\/schema\/logo\/image\/","url":"https:\/\/www.notibras.com\/site\/wp-content\/uploads\/2023\/01\/notibras23.png","contentUrl":"https:\/\/www.notibras.com\/site\/wp-content\/uploads\/2023\/01\/notibras23.png","width":350,"height":87,"caption":"Grupo Notibras de Comunica\u00e7\u00e3o"},"image":{"@id":"https:\/\/www.notibras.com\/site\/#\/schema\/logo\/image\/"},"sameAs":["https:\/\/www.facebook.com\/notibras\/","https:\/\/x.com\/Notibras","https:\/\/www.instagram.com\/notibras\/"]},{"@type":"Person","@id":"https:\/\/www.notibras.com\/site\/#\/schema\/person\/36ab0979449956132d3e5b517ea76ac8","name":"Reda\u00e7\u00e3o","image":{"@type":"ImageObject","inLanguage":"pt-BR","@id":"https:\/\/secure.gravatar.com\/avatar\/e0a867bdedb85fd243eadf09663511f96fc81e0720a4a42581f334ad4303aa6b?s=96&d=mm&r=g","url":"https:\/\/secure.gravatar.com\/avatar\/e0a867bdedb85fd243eadf09663511f96fc81e0720a4a42581f334ad4303aa6b?s=96&d=mm&r=g","contentUrl":"https:\/\/secure.gravatar.com\/avatar\/e0a867bdedb85fd243eadf09663511f96fc81e0720a4a42581f334ad4303aa6b?s=96&d=mm&r=g","caption":"Reda\u00e7\u00e3o"}}]}},"amp_enabled":true,"_links":{"self":[{"href":"https:\/\/www.notibras.com\/site\/wp-json\/wp\/v2\/posts\/331168","targetHints":{"allow":["GET"]}}],"collection":[{"href":"https:\/\/www.notibras.com\/site\/wp-json\/wp\/v2\/posts"}],"about":[{"href":"https:\/\/www.notibras.com\/site\/wp-json\/wp\/v2\/types\/post"}],"author":[{"embeddable":true,"href":"https:\/\/www.notibras.com\/site\/wp-json\/wp\/v2\/users\/2"}],"replies":[{"embeddable":true,"href":"https:\/\/www.notibras.com\/site\/wp-json\/wp\/v2\/comments?post=331168"}],"version-history":[{"count":1,"href":"https:\/\/www.notibras.com\/site\/wp-json\/wp\/v2\/posts\/331168\/revisions"}],"predecessor-version":[{"id":331170,"href":"https:\/\/www.notibras.com\/site\/wp-json\/wp\/v2\/posts\/331168\/revisions\/331170"}],"wp:featuredmedia":[{"embeddable":true,"href":"https:\/\/www.notibras.com\/site\/wp-json\/wp\/v2\/media\/331169"}],"wp:attachment":[{"href":"https:\/\/www.notibras.com\/site\/wp-json\/wp\/v2\/media?parent=331168"}],"wp:term":[{"taxonomy":"category","embeddable":true,"href":"https:\/\/www.notibras.com\/site\/wp-json\/wp\/v2\/categories?post=331168"},{"taxonomy":"post_tag","embeddable":true,"href":"https:\/\/www.notibras.com\/site\/wp-json\/wp\/v2\/tags?post=331168"}],"curies":[{"name":"wp","href":"https:\/\/api.w.org\/{rel}","templated":true}]}}