{"id":331172,"date":"2024-06-20T18:11:31","date_gmt":"2024-06-20T21:11:31","guid":{"rendered":"https:\/\/www.notibras.com\/site\/?p=331172"},"modified":"2024-06-20T18:11:54","modified_gmt":"2024-06-20T21:11:54","slug":"paulooctavio-anuncia-investimento-e-vgv-recorde","status":"publish","type":"post","link":"https:\/\/www.notibras.com\/site\/paulooctavio-anuncia-investimento-e-vgv-recorde\/","title":{"rendered":"PaulOOctavio anuncia investimento e VGV recorde"},"content":{"rendered":"<p>A PaulOOctavio anunciou, nesta quinta-feira (20), o investimento de R$ 950 milh\u00f5es para erguer seis novos empreendimentos residenciais em Noroeste, Setor de M\u00faltiplas Atividades Sul, \u00c1guas Claras, Guar\u00e1 e Samambaia. O an\u00fancio foi feito no estande de vendas da Asa Norte, com a presen\u00e7a do CEO Paulo Oct\u00e1vio e dos diretores Gabriela Canielas, Ricardo Cerqueira, Fabio Kertenis Mendes e Pedro \u00c1vila. A expectativa da empresa \u00e9 alcan\u00e7ar um Valor Geral de Vendas (VGV) na ordem de R$ 1,073 bilh\u00e3o,<\/p>\n<p>\u201cCada empreendimento tem, seguramente, tr\u00eas a quatro anos de trabalho, desde a compra dos terrenos, passando pela elabora\u00e7\u00e3o dos projetos arquitet\u00f4nicos, aprova\u00e7\u00e3o junto aos \u00f3rg\u00e3os p\u00fablicos e a obra em si\u201d, explicou Paulo Oct\u00e1vio. \u201cO primeiro empreendimento j\u00e1 foi lan\u00e7ado, em Samambaia. Vi esta cidade nascer, com a abertura da primeira rua. Me deixa emocionado voltar l\u00e1 e ver aquela pujan\u00e7a. Fico feliz por ser uma cidade planejada, com espa\u00e7os abertos e avenidas largas. O lan\u00e7amento bateu recorde de vendas, tendo as unidades esgotadas em uma semana\u201d, revela o empreendedor.<\/p>\n<p>O modelo de intelig\u00eancia artificial que est\u00e1 sendo implantado nos canteiros de obra tamb\u00e9m foi apresentado pela empresa. A partir deste ano, os projetos novos passar\u00e3o a ser executados na plataforma BIM (Building Information Modeling), que permitir\u00e1 maior controle dos processos. \u201cA obra passa a ter um aspecto tridimensional. Isso faz com que os profissionais se aperfei\u00e7oem. Em breve, teremos os mestres de obras trabalhando com iPad, para acompanhar profundamente a constru\u00e7\u00e3o, nos dando mais seguran\u00e7a\u201d, disse.<\/p>\n<p>Paulo Oct\u00e1vio afirmou ainda que a constru\u00e7\u00e3o civil tem de capacitar seus profissionais. \u201cEstamos atrasados em rela\u00e7\u00e3o a outros setores da ind\u00fastria, porque ainda utilizamos m\u00e3o de obra com baixa escolaridade. Ent\u00e3o, o setor tem a fun\u00e7\u00e3o de abrigar estas pessoas e estimul\u00e1-las a aprender mais, para que consigam seguir com o advento da intelig\u00eancia artificial\u201d, ressalta. Ele encerrou a fala anunciando que outros empreendimentos ser\u00e3o lan\u00e7ados em abril de 2025, quando a PaulOOctavio completar\u00e1 50 anos de exist\u00eancia.<\/p>\n<p>A diretora de Arquitetura Residencial da PaulOOctavio, Gabriela Canielas, falou dos tr\u00eas empreendimentos de sua \u00e1rea. O edif\u00edcio Edmond Baracat \u00e9 a \u00faltima proje\u00e7\u00e3o a ser constru\u00edda na quadra 311 do Noroeste e o apartamento decorado acaba de ser aberto ao p\u00fablico, no local. Outro residencial, em \u00c1guas Claras, ser\u00e1 lan\u00e7ado em setembro, com mais de 130 unidades, diferenciais exclusivos. \u201cO projeto \u00e9 supermoderno e, com certeza, ser\u00e1 um marco para a cidade\u201d, revela Gabriela. Por \u00faltimo, detalhou o Residencial Marianne Peretti, que ser\u00e1 lan\u00e7ado em novembro, na quadra 304 do Noroeste. Com apenas 24 unidades, o edif\u00edcio homenageia uma grande artista da cidade, com diferenciais como uma janela com mais de dez metros de abertura total.<\/p>\n<p>O diretor Arquitetura Comercial e Grandes Obras da PaulOOctavio, Ricardo Cerqueira, disse que o UP Resort, em Samambaia, foi sucesso de vendas. Localizado a pouco mais de cem metros do Metr\u00f4 da cidade, tem 563 unidades, distribu\u00eddas em quatro torres. Ele revelou que todos os apartamentos de cobertura foram vendidos em duas horas, mas que no ano que vem a construtora ter\u00e1 novos empreendimentos na cidade.<\/p>\n<p>Outro lan\u00e7amento apresentado pelo diretor foi o residencial Marechal Jos\u00e9 Pessoa, em parceria com a FHE\/Poupex, na quadra 23 do Guar\u00e1 II. S\u00e3o duas torres com \u00e1rea de lazer com cerca de 15 itens, com acesso eletr\u00f4nico e estacionamento para todas as unidades. O lan\u00e7amento oficial ser\u00e1 no pr\u00f3ximo s\u00e1bado (22), no estande de vendas da construtora em \u00c1guas Claras. Por fim, Ricardo falou do empreendimento que ele considera \u201ca joia da coroa\u201d, no Setor de M\u00faltiplas Atividades Sul, pr\u00f3ximo \u00e0 Leroy Merlin. \u201cPensamos em um resort urbano, valorizando as \u00e1reas livres e a conviv\u00eancia das pessoas fora do apartamento. Por isso, vamos fazer uma pra\u00e7a de 15 mil metros quadrados e entregar para a comunidade\u201d, revela. O lan\u00e7amento est\u00e1 previsto para agosto.<\/p>\n<p>O diretor comercial Fabio Kertenis Mendes comparou a realidade de S\u00e3o Paulo, cidade de onde veio, com a vida brasiliense. \u201cEu levava duas horas para me locomover diariamente e hoje gasto sete minutos para chegar no trabalho\u201d, disse. \u201cPercebi que o consumidor de Bras\u00edlia \u00e9 muito fiel e comprador. Estamos com a meta de vendas, que \u00e9 de R$ 400 milh\u00f5es, praticamente batida, com R$ 310 milh\u00f5es vendidos. A expectativa \u00e9 de bater o recorde\u201d, disse. \u201cA empresa est\u00e1 com bons projetos, boas localiza\u00e7\u00f5es e produtos ic\u00f4nicos, trazendo gentileza urbana para a cidade de Bras\u00edlia\u201d, finalizou F\u00e1bio.<\/p>\n","protected":false},"excerpt":{"rendered":"<p>A PaulOOctavio anunciou, nesta quinta-feira (20), o investimento de R$ 950 milh\u00f5es para erguer seis novos empreendimentos residenciais em Noroeste, Setor de M\u00faltiplas Atividades Sul, \u00c1guas Claras, Guar\u00e1 e Samambaia. O an\u00fancio foi feito no estande de vendas da Asa Norte, com a presen\u00e7a do CEO Paulo Oct\u00e1vio e dos diretores Gabriela Canielas, Ricardo Cerqueira, [&hellip;]<\/p>\n","protected":false},"author":2,"featured_media":331173,"comment_status":"closed","ping_status":"closed","sticky":false,"template":"","format":"standard","meta":{"_acf_changed":false,"footnotes":""},"categories":[161],"tags":[],"class_list":["post-331172","post","type-post","status-publish","format-standard","has-post-thumbnail","hentry","category-quadradinho-em-foco"],"acf":[],"yoast_head":"<!-- This site is optimized with the Yoast SEO plugin v27.5 - https:\/\/yoast.com\/product\/yoast-seo-wordpress\/ -->\n<title>PaulOOctavio anuncia investimento e VGV recorde - Notibras<\/title>\n<meta name=\"robots\" content=\"index, follow, max-snippet:-1, max-image-preview:large, max-video-preview:-1\" \/>\n<link rel=\"canonical\" href=\"https:\/\/www.notibras.com\/site\/paulooctavio-anuncia-investimento-e-vgv-recorde\/\" \/>\n<meta property=\"og:locale\" content=\"pt_BR\" \/>\n<meta property=\"og:type\" content=\"article\" \/>\n<meta property=\"og:title\" content=\"PaulOOctavio anuncia investimento e VGV recorde - Notibras\" \/>\n<meta property=\"og:description\" content=\"A PaulOOctavio anunciou, nesta quinta-feira (20), o investimento de R$ 950 milh\u00f5es para erguer seis novos empreendimentos residenciais em Noroeste, Setor de M\u00faltiplas Atividades Sul, \u00c1guas Claras, Guar\u00e1 e Samambaia. O an\u00fancio foi feito no estande de vendas da Asa Norte, com a presen\u00e7a do CEO Paulo Oct\u00e1vio e dos diretores Gabriela Canielas, Ricardo Cerqueira, [&hellip;]\" \/>\n<meta property=\"og:url\" content=\"https:\/\/www.notibras.com\/site\/paulooctavio-anuncia-investimento-e-vgv-recorde\/\" \/>\n<meta property=\"og:site_name\" content=\"Notibras\" \/>\n<meta property=\"article:publisher\" content=\"https:\/\/www.facebook.com\/notibras\/\" \/>\n<meta property=\"article:published_time\" content=\"2024-06-20T21:11:31+00:00\" \/>\n<meta property=\"article:modified_time\" content=\"2024-06-20T21:11:54+00:00\" \/>\n<meta property=\"og:image\" content=\"https:\/\/www.notibras.com\/site\/wp-content\/uploads\/2024\/06\/822a2900-27cc-4191-88fb-836acfa309d5.jpeg\" \/>\n\t<meta property=\"og:image:width\" content=\"1600\" \/>\n\t<meta property=\"og:image:height\" content=\"1064\" \/>\n\t<meta property=\"og:image:type\" content=\"image\/jpeg\" \/>\n<meta name=\"author\" content=\"Reda\u00e7\u00e3o\" \/>\n<meta name=\"twitter:card\" content=\"summary_large_image\" \/>\n<meta name=\"twitter:creator\" content=\"@Notibras\" \/>\n<meta name=\"twitter:site\" content=\"@Notibras\" \/>\n<meta name=\"twitter:label1\" content=\"Escrito por\" \/>\n\t<meta name=\"twitter:data1\" content=\"Reda\u00e7\u00e3o\" \/>\n\t<meta name=\"twitter:label2\" content=\"Est. tempo de leitura\" \/>\n\t<meta name=\"twitter:data2\" content=\"5 minutos\" \/>\n<script type=\"application\/ld+json\" class=\"yoast-schema-graph\">{\"@context\":\"https:\\\/\\\/schema.org\",\"@graph\":[{\"@type\":\"Article\",\"@id\":\"https:\\\/\\\/www.notibras.com\\\/site\\\/paulooctavio-anuncia-investimento-e-vgv-recorde\\\/#article\",\"isPartOf\":{\"@id\":\"https:\\\/\\\/www.notibras.com\\\/site\\\/paulooctavio-anuncia-investimento-e-vgv-recorde\\\/\"},\"author\":{\"name\":\"Reda\u00e7\u00e3o\",\"@id\":\"https:\\\/\\\/www.notibras.com\\\/site\\\/#\\\/schema\\\/person\\\/36ab0979449956132d3e5b517ea76ac8\"},\"headline\":\"PaulOOctavio anuncia investimento e VGV recorde\",\"datePublished\":\"2024-06-20T21:11:31+00:00\",\"dateModified\":\"2024-06-20T21:11:54+00:00\",\"mainEntityOfPage\":{\"@id\":\"https:\\\/\\\/www.notibras.com\\\/site\\\/paulooctavio-anuncia-investimento-e-vgv-recorde\\\/\"},\"wordCount\":776,\"publisher\":{\"@id\":\"https:\\\/\\\/www.notibras.com\\\/site\\\/#organization\"},\"image\":{\"@id\":\"https:\\\/\\\/www.notibras.com\\\/site\\\/paulooctavio-anuncia-investimento-e-vgv-recorde\\\/#primaryimage\"},\"thumbnailUrl\":\"https:\\\/\\\/www.notibras.com\\\/site\\\/wp-content\\\/uploads\\\/2024\\\/06\\\/822a2900-27cc-4191-88fb-836acfa309d5.jpeg\",\"articleSection\":[\"Quadradinho em Foco\"],\"inLanguage\":\"pt-BR\"},{\"@type\":\"WebPage\",\"@id\":\"https:\\\/\\\/www.notibras.com\\\/site\\\/paulooctavio-anuncia-investimento-e-vgv-recorde\\\/\",\"url\":\"https:\\\/\\\/www.notibras.com\\\/site\\\/paulooctavio-anuncia-investimento-e-vgv-recorde\\\/\",\"name\":\"PaulOOctavio anuncia investimento e VGV recorde - Notibras\",\"isPartOf\":{\"@id\":\"https:\\\/\\\/www.notibras.com\\\/site\\\/#website\"},\"primaryImageOfPage\":{\"@id\":\"https:\\\/\\\/www.notibras.com\\\/site\\\/paulooctavio-anuncia-investimento-e-vgv-recorde\\\/#primaryimage\"},\"image\":{\"@id\":\"https:\\\/\\\/www.notibras.com\\\/site\\\/paulooctavio-anuncia-investimento-e-vgv-recorde\\\/#primaryimage\"},\"thumbnailUrl\":\"https:\\\/\\\/www.notibras.com\\\/site\\\/wp-content\\\/uploads\\\/2024\\\/06\\\/822a2900-27cc-4191-88fb-836acfa309d5.jpeg\",\"datePublished\":\"2024-06-20T21:11:31+00:00\",\"dateModified\":\"2024-06-20T21:11:54+00:00\",\"breadcrumb\":{\"@id\":\"https:\\\/\\\/www.notibras.com\\\/site\\\/paulooctavio-anuncia-investimento-e-vgv-recorde\\\/#breadcrumb\"},\"inLanguage\":\"pt-BR\",\"potentialAction\":[{\"@type\":\"ReadAction\",\"target\":[\"https:\\\/\\\/www.notibras.com\\\/site\\\/paulooctavio-anuncia-investimento-e-vgv-recorde\\\/\"]}]},{\"@type\":\"ImageObject\",\"inLanguage\":\"pt-BR\",\"@id\":\"https:\\\/\\\/www.notibras.com\\\/site\\\/paulooctavio-anuncia-investimento-e-vgv-recorde\\\/#primaryimage\",\"url\":\"https:\\\/\\\/www.notibras.com\\\/site\\\/wp-content\\\/uploads\\\/2024\\\/06\\\/822a2900-27cc-4191-88fb-836acfa309d5.jpeg\",\"contentUrl\":\"https:\\\/\\\/www.notibras.com\\\/site\\\/wp-content\\\/uploads\\\/2024\\\/06\\\/822a2900-27cc-4191-88fb-836acfa309d5.jpeg\",\"width\":1600,\"height\":1064},{\"@type\":\"BreadcrumbList\",\"@id\":\"https:\\\/\\\/www.notibras.com\\\/site\\\/paulooctavio-anuncia-investimento-e-vgv-recorde\\\/#breadcrumb\",\"itemListElement\":[{\"@type\":\"ListItem\",\"position\":1,\"name\":\"In\u00edcio\",\"item\":\"https:\\\/\\\/www.notibras.com\\\/site\\\/\"},{\"@type\":\"ListItem\",\"position\":2,\"name\":\"PaulOOctavio anuncia investimento e VGV recorde\"}]},{\"@type\":\"WebSite\",\"@id\":\"https:\\\/\\\/www.notibras.com\\\/site\\\/#website\",\"url\":\"https:\\\/\\\/www.notibras.com\\\/site\\\/\",\"name\":\"Notibras\",\"description\":\"Not\u00edcias de Bras\u00edlia, do Brasil e do Mundo\",\"publisher\":{\"@id\":\"https:\\\/\\\/www.notibras.com\\\/site\\\/#organization\"},\"potentialAction\":[{\"@type\":\"SearchAction\",\"target\":{\"@type\":\"EntryPoint\",\"urlTemplate\":\"https:\\\/\\\/www.notibras.com\\\/site\\\/?s={search_term_string}\"},\"query-input\":{\"@type\":\"PropertyValueSpecification\",\"valueRequired\":true,\"valueName\":\"search_term_string\"}}],\"inLanguage\":\"pt-BR\"},{\"@type\":\"Organization\",\"@id\":\"https:\\\/\\\/www.notibras.com\\\/site\\\/#organization\",\"name\":\"Grupo Notibras de Comunica\u00e7\u00e3o\",\"url\":\"https:\\\/\\\/www.notibras.com\\\/site\\\/\",\"logo\":{\"@type\":\"ImageObject\",\"inLanguage\":\"pt-BR\",\"@id\":\"https:\\\/\\\/www.notibras.com\\\/site\\\/#\\\/schema\\\/logo\\\/image\\\/\",\"url\":\"https:\\\/\\\/www.notibras.com\\\/site\\\/wp-content\\\/uploads\\\/2023\\\/01\\\/notibras23.png\",\"contentUrl\":\"https:\\\/\\\/www.notibras.com\\\/site\\\/wp-content\\\/uploads\\\/2023\\\/01\\\/notibras23.png\",\"width\":350,\"height\":87,\"caption\":\"Grupo Notibras de Comunica\u00e7\u00e3o\"},\"image\":{\"@id\":\"https:\\\/\\\/www.notibras.com\\\/site\\\/#\\\/schema\\\/logo\\\/image\\\/\"},\"sameAs\":[\"https:\\\/\\\/www.facebook.com\\\/notibras\\\/\",\"https:\\\/\\\/x.com\\\/Notibras\",\"https:\\\/\\\/www.instagram.com\\\/notibras\\\/\"]},{\"@type\":\"Person\",\"@id\":\"https:\\\/\\\/www.notibras.com\\\/site\\\/#\\\/schema\\\/person\\\/36ab0979449956132d3e5b517ea76ac8\",\"name\":\"Reda\u00e7\u00e3o\",\"image\":{\"@type\":\"ImageObject\",\"inLanguage\":\"pt-BR\",\"@id\":\"https:\\\/\\\/secure.gravatar.com\\\/avatar\\\/e0a867bdedb85fd243eadf09663511f96fc81e0720a4a42581f334ad4303aa6b?s=96&d=mm&r=g\",\"url\":\"https:\\\/\\\/secure.gravatar.com\\\/avatar\\\/e0a867bdedb85fd243eadf09663511f96fc81e0720a4a42581f334ad4303aa6b?s=96&d=mm&r=g\",\"contentUrl\":\"https:\\\/\\\/secure.gravatar.com\\\/avatar\\\/e0a867bdedb85fd243eadf09663511f96fc81e0720a4a42581f334ad4303aa6b?s=96&d=mm&r=g\",\"caption\":\"Reda\u00e7\u00e3o\"}}]}<\/script>\n<!-- \/ Yoast SEO plugin. -->","yoast_head_json":{"title":"PaulOOctavio anuncia investimento e VGV recorde - Notibras","robots":{"index":"index","follow":"follow","max-snippet":"max-snippet:-1","max-image-preview":"max-image-preview:large","max-video-preview":"max-video-preview:-1"},"canonical":"https:\/\/www.notibras.com\/site\/paulooctavio-anuncia-investimento-e-vgv-recorde\/","og_locale":"pt_BR","og_type":"article","og_title":"PaulOOctavio anuncia investimento e VGV recorde - Notibras","og_description":"A PaulOOctavio anunciou, nesta quinta-feira (20), o investimento de R$ 950 milh\u00f5es para erguer seis novos empreendimentos residenciais em Noroeste, Setor de M\u00faltiplas Atividades Sul, \u00c1guas Claras, Guar\u00e1 e Samambaia. O an\u00fancio foi feito no estande de vendas da Asa Norte, com a presen\u00e7a do CEO Paulo Oct\u00e1vio e dos diretores Gabriela Canielas, Ricardo Cerqueira, [&hellip;]","og_url":"https:\/\/www.notibras.com\/site\/paulooctavio-anuncia-investimento-e-vgv-recorde\/","og_site_name":"Notibras","article_publisher":"https:\/\/www.facebook.com\/notibras\/","article_published_time":"2024-06-20T21:11:31+00:00","article_modified_time":"2024-06-20T21:11:54+00:00","og_image":[{"width":1600,"height":1064,"url":"https:\/\/www.notibras.com\/site\/wp-content\/uploads\/2024\/06\/822a2900-27cc-4191-88fb-836acfa309d5.jpeg","type":"image\/jpeg"}],"author":"Reda\u00e7\u00e3o","twitter_card":"summary_large_image","twitter_creator":"@Notibras","twitter_site":"@Notibras","twitter_misc":{"Escrito por":"Reda\u00e7\u00e3o","Est. tempo de leitura":"5 minutos"},"schema":{"@context":"https:\/\/schema.org","@graph":[{"@type":"Article","@id":"https:\/\/www.notibras.com\/site\/paulooctavio-anuncia-investimento-e-vgv-recorde\/#article","isPartOf":{"@id":"https:\/\/www.notibras.com\/site\/paulooctavio-anuncia-investimento-e-vgv-recorde\/"},"author":{"name":"Reda\u00e7\u00e3o","@id":"https:\/\/www.notibras.com\/site\/#\/schema\/person\/36ab0979449956132d3e5b517ea76ac8"},"headline":"PaulOOctavio anuncia investimento e VGV recorde","datePublished":"2024-06-20T21:11:31+00:00","dateModified":"2024-06-20T21:11:54+00:00","mainEntityOfPage":{"@id":"https:\/\/www.notibras.com\/site\/paulooctavio-anuncia-investimento-e-vgv-recorde\/"},"wordCount":776,"publisher":{"@id":"https:\/\/www.notibras.com\/site\/#organization"},"image":{"@id":"https:\/\/www.notibras.com\/site\/paulooctavio-anuncia-investimento-e-vgv-recorde\/#primaryimage"},"thumbnailUrl":"https:\/\/www.notibras.com\/site\/wp-content\/uploads\/2024\/06\/822a2900-27cc-4191-88fb-836acfa309d5.jpeg","articleSection":["Quadradinho em Foco"],"inLanguage":"pt-BR"},{"@type":"WebPage","@id":"https:\/\/www.notibras.com\/site\/paulooctavio-anuncia-investimento-e-vgv-recorde\/","url":"https:\/\/www.notibras.com\/site\/paulooctavio-anuncia-investimento-e-vgv-recorde\/","name":"PaulOOctavio anuncia investimento e VGV recorde - Notibras","isPartOf":{"@id":"https:\/\/www.notibras.com\/site\/#website"},"primaryImageOfPage":{"@id":"https:\/\/www.notibras.com\/site\/paulooctavio-anuncia-investimento-e-vgv-recorde\/#primaryimage"},"image":{"@id":"https:\/\/www.notibras.com\/site\/paulooctavio-anuncia-investimento-e-vgv-recorde\/#primaryimage"},"thumbnailUrl":"https:\/\/www.notibras.com\/site\/wp-content\/uploads\/2024\/06\/822a2900-27cc-4191-88fb-836acfa309d5.jpeg","datePublished":"2024-06-20T21:11:31+00:00","dateModified":"2024-06-20T21:11:54+00:00","breadcrumb":{"@id":"https:\/\/www.notibras.com\/site\/paulooctavio-anuncia-investimento-e-vgv-recorde\/#breadcrumb"},"inLanguage":"pt-BR","potentialAction":[{"@type":"ReadAction","target":["https:\/\/www.notibras.com\/site\/paulooctavio-anuncia-investimento-e-vgv-recorde\/"]}]},{"@type":"ImageObject","inLanguage":"pt-BR","@id":"https:\/\/www.notibras.com\/site\/paulooctavio-anuncia-investimento-e-vgv-recorde\/#primaryimage","url":"https:\/\/www.notibras.com\/site\/wp-content\/uploads\/2024\/06\/822a2900-27cc-4191-88fb-836acfa309d5.jpeg","contentUrl":"https:\/\/www.notibras.com\/site\/wp-content\/uploads\/2024\/06\/822a2900-27cc-4191-88fb-836acfa309d5.jpeg","width":1600,"height":1064},{"@type":"BreadcrumbList","@id":"https:\/\/www.notibras.com\/site\/paulooctavio-anuncia-investimento-e-vgv-recorde\/#breadcrumb","itemListElement":[{"@type":"ListItem","position":1,"name":"In\u00edcio","item":"https:\/\/www.notibras.com\/site\/"},{"@type":"ListItem","position":2,"name":"PaulOOctavio anuncia investimento e VGV recorde"}]},{"@type":"WebSite","@id":"https:\/\/www.notibras.com\/site\/#website","url":"https:\/\/www.notibras.com\/site\/","name":"Notibras","description":"Not\u00edcias de Bras\u00edlia, do Brasil e do Mundo","publisher":{"@id":"https:\/\/www.notibras.com\/site\/#organization"},"potentialAction":[{"@type":"SearchAction","target":{"@type":"EntryPoint","urlTemplate":"https:\/\/www.notibras.com\/site\/?s={search_term_string}"},"query-input":{"@type":"PropertyValueSpecification","valueRequired":true,"valueName":"search_term_string"}}],"inLanguage":"pt-BR"},{"@type":"Organization","@id":"https:\/\/www.notibras.com\/site\/#organization","name":"Grupo Notibras de Comunica\u00e7\u00e3o","url":"https:\/\/www.notibras.com\/site\/","logo":{"@type":"ImageObject","inLanguage":"pt-BR","@id":"https:\/\/www.notibras.com\/site\/#\/schema\/logo\/image\/","url":"https:\/\/www.notibras.com\/site\/wp-content\/uploads\/2023\/01\/notibras23.png","contentUrl":"https:\/\/www.notibras.com\/site\/wp-content\/uploads\/2023\/01\/notibras23.png","width":350,"height":87,"caption":"Grupo Notibras de Comunica\u00e7\u00e3o"},"image":{"@id":"https:\/\/www.notibras.com\/site\/#\/schema\/logo\/image\/"},"sameAs":["https:\/\/www.facebook.com\/notibras\/","https:\/\/x.com\/Notibras","https:\/\/www.instagram.com\/notibras\/"]},{"@type":"Person","@id":"https:\/\/www.notibras.com\/site\/#\/schema\/person\/36ab0979449956132d3e5b517ea76ac8","name":"Reda\u00e7\u00e3o","image":{"@type":"ImageObject","inLanguage":"pt-BR","@id":"https:\/\/secure.gravatar.com\/avatar\/e0a867bdedb85fd243eadf09663511f96fc81e0720a4a42581f334ad4303aa6b?s=96&d=mm&r=g","url":"https:\/\/secure.gravatar.com\/avatar\/e0a867bdedb85fd243eadf09663511f96fc81e0720a4a42581f334ad4303aa6b?s=96&d=mm&r=g","contentUrl":"https:\/\/secure.gravatar.com\/avatar\/e0a867bdedb85fd243eadf09663511f96fc81e0720a4a42581f334ad4303aa6b?s=96&d=mm&r=g","caption":"Reda\u00e7\u00e3o"}}]}},"amp_enabled":true,"_links":{"self":[{"href":"https:\/\/www.notibras.com\/site\/wp-json\/wp\/v2\/posts\/331172","targetHints":{"allow":["GET"]}}],"collection":[{"href":"https:\/\/www.notibras.com\/site\/wp-json\/wp\/v2\/posts"}],"about":[{"href":"https:\/\/www.notibras.com\/site\/wp-json\/wp\/v2\/types\/post"}],"author":[{"embeddable":true,"href":"https:\/\/www.notibras.com\/site\/wp-json\/wp\/v2\/users\/2"}],"replies":[{"embeddable":true,"href":"https:\/\/www.notibras.com\/site\/wp-json\/wp\/v2\/comments?post=331172"}],"version-history":[{"count":1,"href":"https:\/\/www.notibras.com\/site\/wp-json\/wp\/v2\/posts\/331172\/revisions"}],"predecessor-version":[{"id":331174,"href":"https:\/\/www.notibras.com\/site\/wp-json\/wp\/v2\/posts\/331172\/revisions\/331174"}],"wp:featuredmedia":[{"embeddable":true,"href":"https:\/\/www.notibras.com\/site\/wp-json\/wp\/v2\/media\/331173"}],"wp:attachment":[{"href":"https:\/\/www.notibras.com\/site\/wp-json\/wp\/v2\/media?parent=331172"}],"wp:term":[{"taxonomy":"category","embeddable":true,"href":"https:\/\/www.notibras.com\/site\/wp-json\/wp\/v2\/categories?post=331172"},{"taxonomy":"post_tag","embeddable":true,"href":"https:\/\/www.notibras.com\/site\/wp-json\/wp\/v2\/tags?post=331172"}],"curies":[{"name":"wp","href":"https:\/\/api.w.org\/{rel}","templated":true}]}}