{"id":331187,"date":"2024-06-20T15:45:23","date_gmt":"2024-06-20T18:45:23","guid":{"rendered":"https:\/\/www.notibras.com\/site\/?p=331187"},"modified":"2024-06-20T18:46:57","modified_gmt":"2024-06-20T21:46:57","slug":"lula-anuncia-investimentos-em-educacao-e-saude","status":"publish","type":"post","link":"https:\/\/www.notibras.com\/site\/lula-anuncia-investimentos-em-educacao-e-saude\/","title":{"rendered":"Lula anuncia investimentos em educa\u00e7\u00e3o e sa\u00fade"},"content":{"rendered":"<p>O presidente Luiz In\u00e1cio Lula da Silva anunciou recursos do governo federal para melhoria da educa\u00e7\u00e3o superior no Cear\u00e1. Ser\u00e3o feitos investimentos em quatro institui\u00e7\u00f5es de ensino superior que alcan\u00e7am hospitais universit\u00e1rios, novos cursos e novos campi e obras de melhorias. O evento ocorreu no Pal\u00e1cio da Aboli\u00e7\u00e3o, em Fortaleza, capital cearense.<\/p>\n<p>Lula afirmou que os investimentos no Nordeste s\u00e3o prioridade em seu governo, j\u00e1 que, historicamente, estados do Sul e Sudeste sempre foram beneficiados. \u201cPor que no Nordeste temos menos universidades, menos mestres, menos doutores, menos institutos de pesquisa, menos laborat\u00f3rios, por que a gente tem mais desnutri\u00e7\u00e3o, mortalidade infantil, mais analfabeto? N\u00e3o \u00e9 normal, Deus n\u00e3o pode ser injusto com o povo do Nordeste\u201d, questionou Lula.<\/p>\n<p>\u201c\u00c9 preciso dar ao povo do Nordeste a chance dele poder competir. A gente n\u00e3o quer tirar nada de ningu\u00e9m, a gente quer apenas ter a mesma oportunidade. O nosso filho n\u00e3o quer tirar o rico da universidade, a gente quer ter o direito de competir com ele no Enem. A gente quer ter a chance de sentar lado a lado e ver quem estudou mais. Dizer que o pobre \u00e9 mais burro que o rico \u00e9 mentira, porque [o educador] Paulo Freire dizia \u2018quando as crian\u00e7as comem, todo mundo vira inteligente\u2019. Ent\u00e3o, tomei quase como uma profiss\u00e3o de f\u00e9 [os investimentos em educa\u00e7\u00e3o]\u201d, acrescentou o presidente.<\/p>\n<p><strong>Investimentos<\/strong><br \/>\nSer\u00e3o beneficiadas a Universidade Federal do Cear\u00e1 (UFC), a Universidade Federal do Cariri (UFCA), a Universidade da Integra\u00e7\u00e3o Internacional da Lusofonia Afro-Brasileira (Unilab) e o Instituto Federal de Educa\u00e7\u00e3o, Ci\u00eancia e Tecnologia do Cear\u00e1 (IFCE). Os recursos ser\u00e3o alocados por meio do novo Programa de Acelera\u00e7\u00e3o do Crescimento (PAC) e incluem investimentos j\u00e1 anunciados pelo governo federal para obras de infraestrutura para o ensino superior.<\/p>\n<p>De acordo com o governo, para o Cear\u00e1 ser\u00e3o destinados R$ 189 milh\u00f5es para as universidades federais, R$ 316,4 milh\u00f5es para hospitais universit\u00e1rios e R$ 190,3 milh\u00f5es para o IFCE. Al\u00e9m disso, outros R$ 83,2 milh\u00f5es s\u00e3o uma contrapartida do estado e dos munic\u00edpios, num total de R$ 778,9 milh\u00f5es voltados para expans\u00e3o e consolida\u00e7\u00e3o de institui\u00e7\u00f5es federais de ensino e da sa\u00fade no estado.<\/p>\n<p><strong>Acordos assinados<\/strong><br \/>\nDurante o evento, a UFCA e a Empresa Brasileira de Servi\u00e7os Hospitalares assinaram protocolo de inten\u00e7\u00e3o para presta\u00e7\u00e3o de servi\u00e7os no novo hospital universit\u00e1rio. A previs\u00e3o \u00e9 que sejam investidos R$ 200 milh\u00f5es na constru\u00e7\u00e3o da unidade.<\/p>\n<p>O Minist\u00e9rio da Educa\u00e7\u00e3o (MEC) e a UFCA tamb\u00e9m assinaram termo de parceria para investimentos de R$ 34,5 milh\u00f5es na consolida\u00e7\u00e3o e expans\u00e3o da universidade. Isso inclui o novo hospital veterin\u00e1rio no campus do Crato, o restaurante e a nova biblioteca central no campus de Juazeiro do Norte e os novos blocos acad\u00eamicos para os campi de Barbalha, Brejo Santo e Ic\u00f3.<\/p>\n<p>J\u00e1 para a UFC, o MEC destinar\u00e1 R$ 196 milh\u00f5es para as novas instala\u00e7\u00e3o do complexo hospitalar, da Maternidade Escola Assis Chateaubriand e do Hospital Universit\u00e1rio Walter Cant\u00eddio, autoriza\u00e7\u00e3o de licita\u00e7\u00e3o da constru\u00e7\u00e3o do novo bloco de curso de odontologia do campus de Crate\u00fas, de bloco did\u00e1tico no campus de Quixad\u00e1, do novo pr\u00e9dio do curso de medicina do campus de Russa, restaura\u00e7\u00e3o do pr\u00e9dio da biblioteca e constru\u00e7\u00e3o da quadra poliesportiva do campus de Sobral e constru\u00e7\u00e3o da quadra poliesportiva do campus de Itapaj\u00e9<\/p>\n<p>O termo de parceria entre o MEC e Unilab prev\u00ea R$ 75,2 milh\u00f5es em investimentos para obras de urbaniza\u00e7\u00e3o dos pr\u00e9dios acad\u00eamicos, conclus\u00e3o de implanta\u00e7\u00e3o de novos laborat\u00f3rios e salas de aulas; conclus\u00e3o das obras de constru\u00e7\u00e3o das resid\u00eancias universit\u00e1rias e constru\u00e7\u00e3o de novo gin\u00e1sio poliesportivo. Todas as interven\u00e7\u00f5es s\u00e3o no campus das Auroras, no munic\u00edpio de Reden\u00e7\u00e3o. A Unilab tamb\u00e9m ganhar\u00e1 um novo campus, que ser\u00e1 constru\u00eddo no munic\u00edpio Baturit\u00e9.<\/p>\n<p>Por fim, no IFCE ser\u00e3o investidos 190,3 milh\u00f5es, que ter\u00e1 seis novos campi, al\u00e9m de novos restaurantes estudantis e bibliotecas em outros campi. Durante o evento, o novo campus S\u00e3o Gerardo recebeu autoriza\u00e7\u00e3o de funcionamento j\u00e1 para o primeiro semestre de 2025.<\/p>\n<p>Ainda hoje, na capital cearense, o presidente Lula participa da cerim\u00f4nia de entrega de 416 apartamentos no Residencial Cidade Jardim III, constru\u00eddas com recursos do programa Minha Casa, Minha Vida (MCMV).<\/p>\n","protected":false},"excerpt":{"rendered":"<p>O presidente Luiz In\u00e1cio Lula da Silva anunciou recursos do governo federal para melhoria da educa\u00e7\u00e3o superior no Cear\u00e1. Ser\u00e3o feitos investimentos em quatro institui\u00e7\u00f5es de ensino superior que alcan\u00e7am hospitais universit\u00e1rios, novos cursos e novos campi e obras de melhorias. O evento ocorreu no Pal\u00e1cio da Aboli\u00e7\u00e3o, em Fortaleza, capital cearense. Lula afirmou que [&hellip;]<\/p>\n","protected":false},"author":2,"featured_media":331188,"comment_status":"closed","ping_status":"closed","sticky":false,"template":"","format":"standard","meta":{"_acf_changed":false,"footnotes":""},"categories":[168,165],"tags":[],"class_list":["post-331187","post","type-post","status-publish","format-standard","has-post-thumbnail","hentry","category-ceara","category-nordeste"],"acf":[],"_links":{"self":[{"href":"https:\/\/www.notibras.com\/site\/wp-json\/wp\/v2\/posts\/331187","targetHints":{"allow":["GET"]}}],"collection":[{"href":"https:\/\/www.notibras.com\/site\/wp-json\/wp\/v2\/posts"}],"about":[{"href":"https:\/\/www.notibras.com\/site\/wp-json\/wp\/v2\/types\/post"}],"author":[{"embeddable":true,"href":"https:\/\/www.notibras.com\/site\/wp-json\/wp\/v2\/users\/2"}],"replies":[{"embeddable":true,"href":"https:\/\/www.notibras.com\/site\/wp-json\/wp\/v2\/comments?post=331187"}],"version-history":[{"count":1,"href":"https:\/\/www.notibras.com\/site\/wp-json\/wp\/v2\/posts\/331187\/revisions"}],"predecessor-version":[{"id":331189,"href":"https:\/\/www.notibras.com\/site\/wp-json\/wp\/v2\/posts\/331187\/revisions\/331189"}],"wp:featuredmedia":[{"embeddable":true,"href":"https:\/\/www.notibras.com\/site\/wp-json\/wp\/v2\/media\/331188"}],"wp:attachment":[{"href":"https:\/\/www.notibras.com\/site\/wp-json\/wp\/v2\/media?parent=331187"}],"wp:term":[{"taxonomy":"category","embeddable":true,"href":"https:\/\/www.notibras.com\/site\/wp-json\/wp\/v2\/categories?post=331187"},{"taxonomy":"post_tag","embeddable":true,"href":"https:\/\/www.notibras.com\/site\/wp-json\/wp\/v2\/tags?post=331187"}],"curies":[{"name":"wp","href":"https:\/\/api.w.org\/{rel}","templated":true}]}}