{"id":331202,"date":"2024-06-21T06:23:36","date_gmt":"2024-06-21T09:23:36","guid":{"rendered":"https:\/\/www.notibras.com\/site\/?p=331202"},"modified":"2024-06-21T06:42:30","modified_gmt":"2024-06-21T09:42:30","slug":"tiao-traido-flagra-casal-e-impoe-novo-casamento","status":"publish","type":"post","link":"https:\/\/www.notibras.com\/site\/tiao-traido-flagra-casal-e-impoe-novo-casamento\/","title":{"rendered":"Ti\u00e3o, tra\u00eddo, flagra casal e imp\u00f5e novo casamento"},"content":{"rendered":"<p>Reuni\u00e3o de fam\u00edlia \u00e9 coisa rara, mas, de vez em quando, acontece por aqui. Tirando Natal, apenas anivers\u00e1rio de vov\u00f3 ou alguma tia graduada. De resto, mensagem ou liga\u00e7\u00e3o curta j\u00e1 est\u00e1 de bom tamanho. Seja como for, o imbr\u00f3glio que soube foi em confid\u00eancia, j\u00e1 que \u00e9 coisa antiga, e o pessoal se esqueceu ou n\u00e3o gosta de comentar.<\/p>\n<p>A hist\u00f3ria se passou l\u00e1 pelos idos de 1950, ali pelos lados de Luzi\u00e2nia, \u00e9poca em que a capital ainda era o Rio de Janeiro, e Bras\u00edlia nem se cogitava e fazia parte do Goi\u00e1s. A fam\u00edlia de minha m\u00e3e morava por aquelas bandas, e o causo ocorreu em uma fazenda.<\/p>\n<p>Meu tio Jurandir era um terror. Atrevido que nem macaco-prego, n\u00e3o se importava se a mulher era casada, solteira ou tico-tico no fub\u00e1. Se desse brecha, o danado n\u00e3o perdia a oportunidade. Prova disso \u00e9 que ele foi se engra\u00e7ar para o lado da S\u00f4nia, que era casada com o Ti\u00e3o, justamente o cabra mais brabo da regi\u00e3o. No entanto, n\u00e3o foi por conta de suposta coragem do meu parente, que era praticamente nenhuma. A coisa desandou pela falta de ju\u00edzo mesmo.<\/p>\n<p>De tantas investidas que recebeu do tio Jurandir, S\u00f4nia deixou o resto de pudor na igreja e se engra\u00e7ou para o lado do galanteador. O problema \u00e9 que na ro\u00e7a as coisas acontecem de modo um tanto diferente. \u00c9 que, enquanto as paredes t\u00eam ouvidos, o mato possui olhos. E era justamente no meio do capim que os amantes iam se refestelar.<\/p>\n<p>H\u00e1 meses naquele vuco-vuco, a confian\u00e7a batia na copa do jacarand\u00e1 sem qualquer cerim\u00f4nia. Tio Jurandir e S\u00f4nia, crentes de que faziam as coisas sem serem notados, acabaram por levantar suspeita no marido tra\u00eddo. Ti\u00e3o, ca\u00e7ador dos bons, come\u00e7ou a usar a t\u00e1tica de ca\u00e7a dos gatos. Sem fazer barulho, o homem seguiu a esposa, que, naquele dia, talvez por conta dos horm\u00f4nios aflorados, saiu toda apressada rumo ao matagal na beira do rio.<\/p>\n<p>S\u00f4nia, assim que avistou tio Jurandir, caiu em seus bra\u00e7os. Afoitos por car\u00edcias, n\u00e3o demorou e se deitaram sobre o capim, que aceitou o peso e o movimento daqueles corpos apaixonados. Mas eis que, no meio da brincadeira, foram flagrados pelo marido tra\u00eddo, que saiu detr\u00e1s da moita com o fac\u00e3o na m\u00e3o. Sem desculpas convincentes, os amantes, completamente pelados, nem tentaram mentir.<\/p>\n<p>Tio Jurandir, receoso de ter as partes decepadas, tratou de cobri-las com as m\u00e3os. S\u00f4nia at\u00e9 tentou ficar na frente para proteg\u00ea-lo, mas ela sabia que fac\u00e3o que corta um tamb\u00e9m corta dois. Melhor seria confessar o que estava engasgado na garganta h\u00e1 tempos.<\/p>\n<p>\u2014 N\u00e3o te amo, Ti\u00e3o. Nunca te amei. Casei com voc\u00ea porque papai quis assim. Se quiser me matar, mate-me de uma vez.<\/p>\n<p>\u2014 N\u00e3o vou te matar, S\u00f4nia. Mas quero ter um dedo de prosa com esse moleque.<\/p>\n<p>Tio Jurandir, com os cambitos tremendo, ficou mudo.<\/p>\n<p>\u2014 Olha aqui, Jurandir, vou falar uma vez s\u00f3. Voc\u00ea vai se casar com a S\u00f4nia, vai tratar dela com todo respeito. Se eu ficar sabendo que voc\u00ea maltratou essa mulher ou anda arrastando asa pra mulher casada de novo, \u00e9 melhor preparar o caix\u00e3o, que eu volto e te mato, seu cabra safado. Voc\u00ea ama a S\u00f4nia?<\/p>\n<p>\u2014 Amo, sim, senhor!<\/p>\n<p>\u2014 Pois pode lev\u00e1-la pra sua casa, pois na minha n\u00e3o entra mais. Vou jogar fora todas as roupas dela e tacar fogo. Trate de comprar roupa nova pra sua mulher.<\/p>\n<p>Ti\u00e3o olhou mais uma vez aqueles dois, virou o rosto e cuspiu grosso. Levantou o fac\u00e3o e, com um golpe s\u00f3, rasgou o ch\u00e3o. Virou as costas e se embrenhou no mato.<\/p>\n<p>Depois de ouvir atentamente cada palavra, levei alguns dias para visitar meus tios, que ainda moram na fazenda da fam\u00edlia em Luzi\u00e2nia. Olhando aqueles rostos enrugados e corpos curvados, \u00e9 dif\u00edcil imaginar que protagonizaram aquela hist\u00f3ria.<\/p>\n<p><strong>*Eduardo Mart\u00ednez \u00e9 autor do livro \u201c57 Contos e Cr\u00f4nicas por um Autor muito Velho\u201d.<\/strong><\/p>\n<p>Compre aqui\u00a0<span class=\"x19la9d6 x1fc57z9 x6ikm8r x10wlt62 x19co3pv x1g5zs5t xfibh0p xiy17q3 x1xsqp64 x1lkfr7t xexx8yu x4uap5 x18d9i69 xkhd6sd\"><span class=\"xrtxmta x1bhl96m\"><img decoding=\"async\" class=\"emoji\" role=\"img\" draggable=\"false\" src=\"https:\/\/s.w.org\/images\/core\/emoji\/14.0.0\/svg\/1f447-1f3ff.svg\" alt=\"&#x1f447;&#x1f3ff;\" \/><\/span><\/span><span class=\"x19la9d6 x1fc57z9 x6ikm8r x10wlt62 x19co3pv x1g5zs5t xfibh0p xiy17q3 x1xsqp64 x1lkfr7t xexx8yu x4uap5 x18d9i69 xkhd6sd\"><span class=\"xrtxmta x1bhl96m\"><img decoding=\"async\" class=\"emoji\" role=\"img\" draggable=\"false\" src=\"https:\/\/s.w.org\/images\/core\/emoji\/14.0.0\/svg\/1f447-1f3ff.svg\" alt=\"&#x1f447;&#x1f3ff;\" \/><\/span><\/span><span class=\"x19la9d6 x1fc57z9 x6ikm8r x10wlt62 x19co3pv x1g5zs5t xfibh0p xiy17q3 x1xsqp64 x1lkfr7t xexx8yu x4uap5 x18d9i69 xkhd6sd\"><span class=\"xrtxmta x1bhl96m\"><img decoding=\"async\" class=\"emoji\" role=\"img\" draggable=\"false\" src=\"https:\/\/s.w.org\/images\/core\/emoji\/14.0.0\/svg\/1f447-1f3ff.svg\" alt=\"&#x1f447;&#x1f3ff;\" \/><\/span><\/span><\/p>\n<p><a href=\"http:\/\/www.joanineditora.com.br\/57-contos-e-cronicas-por-um-autor-muito-velho\">http:\/\/www.joanineditora.com.br\/57-contos-e-cronicas-por-um-autor-muito-velho<\/a><\/p>\n","protected":false},"excerpt":{"rendered":"<p>Reuni\u00e3o de fam\u00edlia \u00e9 coisa rara, mas, de vez em quando, acontece por aqui. Tirando Natal, apenas anivers\u00e1rio de vov\u00f3 ou alguma tia graduada. De resto, mensagem ou liga\u00e7\u00e3o curta j\u00e1 est\u00e1 de bom tamanho. Seja como for, o imbr\u00f3glio que soube foi em confid\u00eancia, j\u00e1 que \u00e9 coisa antiga, e o pessoal se esqueceu [&hellip;]<\/p>\n","protected":false},"author":2,"featured_media":331203,"comment_status":"closed","ping_status":"closed","sticky":false,"template":"","format":"standard","meta":{"_acf_changed":false,"footnotes":""},"categories":[161],"tags":[],"class_list":["post-331202","post","type-post","status-publish","format-standard","has-post-thumbnail","hentry","category-quadradinho-em-foco"],"acf":[],"yoast_head":"<!-- This site is optimized with the Yoast SEO plugin v27.5 - https:\/\/yoast.com\/product\/yoast-seo-wordpress\/ -->\n<title>Ti\u00e3o, tra\u00eddo, flagra casal e imp\u00f5e novo casamento - Notibras<\/title>\n<meta name=\"robots\" content=\"index, follow, max-snippet:-1, max-image-preview:large, max-video-preview:-1\" \/>\n<link rel=\"canonical\" href=\"https:\/\/www.notibras.com\/site\/tiao-traido-flagra-casal-e-impoe-novo-casamento\/\" \/>\n<meta property=\"og:locale\" content=\"pt_BR\" \/>\n<meta property=\"og:type\" content=\"article\" \/>\n<meta property=\"og:title\" content=\"Ti\u00e3o, tra\u00eddo, flagra casal e imp\u00f5e novo casamento - Notibras\" \/>\n<meta property=\"og:description\" content=\"Reuni\u00e3o de fam\u00edlia \u00e9 coisa rara, mas, de vez em quando, acontece por aqui. Tirando Natal, apenas anivers\u00e1rio de vov\u00f3 ou alguma tia graduada. De resto, mensagem ou liga\u00e7\u00e3o curta j\u00e1 est\u00e1 de bom tamanho. Seja como for, o imbr\u00f3glio que soube foi em confid\u00eancia, j\u00e1 que \u00e9 coisa antiga, e o pessoal se esqueceu [&hellip;]\" \/>\n<meta property=\"og:url\" content=\"https:\/\/www.notibras.com\/site\/tiao-traido-flagra-casal-e-impoe-novo-casamento\/\" \/>\n<meta property=\"og:site_name\" content=\"Notibras\" \/>\n<meta property=\"article:publisher\" content=\"https:\/\/www.facebook.com\/notibras\/\" \/>\n<meta property=\"article:published_time\" content=\"2024-06-21T09:23:36+00:00\" \/>\n<meta property=\"article:modified_time\" content=\"2024-06-21T09:42:30+00:00\" \/>\n<meta property=\"og:image\" content=\"https:\/\/www.notibras.com\/site\/wp-content\/uploads\/2024\/06\/22bde0a2-fd8d-455c-8daf-8bad2d9a3cee.jpeg\" \/>\n\t<meta property=\"og:image:width\" content=\"320\" \/>\n\t<meta property=\"og:image:height\" content=\"298\" \/>\n\t<meta property=\"og:image:type\" content=\"image\/jpeg\" \/>\n<meta name=\"author\" content=\"Reda\u00e7\u00e3o\" \/>\n<meta name=\"twitter:card\" content=\"summary_large_image\" \/>\n<meta name=\"twitter:creator\" content=\"@Notibras\" \/>\n<meta name=\"twitter:site\" content=\"@Notibras\" \/>\n<meta name=\"twitter:label1\" content=\"Escrito por\" \/>\n\t<meta name=\"twitter:data1\" content=\"Reda\u00e7\u00e3o\" \/>\n\t<meta name=\"twitter:label2\" content=\"Est. tempo de leitura\" \/>\n\t<meta name=\"twitter:data2\" content=\"5 minutos\" \/>\n<script type=\"application\/ld+json\" class=\"yoast-schema-graph\">{\"@context\":\"https:\\\/\\\/schema.org\",\"@graph\":[{\"@type\":\"Article\",\"@id\":\"https:\\\/\\\/www.notibras.com\\\/site\\\/tiao-traido-flagra-casal-e-impoe-novo-casamento\\\/#article\",\"isPartOf\":{\"@id\":\"https:\\\/\\\/www.notibras.com\\\/site\\\/tiao-traido-flagra-casal-e-impoe-novo-casamento\\\/\"},\"author\":{\"name\":\"Reda\u00e7\u00e3o\",\"@id\":\"https:\\\/\\\/www.notibras.com\\\/site\\\/#\\\/schema\\\/person\\\/36ab0979449956132d3e5b517ea76ac8\"},\"headline\":\"Ti\u00e3o, tra\u00eddo, flagra casal e imp\u00f5e novo casamento\",\"datePublished\":\"2024-06-21T09:23:36+00:00\",\"dateModified\":\"2024-06-21T09:42:30+00:00\",\"mainEntityOfPage\":{\"@id\":\"https:\\\/\\\/www.notibras.com\\\/site\\\/tiao-traido-flagra-casal-e-impoe-novo-casamento\\\/\"},\"wordCount\":729,\"publisher\":{\"@id\":\"https:\\\/\\\/www.notibras.com\\\/site\\\/#organization\"},\"image\":{\"@id\":\"https:\\\/\\\/www.notibras.com\\\/site\\\/tiao-traido-flagra-casal-e-impoe-novo-casamento\\\/#primaryimage\"},\"thumbnailUrl\":\"https:\\\/\\\/www.notibras.com\\\/site\\\/wp-content\\\/uploads\\\/2024\\\/06\\\/22bde0a2-fd8d-455c-8daf-8bad2d9a3cee.jpeg\",\"articleSection\":[\"Quadradinho em Foco\"],\"inLanguage\":\"pt-BR\"},{\"@type\":\"WebPage\",\"@id\":\"https:\\\/\\\/www.notibras.com\\\/site\\\/tiao-traido-flagra-casal-e-impoe-novo-casamento\\\/\",\"url\":\"https:\\\/\\\/www.notibras.com\\\/site\\\/tiao-traido-flagra-casal-e-impoe-novo-casamento\\\/\",\"name\":\"Ti\u00e3o, tra\u00eddo, flagra casal e imp\u00f5e novo casamento - Notibras\",\"isPartOf\":{\"@id\":\"https:\\\/\\\/www.notibras.com\\\/site\\\/#website\"},\"primaryImageOfPage\":{\"@id\":\"https:\\\/\\\/www.notibras.com\\\/site\\\/tiao-traido-flagra-casal-e-impoe-novo-casamento\\\/#primaryimage\"},\"image\":{\"@id\":\"https:\\\/\\\/www.notibras.com\\\/site\\\/tiao-traido-flagra-casal-e-impoe-novo-casamento\\\/#primaryimage\"},\"thumbnailUrl\":\"https:\\\/\\\/www.notibras.com\\\/site\\\/wp-content\\\/uploads\\\/2024\\\/06\\\/22bde0a2-fd8d-455c-8daf-8bad2d9a3cee.jpeg\",\"datePublished\":\"2024-06-21T09:23:36+00:00\",\"dateModified\":\"2024-06-21T09:42:30+00:00\",\"breadcrumb\":{\"@id\":\"https:\\\/\\\/www.notibras.com\\\/site\\\/tiao-traido-flagra-casal-e-impoe-novo-casamento\\\/#breadcrumb\"},\"inLanguage\":\"pt-BR\",\"potentialAction\":[{\"@type\":\"ReadAction\",\"target\":[\"https:\\\/\\\/www.notibras.com\\\/site\\\/tiao-traido-flagra-casal-e-impoe-novo-casamento\\\/\"]}]},{\"@type\":\"ImageObject\",\"inLanguage\":\"pt-BR\",\"@id\":\"https:\\\/\\\/www.notibras.com\\\/site\\\/tiao-traido-flagra-casal-e-impoe-novo-casamento\\\/#primaryimage\",\"url\":\"https:\\\/\\\/www.notibras.com\\\/site\\\/wp-content\\\/uploads\\\/2024\\\/06\\\/22bde0a2-fd8d-455c-8daf-8bad2d9a3cee.jpeg\",\"contentUrl\":\"https:\\\/\\\/www.notibras.com\\\/site\\\/wp-content\\\/uploads\\\/2024\\\/06\\\/22bde0a2-fd8d-455c-8daf-8bad2d9a3cee.jpeg\",\"width\":320,\"height\":298},{\"@type\":\"BreadcrumbList\",\"@id\":\"https:\\\/\\\/www.notibras.com\\\/site\\\/tiao-traido-flagra-casal-e-impoe-novo-casamento\\\/#breadcrumb\",\"itemListElement\":[{\"@type\":\"ListItem\",\"position\":1,\"name\":\"In\u00edcio\",\"item\":\"https:\\\/\\\/www.notibras.com\\\/site\\\/\"},{\"@type\":\"ListItem\",\"position\":2,\"name\":\"Ti\u00e3o, tra\u00eddo, flagra casal e imp\u00f5e novo casamento\"}]},{\"@type\":\"WebSite\",\"@id\":\"https:\\\/\\\/www.notibras.com\\\/site\\\/#website\",\"url\":\"https:\\\/\\\/www.notibras.com\\\/site\\\/\",\"name\":\"Notibras\",\"description\":\"Not\u00edcias de Bras\u00edlia, do Brasil e do Mundo\",\"publisher\":{\"@id\":\"https:\\\/\\\/www.notibras.com\\\/site\\\/#organization\"},\"potentialAction\":[{\"@type\":\"SearchAction\",\"target\":{\"@type\":\"EntryPoint\",\"urlTemplate\":\"https:\\\/\\\/www.notibras.com\\\/site\\\/?s={search_term_string}\"},\"query-input\":{\"@type\":\"PropertyValueSpecification\",\"valueRequired\":true,\"valueName\":\"search_term_string\"}}],\"inLanguage\":\"pt-BR\"},{\"@type\":\"Organization\",\"@id\":\"https:\\\/\\\/www.notibras.com\\\/site\\\/#organization\",\"name\":\"Grupo Notibras de Comunica\u00e7\u00e3o\",\"url\":\"https:\\\/\\\/www.notibras.com\\\/site\\\/\",\"logo\":{\"@type\":\"ImageObject\",\"inLanguage\":\"pt-BR\",\"@id\":\"https:\\\/\\\/www.notibras.com\\\/site\\\/#\\\/schema\\\/logo\\\/image\\\/\",\"url\":\"https:\\\/\\\/www.notibras.com\\\/site\\\/wp-content\\\/uploads\\\/2023\\\/01\\\/notibras23.png\",\"contentUrl\":\"https:\\\/\\\/www.notibras.com\\\/site\\\/wp-content\\\/uploads\\\/2023\\\/01\\\/notibras23.png\",\"width\":350,\"height\":87,\"caption\":\"Grupo Notibras de Comunica\u00e7\u00e3o\"},\"image\":{\"@id\":\"https:\\\/\\\/www.notibras.com\\\/site\\\/#\\\/schema\\\/logo\\\/image\\\/\"},\"sameAs\":[\"https:\\\/\\\/www.facebook.com\\\/notibras\\\/\",\"https:\\\/\\\/x.com\\\/Notibras\",\"https:\\\/\\\/www.instagram.com\\\/notibras\\\/\"]},{\"@type\":\"Person\",\"@id\":\"https:\\\/\\\/www.notibras.com\\\/site\\\/#\\\/schema\\\/person\\\/36ab0979449956132d3e5b517ea76ac8\",\"name\":\"Reda\u00e7\u00e3o\",\"image\":{\"@type\":\"ImageObject\",\"inLanguage\":\"pt-BR\",\"@id\":\"https:\\\/\\\/secure.gravatar.com\\\/avatar\\\/e0a867bdedb85fd243eadf09663511f96fc81e0720a4a42581f334ad4303aa6b?s=96&d=mm&r=g\",\"url\":\"https:\\\/\\\/secure.gravatar.com\\\/avatar\\\/e0a867bdedb85fd243eadf09663511f96fc81e0720a4a42581f334ad4303aa6b?s=96&d=mm&r=g\",\"contentUrl\":\"https:\\\/\\\/secure.gravatar.com\\\/avatar\\\/e0a867bdedb85fd243eadf09663511f96fc81e0720a4a42581f334ad4303aa6b?s=96&d=mm&r=g\",\"caption\":\"Reda\u00e7\u00e3o\"}}]}<\/script>\n<!-- \/ Yoast SEO plugin. -->","yoast_head_json":{"title":"Ti\u00e3o, tra\u00eddo, flagra casal e imp\u00f5e novo casamento - Notibras","robots":{"index":"index","follow":"follow","max-snippet":"max-snippet:-1","max-image-preview":"max-image-preview:large","max-video-preview":"max-video-preview:-1"},"canonical":"https:\/\/www.notibras.com\/site\/tiao-traido-flagra-casal-e-impoe-novo-casamento\/","og_locale":"pt_BR","og_type":"article","og_title":"Ti\u00e3o, tra\u00eddo, flagra casal e imp\u00f5e novo casamento - Notibras","og_description":"Reuni\u00e3o de fam\u00edlia \u00e9 coisa rara, mas, de vez em quando, acontece por aqui. Tirando Natal, apenas anivers\u00e1rio de vov\u00f3 ou alguma tia graduada. De resto, mensagem ou liga\u00e7\u00e3o curta j\u00e1 est\u00e1 de bom tamanho. Seja como for, o imbr\u00f3glio que soube foi em confid\u00eancia, j\u00e1 que \u00e9 coisa antiga, e o pessoal se esqueceu [&hellip;]","og_url":"https:\/\/www.notibras.com\/site\/tiao-traido-flagra-casal-e-impoe-novo-casamento\/","og_site_name":"Notibras","article_publisher":"https:\/\/www.facebook.com\/notibras\/","article_published_time":"2024-06-21T09:23:36+00:00","article_modified_time":"2024-06-21T09:42:30+00:00","og_image":[{"width":320,"height":298,"url":"https:\/\/www.notibras.com\/site\/wp-content\/uploads\/2024\/06\/22bde0a2-fd8d-455c-8daf-8bad2d9a3cee.jpeg","type":"image\/jpeg"}],"author":"Reda\u00e7\u00e3o","twitter_card":"summary_large_image","twitter_creator":"@Notibras","twitter_site":"@Notibras","twitter_misc":{"Escrito por":"Reda\u00e7\u00e3o","Est. tempo de leitura":"5 minutos"},"schema":{"@context":"https:\/\/schema.org","@graph":[{"@type":"Article","@id":"https:\/\/www.notibras.com\/site\/tiao-traido-flagra-casal-e-impoe-novo-casamento\/#article","isPartOf":{"@id":"https:\/\/www.notibras.com\/site\/tiao-traido-flagra-casal-e-impoe-novo-casamento\/"},"author":{"name":"Reda\u00e7\u00e3o","@id":"https:\/\/www.notibras.com\/site\/#\/schema\/person\/36ab0979449956132d3e5b517ea76ac8"},"headline":"Ti\u00e3o, tra\u00eddo, flagra casal e imp\u00f5e novo casamento","datePublished":"2024-06-21T09:23:36+00:00","dateModified":"2024-06-21T09:42:30+00:00","mainEntityOfPage":{"@id":"https:\/\/www.notibras.com\/site\/tiao-traido-flagra-casal-e-impoe-novo-casamento\/"},"wordCount":729,"publisher":{"@id":"https:\/\/www.notibras.com\/site\/#organization"},"image":{"@id":"https:\/\/www.notibras.com\/site\/tiao-traido-flagra-casal-e-impoe-novo-casamento\/#primaryimage"},"thumbnailUrl":"https:\/\/www.notibras.com\/site\/wp-content\/uploads\/2024\/06\/22bde0a2-fd8d-455c-8daf-8bad2d9a3cee.jpeg","articleSection":["Quadradinho em Foco"],"inLanguage":"pt-BR"},{"@type":"WebPage","@id":"https:\/\/www.notibras.com\/site\/tiao-traido-flagra-casal-e-impoe-novo-casamento\/","url":"https:\/\/www.notibras.com\/site\/tiao-traido-flagra-casal-e-impoe-novo-casamento\/","name":"Ti\u00e3o, tra\u00eddo, flagra casal e imp\u00f5e novo casamento - Notibras","isPartOf":{"@id":"https:\/\/www.notibras.com\/site\/#website"},"primaryImageOfPage":{"@id":"https:\/\/www.notibras.com\/site\/tiao-traido-flagra-casal-e-impoe-novo-casamento\/#primaryimage"},"image":{"@id":"https:\/\/www.notibras.com\/site\/tiao-traido-flagra-casal-e-impoe-novo-casamento\/#primaryimage"},"thumbnailUrl":"https:\/\/www.notibras.com\/site\/wp-content\/uploads\/2024\/06\/22bde0a2-fd8d-455c-8daf-8bad2d9a3cee.jpeg","datePublished":"2024-06-21T09:23:36+00:00","dateModified":"2024-06-21T09:42:30+00:00","breadcrumb":{"@id":"https:\/\/www.notibras.com\/site\/tiao-traido-flagra-casal-e-impoe-novo-casamento\/#breadcrumb"},"inLanguage":"pt-BR","potentialAction":[{"@type":"ReadAction","target":["https:\/\/www.notibras.com\/site\/tiao-traido-flagra-casal-e-impoe-novo-casamento\/"]}]},{"@type":"ImageObject","inLanguage":"pt-BR","@id":"https:\/\/www.notibras.com\/site\/tiao-traido-flagra-casal-e-impoe-novo-casamento\/#primaryimage","url":"https:\/\/www.notibras.com\/site\/wp-content\/uploads\/2024\/06\/22bde0a2-fd8d-455c-8daf-8bad2d9a3cee.jpeg","contentUrl":"https:\/\/www.notibras.com\/site\/wp-content\/uploads\/2024\/06\/22bde0a2-fd8d-455c-8daf-8bad2d9a3cee.jpeg","width":320,"height":298},{"@type":"BreadcrumbList","@id":"https:\/\/www.notibras.com\/site\/tiao-traido-flagra-casal-e-impoe-novo-casamento\/#breadcrumb","itemListElement":[{"@type":"ListItem","position":1,"name":"In\u00edcio","item":"https:\/\/www.notibras.com\/site\/"},{"@type":"ListItem","position":2,"name":"Ti\u00e3o, tra\u00eddo, flagra casal e imp\u00f5e novo casamento"}]},{"@type":"WebSite","@id":"https:\/\/www.notibras.com\/site\/#website","url":"https:\/\/www.notibras.com\/site\/","name":"Notibras","description":"Not\u00edcias de Bras\u00edlia, do Brasil e do Mundo","publisher":{"@id":"https:\/\/www.notibras.com\/site\/#organization"},"potentialAction":[{"@type":"SearchAction","target":{"@type":"EntryPoint","urlTemplate":"https:\/\/www.notibras.com\/site\/?s={search_term_string}"},"query-input":{"@type":"PropertyValueSpecification","valueRequired":true,"valueName":"search_term_string"}}],"inLanguage":"pt-BR"},{"@type":"Organization","@id":"https:\/\/www.notibras.com\/site\/#organization","name":"Grupo Notibras de Comunica\u00e7\u00e3o","url":"https:\/\/www.notibras.com\/site\/","logo":{"@type":"ImageObject","inLanguage":"pt-BR","@id":"https:\/\/www.notibras.com\/site\/#\/schema\/logo\/image\/","url":"https:\/\/www.notibras.com\/site\/wp-content\/uploads\/2023\/01\/notibras23.png","contentUrl":"https:\/\/www.notibras.com\/site\/wp-content\/uploads\/2023\/01\/notibras23.png","width":350,"height":87,"caption":"Grupo Notibras de Comunica\u00e7\u00e3o"},"image":{"@id":"https:\/\/www.notibras.com\/site\/#\/schema\/logo\/image\/"},"sameAs":["https:\/\/www.facebook.com\/notibras\/","https:\/\/x.com\/Notibras","https:\/\/www.instagram.com\/notibras\/"]},{"@type":"Person","@id":"https:\/\/www.notibras.com\/site\/#\/schema\/person\/36ab0979449956132d3e5b517ea76ac8","name":"Reda\u00e7\u00e3o","image":{"@type":"ImageObject","inLanguage":"pt-BR","@id":"https:\/\/secure.gravatar.com\/avatar\/e0a867bdedb85fd243eadf09663511f96fc81e0720a4a42581f334ad4303aa6b?s=96&d=mm&r=g","url":"https:\/\/secure.gravatar.com\/avatar\/e0a867bdedb85fd243eadf09663511f96fc81e0720a4a42581f334ad4303aa6b?s=96&d=mm&r=g","contentUrl":"https:\/\/secure.gravatar.com\/avatar\/e0a867bdedb85fd243eadf09663511f96fc81e0720a4a42581f334ad4303aa6b?s=96&d=mm&r=g","caption":"Reda\u00e7\u00e3o"}}]}},"amp_enabled":true,"_links":{"self":[{"href":"https:\/\/www.notibras.com\/site\/wp-json\/wp\/v2\/posts\/331202","targetHints":{"allow":["GET"]}}],"collection":[{"href":"https:\/\/www.notibras.com\/site\/wp-json\/wp\/v2\/posts"}],"about":[{"href":"https:\/\/www.notibras.com\/site\/wp-json\/wp\/v2\/types\/post"}],"author":[{"embeddable":true,"href":"https:\/\/www.notibras.com\/site\/wp-json\/wp\/v2\/users\/2"}],"replies":[{"embeddable":true,"href":"https:\/\/www.notibras.com\/site\/wp-json\/wp\/v2\/comments?post=331202"}],"version-history":[{"count":2,"href":"https:\/\/www.notibras.com\/site\/wp-json\/wp\/v2\/posts\/331202\/revisions"}],"predecessor-version":[{"id":331210,"href":"https:\/\/www.notibras.com\/site\/wp-json\/wp\/v2\/posts\/331202\/revisions\/331210"}],"wp:featuredmedia":[{"embeddable":true,"href":"https:\/\/www.notibras.com\/site\/wp-json\/wp\/v2\/media\/331203"}],"wp:attachment":[{"href":"https:\/\/www.notibras.com\/site\/wp-json\/wp\/v2\/media?parent=331202"}],"wp:term":[{"taxonomy":"category","embeddable":true,"href":"https:\/\/www.notibras.com\/site\/wp-json\/wp\/v2\/categories?post=331202"},{"taxonomy":"post_tag","embeddable":true,"href":"https:\/\/www.notibras.com\/site\/wp-json\/wp\/v2\/tags?post=331202"}],"curies":[{"name":"wp","href":"https:\/\/api.w.org\/{rel}","templated":true}]}}