{"id":331229,"date":"2024-06-21T07:43:11","date_gmt":"2024-06-21T10:43:11","guid":{"rendered":"https:\/\/www.notibras.com\/site\/?p=331229"},"modified":"2024-06-21T07:43:11","modified_gmt":"2024-06-21T10:43:11","slug":"importancia-das-medidas-protetivas-de-urgencia-da-lei-maria-da-penha","status":"publish","type":"post","link":"https:\/\/www.notibras.com\/site\/importancia-das-medidas-protetivas-de-urgencia-da-lei-maria-da-penha\/","title":{"rendered":"Import\u00e2ncia das medidas protetivas de urg\u00eancia da Lei Maria da Penha"},"content":{"rendered":"<p>Dificilmente algu\u00e9m n\u00e3o ouviu falar sobre a Lei Maria da Penha (11.340\/2006), mesmo assim, no 5\u00b0 pa\u00eds que mais mata mulheres no mundo, ainda s\u00e3o muitas as d\u00favidas que pairam sobre uma importante ferramenta trazida pela Lei para a prote\u00e7\u00e3o da integridade f\u00edsica, moral, psicol\u00f3gica, sexual e patrimonial das mulheres: as medidas protetivas de urg\u00eancia (MPU).<\/p>\n<p>Desse ponto, j\u00e1 respondo ao primeiro questionamento. Sim, as medidas protetivas de urg\u00eancia tamb\u00e9m podem ser acionadas nos casos de viol\u00eancia psicol\u00f3gica. Mas voltemos algumas casas para recordar quais s\u00e3o as viol\u00eancias citadas na Lei Maria da Penha, condutas essas que constituem uma das formas de viola\u00e7\u00e3o dos direitos humanos. Segundo o artigo 7\u00b0 da Lei, a viol\u00eancia dom\u00e9stica e familiar contra a mulher pode ser: f\u00edsica, psicol\u00f3gica, sexual, patrimonial e moral.<\/p>\n<p>Assim, recebida a not\u00edcia da pr\u00e1tica de viol\u00eancia dom\u00e9stica e familiar contra a mulher, em at\u00e9 48 horas, o (a) juiz (a) dever\u00e1 decidir sobre o pedido de medidas protetivas de urg\u00eancia, entre as quais poder\u00e1 aplicar, em conjunto ou separadamente, conforme determina o artigo 22 da Lei Maria da Penha: a suspens\u00e3o da posse ou restri\u00e7\u00e3o do porte de armas de fogo, o afastamento do lar, a proibi\u00e7\u00e3o de aproxima\u00e7\u00e3o e contato com a v\u00edtima, entre outras que, ao analisar cada contexto, entenda necess\u00e1rio.<\/p>\n<p>Isso significa dizer que o rol das medidas protetivas de urg\u00eancia expostas no referido artigo 22 n\u00e3o \u00e9 taxativo. Nesse sentido, trago outro ponto fundamental em processos que envolvam viol\u00eancia de g\u00eanero, qual seja, o preenchimento do Formul\u00e1rio Nacional de Avalia\u00e7\u00e3o de Risco. Tal documento, disponibilizado logo na Delegacia de Pol\u00edcia, \u00e9 respondido pela v\u00edtima e permite entendermos quais os fatores de risco presentes em sua hist\u00f3ria e, por consequ\u00eancia, como dever\u00e1 ser o trabalho de prote\u00e7\u00e3o para essa mulher.<\/p>\n<p>Da\u00ed porque, apesar de seu preenchimento n\u00e3o ser obrigat\u00f3rio, trata-se de uma ferramenta essencial para o entendimento da situa\u00e7\u00e3o. Por falar em n\u00e3o obrigatoriedade, uma outra quest\u00e3o que ainda gera d\u00favidas \u00e9 a necessidade ou n\u00e3o de um processo criminal ou mesmo um inqu\u00e9rito policial para que existam medidas protetivas de urg\u00eancia.<\/p>\n<p>Em conson\u00e2ncia ao que j\u00e1 dizia o Protocolo para Julgamento com Perspectiva de G\u00eanero do Conselho Nacional de Justi\u00e7a (CNJ, 2021) e o F\u00f3rum Nacional de Ju\u00edzas e Ju\u00edzes de Viol\u00eancia Dom\u00e9stica e Familiar contra a Mulher (FONAVID, 2017), o novo artigo 19, incorporado \u00e0 Lei Maria da Penha em 2023, n\u00e3o permite d\u00favida quanto a independ\u00eancia e autonomia das medidas protetivas de urg\u00eancia.<\/p>\n<p>A Lei 11.340\/2006 \u00e9 cristalina ao dizer que as medidas protetivas de urg\u00eancia poder\u00e3o ser concedidas independentemente da exist\u00eancia de crime, a\u00e7\u00e3o penal ou c\u00edvel, inqu\u00e9rito policial ou registro de boletim de ocorr\u00eancia. E mais, dever\u00e3o permanecer vigentes enquanto existir risco \u00e0 integridade f\u00edsica, psicol\u00f3gica, sexual, patrimonial ou moral da v\u00edtima, ou de seus dependentes.<\/p>\n<p>A l\u00f3gica n\u00e3o poderia ser outra, uma vez que a ideia desse instituto protetor \u00e9 tamb\u00e9m atuar para n\u00e3o permitir que a viol\u00eancia, a qual se verifica o risco, ocorra. Se no caso concreto identificamos um relacionamento que terminou h\u00e1 poucos meses, um homem com ci\u00fame excessivo, que diz n\u00e3o aceitar que a ex-namorada estabele\u00e7a outro relacionamento e que envia in\u00fameras mensagens para que ela o aceite de volta, n\u00e3o precisamos esperar o pr\u00f3ximo passo da viol\u00eancia.<\/p>\n<p>Em resumo, para que n\u00e3o restem d\u00favidas, n\u00e3o \u00e9 preciso haver processo criminal ou inqu\u00e9rito policial para que a mulher tenha direito \u00e0s medidas do artigo 22 da Lei Maria da Penha. Esse car\u00e1ter preventivo das medidas protetivas de urg\u00eancia \u00e9 fundamental para frear a escalada da viol\u00eancia contra a mulher que, em alguns casos, chega ao feminic\u00eddio. Infelizmente, a maioria das mulheres v\u00edtimas desse terr\u00edvel \u2014 e evit\u00e1vel \u2014 crime n\u00e3o estava protegida por essa ferramenta.<\/p>\n<p>Evidente que n\u00e3o podemos apostar todas as fichas somente nas medidas protetivas de urg\u00eancia, afinal, isso seria escolher um caminho diverso da cria\u00e7\u00e3o de uma rede de prote\u00e7\u00e3o para a v\u00edtima, determinada pela Lei Maria da Penha. Contudo, precisamos reafirmar que essas s\u00e3o, sim, medidas fundamentais para que a mulher consiga se libertar do ciclo de viol\u00eancias de g\u00eanero em que est\u00e1 inserida.<\/p>\n<p>*Ana Maria Mart\u00ednez \u00e9 advogada<\/p>\n<p>Instagram: @anamartinez.adv<\/p>\n","protected":false},"excerpt":{"rendered":"<p>Dificilmente algu\u00e9m n\u00e3o ouviu falar sobre a Lei Maria da Penha (11.340\/2006), mesmo assim, no 5\u00b0 pa\u00eds que mais mata mulheres no mundo, ainda s\u00e3o muitas as d\u00favidas que pairam sobre uma importante ferramenta trazida pela Lei para a prote\u00e7\u00e3o da integridade f\u00edsica, moral, psicol\u00f3gica, sexual e patrimonial das mulheres: as medidas protetivas de urg\u00eancia [&hellip;]<\/p>\n","protected":false},"author":2,"featured_media":331230,"comment_status":"closed","ping_status":"closed","sticky":false,"template":"","format":"standard","meta":{"_acf_changed":false,"footnotes":""},"categories":[161],"tags":[],"class_list":["post-331229","post","type-post","status-publish","format-standard","has-post-thumbnail","hentry","category-quadradinho-em-foco"],"acf":[],"yoast_head":"<!-- This site is optimized with the Yoast SEO plugin v27.5 - https:\/\/yoast.com\/product\/yoast-seo-wordpress\/ -->\n<title>Import\u00e2ncia das medidas protetivas de urg\u00eancia da Lei Maria da Penha - Notibras<\/title>\n<meta name=\"robots\" content=\"index, follow, max-snippet:-1, max-image-preview:large, max-video-preview:-1\" \/>\n<link rel=\"canonical\" href=\"https:\/\/www.notibras.com\/site\/importancia-das-medidas-protetivas-de-urgencia-da-lei-maria-da-penha\/\" \/>\n<meta property=\"og:locale\" content=\"pt_BR\" \/>\n<meta property=\"og:type\" content=\"article\" \/>\n<meta property=\"og:title\" content=\"Import\u00e2ncia das medidas protetivas de urg\u00eancia da Lei Maria da Penha - Notibras\" \/>\n<meta property=\"og:description\" content=\"Dificilmente algu\u00e9m n\u00e3o ouviu falar sobre a Lei Maria da Penha (11.340\/2006), mesmo assim, no 5\u00b0 pa\u00eds que mais mata mulheres no mundo, ainda s\u00e3o muitas as d\u00favidas que pairam sobre uma importante ferramenta trazida pela Lei para a prote\u00e7\u00e3o da integridade f\u00edsica, moral, psicol\u00f3gica, sexual e patrimonial das mulheres: as medidas protetivas de urg\u00eancia [&hellip;]\" \/>\n<meta property=\"og:url\" content=\"https:\/\/www.notibras.com\/site\/importancia-das-medidas-protetivas-de-urgencia-da-lei-maria-da-penha\/\" \/>\n<meta property=\"og:site_name\" content=\"Notibras\" \/>\n<meta property=\"article:publisher\" content=\"https:\/\/www.facebook.com\/notibras\/\" \/>\n<meta property=\"article:published_time\" content=\"2024-06-21T10:43:11+00:00\" \/>\n<meta property=\"og:image\" content=\"https:\/\/www.notibras.com\/site\/wp-content\/uploads\/2024\/06\/e9de5bff-3029-4f53-9cbc-15c0f8711f6b.jpeg\" \/>\n\t<meta property=\"og:image:width\" content=\"1290\" \/>\n\t<meta property=\"og:image:height\" content=\"1246\" \/>\n\t<meta property=\"og:image:type\" content=\"image\/jpeg\" \/>\n<meta name=\"author\" content=\"Reda\u00e7\u00e3o\" \/>\n<meta name=\"twitter:card\" content=\"summary_large_image\" \/>\n<meta name=\"twitter:creator\" content=\"@Notibras\" \/>\n<meta name=\"twitter:site\" content=\"@Notibras\" \/>\n<meta name=\"twitter:label1\" content=\"Escrito por\" \/>\n\t<meta name=\"twitter:data1\" content=\"Reda\u00e7\u00e3o\" \/>\n\t<meta name=\"twitter:label2\" content=\"Est. tempo de leitura\" \/>\n\t<meta name=\"twitter:data2\" content=\"5 minutos\" \/>\n<script type=\"application\/ld+json\" class=\"yoast-schema-graph\">{\"@context\":\"https:\\\/\\\/schema.org\",\"@graph\":[{\"@type\":\"Article\",\"@id\":\"https:\\\/\\\/www.notibras.com\\\/site\\\/importancia-das-medidas-protetivas-de-urgencia-da-lei-maria-da-penha\\\/#article\",\"isPartOf\":{\"@id\":\"https:\\\/\\\/www.notibras.com\\\/site\\\/importancia-das-medidas-protetivas-de-urgencia-da-lei-maria-da-penha\\\/\"},\"author\":{\"name\":\"Reda\u00e7\u00e3o\",\"@id\":\"https:\\\/\\\/www.notibras.com\\\/site\\\/#\\\/schema\\\/person\\\/36ab0979449956132d3e5b517ea76ac8\"},\"headline\":\"Import\u00e2ncia das medidas protetivas de urg\u00eancia da Lei Maria da Penha\",\"datePublished\":\"2024-06-21T10:43:11+00:00\",\"mainEntityOfPage\":{\"@id\":\"https:\\\/\\\/www.notibras.com\\\/site\\\/importancia-das-medidas-protetivas-de-urgencia-da-lei-maria-da-penha\\\/\"},\"wordCount\":785,\"publisher\":{\"@id\":\"https:\\\/\\\/www.notibras.com\\\/site\\\/#organization\"},\"image\":{\"@id\":\"https:\\\/\\\/www.notibras.com\\\/site\\\/importancia-das-medidas-protetivas-de-urgencia-da-lei-maria-da-penha\\\/#primaryimage\"},\"thumbnailUrl\":\"https:\\\/\\\/www.notibras.com\\\/site\\\/wp-content\\\/uploads\\\/2024\\\/06\\\/e9de5bff-3029-4f53-9cbc-15c0f8711f6b.jpeg\",\"articleSection\":[\"Quadradinho em Foco\"],\"inLanguage\":\"pt-BR\"},{\"@type\":\"WebPage\",\"@id\":\"https:\\\/\\\/www.notibras.com\\\/site\\\/importancia-das-medidas-protetivas-de-urgencia-da-lei-maria-da-penha\\\/\",\"url\":\"https:\\\/\\\/www.notibras.com\\\/site\\\/importancia-das-medidas-protetivas-de-urgencia-da-lei-maria-da-penha\\\/\",\"name\":\"Import\u00e2ncia das medidas protetivas de urg\u00eancia da Lei Maria da Penha - Notibras\",\"isPartOf\":{\"@id\":\"https:\\\/\\\/www.notibras.com\\\/site\\\/#website\"},\"primaryImageOfPage\":{\"@id\":\"https:\\\/\\\/www.notibras.com\\\/site\\\/importancia-das-medidas-protetivas-de-urgencia-da-lei-maria-da-penha\\\/#primaryimage\"},\"image\":{\"@id\":\"https:\\\/\\\/www.notibras.com\\\/site\\\/importancia-das-medidas-protetivas-de-urgencia-da-lei-maria-da-penha\\\/#primaryimage\"},\"thumbnailUrl\":\"https:\\\/\\\/www.notibras.com\\\/site\\\/wp-content\\\/uploads\\\/2024\\\/06\\\/e9de5bff-3029-4f53-9cbc-15c0f8711f6b.jpeg\",\"datePublished\":\"2024-06-21T10:43:11+00:00\",\"breadcrumb\":{\"@id\":\"https:\\\/\\\/www.notibras.com\\\/site\\\/importancia-das-medidas-protetivas-de-urgencia-da-lei-maria-da-penha\\\/#breadcrumb\"},\"inLanguage\":\"pt-BR\",\"potentialAction\":[{\"@type\":\"ReadAction\",\"target\":[\"https:\\\/\\\/www.notibras.com\\\/site\\\/importancia-das-medidas-protetivas-de-urgencia-da-lei-maria-da-penha\\\/\"]}]},{\"@type\":\"ImageObject\",\"inLanguage\":\"pt-BR\",\"@id\":\"https:\\\/\\\/www.notibras.com\\\/site\\\/importancia-das-medidas-protetivas-de-urgencia-da-lei-maria-da-penha\\\/#primaryimage\",\"url\":\"https:\\\/\\\/www.notibras.com\\\/site\\\/wp-content\\\/uploads\\\/2024\\\/06\\\/e9de5bff-3029-4f53-9cbc-15c0f8711f6b.jpeg\",\"contentUrl\":\"https:\\\/\\\/www.notibras.com\\\/site\\\/wp-content\\\/uploads\\\/2024\\\/06\\\/e9de5bff-3029-4f53-9cbc-15c0f8711f6b.jpeg\",\"width\":1290,\"height\":1246},{\"@type\":\"BreadcrumbList\",\"@id\":\"https:\\\/\\\/www.notibras.com\\\/site\\\/importancia-das-medidas-protetivas-de-urgencia-da-lei-maria-da-penha\\\/#breadcrumb\",\"itemListElement\":[{\"@type\":\"ListItem\",\"position\":1,\"name\":\"In\u00edcio\",\"item\":\"https:\\\/\\\/www.notibras.com\\\/site\\\/\"},{\"@type\":\"ListItem\",\"position\":2,\"name\":\"Import\u00e2ncia das medidas protetivas de urg\u00eancia da Lei Maria da Penha\"}]},{\"@type\":\"WebSite\",\"@id\":\"https:\\\/\\\/www.notibras.com\\\/site\\\/#website\",\"url\":\"https:\\\/\\\/www.notibras.com\\\/site\\\/\",\"name\":\"Notibras\",\"description\":\"Not\u00edcias de Bras\u00edlia, do Brasil e do Mundo\",\"publisher\":{\"@id\":\"https:\\\/\\\/www.notibras.com\\\/site\\\/#organization\"},\"potentialAction\":[{\"@type\":\"SearchAction\",\"target\":{\"@type\":\"EntryPoint\",\"urlTemplate\":\"https:\\\/\\\/www.notibras.com\\\/site\\\/?s={search_term_string}\"},\"query-input\":{\"@type\":\"PropertyValueSpecification\",\"valueRequired\":true,\"valueName\":\"search_term_string\"}}],\"inLanguage\":\"pt-BR\"},{\"@type\":\"Organization\",\"@id\":\"https:\\\/\\\/www.notibras.com\\\/site\\\/#organization\",\"name\":\"Grupo Notibras de Comunica\u00e7\u00e3o\",\"url\":\"https:\\\/\\\/www.notibras.com\\\/site\\\/\",\"logo\":{\"@type\":\"ImageObject\",\"inLanguage\":\"pt-BR\",\"@id\":\"https:\\\/\\\/www.notibras.com\\\/site\\\/#\\\/schema\\\/logo\\\/image\\\/\",\"url\":\"https:\\\/\\\/www.notibras.com\\\/site\\\/wp-content\\\/uploads\\\/2023\\\/01\\\/notibras23.png\",\"contentUrl\":\"https:\\\/\\\/www.notibras.com\\\/site\\\/wp-content\\\/uploads\\\/2023\\\/01\\\/notibras23.png\",\"width\":350,\"height\":87,\"caption\":\"Grupo Notibras de Comunica\u00e7\u00e3o\"},\"image\":{\"@id\":\"https:\\\/\\\/www.notibras.com\\\/site\\\/#\\\/schema\\\/logo\\\/image\\\/\"},\"sameAs\":[\"https:\\\/\\\/www.facebook.com\\\/notibras\\\/\",\"https:\\\/\\\/x.com\\\/Notibras\",\"https:\\\/\\\/www.instagram.com\\\/notibras\\\/\"]},{\"@type\":\"Person\",\"@id\":\"https:\\\/\\\/www.notibras.com\\\/site\\\/#\\\/schema\\\/person\\\/36ab0979449956132d3e5b517ea76ac8\",\"name\":\"Reda\u00e7\u00e3o\",\"image\":{\"@type\":\"ImageObject\",\"inLanguage\":\"pt-BR\",\"@id\":\"https:\\\/\\\/secure.gravatar.com\\\/avatar\\\/e0a867bdedb85fd243eadf09663511f96fc81e0720a4a42581f334ad4303aa6b?s=96&d=mm&r=g\",\"url\":\"https:\\\/\\\/secure.gravatar.com\\\/avatar\\\/e0a867bdedb85fd243eadf09663511f96fc81e0720a4a42581f334ad4303aa6b?s=96&d=mm&r=g\",\"contentUrl\":\"https:\\\/\\\/secure.gravatar.com\\\/avatar\\\/e0a867bdedb85fd243eadf09663511f96fc81e0720a4a42581f334ad4303aa6b?s=96&d=mm&r=g\",\"caption\":\"Reda\u00e7\u00e3o\"}}]}<\/script>\n<!-- \/ Yoast SEO plugin. -->","yoast_head_json":{"title":"Import\u00e2ncia das medidas protetivas de urg\u00eancia da Lei Maria da Penha - Notibras","robots":{"index":"index","follow":"follow","max-snippet":"max-snippet:-1","max-image-preview":"max-image-preview:large","max-video-preview":"max-video-preview:-1"},"canonical":"https:\/\/www.notibras.com\/site\/importancia-das-medidas-protetivas-de-urgencia-da-lei-maria-da-penha\/","og_locale":"pt_BR","og_type":"article","og_title":"Import\u00e2ncia das medidas protetivas de urg\u00eancia da Lei Maria da Penha - Notibras","og_description":"Dificilmente algu\u00e9m n\u00e3o ouviu falar sobre a Lei Maria da Penha (11.340\/2006), mesmo assim, no 5\u00b0 pa\u00eds que mais mata mulheres no mundo, ainda s\u00e3o muitas as d\u00favidas que pairam sobre uma importante ferramenta trazida pela Lei para a prote\u00e7\u00e3o da integridade f\u00edsica, moral, psicol\u00f3gica, sexual e patrimonial das mulheres: as medidas protetivas de urg\u00eancia [&hellip;]","og_url":"https:\/\/www.notibras.com\/site\/importancia-das-medidas-protetivas-de-urgencia-da-lei-maria-da-penha\/","og_site_name":"Notibras","article_publisher":"https:\/\/www.facebook.com\/notibras\/","article_published_time":"2024-06-21T10:43:11+00:00","og_image":[{"width":1290,"height":1246,"url":"https:\/\/www.notibras.com\/site\/wp-content\/uploads\/2024\/06\/e9de5bff-3029-4f53-9cbc-15c0f8711f6b.jpeg","type":"image\/jpeg"}],"author":"Reda\u00e7\u00e3o","twitter_card":"summary_large_image","twitter_creator":"@Notibras","twitter_site":"@Notibras","twitter_misc":{"Escrito por":"Reda\u00e7\u00e3o","Est. tempo de leitura":"5 minutos"},"schema":{"@context":"https:\/\/schema.org","@graph":[{"@type":"Article","@id":"https:\/\/www.notibras.com\/site\/importancia-das-medidas-protetivas-de-urgencia-da-lei-maria-da-penha\/#article","isPartOf":{"@id":"https:\/\/www.notibras.com\/site\/importancia-das-medidas-protetivas-de-urgencia-da-lei-maria-da-penha\/"},"author":{"name":"Reda\u00e7\u00e3o","@id":"https:\/\/www.notibras.com\/site\/#\/schema\/person\/36ab0979449956132d3e5b517ea76ac8"},"headline":"Import\u00e2ncia das medidas protetivas de urg\u00eancia da Lei Maria da Penha","datePublished":"2024-06-21T10:43:11+00:00","mainEntityOfPage":{"@id":"https:\/\/www.notibras.com\/site\/importancia-das-medidas-protetivas-de-urgencia-da-lei-maria-da-penha\/"},"wordCount":785,"publisher":{"@id":"https:\/\/www.notibras.com\/site\/#organization"},"image":{"@id":"https:\/\/www.notibras.com\/site\/importancia-das-medidas-protetivas-de-urgencia-da-lei-maria-da-penha\/#primaryimage"},"thumbnailUrl":"https:\/\/www.notibras.com\/site\/wp-content\/uploads\/2024\/06\/e9de5bff-3029-4f53-9cbc-15c0f8711f6b.jpeg","articleSection":["Quadradinho em Foco"],"inLanguage":"pt-BR"},{"@type":"WebPage","@id":"https:\/\/www.notibras.com\/site\/importancia-das-medidas-protetivas-de-urgencia-da-lei-maria-da-penha\/","url":"https:\/\/www.notibras.com\/site\/importancia-das-medidas-protetivas-de-urgencia-da-lei-maria-da-penha\/","name":"Import\u00e2ncia das medidas protetivas de urg\u00eancia da Lei Maria da Penha - Notibras","isPartOf":{"@id":"https:\/\/www.notibras.com\/site\/#website"},"primaryImageOfPage":{"@id":"https:\/\/www.notibras.com\/site\/importancia-das-medidas-protetivas-de-urgencia-da-lei-maria-da-penha\/#primaryimage"},"image":{"@id":"https:\/\/www.notibras.com\/site\/importancia-das-medidas-protetivas-de-urgencia-da-lei-maria-da-penha\/#primaryimage"},"thumbnailUrl":"https:\/\/www.notibras.com\/site\/wp-content\/uploads\/2024\/06\/e9de5bff-3029-4f53-9cbc-15c0f8711f6b.jpeg","datePublished":"2024-06-21T10:43:11+00:00","breadcrumb":{"@id":"https:\/\/www.notibras.com\/site\/importancia-das-medidas-protetivas-de-urgencia-da-lei-maria-da-penha\/#breadcrumb"},"inLanguage":"pt-BR","potentialAction":[{"@type":"ReadAction","target":["https:\/\/www.notibras.com\/site\/importancia-das-medidas-protetivas-de-urgencia-da-lei-maria-da-penha\/"]}]},{"@type":"ImageObject","inLanguage":"pt-BR","@id":"https:\/\/www.notibras.com\/site\/importancia-das-medidas-protetivas-de-urgencia-da-lei-maria-da-penha\/#primaryimage","url":"https:\/\/www.notibras.com\/site\/wp-content\/uploads\/2024\/06\/e9de5bff-3029-4f53-9cbc-15c0f8711f6b.jpeg","contentUrl":"https:\/\/www.notibras.com\/site\/wp-content\/uploads\/2024\/06\/e9de5bff-3029-4f53-9cbc-15c0f8711f6b.jpeg","width":1290,"height":1246},{"@type":"BreadcrumbList","@id":"https:\/\/www.notibras.com\/site\/importancia-das-medidas-protetivas-de-urgencia-da-lei-maria-da-penha\/#breadcrumb","itemListElement":[{"@type":"ListItem","position":1,"name":"In\u00edcio","item":"https:\/\/www.notibras.com\/site\/"},{"@type":"ListItem","position":2,"name":"Import\u00e2ncia das medidas protetivas de urg\u00eancia da Lei Maria da Penha"}]},{"@type":"WebSite","@id":"https:\/\/www.notibras.com\/site\/#website","url":"https:\/\/www.notibras.com\/site\/","name":"Notibras","description":"Not\u00edcias de Bras\u00edlia, do Brasil e do Mundo","publisher":{"@id":"https:\/\/www.notibras.com\/site\/#organization"},"potentialAction":[{"@type":"SearchAction","target":{"@type":"EntryPoint","urlTemplate":"https:\/\/www.notibras.com\/site\/?s={search_term_string}"},"query-input":{"@type":"PropertyValueSpecification","valueRequired":true,"valueName":"search_term_string"}}],"inLanguage":"pt-BR"},{"@type":"Organization","@id":"https:\/\/www.notibras.com\/site\/#organization","name":"Grupo Notibras de Comunica\u00e7\u00e3o","url":"https:\/\/www.notibras.com\/site\/","logo":{"@type":"ImageObject","inLanguage":"pt-BR","@id":"https:\/\/www.notibras.com\/site\/#\/schema\/logo\/image\/","url":"https:\/\/www.notibras.com\/site\/wp-content\/uploads\/2023\/01\/notibras23.png","contentUrl":"https:\/\/www.notibras.com\/site\/wp-content\/uploads\/2023\/01\/notibras23.png","width":350,"height":87,"caption":"Grupo Notibras de Comunica\u00e7\u00e3o"},"image":{"@id":"https:\/\/www.notibras.com\/site\/#\/schema\/logo\/image\/"},"sameAs":["https:\/\/www.facebook.com\/notibras\/","https:\/\/x.com\/Notibras","https:\/\/www.instagram.com\/notibras\/"]},{"@type":"Person","@id":"https:\/\/www.notibras.com\/site\/#\/schema\/person\/36ab0979449956132d3e5b517ea76ac8","name":"Reda\u00e7\u00e3o","image":{"@type":"ImageObject","inLanguage":"pt-BR","@id":"https:\/\/secure.gravatar.com\/avatar\/e0a867bdedb85fd243eadf09663511f96fc81e0720a4a42581f334ad4303aa6b?s=96&d=mm&r=g","url":"https:\/\/secure.gravatar.com\/avatar\/e0a867bdedb85fd243eadf09663511f96fc81e0720a4a42581f334ad4303aa6b?s=96&d=mm&r=g","contentUrl":"https:\/\/secure.gravatar.com\/avatar\/e0a867bdedb85fd243eadf09663511f96fc81e0720a4a42581f334ad4303aa6b?s=96&d=mm&r=g","caption":"Reda\u00e7\u00e3o"}}]}},"amp_enabled":true,"_links":{"self":[{"href":"https:\/\/www.notibras.com\/site\/wp-json\/wp\/v2\/posts\/331229","targetHints":{"allow":["GET"]}}],"collection":[{"href":"https:\/\/www.notibras.com\/site\/wp-json\/wp\/v2\/posts"}],"about":[{"href":"https:\/\/www.notibras.com\/site\/wp-json\/wp\/v2\/types\/post"}],"author":[{"embeddable":true,"href":"https:\/\/www.notibras.com\/site\/wp-json\/wp\/v2\/users\/2"}],"replies":[{"embeddable":true,"href":"https:\/\/www.notibras.com\/site\/wp-json\/wp\/v2\/comments?post=331229"}],"version-history":[{"count":1,"href":"https:\/\/www.notibras.com\/site\/wp-json\/wp\/v2\/posts\/331229\/revisions"}],"predecessor-version":[{"id":331231,"href":"https:\/\/www.notibras.com\/site\/wp-json\/wp\/v2\/posts\/331229\/revisions\/331231"}],"wp:featuredmedia":[{"embeddable":true,"href":"https:\/\/www.notibras.com\/site\/wp-json\/wp\/v2\/media\/331230"}],"wp:attachment":[{"href":"https:\/\/www.notibras.com\/site\/wp-json\/wp\/v2\/media?parent=331229"}],"wp:term":[{"taxonomy":"category","embeddable":true,"href":"https:\/\/www.notibras.com\/site\/wp-json\/wp\/v2\/categories?post=331229"},{"taxonomy":"post_tag","embeddable":true,"href":"https:\/\/www.notibras.com\/site\/wp-json\/wp\/v2\/tags?post=331229"}],"curies":[{"name":"wp","href":"https:\/\/api.w.org\/{rel}","templated":true}]}}