{"id":331232,"date":"2024-06-21T00:04:52","date_gmt":"2024-06-21T03:04:52","guid":{"rendered":"https:\/\/www.notibras.com\/site\/?p=331232"},"modified":"2024-06-21T08:15:43","modified_gmt":"2024-06-21T11:15:43","slug":"professores-encerram-greve-e-retomam-aulas-no-dia-26","status":"publish","type":"post","link":"https:\/\/www.notibras.com\/site\/professores-encerram-greve-e-retomam-aulas-no-dia-26\/","title":{"rendered":"Professores encerram greve e retomam aulas no dia 26"},"content":{"rendered":"<p>Os professores da Universidade de Bras\u00edlia decidiram nesta quinta-feira (20) p\u00f4r fim \u00e0 greve de mais de dois meses da categoria, iniciada em 15 de abril. O fim da paralisa\u00e7\u00e3o foi aprovado em assembleia, ap\u00f3s avalia\u00e7\u00e3o sobre a \u00faltima proposta apresentada pelo governo durante a mesa setorial realizada no dia 14 de junho com o Minist\u00e9rio da Educa\u00e7\u00e3o (MEC) e o Minist\u00e9rio da Gest\u00e3o e da Inova\u00e7\u00e3o em Servi\u00e7os P\u00fablicos (MGI). O retorno \u00e0s aulas foi remarcado para a pr\u00f3xima quarta-feira (26).<\/p>\n<p>Aos docentes, o governo prop\u00f4s um reajuste em duas parcelas, a partir do ano que vem. O primeiro aumento, de 9%, ser\u00e1 pago a partir de janeiro de 2025. J\u00e1 o segundo reajuste, de 3,5%, ser\u00e1 pago em abril de 2026. Al\u00e9m disso, foi acordada uma reestrutura\u00e7\u00e3o de carreira, com aumento das progress\u00f5es de 4% para 4,5% e chegando at\u00e9 6% para algumas classes de docentes. Tamb\u00e9m foi acertada a garantia de progress\u00e3o e promo\u00e7\u00e3o uma vez solicitado em at\u00e9 seis meses, ap\u00f3s atendidos os requisitos.<\/p>\n<p>Outro ponto da proposta \u00e9 a uniformiza\u00e7\u00e3o no padr\u00e3o de controle de ponto entre professores do magist\u00e9rio superior e professores do Ensino B\u00e1sico, T\u00e9cnico e Tecnol\u00f3gico (EBTT), retirando a obrigatoriedade do registro em ponto eletr\u00f4nico para a segunda categoria. O governo tamb\u00e9m concordou com a cria\u00e7\u00e3o de grupos de trabalho para discutir reenquadramentos de professores aposentados, para a cria\u00e7\u00e3o de nova classe na carreira docente e reavalia\u00e7\u00e3o de norma sobre adicionais de insalubridade, entre outros pontos.<\/p>\n<p>O fim da greve na UnB segue a decis\u00e3o de outras institui\u00e7\u00f5es, como a Universidade Federal de Minas Gerais (UFMG), a Universidade Federal de Santa Catarina (UFSC), Universidade Federal Rural de Pernambuco (UFRPE), entre outras, em um movimento de sa\u00edda coletiva da paralisa\u00e7\u00e3o liderado pelo Sindicato Nacional dos Docentes das Institui\u00e7\u00f5es de Ensino Superior (Andes-SN). Professores de universidades e institutos federais devem realizar assembleias locais esta semana e, no fim de semana, a dire\u00e7\u00e3o do Andes-SN dever\u00e1 fazer um balan\u00e7o final da mobiliza\u00e7\u00e3o.<\/p>\n<p>\u201cConsideramos que tivemos muitas conquistas na greve. Nos mostramos fortes, unidos. Esta sa\u00edda coletiva tem um significado simb\u00f3lico desta unidade que se demonstrou em avan\u00e7os como os aumentos relativos aos benef\u00edcios &#8211; aux\u00edlio-creche, aux\u00edlio-alimenta\u00e7\u00e3o e sa\u00fade suplementar. Mas a luta continua. Nossa greve n\u00e3o \u00e9 fim das mobiliza\u00e7\u00f5es. Devemos seguir para que as demandas ainda n\u00e3o atendidas sejam ouvidas pelo governo. Estamos vivos e temos for\u00e7a. Este movimento nos comprovou isso\u201d, afirmou Eliene Novaes, presidenta da se\u00e7\u00e3o sindical da ADUnB.<\/p>\n<p><strong>T\u00e9cnicos-administrativos<\/strong><br \/>\nEnquanto os professores retomar\u00e3o as atividades, os servidores t\u00e9cnico-administrativos em educa\u00e7\u00e3o da UnB decidiram manter a greve, ap\u00f3s avalia\u00e7\u00e3o da assembleia geral com o sindicato da categoria, na ter\u00e7a-feira (18).<\/p>\n<p>Os profissionais est\u00e3o de bra\u00e7os cruzados desde 11 de mar\u00e7o. Segundo o Sindicato dos Servidores T\u00e9cnico-Administrativos da Universidade de Bras\u00edlia (Sintfub), a categoria alcan\u00e7ou conquistas na \u00faltima proposta do governo, como o aumento do percentual de progress\u00e3o na carreira, mas querem melhorias na oferta.<\/p>\n<p>Na \u00faltima sexta-feira, o Minist\u00e9rio da Educa\u00e7\u00e3o se comprometeu a revogar, ap\u00f3s o t\u00e9rmino da greve, a Portaria 983, de novembro de 2020, que elevou a carga hor\u00e1ria m\u00ednima semanal dos docentes.<\/p>\n<p>Tamb\u00e9m na semana passada, o presidente Luiz In\u00e1cio Lula da Silva anunciou que o governo federal vai investir em melhorias na infraestrutura de todas universidades federais (R$ 3,17 bilh\u00f5es), hospitais universit\u00e1rios (R$ 1,75 bilh\u00e3o) e na cria\u00e7\u00e3o de dez novos campi nas cinco regi\u00f5es do pa\u00eds (R$ 600 bilh\u00f5es). O total \u00e9 de R$ 5,5 bilh\u00f5es do novo PAC.<\/p>\n<p>H\u00e1 algumas semanas, o MEC tamb\u00e9m recomp\u00f4s o or\u00e7amento para a educa\u00e7\u00e3o superior estabelecendo mais recursos para custeio de despesas: R$ 279,2 milh\u00f5es para universidades e R$ 120,7 milh\u00f5es para institutos federais.<\/p>\n","protected":false},"excerpt":{"rendered":"<p>Os professores da Universidade de Bras\u00edlia decidiram nesta quinta-feira (20) p\u00f4r fim \u00e0 greve de mais de dois meses da categoria, iniciada em 15 de abril. O fim da paralisa\u00e7\u00e3o foi aprovado em assembleia, ap\u00f3s avalia\u00e7\u00e3o sobre a \u00faltima proposta apresentada pelo governo durante a mesa setorial realizada no dia 14 de junho com o [&hellip;]<\/p>\n","protected":false},"author":2,"featured_media":314445,"comment_status":"closed","ping_status":"closed","sticky":false,"template":"","format":"standard","meta":{"_acf_changed":false,"footnotes":""},"categories":[161],"tags":[],"class_list":["post-331232","post","type-post","status-publish","format-standard","has-post-thumbnail","hentry","category-quadradinho-em-foco"],"acf":[],"yoast_head":"<!-- This site is optimized with the Yoast SEO plugin v27.5 - https:\/\/yoast.com\/product\/yoast-seo-wordpress\/ -->\n<title>Professores encerram greve e retomam aulas no dia 26 - Notibras<\/title>\n<meta name=\"robots\" content=\"index, follow, max-snippet:-1, max-image-preview:large, max-video-preview:-1\" \/>\n<link rel=\"canonical\" href=\"https:\/\/www.notibras.com\/site\/professores-encerram-greve-e-retomam-aulas-no-dia-26\/\" \/>\n<meta property=\"og:locale\" content=\"pt_BR\" \/>\n<meta property=\"og:type\" content=\"article\" \/>\n<meta property=\"og:title\" content=\"Professores encerram greve e retomam aulas no dia 26 - Notibras\" \/>\n<meta property=\"og:description\" content=\"Os professores da Universidade de Bras\u00edlia decidiram nesta quinta-feira (20) p\u00f4r fim \u00e0 greve de mais de dois meses da categoria, iniciada em 15 de abril. O fim da paralisa\u00e7\u00e3o foi aprovado em assembleia, ap\u00f3s avalia\u00e7\u00e3o sobre a \u00faltima proposta apresentada pelo governo durante a mesa setorial realizada no dia 14 de junho com o [&hellip;]\" \/>\n<meta property=\"og:url\" content=\"https:\/\/www.notibras.com\/site\/professores-encerram-greve-e-retomam-aulas-no-dia-26\/\" \/>\n<meta property=\"og:site_name\" content=\"Notibras\" \/>\n<meta property=\"article:publisher\" content=\"https:\/\/www.facebook.com\/notibras\/\" \/>\n<meta property=\"article:published_time\" content=\"2024-06-21T03:04:52+00:00\" \/>\n<meta property=\"article:modified_time\" content=\"2024-06-21T11:15:43+00:00\" \/>\n<meta property=\"og:image\" content=\"https:\/\/www.notibras.com\/site\/wp-content\/uploads\/2023\/10\/cotas_unb.jpg\" \/>\n\t<meta property=\"og:image:width\" content=\"1170\" \/>\n\t<meta property=\"og:image:height\" content=\"700\" \/>\n\t<meta property=\"og:image:type\" content=\"image\/jpeg\" \/>\n<meta name=\"author\" content=\"Reda\u00e7\u00e3o\" \/>\n<meta name=\"twitter:card\" content=\"summary_large_image\" \/>\n<meta name=\"twitter:creator\" content=\"@Notibras\" \/>\n<meta name=\"twitter:site\" content=\"@Notibras\" \/>\n<meta name=\"twitter:label1\" content=\"Escrito por\" \/>\n\t<meta name=\"twitter:data1\" content=\"Reda\u00e7\u00e3o\" \/>\n\t<meta name=\"twitter:label2\" content=\"Est. tempo de leitura\" \/>\n\t<meta name=\"twitter:data2\" content=\"4 minutos\" \/>\n<script type=\"application\/ld+json\" class=\"yoast-schema-graph\">{\"@context\":\"https:\\\/\\\/schema.org\",\"@graph\":[{\"@type\":\"Article\",\"@id\":\"https:\\\/\\\/www.notibras.com\\\/site\\\/professores-encerram-greve-e-retomam-aulas-no-dia-26\\\/#article\",\"isPartOf\":{\"@id\":\"https:\\\/\\\/www.notibras.com\\\/site\\\/professores-encerram-greve-e-retomam-aulas-no-dia-26\\\/\"},\"author\":{\"name\":\"Reda\u00e7\u00e3o\",\"@id\":\"https:\\\/\\\/www.notibras.com\\\/site\\\/#\\\/schema\\\/person\\\/36ab0979449956132d3e5b517ea76ac8\"},\"headline\":\"Professores encerram greve e retomam aulas no dia 26\",\"datePublished\":\"2024-06-21T03:04:52+00:00\",\"dateModified\":\"2024-06-21T11:15:43+00:00\",\"mainEntityOfPage\":{\"@id\":\"https:\\\/\\\/www.notibras.com\\\/site\\\/professores-encerram-greve-e-retomam-aulas-no-dia-26\\\/\"},\"wordCount\":677,\"publisher\":{\"@id\":\"https:\\\/\\\/www.notibras.com\\\/site\\\/#organization\"},\"image\":{\"@id\":\"https:\\\/\\\/www.notibras.com\\\/site\\\/professores-encerram-greve-e-retomam-aulas-no-dia-26\\\/#primaryimage\"},\"thumbnailUrl\":\"https:\\\/\\\/www.notibras.com\\\/site\\\/wp-content\\\/uploads\\\/2023\\\/10\\\/cotas_unb.jpg\",\"articleSection\":[\"Quadradinho em Foco\"],\"inLanguage\":\"pt-BR\"},{\"@type\":\"WebPage\",\"@id\":\"https:\\\/\\\/www.notibras.com\\\/site\\\/professores-encerram-greve-e-retomam-aulas-no-dia-26\\\/\",\"url\":\"https:\\\/\\\/www.notibras.com\\\/site\\\/professores-encerram-greve-e-retomam-aulas-no-dia-26\\\/\",\"name\":\"Professores encerram greve e retomam aulas no dia 26 - Notibras\",\"isPartOf\":{\"@id\":\"https:\\\/\\\/www.notibras.com\\\/site\\\/#website\"},\"primaryImageOfPage\":{\"@id\":\"https:\\\/\\\/www.notibras.com\\\/site\\\/professores-encerram-greve-e-retomam-aulas-no-dia-26\\\/#primaryimage\"},\"image\":{\"@id\":\"https:\\\/\\\/www.notibras.com\\\/site\\\/professores-encerram-greve-e-retomam-aulas-no-dia-26\\\/#primaryimage\"},\"thumbnailUrl\":\"https:\\\/\\\/www.notibras.com\\\/site\\\/wp-content\\\/uploads\\\/2023\\\/10\\\/cotas_unb.jpg\",\"datePublished\":\"2024-06-21T03:04:52+00:00\",\"dateModified\":\"2024-06-21T11:15:43+00:00\",\"breadcrumb\":{\"@id\":\"https:\\\/\\\/www.notibras.com\\\/site\\\/professores-encerram-greve-e-retomam-aulas-no-dia-26\\\/#breadcrumb\"},\"inLanguage\":\"pt-BR\",\"potentialAction\":[{\"@type\":\"ReadAction\",\"target\":[\"https:\\\/\\\/www.notibras.com\\\/site\\\/professores-encerram-greve-e-retomam-aulas-no-dia-26\\\/\"]}]},{\"@type\":\"ImageObject\",\"inLanguage\":\"pt-BR\",\"@id\":\"https:\\\/\\\/www.notibras.com\\\/site\\\/professores-encerram-greve-e-retomam-aulas-no-dia-26\\\/#primaryimage\",\"url\":\"https:\\\/\\\/www.notibras.com\\\/site\\\/wp-content\\\/uploads\\\/2023\\\/10\\\/cotas_unb.jpg\",\"contentUrl\":\"https:\\\/\\\/www.notibras.com\\\/site\\\/wp-content\\\/uploads\\\/2023\\\/10\\\/cotas_unb.jpg\",\"width\":1170,\"height\":700,\"caption\":\"UnB foi a primeira universidade federal a adotar sistema de cotas raciais UnB reserva vagas para negros desde o vestibular de 2004 Percentual de negros com diploma cresceu quase quatro vezes desde 2000, segundo IBGE\"},{\"@type\":\"BreadcrumbList\",\"@id\":\"https:\\\/\\\/www.notibras.com\\\/site\\\/professores-encerram-greve-e-retomam-aulas-no-dia-26\\\/#breadcrumb\",\"itemListElement\":[{\"@type\":\"ListItem\",\"position\":1,\"name\":\"In\u00edcio\",\"item\":\"https:\\\/\\\/www.notibras.com\\\/site\\\/\"},{\"@type\":\"ListItem\",\"position\":2,\"name\":\"Professores encerram greve e retomam aulas no dia 26\"}]},{\"@type\":\"WebSite\",\"@id\":\"https:\\\/\\\/www.notibras.com\\\/site\\\/#website\",\"url\":\"https:\\\/\\\/www.notibras.com\\\/site\\\/\",\"name\":\"Notibras\",\"description\":\"Not\u00edcias de Bras\u00edlia, do Brasil e do Mundo\",\"publisher\":{\"@id\":\"https:\\\/\\\/www.notibras.com\\\/site\\\/#organization\"},\"potentialAction\":[{\"@type\":\"SearchAction\",\"target\":{\"@type\":\"EntryPoint\",\"urlTemplate\":\"https:\\\/\\\/www.notibras.com\\\/site\\\/?s={search_term_string}\"},\"query-input\":{\"@type\":\"PropertyValueSpecification\",\"valueRequired\":true,\"valueName\":\"search_term_string\"}}],\"inLanguage\":\"pt-BR\"},{\"@type\":\"Organization\",\"@id\":\"https:\\\/\\\/www.notibras.com\\\/site\\\/#organization\",\"name\":\"Grupo Notibras de Comunica\u00e7\u00e3o\",\"url\":\"https:\\\/\\\/www.notibras.com\\\/site\\\/\",\"logo\":{\"@type\":\"ImageObject\",\"inLanguage\":\"pt-BR\",\"@id\":\"https:\\\/\\\/www.notibras.com\\\/site\\\/#\\\/schema\\\/logo\\\/image\\\/\",\"url\":\"https:\\\/\\\/www.notibras.com\\\/site\\\/wp-content\\\/uploads\\\/2023\\\/01\\\/notibras23.png\",\"contentUrl\":\"https:\\\/\\\/www.notibras.com\\\/site\\\/wp-content\\\/uploads\\\/2023\\\/01\\\/notibras23.png\",\"width\":350,\"height\":87,\"caption\":\"Grupo Notibras de Comunica\u00e7\u00e3o\"},\"image\":{\"@id\":\"https:\\\/\\\/www.notibras.com\\\/site\\\/#\\\/schema\\\/logo\\\/image\\\/\"},\"sameAs\":[\"https:\\\/\\\/www.facebook.com\\\/notibras\\\/\",\"https:\\\/\\\/x.com\\\/Notibras\",\"https:\\\/\\\/www.instagram.com\\\/notibras\\\/\"]},{\"@type\":\"Person\",\"@id\":\"https:\\\/\\\/www.notibras.com\\\/site\\\/#\\\/schema\\\/person\\\/36ab0979449956132d3e5b517ea76ac8\",\"name\":\"Reda\u00e7\u00e3o\",\"image\":{\"@type\":\"ImageObject\",\"inLanguage\":\"pt-BR\",\"@id\":\"https:\\\/\\\/secure.gravatar.com\\\/avatar\\\/e0a867bdedb85fd243eadf09663511f96fc81e0720a4a42581f334ad4303aa6b?s=96&d=mm&r=g\",\"url\":\"https:\\\/\\\/secure.gravatar.com\\\/avatar\\\/e0a867bdedb85fd243eadf09663511f96fc81e0720a4a42581f334ad4303aa6b?s=96&d=mm&r=g\",\"contentUrl\":\"https:\\\/\\\/secure.gravatar.com\\\/avatar\\\/e0a867bdedb85fd243eadf09663511f96fc81e0720a4a42581f334ad4303aa6b?s=96&d=mm&r=g\",\"caption\":\"Reda\u00e7\u00e3o\"}}]}<\/script>\n<!-- \/ Yoast SEO plugin. -->","yoast_head_json":{"title":"Professores encerram greve e retomam aulas no dia 26 - Notibras","robots":{"index":"index","follow":"follow","max-snippet":"max-snippet:-1","max-image-preview":"max-image-preview:large","max-video-preview":"max-video-preview:-1"},"canonical":"https:\/\/www.notibras.com\/site\/professores-encerram-greve-e-retomam-aulas-no-dia-26\/","og_locale":"pt_BR","og_type":"article","og_title":"Professores encerram greve e retomam aulas no dia 26 - Notibras","og_description":"Os professores da Universidade de Bras\u00edlia decidiram nesta quinta-feira (20) p\u00f4r fim \u00e0 greve de mais de dois meses da categoria, iniciada em 15 de abril. O fim da paralisa\u00e7\u00e3o foi aprovado em assembleia, ap\u00f3s avalia\u00e7\u00e3o sobre a \u00faltima proposta apresentada pelo governo durante a mesa setorial realizada no dia 14 de junho com o [&hellip;]","og_url":"https:\/\/www.notibras.com\/site\/professores-encerram-greve-e-retomam-aulas-no-dia-26\/","og_site_name":"Notibras","article_publisher":"https:\/\/www.facebook.com\/notibras\/","article_published_time":"2024-06-21T03:04:52+00:00","article_modified_time":"2024-06-21T11:15:43+00:00","og_image":[{"width":1170,"height":700,"url":"https:\/\/www.notibras.com\/site\/wp-content\/uploads\/2023\/10\/cotas_unb.jpg","type":"image\/jpeg"}],"author":"Reda\u00e7\u00e3o","twitter_card":"summary_large_image","twitter_creator":"@Notibras","twitter_site":"@Notibras","twitter_misc":{"Escrito por":"Reda\u00e7\u00e3o","Est. tempo de leitura":"4 minutos"},"schema":{"@context":"https:\/\/schema.org","@graph":[{"@type":"Article","@id":"https:\/\/www.notibras.com\/site\/professores-encerram-greve-e-retomam-aulas-no-dia-26\/#article","isPartOf":{"@id":"https:\/\/www.notibras.com\/site\/professores-encerram-greve-e-retomam-aulas-no-dia-26\/"},"author":{"name":"Reda\u00e7\u00e3o","@id":"https:\/\/www.notibras.com\/site\/#\/schema\/person\/36ab0979449956132d3e5b517ea76ac8"},"headline":"Professores encerram greve e retomam aulas no dia 26","datePublished":"2024-06-21T03:04:52+00:00","dateModified":"2024-06-21T11:15:43+00:00","mainEntityOfPage":{"@id":"https:\/\/www.notibras.com\/site\/professores-encerram-greve-e-retomam-aulas-no-dia-26\/"},"wordCount":677,"publisher":{"@id":"https:\/\/www.notibras.com\/site\/#organization"},"image":{"@id":"https:\/\/www.notibras.com\/site\/professores-encerram-greve-e-retomam-aulas-no-dia-26\/#primaryimage"},"thumbnailUrl":"https:\/\/www.notibras.com\/site\/wp-content\/uploads\/2023\/10\/cotas_unb.jpg","articleSection":["Quadradinho em Foco"],"inLanguage":"pt-BR"},{"@type":"WebPage","@id":"https:\/\/www.notibras.com\/site\/professores-encerram-greve-e-retomam-aulas-no-dia-26\/","url":"https:\/\/www.notibras.com\/site\/professores-encerram-greve-e-retomam-aulas-no-dia-26\/","name":"Professores encerram greve e retomam aulas no dia 26 - Notibras","isPartOf":{"@id":"https:\/\/www.notibras.com\/site\/#website"},"primaryImageOfPage":{"@id":"https:\/\/www.notibras.com\/site\/professores-encerram-greve-e-retomam-aulas-no-dia-26\/#primaryimage"},"image":{"@id":"https:\/\/www.notibras.com\/site\/professores-encerram-greve-e-retomam-aulas-no-dia-26\/#primaryimage"},"thumbnailUrl":"https:\/\/www.notibras.com\/site\/wp-content\/uploads\/2023\/10\/cotas_unb.jpg","datePublished":"2024-06-21T03:04:52+00:00","dateModified":"2024-06-21T11:15:43+00:00","breadcrumb":{"@id":"https:\/\/www.notibras.com\/site\/professores-encerram-greve-e-retomam-aulas-no-dia-26\/#breadcrumb"},"inLanguage":"pt-BR","potentialAction":[{"@type":"ReadAction","target":["https:\/\/www.notibras.com\/site\/professores-encerram-greve-e-retomam-aulas-no-dia-26\/"]}]},{"@type":"ImageObject","inLanguage":"pt-BR","@id":"https:\/\/www.notibras.com\/site\/professores-encerram-greve-e-retomam-aulas-no-dia-26\/#primaryimage","url":"https:\/\/www.notibras.com\/site\/wp-content\/uploads\/2023\/10\/cotas_unb.jpg","contentUrl":"https:\/\/www.notibras.com\/site\/wp-content\/uploads\/2023\/10\/cotas_unb.jpg","width":1170,"height":700,"caption":"UnB foi a primeira universidade federal a adotar sistema de cotas raciais UnB reserva vagas para negros desde o vestibular de 2004 Percentual de negros com diploma cresceu quase quatro vezes desde 2000, segundo IBGE"},{"@type":"BreadcrumbList","@id":"https:\/\/www.notibras.com\/site\/professores-encerram-greve-e-retomam-aulas-no-dia-26\/#breadcrumb","itemListElement":[{"@type":"ListItem","position":1,"name":"In\u00edcio","item":"https:\/\/www.notibras.com\/site\/"},{"@type":"ListItem","position":2,"name":"Professores encerram greve e retomam aulas no dia 26"}]},{"@type":"WebSite","@id":"https:\/\/www.notibras.com\/site\/#website","url":"https:\/\/www.notibras.com\/site\/","name":"Notibras","description":"Not\u00edcias de Bras\u00edlia, do Brasil e do Mundo","publisher":{"@id":"https:\/\/www.notibras.com\/site\/#organization"},"potentialAction":[{"@type":"SearchAction","target":{"@type":"EntryPoint","urlTemplate":"https:\/\/www.notibras.com\/site\/?s={search_term_string}"},"query-input":{"@type":"PropertyValueSpecification","valueRequired":true,"valueName":"search_term_string"}}],"inLanguage":"pt-BR"},{"@type":"Organization","@id":"https:\/\/www.notibras.com\/site\/#organization","name":"Grupo Notibras de Comunica\u00e7\u00e3o","url":"https:\/\/www.notibras.com\/site\/","logo":{"@type":"ImageObject","inLanguage":"pt-BR","@id":"https:\/\/www.notibras.com\/site\/#\/schema\/logo\/image\/","url":"https:\/\/www.notibras.com\/site\/wp-content\/uploads\/2023\/01\/notibras23.png","contentUrl":"https:\/\/www.notibras.com\/site\/wp-content\/uploads\/2023\/01\/notibras23.png","width":350,"height":87,"caption":"Grupo Notibras de Comunica\u00e7\u00e3o"},"image":{"@id":"https:\/\/www.notibras.com\/site\/#\/schema\/logo\/image\/"},"sameAs":["https:\/\/www.facebook.com\/notibras\/","https:\/\/x.com\/Notibras","https:\/\/www.instagram.com\/notibras\/"]},{"@type":"Person","@id":"https:\/\/www.notibras.com\/site\/#\/schema\/person\/36ab0979449956132d3e5b517ea76ac8","name":"Reda\u00e7\u00e3o","image":{"@type":"ImageObject","inLanguage":"pt-BR","@id":"https:\/\/secure.gravatar.com\/avatar\/e0a867bdedb85fd243eadf09663511f96fc81e0720a4a42581f334ad4303aa6b?s=96&d=mm&r=g","url":"https:\/\/secure.gravatar.com\/avatar\/e0a867bdedb85fd243eadf09663511f96fc81e0720a4a42581f334ad4303aa6b?s=96&d=mm&r=g","contentUrl":"https:\/\/secure.gravatar.com\/avatar\/e0a867bdedb85fd243eadf09663511f96fc81e0720a4a42581f334ad4303aa6b?s=96&d=mm&r=g","caption":"Reda\u00e7\u00e3o"}}]}},"amp_enabled":true,"_links":{"self":[{"href":"https:\/\/www.notibras.com\/site\/wp-json\/wp\/v2\/posts\/331232","targetHints":{"allow":["GET"]}}],"collection":[{"href":"https:\/\/www.notibras.com\/site\/wp-json\/wp\/v2\/posts"}],"about":[{"href":"https:\/\/www.notibras.com\/site\/wp-json\/wp\/v2\/types\/post"}],"author":[{"embeddable":true,"href":"https:\/\/www.notibras.com\/site\/wp-json\/wp\/v2\/users\/2"}],"replies":[{"embeddable":true,"href":"https:\/\/www.notibras.com\/site\/wp-json\/wp\/v2\/comments?post=331232"}],"version-history":[{"count":2,"href":"https:\/\/www.notibras.com\/site\/wp-json\/wp\/v2\/posts\/331232\/revisions"}],"predecessor-version":[{"id":331238,"href":"https:\/\/www.notibras.com\/site\/wp-json\/wp\/v2\/posts\/331232\/revisions\/331238"}],"wp:featuredmedia":[{"embeddable":true,"href":"https:\/\/www.notibras.com\/site\/wp-json\/wp\/v2\/media\/314445"}],"wp:attachment":[{"href":"https:\/\/www.notibras.com\/site\/wp-json\/wp\/v2\/media?parent=331232"}],"wp:term":[{"taxonomy":"category","embeddable":true,"href":"https:\/\/www.notibras.com\/site\/wp-json\/wp\/v2\/categories?post=331232"},{"taxonomy":"post_tag","embeddable":true,"href":"https:\/\/www.notibras.com\/site\/wp-json\/wp\/v2\/tags?post=331232"}],"curies":[{"name":"wp","href":"https:\/\/api.w.org\/{rel}","templated":true}]}}