{"id":331297,"date":"2024-06-22T00:53:21","date_gmt":"2024-06-22T03:53:21","guid":{"rendered":"https:\/\/www.notibras.com\/site\/?p=331297"},"modified":"2024-06-22T07:02:33","modified_gmt":"2024-06-22T10:02:33","slug":"pancada-os-cachorros-e-o-frango-do-dia-de-sao-nunca","status":"publish","type":"post","link":"https:\/\/www.notibras.com\/site\/pancada-os-cachorros-e-o-frango-do-dia-de-sao-nunca\/","title":{"rendered":"Pancada, os cachorros e o frango do dia de S\u00e3o Nunca"},"content":{"rendered":"<p>At\u00e9 onde se sabe, n\u00e3o era do conhecimento dos moradores da quadra o nome daquele homem. Todos o chamavam de Pancada, talvez por conta da aparente falta de normalidade de suas a\u00e7\u00f5es, algumas at\u00e9 esdr\u00faxulas. No entanto, ningu\u00e9m o via como poss\u00edvel amea\u00e7a, j\u00e1 que nunca tiveram motivo para tal. At\u00e9 gostavam dele, como provavam as diversas migalhas que lhe jogavam, da mesma forma que faziam com os cachorros da rua.<\/p>\n<p>Quando os dias estavam quentes, o mendigo era facilmente encontrado debaixo de alguma \u00e1rvore frondosa, especialmente a mangueira da pracinha. Lagarteava o dia inteiro, at\u00e9 que, no final da tarde, espregui\u00e7ava-se como um felino que acabara de se levantar. Precisava se alimentar.<\/p>\n<p>Durante o inverno, Pancada tratava de arrumar algum jornal velho para se aquecer. N\u00e3o que a vestimenta pu\u00edda n\u00e3o lhe fosse suficiente para suportar o frio, mas o costume, j\u00e1 entranhado em seu ser, dizia que h\u00e1bitos deveriam ser preservados. Al\u00e9m do mais, gostava de se inteirar das not\u00edcias, mesmo que antigas, apesar de n\u00e3o saber ler. Divertia-se com as figuras.<\/p>\n<p>Pancada, quando estava livre de suas obriga\u00e7\u00f5es, que poderiam ser facilmente adiadas para o dia de S\u00e3o Nunca, apreciava o cheirinho de frango assado. Postava-se logo atr\u00e1s dos vira-latas diante da televis\u00e3o de cachorro da padaria do Manoel. Tantos olhos gulosos assistindo \u00e0quelas aves depenadas girando em longos espetos.<\/p>\n<p>Foi num momento de distra\u00e7\u00e3o do dono do com\u00e9rcio que o faminto Pancada teve uma crise de atrevimento. Abriu a portinhola, arrancou um fumegante frango e o jogou para o alto para n\u00e3o queimar as m\u00e3os. Os c\u00e3es, concorrentes diretos, tentaram pegar os nacos de direito. Sem sucesso, pois o mendigo, mais ligeiro, aparou a iguaria com a barra da blusa e se escafedeu.<\/p>\n<p>Manoel, avisado por um cliente sobre o ocorrido, foi at\u00e9 a rua, de onde ainda conseguiu visualizar o maltrapilho correndo desembestado atirando e aparando sobre a blusa o fruto do roubo. P\u00e3o-duro que era, bem que poderia praguejar pelo preju\u00edzo. Que nada! O homem at\u00e9 achou gra\u00e7a vendo aquele doido tentando n\u00e3o se queimar, ao mesmo tempo em que era perseguido por uma horda de cachorros.<\/p>\n<p>Alguns fregueses ainda soltaram improp\u00e9rios em dire\u00e7\u00e3o ao maluco. Entretanto, Manoel virou-se e, antes de entrar no seu com\u00e9rcio, ainda com um sorriso nos l\u00e1bios, desencorajou qualquer poss\u00edvel ato de viol\u00eancia contra o mendigo.<\/p>\n<p>\u2014 Esse Pancada precisaria ser refundado para ser normal.<\/p>\n<p><strong>*Eduardo Mart\u00ednez \u00e9 autor do livro \u201c57 Contos e Cr\u00f4nicas por um Autor muito Velho\u201d.<\/strong><\/p>\n<p>Compre aqui\u00a0<span class=\"x19la9d6 x1fc57z9 x6ikm8r x10wlt62 x19co3pv x1g5zs5t xfibh0p xiy17q3 x1xsqp64 x1lkfr7t xexx8yu x4uap5 x18d9i69 xkhd6sd\"><span class=\"xrtxmta x1bhl96m\"><img decoding=\"async\" class=\"emoji\" role=\"img\" draggable=\"false\" src=\"https:\/\/s.w.org\/images\/core\/emoji\/14.0.0\/svg\/1f447-1f3ff.svg\" alt=\"&#x1f447;&#x1f3ff;\" \/><\/span><\/span><span class=\"x19la9d6 x1fc57z9 x6ikm8r x10wlt62 x19co3pv x1g5zs5t xfibh0p xiy17q3 x1xsqp64 x1lkfr7t xexx8yu x4uap5 x18d9i69 xkhd6sd\"><span class=\"xrtxmta x1bhl96m\"><img decoding=\"async\" class=\"emoji\" role=\"img\" draggable=\"false\" src=\"https:\/\/s.w.org\/images\/core\/emoji\/14.0.0\/svg\/1f447-1f3ff.svg\" alt=\"&#x1f447;&#x1f3ff;\" \/><\/span><\/span><span class=\"x19la9d6 x1fc57z9 x6ikm8r x10wlt62 x19co3pv x1g5zs5t xfibh0p xiy17q3 x1xsqp64 x1lkfr7t xexx8yu x4uap5 x18d9i69 xkhd6sd\"><span class=\"xrtxmta x1bhl96m\"><img decoding=\"async\" class=\"emoji\" role=\"img\" draggable=\"false\" src=\"https:\/\/s.w.org\/images\/core\/emoji\/14.0.0\/svg\/1f447-1f3ff.svg\" alt=\"&#x1f447;&#x1f3ff;\" \/><\/span><\/span><\/p>\n<p><a href=\"http:\/\/www.joanineditora.com.br\/57-contos-e-cronicas-por-um-autor-muito-velho\">http:\/\/www.joanineditora.com.br\/57-contos-e-cronicas-por-um-autor-muito-velho<\/a><\/p>\n","protected":false},"excerpt":{"rendered":"<p>At\u00e9 onde se sabe, n\u00e3o era do conhecimento dos moradores da quadra o nome daquele homem. Todos o chamavam de Pancada, talvez por conta da aparente falta de normalidade de suas a\u00e7\u00f5es, algumas at\u00e9 esdr\u00faxulas. No entanto, ningu\u00e9m o via como poss\u00edvel amea\u00e7a, j\u00e1 que nunca tiveram motivo para tal. At\u00e9 gostavam dele, como provavam [&hellip;]<\/p>\n","protected":false},"author":2,"featured_media":331298,"comment_status":"closed","ping_status":"closed","sticky":false,"template":"","format":"standard","meta":{"_acf_changed":false,"footnotes":""},"categories":[161],"tags":[],"class_list":["post-331297","post","type-post","status-publish","format-standard","has-post-thumbnail","hentry","category-quadradinho-em-foco"],"acf":[],"yoast_head":"<!-- This site is optimized with the Yoast SEO plugin v27.5 - https:\/\/yoast.com\/product\/yoast-seo-wordpress\/ -->\n<title>Pancada, os cachorros e o frango do dia de S\u00e3o Nunca - Notibras<\/title>\n<meta name=\"robots\" content=\"index, follow, max-snippet:-1, max-image-preview:large, max-video-preview:-1\" \/>\n<link rel=\"canonical\" href=\"https:\/\/www.notibras.com\/site\/pancada-os-cachorros-e-o-frango-do-dia-de-sao-nunca\/\" \/>\n<meta property=\"og:locale\" content=\"pt_BR\" \/>\n<meta property=\"og:type\" content=\"article\" \/>\n<meta property=\"og:title\" content=\"Pancada, os cachorros e o frango do dia de S\u00e3o Nunca - Notibras\" \/>\n<meta property=\"og:description\" content=\"At\u00e9 onde se sabe, n\u00e3o era do conhecimento dos moradores da quadra o nome daquele homem. Todos o chamavam de Pancada, talvez por conta da aparente falta de normalidade de suas a\u00e7\u00f5es, algumas at\u00e9 esdr\u00faxulas. No entanto, ningu\u00e9m o via como poss\u00edvel amea\u00e7a, j\u00e1 que nunca tiveram motivo para tal. At\u00e9 gostavam dele, como provavam [&hellip;]\" \/>\n<meta property=\"og:url\" content=\"https:\/\/www.notibras.com\/site\/pancada-os-cachorros-e-o-frango-do-dia-de-sao-nunca\/\" \/>\n<meta property=\"og:site_name\" content=\"Notibras\" \/>\n<meta property=\"article:publisher\" content=\"https:\/\/www.facebook.com\/notibras\/\" \/>\n<meta property=\"article:published_time\" content=\"2024-06-22T03:53:21+00:00\" \/>\n<meta property=\"article:modified_time\" content=\"2024-06-22T10:02:33+00:00\" \/>\n<meta property=\"og:image\" content=\"https:\/\/www.notibras.com\/site\/wp-content\/uploads\/2024\/06\/27d09cd3-3a62-481d-afe8-1335db11b2a0.jpeg\" \/>\n\t<meta property=\"og:image:width\" content=\"512\" \/>\n\t<meta property=\"og:image:height\" content=\"477\" \/>\n\t<meta property=\"og:image:type\" content=\"image\/jpeg\" \/>\n<meta name=\"author\" content=\"Reda\u00e7\u00e3o\" \/>\n<meta name=\"twitter:card\" content=\"summary_large_image\" \/>\n<meta name=\"twitter:creator\" content=\"@Notibras\" \/>\n<meta name=\"twitter:site\" content=\"@Notibras\" \/>\n<meta name=\"twitter:label1\" content=\"Escrito por\" \/>\n\t<meta name=\"twitter:data1\" content=\"Reda\u00e7\u00e3o\" \/>\n\t<meta name=\"twitter:label2\" content=\"Est. tempo de leitura\" \/>\n\t<meta name=\"twitter:data2\" content=\"4 minutos\" \/>\n<script type=\"application\/ld+json\" class=\"yoast-schema-graph\">{\"@context\":\"https:\\\/\\\/schema.org\",\"@graph\":[{\"@type\":\"Article\",\"@id\":\"https:\\\/\\\/www.notibras.com\\\/site\\\/pancada-os-cachorros-e-o-frango-do-dia-de-sao-nunca\\\/#article\",\"isPartOf\":{\"@id\":\"https:\\\/\\\/www.notibras.com\\\/site\\\/pancada-os-cachorros-e-o-frango-do-dia-de-sao-nunca\\\/\"},\"author\":{\"name\":\"Reda\u00e7\u00e3o\",\"@id\":\"https:\\\/\\\/www.notibras.com\\\/site\\\/#\\\/schema\\\/person\\\/36ab0979449956132d3e5b517ea76ac8\"},\"headline\":\"Pancada, os cachorros e o frango do dia de S\u00e3o Nunca\",\"datePublished\":\"2024-06-22T03:53:21+00:00\",\"dateModified\":\"2024-06-22T10:02:33+00:00\",\"mainEntityOfPage\":{\"@id\":\"https:\\\/\\\/www.notibras.com\\\/site\\\/pancada-os-cachorros-e-o-frango-do-dia-de-sao-nunca\\\/\"},\"wordCount\":463,\"publisher\":{\"@id\":\"https:\\\/\\\/www.notibras.com\\\/site\\\/#organization\"},\"image\":{\"@id\":\"https:\\\/\\\/www.notibras.com\\\/site\\\/pancada-os-cachorros-e-o-frango-do-dia-de-sao-nunca\\\/#primaryimage\"},\"thumbnailUrl\":\"https:\\\/\\\/www.notibras.com\\\/site\\\/wp-content\\\/uploads\\\/2024\\\/06\\\/27d09cd3-3a62-481d-afe8-1335db11b2a0.jpeg\",\"articleSection\":[\"Quadradinho em Foco\"],\"inLanguage\":\"pt-BR\"},{\"@type\":\"WebPage\",\"@id\":\"https:\\\/\\\/www.notibras.com\\\/site\\\/pancada-os-cachorros-e-o-frango-do-dia-de-sao-nunca\\\/\",\"url\":\"https:\\\/\\\/www.notibras.com\\\/site\\\/pancada-os-cachorros-e-o-frango-do-dia-de-sao-nunca\\\/\",\"name\":\"Pancada, os cachorros e o frango do dia de S\u00e3o Nunca - Notibras\",\"isPartOf\":{\"@id\":\"https:\\\/\\\/www.notibras.com\\\/site\\\/#website\"},\"primaryImageOfPage\":{\"@id\":\"https:\\\/\\\/www.notibras.com\\\/site\\\/pancada-os-cachorros-e-o-frango-do-dia-de-sao-nunca\\\/#primaryimage\"},\"image\":{\"@id\":\"https:\\\/\\\/www.notibras.com\\\/site\\\/pancada-os-cachorros-e-o-frango-do-dia-de-sao-nunca\\\/#primaryimage\"},\"thumbnailUrl\":\"https:\\\/\\\/www.notibras.com\\\/site\\\/wp-content\\\/uploads\\\/2024\\\/06\\\/27d09cd3-3a62-481d-afe8-1335db11b2a0.jpeg\",\"datePublished\":\"2024-06-22T03:53:21+00:00\",\"dateModified\":\"2024-06-22T10:02:33+00:00\",\"breadcrumb\":{\"@id\":\"https:\\\/\\\/www.notibras.com\\\/site\\\/pancada-os-cachorros-e-o-frango-do-dia-de-sao-nunca\\\/#breadcrumb\"},\"inLanguage\":\"pt-BR\",\"potentialAction\":[{\"@type\":\"ReadAction\",\"target\":[\"https:\\\/\\\/www.notibras.com\\\/site\\\/pancada-os-cachorros-e-o-frango-do-dia-de-sao-nunca\\\/\"]}]},{\"@type\":\"ImageObject\",\"inLanguage\":\"pt-BR\",\"@id\":\"https:\\\/\\\/www.notibras.com\\\/site\\\/pancada-os-cachorros-e-o-frango-do-dia-de-sao-nunca\\\/#primaryimage\",\"url\":\"https:\\\/\\\/www.notibras.com\\\/site\\\/wp-content\\\/uploads\\\/2024\\\/06\\\/27d09cd3-3a62-481d-afe8-1335db11b2a0.jpeg\",\"contentUrl\":\"https:\\\/\\\/www.notibras.com\\\/site\\\/wp-content\\\/uploads\\\/2024\\\/06\\\/27d09cd3-3a62-481d-afe8-1335db11b2a0.jpeg\",\"width\":512,\"height\":477},{\"@type\":\"BreadcrumbList\",\"@id\":\"https:\\\/\\\/www.notibras.com\\\/site\\\/pancada-os-cachorros-e-o-frango-do-dia-de-sao-nunca\\\/#breadcrumb\",\"itemListElement\":[{\"@type\":\"ListItem\",\"position\":1,\"name\":\"In\u00edcio\",\"item\":\"https:\\\/\\\/www.notibras.com\\\/site\\\/\"},{\"@type\":\"ListItem\",\"position\":2,\"name\":\"Pancada, os cachorros e o frango do dia de S\u00e3o Nunca\"}]},{\"@type\":\"WebSite\",\"@id\":\"https:\\\/\\\/www.notibras.com\\\/site\\\/#website\",\"url\":\"https:\\\/\\\/www.notibras.com\\\/site\\\/\",\"name\":\"Notibras\",\"description\":\"Not\u00edcias de Bras\u00edlia, do Brasil e do Mundo\",\"publisher\":{\"@id\":\"https:\\\/\\\/www.notibras.com\\\/site\\\/#organization\"},\"potentialAction\":[{\"@type\":\"SearchAction\",\"target\":{\"@type\":\"EntryPoint\",\"urlTemplate\":\"https:\\\/\\\/www.notibras.com\\\/site\\\/?s={search_term_string}\"},\"query-input\":{\"@type\":\"PropertyValueSpecification\",\"valueRequired\":true,\"valueName\":\"search_term_string\"}}],\"inLanguage\":\"pt-BR\"},{\"@type\":\"Organization\",\"@id\":\"https:\\\/\\\/www.notibras.com\\\/site\\\/#organization\",\"name\":\"Grupo Notibras de Comunica\u00e7\u00e3o\",\"url\":\"https:\\\/\\\/www.notibras.com\\\/site\\\/\",\"logo\":{\"@type\":\"ImageObject\",\"inLanguage\":\"pt-BR\",\"@id\":\"https:\\\/\\\/www.notibras.com\\\/site\\\/#\\\/schema\\\/logo\\\/image\\\/\",\"url\":\"https:\\\/\\\/www.notibras.com\\\/site\\\/wp-content\\\/uploads\\\/2023\\\/01\\\/notibras23.png\",\"contentUrl\":\"https:\\\/\\\/www.notibras.com\\\/site\\\/wp-content\\\/uploads\\\/2023\\\/01\\\/notibras23.png\",\"width\":350,\"height\":87,\"caption\":\"Grupo Notibras de Comunica\u00e7\u00e3o\"},\"image\":{\"@id\":\"https:\\\/\\\/www.notibras.com\\\/site\\\/#\\\/schema\\\/logo\\\/image\\\/\"},\"sameAs\":[\"https:\\\/\\\/www.facebook.com\\\/notibras\\\/\",\"https:\\\/\\\/x.com\\\/Notibras\",\"https:\\\/\\\/www.instagram.com\\\/notibras\\\/\"]},{\"@type\":\"Person\",\"@id\":\"https:\\\/\\\/www.notibras.com\\\/site\\\/#\\\/schema\\\/person\\\/36ab0979449956132d3e5b517ea76ac8\",\"name\":\"Reda\u00e7\u00e3o\",\"image\":{\"@type\":\"ImageObject\",\"inLanguage\":\"pt-BR\",\"@id\":\"https:\\\/\\\/secure.gravatar.com\\\/avatar\\\/e0a867bdedb85fd243eadf09663511f96fc81e0720a4a42581f334ad4303aa6b?s=96&d=mm&r=g\",\"url\":\"https:\\\/\\\/secure.gravatar.com\\\/avatar\\\/e0a867bdedb85fd243eadf09663511f96fc81e0720a4a42581f334ad4303aa6b?s=96&d=mm&r=g\",\"contentUrl\":\"https:\\\/\\\/secure.gravatar.com\\\/avatar\\\/e0a867bdedb85fd243eadf09663511f96fc81e0720a4a42581f334ad4303aa6b?s=96&d=mm&r=g\",\"caption\":\"Reda\u00e7\u00e3o\"}}]}<\/script>\n<!-- \/ Yoast SEO plugin. -->","yoast_head_json":{"title":"Pancada, os cachorros e o frango do dia de S\u00e3o Nunca - Notibras","robots":{"index":"index","follow":"follow","max-snippet":"max-snippet:-1","max-image-preview":"max-image-preview:large","max-video-preview":"max-video-preview:-1"},"canonical":"https:\/\/www.notibras.com\/site\/pancada-os-cachorros-e-o-frango-do-dia-de-sao-nunca\/","og_locale":"pt_BR","og_type":"article","og_title":"Pancada, os cachorros e o frango do dia de S\u00e3o Nunca - Notibras","og_description":"At\u00e9 onde se sabe, n\u00e3o era do conhecimento dos moradores da quadra o nome daquele homem. Todos o chamavam de Pancada, talvez por conta da aparente falta de normalidade de suas a\u00e7\u00f5es, algumas at\u00e9 esdr\u00faxulas. No entanto, ningu\u00e9m o via como poss\u00edvel amea\u00e7a, j\u00e1 que nunca tiveram motivo para tal. At\u00e9 gostavam dele, como provavam [&hellip;]","og_url":"https:\/\/www.notibras.com\/site\/pancada-os-cachorros-e-o-frango-do-dia-de-sao-nunca\/","og_site_name":"Notibras","article_publisher":"https:\/\/www.facebook.com\/notibras\/","article_published_time":"2024-06-22T03:53:21+00:00","article_modified_time":"2024-06-22T10:02:33+00:00","og_image":[{"width":512,"height":477,"url":"https:\/\/www.notibras.com\/site\/wp-content\/uploads\/2024\/06\/27d09cd3-3a62-481d-afe8-1335db11b2a0.jpeg","type":"image\/jpeg"}],"author":"Reda\u00e7\u00e3o","twitter_card":"summary_large_image","twitter_creator":"@Notibras","twitter_site":"@Notibras","twitter_misc":{"Escrito por":"Reda\u00e7\u00e3o","Est. tempo de leitura":"4 minutos"},"schema":{"@context":"https:\/\/schema.org","@graph":[{"@type":"Article","@id":"https:\/\/www.notibras.com\/site\/pancada-os-cachorros-e-o-frango-do-dia-de-sao-nunca\/#article","isPartOf":{"@id":"https:\/\/www.notibras.com\/site\/pancada-os-cachorros-e-o-frango-do-dia-de-sao-nunca\/"},"author":{"name":"Reda\u00e7\u00e3o","@id":"https:\/\/www.notibras.com\/site\/#\/schema\/person\/36ab0979449956132d3e5b517ea76ac8"},"headline":"Pancada, os cachorros e o frango do dia de S\u00e3o Nunca","datePublished":"2024-06-22T03:53:21+00:00","dateModified":"2024-06-22T10:02:33+00:00","mainEntityOfPage":{"@id":"https:\/\/www.notibras.com\/site\/pancada-os-cachorros-e-o-frango-do-dia-de-sao-nunca\/"},"wordCount":463,"publisher":{"@id":"https:\/\/www.notibras.com\/site\/#organization"},"image":{"@id":"https:\/\/www.notibras.com\/site\/pancada-os-cachorros-e-o-frango-do-dia-de-sao-nunca\/#primaryimage"},"thumbnailUrl":"https:\/\/www.notibras.com\/site\/wp-content\/uploads\/2024\/06\/27d09cd3-3a62-481d-afe8-1335db11b2a0.jpeg","articleSection":["Quadradinho em Foco"],"inLanguage":"pt-BR"},{"@type":"WebPage","@id":"https:\/\/www.notibras.com\/site\/pancada-os-cachorros-e-o-frango-do-dia-de-sao-nunca\/","url":"https:\/\/www.notibras.com\/site\/pancada-os-cachorros-e-o-frango-do-dia-de-sao-nunca\/","name":"Pancada, os cachorros e o frango do dia de S\u00e3o Nunca - Notibras","isPartOf":{"@id":"https:\/\/www.notibras.com\/site\/#website"},"primaryImageOfPage":{"@id":"https:\/\/www.notibras.com\/site\/pancada-os-cachorros-e-o-frango-do-dia-de-sao-nunca\/#primaryimage"},"image":{"@id":"https:\/\/www.notibras.com\/site\/pancada-os-cachorros-e-o-frango-do-dia-de-sao-nunca\/#primaryimage"},"thumbnailUrl":"https:\/\/www.notibras.com\/site\/wp-content\/uploads\/2024\/06\/27d09cd3-3a62-481d-afe8-1335db11b2a0.jpeg","datePublished":"2024-06-22T03:53:21+00:00","dateModified":"2024-06-22T10:02:33+00:00","breadcrumb":{"@id":"https:\/\/www.notibras.com\/site\/pancada-os-cachorros-e-o-frango-do-dia-de-sao-nunca\/#breadcrumb"},"inLanguage":"pt-BR","potentialAction":[{"@type":"ReadAction","target":["https:\/\/www.notibras.com\/site\/pancada-os-cachorros-e-o-frango-do-dia-de-sao-nunca\/"]}]},{"@type":"ImageObject","inLanguage":"pt-BR","@id":"https:\/\/www.notibras.com\/site\/pancada-os-cachorros-e-o-frango-do-dia-de-sao-nunca\/#primaryimage","url":"https:\/\/www.notibras.com\/site\/wp-content\/uploads\/2024\/06\/27d09cd3-3a62-481d-afe8-1335db11b2a0.jpeg","contentUrl":"https:\/\/www.notibras.com\/site\/wp-content\/uploads\/2024\/06\/27d09cd3-3a62-481d-afe8-1335db11b2a0.jpeg","width":512,"height":477},{"@type":"BreadcrumbList","@id":"https:\/\/www.notibras.com\/site\/pancada-os-cachorros-e-o-frango-do-dia-de-sao-nunca\/#breadcrumb","itemListElement":[{"@type":"ListItem","position":1,"name":"In\u00edcio","item":"https:\/\/www.notibras.com\/site\/"},{"@type":"ListItem","position":2,"name":"Pancada, os cachorros e o frango do dia de S\u00e3o Nunca"}]},{"@type":"WebSite","@id":"https:\/\/www.notibras.com\/site\/#website","url":"https:\/\/www.notibras.com\/site\/","name":"Notibras","description":"Not\u00edcias de Bras\u00edlia, do Brasil e do Mundo","publisher":{"@id":"https:\/\/www.notibras.com\/site\/#organization"},"potentialAction":[{"@type":"SearchAction","target":{"@type":"EntryPoint","urlTemplate":"https:\/\/www.notibras.com\/site\/?s={search_term_string}"},"query-input":{"@type":"PropertyValueSpecification","valueRequired":true,"valueName":"search_term_string"}}],"inLanguage":"pt-BR"},{"@type":"Organization","@id":"https:\/\/www.notibras.com\/site\/#organization","name":"Grupo Notibras de Comunica\u00e7\u00e3o","url":"https:\/\/www.notibras.com\/site\/","logo":{"@type":"ImageObject","inLanguage":"pt-BR","@id":"https:\/\/www.notibras.com\/site\/#\/schema\/logo\/image\/","url":"https:\/\/www.notibras.com\/site\/wp-content\/uploads\/2023\/01\/notibras23.png","contentUrl":"https:\/\/www.notibras.com\/site\/wp-content\/uploads\/2023\/01\/notibras23.png","width":350,"height":87,"caption":"Grupo Notibras de Comunica\u00e7\u00e3o"},"image":{"@id":"https:\/\/www.notibras.com\/site\/#\/schema\/logo\/image\/"},"sameAs":["https:\/\/www.facebook.com\/notibras\/","https:\/\/x.com\/Notibras","https:\/\/www.instagram.com\/notibras\/"]},{"@type":"Person","@id":"https:\/\/www.notibras.com\/site\/#\/schema\/person\/36ab0979449956132d3e5b517ea76ac8","name":"Reda\u00e7\u00e3o","image":{"@type":"ImageObject","inLanguage":"pt-BR","@id":"https:\/\/secure.gravatar.com\/avatar\/e0a867bdedb85fd243eadf09663511f96fc81e0720a4a42581f334ad4303aa6b?s=96&d=mm&r=g","url":"https:\/\/secure.gravatar.com\/avatar\/e0a867bdedb85fd243eadf09663511f96fc81e0720a4a42581f334ad4303aa6b?s=96&d=mm&r=g","contentUrl":"https:\/\/secure.gravatar.com\/avatar\/e0a867bdedb85fd243eadf09663511f96fc81e0720a4a42581f334ad4303aa6b?s=96&d=mm&r=g","caption":"Reda\u00e7\u00e3o"}}]}},"amp_enabled":true,"_links":{"self":[{"href":"https:\/\/www.notibras.com\/site\/wp-json\/wp\/v2\/posts\/331297","targetHints":{"allow":["GET"]}}],"collection":[{"href":"https:\/\/www.notibras.com\/site\/wp-json\/wp\/v2\/posts"}],"about":[{"href":"https:\/\/www.notibras.com\/site\/wp-json\/wp\/v2\/types\/post"}],"author":[{"embeddable":true,"href":"https:\/\/www.notibras.com\/site\/wp-json\/wp\/v2\/users\/2"}],"replies":[{"embeddable":true,"href":"https:\/\/www.notibras.com\/site\/wp-json\/wp\/v2\/comments?post=331297"}],"version-history":[{"count":2,"href":"https:\/\/www.notibras.com\/site\/wp-json\/wp\/v2\/posts\/331297\/revisions"}],"predecessor-version":[{"id":331316,"href":"https:\/\/www.notibras.com\/site\/wp-json\/wp\/v2\/posts\/331297\/revisions\/331316"}],"wp:featuredmedia":[{"embeddable":true,"href":"https:\/\/www.notibras.com\/site\/wp-json\/wp\/v2\/media\/331298"}],"wp:attachment":[{"href":"https:\/\/www.notibras.com\/site\/wp-json\/wp\/v2\/media?parent=331297"}],"wp:term":[{"taxonomy":"category","embeddable":true,"href":"https:\/\/www.notibras.com\/site\/wp-json\/wp\/v2\/categories?post=331297"},{"taxonomy":"post_tag","embeddable":true,"href":"https:\/\/www.notibras.com\/site\/wp-json\/wp\/v2\/tags?post=331297"}],"curies":[{"name":"wp","href":"https:\/\/api.w.org\/{rel}","templated":true}]}}