{"id":33130,"date":"2015-01-06T19:23:03","date_gmt":"2015-01-06T22:23:03","guid":{"rendered":"http:\/\/www.notibras.com\/site\/?p=33130"},"modified":"2015-01-06T19:52:29","modified_gmt":"2015-01-06T22:52:29","slug":"depois-da-volks-foi-a-vez-da-mercedes-benz-demitir-funcionarios","status":"publish","type":"post","link":"https:\/\/www.notibras.com\/site\/depois-da-volks-foi-a-vez-da-mercedes-benz-demitir-funcionarios\/","title":{"rendered":"Depois da Volks, Mercedes demite 244 metal\u00fargicos"},"content":{"rendered":"<p>A f\u00e1brica da Mercedes-Benz em S\u00e3o Bernardo do Campo, S\u00e3o Paulo, n\u00e3o renovou a licen\u00e7a remunerada e demitiu 244 funcion\u00e1rios, informou o Sindicato dos Metal\u00fargicos do ABC paulista.<\/p>\n<p>A Mercedes n\u00e3o confirmou o n\u00famero, mas informou, por meio de sua assessoria de imprensa, que foi demitida uma pequena parte dos 1,2 mil trabalhadores. De acordo com a empresa, a maioria dos empregados de S\u00e3o Bernardo do Campo teve a licen\u00e7a remunerada renovada at\u00e9 30 de abril.<\/p>\n<p>A Volkswagen tamb\u00e9m est\u00e1 demitindo 800 metal\u00fargicos da f\u00e1brica Anchieta, na regi\u00e3o do ABC Paulista. Contra a decis\u00e3o, os empregados decidiram, durante assembleias no in\u00edcio da manh\u00e3 e no meio da tarde de hoje (6), entrar em greve por tempo indeterminado at\u00e9 que as demiss\u00f5es sejam revertidas.<\/p>\n<blockquote><p>\u201cTemos um acordo com a empresa. O acordo feito em 2012 n\u00e3o permitia nenhuma demiss\u00e3o. As demiss\u00f5es, ou eram por meio de PDV [plano de demiss\u00e3o volunt\u00e1ria], ou quando desse o tempo de aposentadoria, o trabalhador sa\u00eda com incentivo financeiro. Qualquer outra demiss\u00e3o tinha de ser por justa causa. Essas garantias \u00e9 que foram rompidas pela f\u00e1brica\u201d, disse Wagner Santana, secret\u00e1rio-geral do Sindicato dos Metal\u00fargicos.<\/p><\/blockquote>\n<p>No total, a f\u00e1brica emprega 13 mil funcion\u00e1rios. A assessoria de imprensa do sindicato informou que os metal\u00fargicos est\u00e3o dentro da f\u00e1brica, mas permanecem de bra\u00e7os cruzados. A Volkswagen n\u00e3o se manifestou sobre a greve.<\/p>\n","protected":false},"excerpt":{"rendered":"<p>A f\u00e1brica da Mercedes-Benz em S\u00e3o Bernardo do Campo, S\u00e3o Paulo, n\u00e3o renovou a licen\u00e7a remunerada e demitiu 244 funcion\u00e1rios, informou o Sindicato dos Metal\u00fargicos do ABC paulista. A Mercedes n\u00e3o confirmou o n\u00famero, mas informou, por meio de sua assessoria de imprensa, que foi demitida uma pequena parte dos 1,2 mil trabalhadores. De acordo [&hellip;]<\/p>\n","protected":false},"author":1,"featured_media":33131,"comment_status":"open","ping_status":"closed","sticky":false,"template":"","format":"standard","meta":{"_acf_changed":false,"footnotes":""},"categories":[16],"tags":[],"class_list":["post-33130","post","type-post","status-publish","format-standard","has-post-thumbnail","hentry","category-brasil"],"acf":[],"yoast_head":"<!-- This site is optimized with the Yoast SEO plugin v27.2 - https:\/\/yoast.com\/product\/yoast-seo-wordpress\/ -->\n<title>Depois da Volks, Mercedes demite 244 metal\u00fargicos - Notibras<\/title>\n<meta name=\"robots\" content=\"index, follow, max-snippet:-1, max-image-preview:large, max-video-preview:-1\" \/>\n<link rel=\"canonical\" href=\"https:\/\/www.notibras.com\/site\/depois-da-volks-foi-a-vez-da-mercedes-benz-demitir-funcionarios\/\" \/>\n<meta property=\"og:locale\" content=\"pt_BR\" \/>\n<meta property=\"og:type\" content=\"article\" \/>\n<meta property=\"og:title\" content=\"Depois da Volks, Mercedes demite 244 metal\u00fargicos - Notibras\" \/>\n<meta property=\"og:description\" content=\"A f\u00e1brica da Mercedes-Benz em S\u00e3o Bernardo do Campo, S\u00e3o Paulo, n\u00e3o renovou a licen\u00e7a remunerada e demitiu 244 funcion\u00e1rios, informou o Sindicato dos Metal\u00fargicos do ABC paulista. A Mercedes n\u00e3o confirmou o n\u00famero, mas informou, por meio de sua assessoria de imprensa, que foi demitida uma pequena parte dos 1,2 mil trabalhadores. De acordo [&hellip;]\" \/>\n<meta property=\"og:url\" content=\"https:\/\/www.notibras.com\/site\/depois-da-volks-foi-a-vez-da-mercedes-benz-demitir-funcionarios\/\" \/>\n<meta property=\"og:site_name\" content=\"Notibras\" \/>\n<meta property=\"article:publisher\" content=\"https:\/\/www.facebook.com\/notibras\/\" \/>\n<meta property=\"article:published_time\" content=\"2015-01-06T22:23:03+00:00\" \/>\n<meta property=\"article:modified_time\" content=\"2015-01-06T22:52:29+00:00\" \/>\n<meta property=\"og:image\" content=\"https:\/\/www.notibras.com\/site\/wp-content\/uploads\/2015\/01\/Sem-t\u00edtulo-113.jpg\" \/>\n\t<meta property=\"og:image:width\" content=\"600\" \/>\n\t<meta property=\"og:image:height\" content=\"398\" \/>\n\t<meta property=\"og:image:type\" content=\"image\/jpeg\" \/>\n<meta name=\"author\" content=\"Reda\u00e7\u00e3o\" \/>\n<meta name=\"twitter:card\" content=\"summary_large_image\" \/>\n<meta name=\"twitter:creator\" content=\"@Notibras\" \/>\n<meta name=\"twitter:site\" content=\"@Notibras\" \/>\n<meta name=\"twitter:label1\" content=\"Escrito por\" \/>\n\t<meta name=\"twitter:data1\" content=\"Reda\u00e7\u00e3o\" \/>\n\t<meta name=\"twitter:label2\" content=\"Est. tempo de leitura\" \/>\n\t<meta name=\"twitter:data2\" content=\"1 minuto\" \/>\n<script type=\"application\/ld+json\" class=\"yoast-schema-graph\">{\"@context\":\"https:\/\/schema.org\",\"@graph\":[{\"@type\":\"Article\",\"@id\":\"https:\/\/www.notibras.com\/site\/depois-da-volks-foi-a-vez-da-mercedes-benz-demitir-funcionarios\/#article\",\"isPartOf\":{\"@id\":\"https:\/\/www.notibras.com\/site\/depois-da-volks-foi-a-vez-da-mercedes-benz-demitir-funcionarios\/\"},\"author\":{\"name\":\"Reda\u00e7\u00e3o\",\"@id\":\"https:\/\/www.notibras.com\/site\/#\/schema\/person\/00b8e1aa08f9ef6563e878c5159d01cf\"},\"headline\":\"Depois da Volks, Mercedes demite 244 metal\u00fargicos\",\"datePublished\":\"2015-01-06T22:23:03+00:00\",\"dateModified\":\"2015-01-06T22:52:29+00:00\",\"mainEntityOfPage\":{\"@id\":\"https:\/\/www.notibras.com\/site\/depois-da-volks-foi-a-vez-da-mercedes-benz-demitir-funcionarios\/\"},\"wordCount\":257,\"commentCount\":0,\"publisher\":{\"@id\":\"https:\/\/www.notibras.com\/site\/#organization\"},\"image\":{\"@id\":\"https:\/\/www.notibras.com\/site\/depois-da-volks-foi-a-vez-da-mercedes-benz-demitir-funcionarios\/#primaryimage\"},\"thumbnailUrl\":\"https:\/\/www.notibras.com\/site\/wp-content\/uploads\/2015\/01\/Sem-t\u00edtulo-113.jpg\",\"articleSection\":[\"Brasil\"],\"inLanguage\":\"pt-BR\",\"potentialAction\":[{\"@type\":\"CommentAction\",\"name\":\"Comment\",\"target\":[\"https:\/\/www.notibras.com\/site\/depois-da-volks-foi-a-vez-da-mercedes-benz-demitir-funcionarios\/#respond\"]}]},{\"@type\":\"WebPage\",\"@id\":\"https:\/\/www.notibras.com\/site\/depois-da-volks-foi-a-vez-da-mercedes-benz-demitir-funcionarios\/\",\"url\":\"https:\/\/www.notibras.com\/site\/depois-da-volks-foi-a-vez-da-mercedes-benz-demitir-funcionarios\/\",\"name\":\"Depois da Volks, Mercedes demite 244 metal\u00fargicos - Notibras\",\"isPartOf\":{\"@id\":\"https:\/\/www.notibras.com\/site\/#website\"},\"primaryImageOfPage\":{\"@id\":\"https:\/\/www.notibras.com\/site\/depois-da-volks-foi-a-vez-da-mercedes-benz-demitir-funcionarios\/#primaryimage\"},\"image\":{\"@id\":\"https:\/\/www.notibras.com\/site\/depois-da-volks-foi-a-vez-da-mercedes-benz-demitir-funcionarios\/#primaryimage\"},\"thumbnailUrl\":\"https:\/\/www.notibras.com\/site\/wp-content\/uploads\/2015\/01\/Sem-t\u00edtulo-113.jpg\",\"datePublished\":\"2015-01-06T22:23:03+00:00\",\"dateModified\":\"2015-01-06T22:52:29+00:00\",\"breadcrumb\":{\"@id\":\"https:\/\/www.notibras.com\/site\/depois-da-volks-foi-a-vez-da-mercedes-benz-demitir-funcionarios\/#breadcrumb\"},\"inLanguage\":\"pt-BR\",\"potentialAction\":[{\"@type\":\"ReadAction\",\"target\":[\"https:\/\/www.notibras.com\/site\/depois-da-volks-foi-a-vez-da-mercedes-benz-demitir-funcionarios\/\"]}]},{\"@type\":\"ImageObject\",\"inLanguage\":\"pt-BR\",\"@id\":\"https:\/\/www.notibras.com\/site\/depois-da-volks-foi-a-vez-da-mercedes-benz-demitir-funcionarios\/#primaryimage\",\"url\":\"https:\/\/www.notibras.com\/site\/wp-content\/uploads\/2015\/01\/Sem-t\u00edtulo-113.jpg\",\"contentUrl\":\"https:\/\/www.notibras.com\/site\/wp-content\/uploads\/2015\/01\/Sem-t\u00edtulo-113.jpg\",\"width\":600,\"height\":398},{\"@type\":\"BreadcrumbList\",\"@id\":\"https:\/\/www.notibras.com\/site\/depois-da-volks-foi-a-vez-da-mercedes-benz-demitir-funcionarios\/#breadcrumb\",\"itemListElement\":[{\"@type\":\"ListItem\",\"position\":1,\"name\":\"In\u00edcio\",\"item\":\"https:\/\/www.notibras.com\/site\/\"},{\"@type\":\"ListItem\",\"position\":2,\"name\":\"Depois da Volks, Mercedes demite 244 metal\u00fargicos\"}]},{\"@type\":\"WebSite\",\"@id\":\"https:\/\/www.notibras.com\/site\/#website\",\"url\":\"https:\/\/www.notibras.com\/site\/\",\"name\":\"Notibras\",\"description\":\"Not\u00edcias de Bras\u00edlia, do Brasil e do Mundo\",\"publisher\":{\"@id\":\"https:\/\/www.notibras.com\/site\/#organization\"},\"potentialAction\":[{\"@type\":\"SearchAction\",\"target\":{\"@type\":\"EntryPoint\",\"urlTemplate\":\"https:\/\/www.notibras.com\/site\/?s={search_term_string}\"},\"query-input\":{\"@type\":\"PropertyValueSpecification\",\"valueRequired\":true,\"valueName\":\"search_term_string\"}}],\"inLanguage\":\"pt-BR\"},{\"@type\":\"Organization\",\"@id\":\"https:\/\/www.notibras.com\/site\/#organization\",\"name\":\"Grupo Notibras de Comunica\u00e7\u00e3o\",\"url\":\"https:\/\/www.notibras.com\/site\/\",\"logo\":{\"@type\":\"ImageObject\",\"inLanguage\":\"pt-BR\",\"@id\":\"https:\/\/www.notibras.com\/site\/#\/schema\/logo\/image\/\",\"url\":\"https:\/\/www.notibras.com\/site\/wp-content\/uploads\/2023\/01\/notibras23.png\",\"contentUrl\":\"https:\/\/www.notibras.com\/site\/wp-content\/uploads\/2023\/01\/notibras23.png\",\"width\":350,\"height\":87,\"caption\":\"Grupo Notibras de Comunica\u00e7\u00e3o\"},\"image\":{\"@id\":\"https:\/\/www.notibras.com\/site\/#\/schema\/logo\/image\/\"},\"sameAs\":[\"https:\/\/www.facebook.com\/notibras\/\",\"https:\/\/x.com\/Notibras\",\"https:\/\/www.instagram.com\/notibras\/\"]},{\"@type\":\"Person\",\"@id\":\"https:\/\/www.notibras.com\/site\/#\/schema\/person\/00b8e1aa08f9ef6563e878c5159d01cf\",\"name\":\"Reda\u00e7\u00e3o\",\"image\":{\"@type\":\"ImageObject\",\"inLanguage\":\"pt-BR\",\"@id\":\"https:\/\/secure.gravatar.com\/avatar\/ac5a707d5b47784a5ed426c6e213e201423c750890f64e4c379114dade67dfb9?s=96&d=mm&r=g\",\"url\":\"https:\/\/secure.gravatar.com\/avatar\/ac5a707d5b47784a5ed426c6e213e201423c750890f64e4c379114dade67dfb9?s=96&d=mm&r=g\",\"contentUrl\":\"https:\/\/secure.gravatar.com\/avatar\/ac5a707d5b47784a5ed426c6e213e201423c750890f64e4c379114dade67dfb9?s=96&d=mm&r=g\",\"caption\":\"Reda\u00e7\u00e3o\"}}]}<\/script>\n<!-- \/ Yoast SEO plugin. -->","yoast_head_json":{"title":"Depois da Volks, Mercedes demite 244 metal\u00fargicos - Notibras","robots":{"index":"index","follow":"follow","max-snippet":"max-snippet:-1","max-image-preview":"max-image-preview:large","max-video-preview":"max-video-preview:-1"},"canonical":"https:\/\/www.notibras.com\/site\/depois-da-volks-foi-a-vez-da-mercedes-benz-demitir-funcionarios\/","og_locale":"pt_BR","og_type":"article","og_title":"Depois da Volks, Mercedes demite 244 metal\u00fargicos - Notibras","og_description":"A f\u00e1brica da Mercedes-Benz em S\u00e3o Bernardo do Campo, S\u00e3o Paulo, n\u00e3o renovou a licen\u00e7a remunerada e demitiu 244 funcion\u00e1rios, informou o Sindicato dos Metal\u00fargicos do ABC paulista. A Mercedes n\u00e3o confirmou o n\u00famero, mas informou, por meio de sua assessoria de imprensa, que foi demitida uma pequena parte dos 1,2 mil trabalhadores. De acordo [&hellip;]","og_url":"https:\/\/www.notibras.com\/site\/depois-da-volks-foi-a-vez-da-mercedes-benz-demitir-funcionarios\/","og_site_name":"Notibras","article_publisher":"https:\/\/www.facebook.com\/notibras\/","article_published_time":"2015-01-06T22:23:03+00:00","article_modified_time":"2015-01-06T22:52:29+00:00","og_image":[{"width":600,"height":398,"url":"https:\/\/www.notibras.com\/site\/wp-content\/uploads\/2015\/01\/Sem-t\u00edtulo-113.jpg","type":"image\/jpeg"}],"author":"Reda\u00e7\u00e3o","twitter_card":"summary_large_image","twitter_creator":"@Notibras","twitter_site":"@Notibras","twitter_misc":{"Escrito por":"Reda\u00e7\u00e3o","Est. tempo de leitura":"1 minuto"},"schema":{"@context":"https:\/\/schema.org","@graph":[{"@type":"Article","@id":"https:\/\/www.notibras.com\/site\/depois-da-volks-foi-a-vez-da-mercedes-benz-demitir-funcionarios\/#article","isPartOf":{"@id":"https:\/\/www.notibras.com\/site\/depois-da-volks-foi-a-vez-da-mercedes-benz-demitir-funcionarios\/"},"author":{"name":"Reda\u00e7\u00e3o","@id":"https:\/\/www.notibras.com\/site\/#\/schema\/person\/00b8e1aa08f9ef6563e878c5159d01cf"},"headline":"Depois da Volks, Mercedes demite 244 metal\u00fargicos","datePublished":"2015-01-06T22:23:03+00:00","dateModified":"2015-01-06T22:52:29+00:00","mainEntityOfPage":{"@id":"https:\/\/www.notibras.com\/site\/depois-da-volks-foi-a-vez-da-mercedes-benz-demitir-funcionarios\/"},"wordCount":257,"commentCount":0,"publisher":{"@id":"https:\/\/www.notibras.com\/site\/#organization"},"image":{"@id":"https:\/\/www.notibras.com\/site\/depois-da-volks-foi-a-vez-da-mercedes-benz-demitir-funcionarios\/#primaryimage"},"thumbnailUrl":"https:\/\/www.notibras.com\/site\/wp-content\/uploads\/2015\/01\/Sem-t\u00edtulo-113.jpg","articleSection":["Brasil"],"inLanguage":"pt-BR","potentialAction":[{"@type":"CommentAction","name":"Comment","target":["https:\/\/www.notibras.com\/site\/depois-da-volks-foi-a-vez-da-mercedes-benz-demitir-funcionarios\/#respond"]}]},{"@type":"WebPage","@id":"https:\/\/www.notibras.com\/site\/depois-da-volks-foi-a-vez-da-mercedes-benz-demitir-funcionarios\/","url":"https:\/\/www.notibras.com\/site\/depois-da-volks-foi-a-vez-da-mercedes-benz-demitir-funcionarios\/","name":"Depois da Volks, Mercedes demite 244 metal\u00fargicos - Notibras","isPartOf":{"@id":"https:\/\/www.notibras.com\/site\/#website"},"primaryImageOfPage":{"@id":"https:\/\/www.notibras.com\/site\/depois-da-volks-foi-a-vez-da-mercedes-benz-demitir-funcionarios\/#primaryimage"},"image":{"@id":"https:\/\/www.notibras.com\/site\/depois-da-volks-foi-a-vez-da-mercedes-benz-demitir-funcionarios\/#primaryimage"},"thumbnailUrl":"https:\/\/www.notibras.com\/site\/wp-content\/uploads\/2015\/01\/Sem-t\u00edtulo-113.jpg","datePublished":"2015-01-06T22:23:03+00:00","dateModified":"2015-01-06T22:52:29+00:00","breadcrumb":{"@id":"https:\/\/www.notibras.com\/site\/depois-da-volks-foi-a-vez-da-mercedes-benz-demitir-funcionarios\/#breadcrumb"},"inLanguage":"pt-BR","potentialAction":[{"@type":"ReadAction","target":["https:\/\/www.notibras.com\/site\/depois-da-volks-foi-a-vez-da-mercedes-benz-demitir-funcionarios\/"]}]},{"@type":"ImageObject","inLanguage":"pt-BR","@id":"https:\/\/www.notibras.com\/site\/depois-da-volks-foi-a-vez-da-mercedes-benz-demitir-funcionarios\/#primaryimage","url":"https:\/\/www.notibras.com\/site\/wp-content\/uploads\/2015\/01\/Sem-t\u00edtulo-113.jpg","contentUrl":"https:\/\/www.notibras.com\/site\/wp-content\/uploads\/2015\/01\/Sem-t\u00edtulo-113.jpg","width":600,"height":398},{"@type":"BreadcrumbList","@id":"https:\/\/www.notibras.com\/site\/depois-da-volks-foi-a-vez-da-mercedes-benz-demitir-funcionarios\/#breadcrumb","itemListElement":[{"@type":"ListItem","position":1,"name":"In\u00edcio","item":"https:\/\/www.notibras.com\/site\/"},{"@type":"ListItem","position":2,"name":"Depois da Volks, Mercedes demite 244 metal\u00fargicos"}]},{"@type":"WebSite","@id":"https:\/\/www.notibras.com\/site\/#website","url":"https:\/\/www.notibras.com\/site\/","name":"Notibras","description":"Not\u00edcias de Bras\u00edlia, do Brasil e do Mundo","publisher":{"@id":"https:\/\/www.notibras.com\/site\/#organization"},"potentialAction":[{"@type":"SearchAction","target":{"@type":"EntryPoint","urlTemplate":"https:\/\/www.notibras.com\/site\/?s={search_term_string}"},"query-input":{"@type":"PropertyValueSpecification","valueRequired":true,"valueName":"search_term_string"}}],"inLanguage":"pt-BR"},{"@type":"Organization","@id":"https:\/\/www.notibras.com\/site\/#organization","name":"Grupo Notibras de Comunica\u00e7\u00e3o","url":"https:\/\/www.notibras.com\/site\/","logo":{"@type":"ImageObject","inLanguage":"pt-BR","@id":"https:\/\/www.notibras.com\/site\/#\/schema\/logo\/image\/","url":"https:\/\/www.notibras.com\/site\/wp-content\/uploads\/2023\/01\/notibras23.png","contentUrl":"https:\/\/www.notibras.com\/site\/wp-content\/uploads\/2023\/01\/notibras23.png","width":350,"height":87,"caption":"Grupo Notibras de Comunica\u00e7\u00e3o"},"image":{"@id":"https:\/\/www.notibras.com\/site\/#\/schema\/logo\/image\/"},"sameAs":["https:\/\/www.facebook.com\/notibras\/","https:\/\/x.com\/Notibras","https:\/\/www.instagram.com\/notibras\/"]},{"@type":"Person","@id":"https:\/\/www.notibras.com\/site\/#\/schema\/person\/00b8e1aa08f9ef6563e878c5159d01cf","name":"Reda\u00e7\u00e3o","image":{"@type":"ImageObject","inLanguage":"pt-BR","@id":"https:\/\/secure.gravatar.com\/avatar\/ac5a707d5b47784a5ed426c6e213e201423c750890f64e4c379114dade67dfb9?s=96&d=mm&r=g","url":"https:\/\/secure.gravatar.com\/avatar\/ac5a707d5b47784a5ed426c6e213e201423c750890f64e4c379114dade67dfb9?s=96&d=mm&r=g","contentUrl":"https:\/\/secure.gravatar.com\/avatar\/ac5a707d5b47784a5ed426c6e213e201423c750890f64e4c379114dade67dfb9?s=96&d=mm&r=g","caption":"Reda\u00e7\u00e3o"}}]}},"amp_enabled":true,"_links":{"self":[{"href":"https:\/\/www.notibras.com\/site\/wp-json\/wp\/v2\/posts\/33130","targetHints":{"allow":["GET"]}}],"collection":[{"href":"https:\/\/www.notibras.com\/site\/wp-json\/wp\/v2\/posts"}],"about":[{"href":"https:\/\/www.notibras.com\/site\/wp-json\/wp\/v2\/types\/post"}],"author":[{"embeddable":true,"href":"https:\/\/www.notibras.com\/site\/wp-json\/wp\/v2\/users\/1"}],"replies":[{"embeddable":true,"href":"https:\/\/www.notibras.com\/site\/wp-json\/wp\/v2\/comments?post=33130"}],"version-history":[{"count":0,"href":"https:\/\/www.notibras.com\/site\/wp-json\/wp\/v2\/posts\/33130\/revisions"}],"wp:featuredmedia":[{"embeddable":true,"href":"https:\/\/www.notibras.com\/site\/wp-json\/wp\/v2\/media\/33131"}],"wp:attachment":[{"href":"https:\/\/www.notibras.com\/site\/wp-json\/wp\/v2\/media?parent=33130"}],"wp:term":[{"taxonomy":"category","embeddable":true,"href":"https:\/\/www.notibras.com\/site\/wp-json\/wp\/v2\/categories?post=33130"},{"taxonomy":"post_tag","embeddable":true,"href":"https:\/\/www.notibras.com\/site\/wp-json\/wp\/v2\/tags?post=33130"}],"curies":[{"name":"wp","href":"https:\/\/api.w.org\/{rel}","templated":true}]}}