{"id":331306,"date":"2024-06-22T00:00:50","date_gmt":"2024-06-22T03:00:50","guid":{"rendered":"https:\/\/www.notibras.com\/site\/?p=331306"},"modified":"2024-06-22T04:23:59","modified_gmt":"2024-06-22T07:23:59","slug":"lula-renova-concessao-de-porto-e-ilumina-populacao","status":"publish","type":"post","link":"https:\/\/www.notibras.com\/site\/lula-renova-concessao-de-porto-e-ilumina-populacao\/","title":{"rendered":"Lula renova concess\u00e3o de porto e ilumina popula\u00e7\u00e3o"},"content":{"rendered":"<p>O presidente Luiz In\u00e1cio Lula da Silva anunciou um pacote de medidas para o Maranh\u00e3o, em agenda em S\u00e3o Luis nesta sexta-feira (21), ap\u00f3s um p\u00e9riplo pelo Nordeste, que incluiu agendas em Fortaleza e em Teresina.<\/p>\n<p>Entre os an\u00fancios, est\u00e1 a obra de expans\u00e3o de cinco quil\u00f4metros da Avenida Litor\u00e2nea, via estrat\u00e9gia de S\u00e3o Lu\u00eds, que vai ligar os bairros do Olho d&#8217;\u00c1gua, na capital, at\u00e9 Aracagy, na cidade de S\u00e3o Jos\u00e9 de Ribamar (MA), regi\u00e3o metropolitana.<\/p>\n<p>O trecho pretende desafogar o tr\u00e2nsito no centro da cidade e foi viabilizado por meio de investimentos de R$ 237 milh\u00f5es do Novo Programa de Acelera\u00e7\u00e3o do Crescimento &#8211; PAC. Segundo o governo, a obra prev\u00ea duas pistas com tr\u00eas faixas, incluindo uma exclusiva para transporte p\u00fablico, ciclovias e acostamento com vagas de estacionamento.<\/p>\n<p>Em seu discurso, Lula pediu que a imprensa e a sociedade acompanhem e fiscalizem os investimentos anunciados. &#8220;Tudo o que foi falado aqui desse microfone, por todos os meus ministros, e pelo governador, voc\u00eas t\u00eam que fiscalizar para ver se vai ser cumprido. Quando eu voltei para a Presid\u00eancia, em 2023, tem uma quantidade enorme de obras, milhares de obras, que n\u00f3s come\u00e7amos a fazer em 2008, dinheiro que passei para a prefeitura em 2010 e 2011, e esse dinheiro n\u00e3o foi utilizado para resolver o problema do povo pobre&#8221;, destacou.<\/p>\n<p><strong>Luz Para Todos<\/strong><br \/>\nDurante o evento, foi anunciada a expans\u00e3o do Programa Luz Para Todos para 9.634 fam\u00edlias em \u00e1reas rurais do Maranh\u00e3o at\u00e9 2026, com investimento de R$ 482 milh\u00f5es. Para o Minist\u00e9rio de Minas e Energia, o termo de compromisso assinado deve atender fam\u00edlias em 99% dos munic\u00edpios maranhenses.<\/p>\n<p>&#8220;Em 2004, o presidente Lula lan\u00e7ou o maior programa de combate \u00e0 pobreza energ\u00e9tica do planeta, o nosso conhecido Luz Para Todos. De l\u00e1 para c\u00e1, foram 17 milh\u00f5es de pessoas inclu\u00eddas na dignidade. E o presidente Lula voltou para hoje deixar quase R$ 500 milh\u00f5es para acabar definitivamente com a pobreza energ\u00e9tica no Estado do Maranh\u00e3o&#8221;, disse o ministro de Minas e Energia, Alexandre Silveira.<\/p>\n<p>Em outro an\u00fancio, o governo lan\u00e7ou a constru\u00e7\u00e3o do polo receptor de energias renov\u00e1veis Gra\u00e7a Aranha, que vai aumentar a capacidade da interliga\u00e7\u00e3o energ\u00e9tica entre as regi\u00f5es Nordeste e Centro-Oeste do pa\u00eds.<\/p>\n<p>A obra passar\u00e1 pelo Maranh\u00e3o, Tocantins e Goi\u00e1s. Somente no Maranh\u00e3o ser\u00e3o investidos R$ 9 bilh\u00f5es na constru\u00e7\u00e3o de 602 km de linhas de transmiss\u00e3o, atravessando 14 munic\u00edpios. O projeto deve gerar tr\u00eas mil empregos diretos e nove mil indiretos.<\/p>\n<p><strong>Porto de Itaqui<\/strong><br \/>\nDurante a cerim\u00f4nia, o presidente Lula ainda assinou a ordem de servi\u00e7o para a expans\u00e3o do Ber\u00e7o 98 (\u00e1rea especializada em gran\u00e9is s\u00f3lidos vegetais) e a renova\u00e7\u00e3o do contrato de delega\u00e7\u00e3o do Porto do Itaqui, o principal terminal mar\u00edtimo do corredor Centro-Norte do pa\u00eds, pelo per\u00edodo de mais 25 anos.<\/p>\n<p>Segundo o governo, a expans\u00e3o vai representar um incremento de oito milh\u00f5es de toneladas por ano na capacidade do porto, permitindo atender mais de 106 navios por ano.<\/p>\n<p>J\u00e1 o Minist\u00e9rio do Esporte e o Governo do Maranh\u00e3o assinaram termo de compromisso para a constru\u00e7\u00e3o de cerca de 30 Espa\u00e7os Esportivos Comunit\u00e1rios, que s\u00e3o equipamentos p\u00fablicos formados por campo de futebol com grama sint\u00e9tica, meia-quadra de basquete, pista de caminhada e parquinho infantil, entre outros mobili\u00e1rios de integra\u00e7\u00e3o social em \u00e1reas de periferia.<\/p>\n","protected":false},"excerpt":{"rendered":"<p>O presidente Luiz In\u00e1cio Lula da Silva anunciou um pacote de medidas para o Maranh\u00e3o, em agenda em S\u00e3o Luis nesta sexta-feira (21), ap\u00f3s um p\u00e9riplo pelo Nordeste, que incluiu agendas em Fortaleza e em Teresina. Entre os an\u00fancios, est\u00e1 a obra de expans\u00e3o de cinco quil\u00f4metros da Avenida Litor\u00e2nea, via estrat\u00e9gia de S\u00e3o Lu\u00eds, [&hellip;]<\/p>\n","protected":false},"author":2,"featured_media":331307,"comment_status":"closed","ping_status":"closed","sticky":false,"template":"","format":"standard","meta":{"_acf_changed":false,"footnotes":""},"categories":[169,165],"tags":[],"class_list":["post-331306","post","type-post","status-publish","format-standard","has-post-thumbnail","hentry","category-maranhao","category-nordeste"],"acf":[],"yoast_head":"<!-- This site is optimized with the Yoast SEO plugin v27.2 - https:\/\/yoast.com\/product\/yoast-seo-wordpress\/ -->\n<title>Lula renova concess\u00e3o de porto e ilumina popula\u00e7\u00e3o - Notibras<\/title>\n<meta name=\"robots\" content=\"index, follow, max-snippet:-1, max-image-preview:large, max-video-preview:-1\" \/>\n<link rel=\"canonical\" href=\"https:\/\/www.notibras.com\/site\/lula-renova-concessao-de-porto-e-ilumina-populacao\/\" \/>\n<meta property=\"og:locale\" content=\"pt_BR\" \/>\n<meta property=\"og:type\" content=\"article\" \/>\n<meta property=\"og:title\" content=\"Lula renova concess\u00e3o de porto e ilumina popula\u00e7\u00e3o - Notibras\" \/>\n<meta property=\"og:description\" content=\"O presidente Luiz In\u00e1cio Lula da Silva anunciou um pacote de medidas para o Maranh\u00e3o, em agenda em S\u00e3o Luis nesta sexta-feira (21), ap\u00f3s um p\u00e9riplo pelo Nordeste, que incluiu agendas em Fortaleza e em Teresina. Entre os an\u00fancios, est\u00e1 a obra de expans\u00e3o de cinco quil\u00f4metros da Avenida Litor\u00e2nea, via estrat\u00e9gia de S\u00e3o Lu\u00eds, [&hellip;]\" \/>\n<meta property=\"og:url\" content=\"https:\/\/www.notibras.com\/site\/lula-renova-concessao-de-porto-e-ilumina-populacao\/\" \/>\n<meta property=\"og:site_name\" content=\"Notibras\" \/>\n<meta property=\"article:publisher\" content=\"https:\/\/www.facebook.com\/notibras\/\" \/>\n<meta property=\"article:published_time\" content=\"2024-06-22T03:00:50+00:00\" \/>\n<meta property=\"article:modified_time\" content=\"2024-06-22T07:23:59+00:00\" \/>\n<meta property=\"og:image\" content=\"https:\/\/www.notibras.com\/site\/wp-content\/uploads\/2024\/06\/lulaliuz.webp\" \/>\n\t<meta property=\"og:image:width\" content=\"1170\" \/>\n\t<meta property=\"og:image:height\" content=\"700\" \/>\n\t<meta property=\"og:image:type\" content=\"image\/webp\" \/>\n<meta name=\"author\" content=\"Reda\u00e7\u00e3o\" \/>\n<meta name=\"twitter:card\" content=\"summary_large_image\" \/>\n<meta name=\"twitter:creator\" content=\"@Notibras\" \/>\n<meta name=\"twitter:site\" content=\"@Notibras\" \/>\n<meta name=\"twitter:label1\" content=\"Escrito por\" \/>\n\t<meta name=\"twitter:data1\" content=\"Reda\u00e7\u00e3o\" \/>\n\t<meta name=\"twitter:label2\" content=\"Est. tempo de leitura\" \/>\n\t<meta name=\"twitter:data2\" content=\"4 minutos\" \/>\n<script type=\"application\/ld+json\" class=\"yoast-schema-graph\">{\"@context\":\"https:\/\/schema.org\",\"@graph\":[{\"@type\":\"Article\",\"@id\":\"https:\/\/www.notibras.com\/site\/lula-renova-concessao-de-porto-e-ilumina-populacao\/#article\",\"isPartOf\":{\"@id\":\"https:\/\/www.notibras.com\/site\/lula-renova-concessao-de-porto-e-ilumina-populacao\/\"},\"author\":{\"name\":\"Reda\u00e7\u00e3o\",\"@id\":\"https:\/\/www.notibras.com\/site\/#\/schema\/person\/36ab0979449956132d3e5b517ea76ac8\"},\"headline\":\"Lula renova concess\u00e3o de porto e ilumina popula\u00e7\u00e3o\",\"datePublished\":\"2024-06-22T03:00:50+00:00\",\"dateModified\":\"2024-06-22T07:23:59+00:00\",\"mainEntityOfPage\":{\"@id\":\"https:\/\/www.notibras.com\/site\/lula-renova-concessao-de-porto-e-ilumina-populacao\/\"},\"wordCount\":617,\"publisher\":{\"@id\":\"https:\/\/www.notibras.com\/site\/#organization\"},\"image\":{\"@id\":\"https:\/\/www.notibras.com\/site\/lula-renova-concessao-de-porto-e-ilumina-populacao\/#primaryimage\"},\"thumbnailUrl\":\"https:\/\/www.notibras.com\/site\/wp-content\/uploads\/2024\/06\/lulaliuz.webp\",\"articleSection\":[\"Maranh\u00e3o\",\"Nordeste\"],\"inLanguage\":\"pt-BR\"},{\"@type\":\"WebPage\",\"@id\":\"https:\/\/www.notibras.com\/site\/lula-renova-concessao-de-porto-e-ilumina-populacao\/\",\"url\":\"https:\/\/www.notibras.com\/site\/lula-renova-concessao-de-porto-e-ilumina-populacao\/\",\"name\":\"Lula renova concess\u00e3o de porto e ilumina popula\u00e7\u00e3o - Notibras\",\"isPartOf\":{\"@id\":\"https:\/\/www.notibras.com\/site\/#website\"},\"primaryImageOfPage\":{\"@id\":\"https:\/\/www.notibras.com\/site\/lula-renova-concessao-de-porto-e-ilumina-populacao\/#primaryimage\"},\"image\":{\"@id\":\"https:\/\/www.notibras.com\/site\/lula-renova-concessao-de-porto-e-ilumina-populacao\/#primaryimage\"},\"thumbnailUrl\":\"https:\/\/www.notibras.com\/site\/wp-content\/uploads\/2024\/06\/lulaliuz.webp\",\"datePublished\":\"2024-06-22T03:00:50+00:00\",\"dateModified\":\"2024-06-22T07:23:59+00:00\",\"breadcrumb\":{\"@id\":\"https:\/\/www.notibras.com\/site\/lula-renova-concessao-de-porto-e-ilumina-populacao\/#breadcrumb\"},\"inLanguage\":\"pt-BR\",\"potentialAction\":[{\"@type\":\"ReadAction\",\"target\":[\"https:\/\/www.notibras.com\/site\/lula-renova-concessao-de-porto-e-ilumina-populacao\/\"]}]},{\"@type\":\"ImageObject\",\"inLanguage\":\"pt-BR\",\"@id\":\"https:\/\/www.notibras.com\/site\/lula-renova-concessao-de-porto-e-ilumina-populacao\/#primaryimage\",\"url\":\"https:\/\/www.notibras.com\/site\/wp-content\/uploads\/2024\/06\/lulaliuz.webp\",\"contentUrl\":\"https:\/\/www.notibras.com\/site\/wp-content\/uploads\/2024\/06\/lulaliuz.webp\",\"width\":1170,\"height\":700},{\"@type\":\"BreadcrumbList\",\"@id\":\"https:\/\/www.notibras.com\/site\/lula-renova-concessao-de-porto-e-ilumina-populacao\/#breadcrumb\",\"itemListElement\":[{\"@type\":\"ListItem\",\"position\":1,\"name\":\"In\u00edcio\",\"item\":\"https:\/\/www.notibras.com\/site\/\"},{\"@type\":\"ListItem\",\"position\":2,\"name\":\"Lula renova concess\u00e3o de porto e ilumina popula\u00e7\u00e3o\"}]},{\"@type\":\"WebSite\",\"@id\":\"https:\/\/www.notibras.com\/site\/#website\",\"url\":\"https:\/\/www.notibras.com\/site\/\",\"name\":\"Notibras\",\"description\":\"Not\u00edcias de Bras\u00edlia, do Brasil e do Mundo\",\"publisher\":{\"@id\":\"https:\/\/www.notibras.com\/site\/#organization\"},\"potentialAction\":[{\"@type\":\"SearchAction\",\"target\":{\"@type\":\"EntryPoint\",\"urlTemplate\":\"https:\/\/www.notibras.com\/site\/?s={search_term_string}\"},\"query-input\":{\"@type\":\"PropertyValueSpecification\",\"valueRequired\":true,\"valueName\":\"search_term_string\"}}],\"inLanguage\":\"pt-BR\"},{\"@type\":\"Organization\",\"@id\":\"https:\/\/www.notibras.com\/site\/#organization\",\"name\":\"Grupo Notibras de Comunica\u00e7\u00e3o\",\"url\":\"https:\/\/www.notibras.com\/site\/\",\"logo\":{\"@type\":\"ImageObject\",\"inLanguage\":\"pt-BR\",\"@id\":\"https:\/\/www.notibras.com\/site\/#\/schema\/logo\/image\/\",\"url\":\"https:\/\/www.notibras.com\/site\/wp-content\/uploads\/2023\/01\/notibras23.png\",\"contentUrl\":\"https:\/\/www.notibras.com\/site\/wp-content\/uploads\/2023\/01\/notibras23.png\",\"width\":350,\"height\":87,\"caption\":\"Grupo Notibras de Comunica\u00e7\u00e3o\"},\"image\":{\"@id\":\"https:\/\/www.notibras.com\/site\/#\/schema\/logo\/image\/\"},\"sameAs\":[\"https:\/\/www.facebook.com\/notibras\/\",\"https:\/\/x.com\/Notibras\",\"https:\/\/www.instagram.com\/notibras\/\"]},{\"@type\":\"Person\",\"@id\":\"https:\/\/www.notibras.com\/site\/#\/schema\/person\/36ab0979449956132d3e5b517ea76ac8\",\"name\":\"Reda\u00e7\u00e3o\",\"image\":{\"@type\":\"ImageObject\",\"inLanguage\":\"pt-BR\",\"@id\":\"https:\/\/secure.gravatar.com\/avatar\/e0a867bdedb85fd243eadf09663511f96fc81e0720a4a42581f334ad4303aa6b?s=96&d=mm&r=g\",\"url\":\"https:\/\/secure.gravatar.com\/avatar\/e0a867bdedb85fd243eadf09663511f96fc81e0720a4a42581f334ad4303aa6b?s=96&d=mm&r=g\",\"contentUrl\":\"https:\/\/secure.gravatar.com\/avatar\/e0a867bdedb85fd243eadf09663511f96fc81e0720a4a42581f334ad4303aa6b?s=96&d=mm&r=g\",\"caption\":\"Reda\u00e7\u00e3o\"}}]}<\/script>\n<!-- \/ Yoast SEO plugin. -->","yoast_head_json":{"title":"Lula renova concess\u00e3o de porto e ilumina popula\u00e7\u00e3o - Notibras","robots":{"index":"index","follow":"follow","max-snippet":"max-snippet:-1","max-image-preview":"max-image-preview:large","max-video-preview":"max-video-preview:-1"},"canonical":"https:\/\/www.notibras.com\/site\/lula-renova-concessao-de-porto-e-ilumina-populacao\/","og_locale":"pt_BR","og_type":"article","og_title":"Lula renova concess\u00e3o de porto e ilumina popula\u00e7\u00e3o - Notibras","og_description":"O presidente Luiz In\u00e1cio Lula da Silva anunciou um pacote de medidas para o Maranh\u00e3o, em agenda em S\u00e3o Luis nesta sexta-feira (21), ap\u00f3s um p\u00e9riplo pelo Nordeste, que incluiu agendas em Fortaleza e em Teresina. Entre os an\u00fancios, est\u00e1 a obra de expans\u00e3o de cinco quil\u00f4metros da Avenida Litor\u00e2nea, via estrat\u00e9gia de S\u00e3o Lu\u00eds, [&hellip;]","og_url":"https:\/\/www.notibras.com\/site\/lula-renova-concessao-de-porto-e-ilumina-populacao\/","og_site_name":"Notibras","article_publisher":"https:\/\/www.facebook.com\/notibras\/","article_published_time":"2024-06-22T03:00:50+00:00","article_modified_time":"2024-06-22T07:23:59+00:00","og_image":[{"width":1170,"height":700,"url":"https:\/\/www.notibras.com\/site\/wp-content\/uploads\/2024\/06\/lulaliuz.webp","type":"image\/webp"}],"author":"Reda\u00e7\u00e3o","twitter_card":"summary_large_image","twitter_creator":"@Notibras","twitter_site":"@Notibras","twitter_misc":{"Escrito por":"Reda\u00e7\u00e3o","Est. tempo de leitura":"4 minutos"},"schema":{"@context":"https:\/\/schema.org","@graph":[{"@type":"Article","@id":"https:\/\/www.notibras.com\/site\/lula-renova-concessao-de-porto-e-ilumina-populacao\/#article","isPartOf":{"@id":"https:\/\/www.notibras.com\/site\/lula-renova-concessao-de-porto-e-ilumina-populacao\/"},"author":{"name":"Reda\u00e7\u00e3o","@id":"https:\/\/www.notibras.com\/site\/#\/schema\/person\/36ab0979449956132d3e5b517ea76ac8"},"headline":"Lula renova concess\u00e3o de porto e ilumina popula\u00e7\u00e3o","datePublished":"2024-06-22T03:00:50+00:00","dateModified":"2024-06-22T07:23:59+00:00","mainEntityOfPage":{"@id":"https:\/\/www.notibras.com\/site\/lula-renova-concessao-de-porto-e-ilumina-populacao\/"},"wordCount":617,"publisher":{"@id":"https:\/\/www.notibras.com\/site\/#organization"},"image":{"@id":"https:\/\/www.notibras.com\/site\/lula-renova-concessao-de-porto-e-ilumina-populacao\/#primaryimage"},"thumbnailUrl":"https:\/\/www.notibras.com\/site\/wp-content\/uploads\/2024\/06\/lulaliuz.webp","articleSection":["Maranh\u00e3o","Nordeste"],"inLanguage":"pt-BR"},{"@type":"WebPage","@id":"https:\/\/www.notibras.com\/site\/lula-renova-concessao-de-porto-e-ilumina-populacao\/","url":"https:\/\/www.notibras.com\/site\/lula-renova-concessao-de-porto-e-ilumina-populacao\/","name":"Lula renova concess\u00e3o de porto e ilumina popula\u00e7\u00e3o - Notibras","isPartOf":{"@id":"https:\/\/www.notibras.com\/site\/#website"},"primaryImageOfPage":{"@id":"https:\/\/www.notibras.com\/site\/lula-renova-concessao-de-porto-e-ilumina-populacao\/#primaryimage"},"image":{"@id":"https:\/\/www.notibras.com\/site\/lula-renova-concessao-de-porto-e-ilumina-populacao\/#primaryimage"},"thumbnailUrl":"https:\/\/www.notibras.com\/site\/wp-content\/uploads\/2024\/06\/lulaliuz.webp","datePublished":"2024-06-22T03:00:50+00:00","dateModified":"2024-06-22T07:23:59+00:00","breadcrumb":{"@id":"https:\/\/www.notibras.com\/site\/lula-renova-concessao-de-porto-e-ilumina-populacao\/#breadcrumb"},"inLanguage":"pt-BR","potentialAction":[{"@type":"ReadAction","target":["https:\/\/www.notibras.com\/site\/lula-renova-concessao-de-porto-e-ilumina-populacao\/"]}]},{"@type":"ImageObject","inLanguage":"pt-BR","@id":"https:\/\/www.notibras.com\/site\/lula-renova-concessao-de-porto-e-ilumina-populacao\/#primaryimage","url":"https:\/\/www.notibras.com\/site\/wp-content\/uploads\/2024\/06\/lulaliuz.webp","contentUrl":"https:\/\/www.notibras.com\/site\/wp-content\/uploads\/2024\/06\/lulaliuz.webp","width":1170,"height":700},{"@type":"BreadcrumbList","@id":"https:\/\/www.notibras.com\/site\/lula-renova-concessao-de-porto-e-ilumina-populacao\/#breadcrumb","itemListElement":[{"@type":"ListItem","position":1,"name":"In\u00edcio","item":"https:\/\/www.notibras.com\/site\/"},{"@type":"ListItem","position":2,"name":"Lula renova concess\u00e3o de porto e ilumina popula\u00e7\u00e3o"}]},{"@type":"WebSite","@id":"https:\/\/www.notibras.com\/site\/#website","url":"https:\/\/www.notibras.com\/site\/","name":"Notibras","description":"Not\u00edcias de Bras\u00edlia, do Brasil e do Mundo","publisher":{"@id":"https:\/\/www.notibras.com\/site\/#organization"},"potentialAction":[{"@type":"SearchAction","target":{"@type":"EntryPoint","urlTemplate":"https:\/\/www.notibras.com\/site\/?s={search_term_string}"},"query-input":{"@type":"PropertyValueSpecification","valueRequired":true,"valueName":"search_term_string"}}],"inLanguage":"pt-BR"},{"@type":"Organization","@id":"https:\/\/www.notibras.com\/site\/#organization","name":"Grupo Notibras de Comunica\u00e7\u00e3o","url":"https:\/\/www.notibras.com\/site\/","logo":{"@type":"ImageObject","inLanguage":"pt-BR","@id":"https:\/\/www.notibras.com\/site\/#\/schema\/logo\/image\/","url":"https:\/\/www.notibras.com\/site\/wp-content\/uploads\/2023\/01\/notibras23.png","contentUrl":"https:\/\/www.notibras.com\/site\/wp-content\/uploads\/2023\/01\/notibras23.png","width":350,"height":87,"caption":"Grupo Notibras de Comunica\u00e7\u00e3o"},"image":{"@id":"https:\/\/www.notibras.com\/site\/#\/schema\/logo\/image\/"},"sameAs":["https:\/\/www.facebook.com\/notibras\/","https:\/\/x.com\/Notibras","https:\/\/www.instagram.com\/notibras\/"]},{"@type":"Person","@id":"https:\/\/www.notibras.com\/site\/#\/schema\/person\/36ab0979449956132d3e5b517ea76ac8","name":"Reda\u00e7\u00e3o","image":{"@type":"ImageObject","inLanguage":"pt-BR","@id":"https:\/\/secure.gravatar.com\/avatar\/e0a867bdedb85fd243eadf09663511f96fc81e0720a4a42581f334ad4303aa6b?s=96&d=mm&r=g","url":"https:\/\/secure.gravatar.com\/avatar\/e0a867bdedb85fd243eadf09663511f96fc81e0720a4a42581f334ad4303aa6b?s=96&d=mm&r=g","contentUrl":"https:\/\/secure.gravatar.com\/avatar\/e0a867bdedb85fd243eadf09663511f96fc81e0720a4a42581f334ad4303aa6b?s=96&d=mm&r=g","caption":"Reda\u00e7\u00e3o"}}]}},"amp_enabled":true,"_links":{"self":[{"href":"https:\/\/www.notibras.com\/site\/wp-json\/wp\/v2\/posts\/331306","targetHints":{"allow":["GET"]}}],"collection":[{"href":"https:\/\/www.notibras.com\/site\/wp-json\/wp\/v2\/posts"}],"about":[{"href":"https:\/\/www.notibras.com\/site\/wp-json\/wp\/v2\/types\/post"}],"author":[{"embeddable":true,"href":"https:\/\/www.notibras.com\/site\/wp-json\/wp\/v2\/users\/2"}],"replies":[{"embeddable":true,"href":"https:\/\/www.notibras.com\/site\/wp-json\/wp\/v2\/comments?post=331306"}],"version-history":[{"count":2,"href":"https:\/\/www.notibras.com\/site\/wp-json\/wp\/v2\/posts\/331306\/revisions"}],"predecessor-version":[{"id":331309,"href":"https:\/\/www.notibras.com\/site\/wp-json\/wp\/v2\/posts\/331306\/revisions\/331309"}],"wp:featuredmedia":[{"embeddable":true,"href":"https:\/\/www.notibras.com\/site\/wp-json\/wp\/v2\/media\/331307"}],"wp:attachment":[{"href":"https:\/\/www.notibras.com\/site\/wp-json\/wp\/v2\/media?parent=331306"}],"wp:term":[{"taxonomy":"category","embeddable":true,"href":"https:\/\/www.notibras.com\/site\/wp-json\/wp\/v2\/categories?post=331306"},{"taxonomy":"post_tag","embeddable":true,"href":"https:\/\/www.notibras.com\/site\/wp-json\/wp\/v2\/tags?post=331306"}],"curies":[{"name":"wp","href":"https:\/\/api.w.org\/{rel}","templated":true}]}}