{"id":331331,"date":"2024-06-23T07:52:45","date_gmt":"2024-06-23T10:52:45","guid":{"rendered":"https:\/\/www.notibras.com\/site\/?p=331331"},"modified":"2024-06-23T09:25:55","modified_gmt":"2024-06-23T12:25:55","slug":"olimpio-a-filha-do-fazendeiro-e-a-onca-de-tocaia","status":"publish","type":"post","link":"https:\/\/www.notibras.com\/site\/olimpio-a-filha-do-fazendeiro-e-a-onca-de-tocaia\/","title":{"rendered":"Ol\u00edmpio, a filha do fazendeiro e a on\u00e7a de tocaia"},"content":{"rendered":"<p>L\u00e1 pelos idos de 1940, enquanto o mundo guerreava num dos conflitos mais insanos da hist\u00f3ria da humanidade, Ol\u00edmpio, rapaz de seus 20 anos, se interessou pela Francisca, filha \u00fanica do maior fazendeiro da regi\u00e3o da futura capital do Brasil. Mas n\u00e3o pense voc\u00ea que naquele tempo era coisa f\u00e1cil arranjar namorada, pois ainda eram comuns os casamentos arranjados.<\/p>\n<p>Ol\u00edmpio, que era mais do que pobre, deu uma talagada na garrafa de cacha\u00e7a e foi ter um dedo de prosa com o futuro sogro. Sem ter dado nem uma palavra sequer com a mo\u00e7a, precisava convencer o fazendeiro a aceit\u00e1-lo como genro. Mal pisou na propriedade, o frangote se fez anunciar.<\/p>\n<p>\u2014 Dia.<\/p>\n<p>\u2014 Dia.<\/p>\n<p>\u2014 Ol\u00edmpio Jos\u00e9 Pac\u00edfico. Vim falar com o seu Faustino.<\/p>\n<p>\u2014 O que voc\u00ea quer com o patr\u00e3o?<\/p>\n<p>\u2014 \u00c9 assunto particular.<\/p>\n<p>O empregado, cara feia, foi avisar o dono do lugar, que mandou trazer a visita at\u00e9 o alpendre.<\/p>\n<p>\u2014 Tarde, seu Faustino. Queria dar dois dedos de prosa com o senhor.<\/p>\n<p>O homem olhou o jovem por um instante, at\u00e9 que o chamou para se sentar na poltrona ao lado da sua. Mandou vir caf\u00e9 e, somente ap\u00f3s servido, permitiu que o sil\u00eancio fosse quebrado.<\/p>\n<p>\u2014 Qual a sua gra\u00e7a?<\/p>\n<p>\u2014 Ol\u00edmpio Jos\u00e9 Pac\u00edfico, a seu dispor.<\/p>\n<p>\u2014 E o que o traz aqui na minha humilde casa?<\/p>\n<p>Ol\u00edmpio, sem tempo de pensar naquela ironia, tratou logo de desembuchar o motivo da visita. Tremendo que nem vara verde, o rapaz torcia o chap\u00e9u de palha nas m\u00e3os suadas. Mas, antes que o efeito da pinga passasse, falou o que planejou falar.<\/p>\n<p>\u2014 Pois \u00e9, seu Faustino, eu vim aqui pedir a m\u00e3o da sua filha em casamento.<\/p>\n<p>\u2014 Ol\u00edmpio, eu conhe\u00e7o o senhor desde menino. O senhor \u00e9 filho do finado Lib\u00f3rio, pessoa de muita estima. Mas o que o senhor tem a oferecer para minha Francisca? Ela \u00e9 mo\u00e7a distinta, sabe cozinhar, costurar, bordar, cuidar da casa, toca piano, j\u00e1 est\u00e1 diplomada para casar.<br \/>\n\u2014 Seu Faustino, o senhor sabe que n\u00e3o sou homem de posses. A terra que meu pai deixou foi dividida entre os filhos. Tenho algumas galinhas, uns porcos, uma mula trabalhadeira, mas sou homem de muita coragem.<\/p>\n<p>O fazendeiro encarou o rapaz, co\u00e7ou o queixo e, ent\u00e3o, colocou seu ponto de vista.<\/p>\n<p>\u2014 Est\u00e1 \u00f3timo, senhor Ol\u00edmpio. Minha filha nem precisa de coisas materiais. O senhor sabe que sou um homem muito rico e, quando eu fechar os olhos, e Deus me chamar, tudo ser\u00e1 da minha amada Francisca. Mas tem um por\u00e9m.<br \/>\n`<\/p>\n<p>\u2014 Qual, seu Faustino?<\/p>\n<p>\u2014 Pois bem, senhor Ol\u00edmpio, o senhor sabe que o mundo vai de mal a pior. Viver j\u00e1 n\u00e3o \u00e9 mais seguro como antigamente. Por isso, quero um cabra de coragem ao lado da Francisca. Enquanto posso, eu garanto a seguran\u00e7a da minha filha. No entanto, senhor Ol\u00edmpio, o senhor sabe que a vida n\u00e3o nos pertence, n\u00e3o \u00e9 mesmo?<\/p>\n<p>\u2014 \u00c9 verdade, seu Faustino.<\/p>\n<p>\u2014 Para n\u00e3o tomar mais seu tempo, senhor Ol\u00edmpio, por enquanto faremos o seguinte. Tem uma on\u00e7a nas redondezas que anda pegando as cria\u00e7\u00f5es. A tinhosa j\u00e1 pegou dois bezerros meus, mais uns tr\u00eas do vizinho Flaviano. J\u00e1 ouvi que pegou at\u00e9 forasteiro que passou por aqui e ningu\u00e9m mais viu.<\/p>\n<p>\u2014 Parece que ouvi alguma coisa assim, seu Faustino.<br \/>\n\u2014 Ent\u00e3o, o senhor sabe que eu e meus meeiros n\u00e3o podermos sair \u00e0 procura dessa on\u00e7a sem um cabra de coragem pra valer. Sei que o senhor parece mesmo ser essa pessoa. Vejo pelo seu olhar que coragem n\u00e3o lhe falta.<\/p>\n<p>Coragem at\u00e9 que n\u00e3o faltava no Ol\u00edmpio, mas o sangue lhe faltou todo. Ele ficou mais branco que uma vela, os l\u00e1bios roxos, as m\u00e3os n\u00e3o paravam de enrolar o chap\u00e9u, que pingava de t\u00e3o molhado pelo suor. O fazendeiro, percebendo aquela tremedeira toda, gritou para a empregada.<\/p>\n<p>\u2014 \u00d4, Maria, traz mais caf\u00e9 aqui pra minha visita.<\/p>\n<p>Assim que a mulher serviu a bebida, Ol\u00edmpio deu um gole longo no caf\u00e9, que lhe queimou a garganta. O rapaz tentou disfar\u00e7ar, enquanto o pai de Francisca cofiou o bigode. Seja como for, sem aquele gole de caf\u00e9, perigava a visita desabar.<\/p>\n<p>\u2014 Est\u00e1 bem, seu Faustino. Que dia vai ser a nossa empreitada? Eu lembrei que tenho que apartar uns bezerros no s\u00edtio do seu Lourival.<\/p>\n<p>\u2014 Amanh\u00e3 mesmo. Afinal, n\u00e3o podemos esperar muito ou, ent\u00e3o, essa on\u00e7a pode come\u00e7ar a comer os porcos do senhor.<\/p>\n<p>\u2014 Est\u00e1 bem. Amanh\u00e3 estarei aqui para agarrar essa on\u00e7a.<\/p>\n<p>Assim que Ol\u00edmpio foi embora, Faustino sentiu um fedor. Ele olhou para a empregada, que tamb\u00e9m apertou o nariz.<\/p>\n<p>\u2014 U\u00e9, Maria, voc\u00ea pisou em bosta?<\/p>\n<p>\u2014 N\u00e3o, patr\u00e3o. Nem fui l\u00e1 fora hoje.<\/p>\n<p>No dia seguinte, Ol\u00edmpio quase amanheceu na casa do fazendeiro. Casar com Francisca agora era uma quest\u00e3o de honra, n\u00e3o era mais pela fortuna. que ele certamente iria herdar, e muito menos pelo amor, mesmo porque ele nem conhecia a mo\u00e7a direito. Foram duas ou tr\u00eas olhadelas durante a missa de domingo.<\/p>\n<p>\u2014 Muito bem, senhor Ol\u00edmpio, al\u00e9m de corajoso, o senhor \u00e9 pontual.<\/p>\n<p>O fazendeiro possu\u00eda uns cachorros excelentes, que n\u00e3o perdiam o faro nem quando a ca\u00e7a atravessava o rio. E l\u00e1 foram Faustino, Ol\u00edmpio e mais tr\u00eas meeiros atr\u00e1s da on\u00e7a. No entanto, quando chegaram a determinado lugar, resolveram se separar. Cada um no seu canto e os cachorros latindo cada vez mais alto. A on\u00e7a estava perto.<\/p>\n<p>Ol\u00edmpio, cuja coragem parece que havia sumido, resolveu se proteger l\u00e1 em cima de uma \u00e1rvore. \u00c1gil que nem macaco-prego, ficou escondido at\u00e9 que foi descoberto pelos cachorros, que latiam em dire\u00e7\u00e3o \u00e0 copa. O fazendeiro e os outros homens chegaram e olharam para cima da \u00e1rvore. O fazendeiro, garrucha na m\u00e3o, falou quase gritando.<\/p>\n<p>\u2014 Muito bem, senhor Ol\u00edmpio. O senhor me impressionou. O senhor \u00e9 o homem certo para se casar com a minha filha. O senhor \u00e9 muito corajoso, quis pegar a on\u00e7a na unha.<\/p>\n<p>Ol\u00edmpio, sem entender aquelas palavras, foi despertado pelo rugido da on\u00e7a em um tronco logo acima. De t\u00e3o assustado, pulou. Pobre rapaz, os cachorros foram para cima dele. N\u00e3o se sabe se morreu pela queda ou pelas mordidas que levou.<\/p>\n<p>De t\u00e3o espantados que Faustino e os meeiros ficaram, trataram de fugir do local. No entanto, no outro dia, retornaram, mas n\u00e3o encontraram o corpo do Ol\u00edmpio. \u00c9 quase certo que a on\u00e7a o tenha devorado.<\/p>\n<p><strong>*Eduardo Mart\u00ednez \u00e9 autor do livro \u201c57 Contos e Cr\u00f4nicas por um Autor muito Velho\u201d.<\/strong><\/p>\n<p>Compre aqui\u00a0<span class=\"x19la9d6 x1fc57z9 x6ikm8r x10wlt62 x19co3pv x1g5zs5t xfibh0p xiy17q3 x1xsqp64 x1lkfr7t xexx8yu x4uap5 x18d9i69 xkhd6sd\"><span class=\"xrtxmta x1bhl96m\"><img decoding=\"async\" class=\"emoji\" role=\"img\" draggable=\"false\" src=\"https:\/\/s.w.org\/images\/core\/emoji\/14.0.0\/svg\/1f447-1f3ff.svg\" alt=\"&#x1f447;&#x1f3ff;\" \/><\/span><\/span><span class=\"x19la9d6 x1fc57z9 x6ikm8r x10wlt62 x19co3pv x1g5zs5t xfibh0p xiy17q3 x1xsqp64 x1lkfr7t xexx8yu x4uap5 x18d9i69 xkhd6sd\"><span class=\"xrtxmta x1bhl96m\"><img decoding=\"async\" class=\"emoji\" role=\"img\" draggable=\"false\" src=\"https:\/\/s.w.org\/images\/core\/emoji\/14.0.0\/svg\/1f447-1f3ff.svg\" alt=\"&#x1f447;&#x1f3ff;\" \/><\/span><\/span><span class=\"x19la9d6 x1fc57z9 x6ikm8r x10wlt62 x19co3pv x1g5zs5t xfibh0p xiy17q3 x1xsqp64 x1lkfr7t xexx8yu x4uap5 x18d9i69 xkhd6sd\"><span class=\"xrtxmta x1bhl96m\"><img decoding=\"async\" class=\"emoji\" role=\"img\" draggable=\"false\" src=\"https:\/\/s.w.org\/images\/core\/emoji\/14.0.0\/svg\/1f447-1f3ff.svg\" alt=\"&#x1f447;&#x1f3ff;\" \/><\/span><\/span><\/p>\n<p><a href=\"http:\/\/www.joanineditora.com.br\/57-contos-e-cronicas-por-um-autor-muito-velho\">http:\/\/www.joanineditora.com.br\/57-contos-e-cronicas-por-um-autor-muito-velho<\/a><\/p>\n","protected":false},"excerpt":{"rendered":"<p>L\u00e1 pelos idos de 1940, enquanto o mundo guerreava num dos conflitos mais insanos da hist\u00f3ria da humanidade, Ol\u00edmpio, rapaz de seus 20 anos, se interessou pela Francisca, filha \u00fanica do maior fazendeiro da regi\u00e3o da futura capital do Brasil. Mas n\u00e3o pense voc\u00ea que naquele tempo era coisa f\u00e1cil arranjar namorada, pois ainda eram [&hellip;]<\/p>\n","protected":false},"author":2,"featured_media":331337,"comment_status":"closed","ping_status":"closed","sticky":false,"template":"","format":"standard","meta":{"_acf_changed":false,"footnotes":""},"categories":[161],"tags":[],"class_list":["post-331331","post","type-post","status-publish","format-standard","has-post-thumbnail","hentry","category-quadradinho-em-foco"],"acf":[],"yoast_head":"<!-- This site is optimized with the Yoast SEO plugin v27.5 - https:\/\/yoast.com\/product\/yoast-seo-wordpress\/ -->\n<title>Ol\u00edmpio, a filha do fazendeiro e a on\u00e7a de tocaia - Notibras<\/title>\n<meta name=\"robots\" content=\"index, follow, max-snippet:-1, max-image-preview:large, max-video-preview:-1\" \/>\n<link rel=\"canonical\" href=\"https:\/\/www.notibras.com\/site\/olimpio-a-filha-do-fazendeiro-e-a-onca-de-tocaia\/\" \/>\n<meta property=\"og:locale\" content=\"pt_BR\" \/>\n<meta property=\"og:type\" content=\"article\" \/>\n<meta property=\"og:title\" content=\"Ol\u00edmpio, a filha do fazendeiro e a on\u00e7a de tocaia - Notibras\" \/>\n<meta property=\"og:description\" content=\"L\u00e1 pelos idos de 1940, enquanto o mundo guerreava num dos conflitos mais insanos da hist\u00f3ria da humanidade, Ol\u00edmpio, rapaz de seus 20 anos, se interessou pela Francisca, filha \u00fanica do maior fazendeiro da regi\u00e3o da futura capital do Brasil. Mas n\u00e3o pense voc\u00ea que naquele tempo era coisa f\u00e1cil arranjar namorada, pois ainda eram [&hellip;]\" \/>\n<meta property=\"og:url\" content=\"https:\/\/www.notibras.com\/site\/olimpio-a-filha-do-fazendeiro-e-a-onca-de-tocaia\/\" \/>\n<meta property=\"og:site_name\" content=\"Notibras\" \/>\n<meta property=\"article:publisher\" content=\"https:\/\/www.facebook.com\/notibras\/\" \/>\n<meta property=\"article:published_time\" content=\"2024-06-23T10:52:45+00:00\" \/>\n<meta property=\"article:modified_time\" content=\"2024-06-23T12:25:55+00:00\" \/>\n<meta property=\"og:image\" content=\"https:\/\/www.notibras.com\/site\/wp-content\/uploads\/2024\/06\/4b3c9c49-89d5-4264-8242-25a3ea6f4352.jpeg\" \/>\n\t<meta property=\"og:image:width\" content=\"512\" \/>\n\t<meta property=\"og:image:height\" content=\"478\" \/>\n\t<meta property=\"og:image:type\" content=\"image\/jpeg\" \/>\n<meta name=\"author\" content=\"Reda\u00e7\u00e3o\" \/>\n<meta name=\"twitter:card\" content=\"summary_large_image\" \/>\n<meta name=\"twitter:creator\" content=\"@Notibras\" \/>\n<meta name=\"twitter:site\" content=\"@Notibras\" \/>\n<meta name=\"twitter:label1\" content=\"Escrito por\" \/>\n\t<meta name=\"twitter:data1\" content=\"Reda\u00e7\u00e3o\" \/>\n\t<meta name=\"twitter:label2\" content=\"Est. tempo de leitura\" \/>\n\t<meta name=\"twitter:data2\" content=\"7 minutos\" \/>\n<script type=\"application\/ld+json\" class=\"yoast-schema-graph\">{\"@context\":\"https:\\\/\\\/schema.org\",\"@graph\":[{\"@type\":\"Article\",\"@id\":\"https:\\\/\\\/www.notibras.com\\\/site\\\/olimpio-a-filha-do-fazendeiro-e-a-onca-de-tocaia\\\/#article\",\"isPartOf\":{\"@id\":\"https:\\\/\\\/www.notibras.com\\\/site\\\/olimpio-a-filha-do-fazendeiro-e-a-onca-de-tocaia\\\/\"},\"author\":{\"name\":\"Reda\u00e7\u00e3o\",\"@id\":\"https:\\\/\\\/www.notibras.com\\\/site\\\/#\\\/schema\\\/person\\\/36ab0979449956132d3e5b517ea76ac8\"},\"headline\":\"Ol\u00edmpio, a filha do fazendeiro e a on\u00e7a de tocaia\",\"datePublished\":\"2024-06-23T10:52:45+00:00\",\"dateModified\":\"2024-06-23T12:25:55+00:00\",\"mainEntityOfPage\":{\"@id\":\"https:\\\/\\\/www.notibras.com\\\/site\\\/olimpio-a-filha-do-fazendeiro-e-a-onca-de-tocaia\\\/\"},\"wordCount\":1156,\"publisher\":{\"@id\":\"https:\\\/\\\/www.notibras.com\\\/site\\\/#organization\"},\"image\":{\"@id\":\"https:\\\/\\\/www.notibras.com\\\/site\\\/olimpio-a-filha-do-fazendeiro-e-a-onca-de-tocaia\\\/#primaryimage\"},\"thumbnailUrl\":\"https:\\\/\\\/www.notibras.com\\\/site\\\/wp-content\\\/uploads\\\/2024\\\/06\\\/4b3c9c49-89d5-4264-8242-25a3ea6f4352.jpeg\",\"articleSection\":[\"Quadradinho em Foco\"],\"inLanguage\":\"pt-BR\"},{\"@type\":\"WebPage\",\"@id\":\"https:\\\/\\\/www.notibras.com\\\/site\\\/olimpio-a-filha-do-fazendeiro-e-a-onca-de-tocaia\\\/\",\"url\":\"https:\\\/\\\/www.notibras.com\\\/site\\\/olimpio-a-filha-do-fazendeiro-e-a-onca-de-tocaia\\\/\",\"name\":\"Ol\u00edmpio, a filha do fazendeiro e a on\u00e7a de tocaia - Notibras\",\"isPartOf\":{\"@id\":\"https:\\\/\\\/www.notibras.com\\\/site\\\/#website\"},\"primaryImageOfPage\":{\"@id\":\"https:\\\/\\\/www.notibras.com\\\/site\\\/olimpio-a-filha-do-fazendeiro-e-a-onca-de-tocaia\\\/#primaryimage\"},\"image\":{\"@id\":\"https:\\\/\\\/www.notibras.com\\\/site\\\/olimpio-a-filha-do-fazendeiro-e-a-onca-de-tocaia\\\/#primaryimage\"},\"thumbnailUrl\":\"https:\\\/\\\/www.notibras.com\\\/site\\\/wp-content\\\/uploads\\\/2024\\\/06\\\/4b3c9c49-89d5-4264-8242-25a3ea6f4352.jpeg\",\"datePublished\":\"2024-06-23T10:52:45+00:00\",\"dateModified\":\"2024-06-23T12:25:55+00:00\",\"breadcrumb\":{\"@id\":\"https:\\\/\\\/www.notibras.com\\\/site\\\/olimpio-a-filha-do-fazendeiro-e-a-onca-de-tocaia\\\/#breadcrumb\"},\"inLanguage\":\"pt-BR\",\"potentialAction\":[{\"@type\":\"ReadAction\",\"target\":[\"https:\\\/\\\/www.notibras.com\\\/site\\\/olimpio-a-filha-do-fazendeiro-e-a-onca-de-tocaia\\\/\"]}]},{\"@type\":\"ImageObject\",\"inLanguage\":\"pt-BR\",\"@id\":\"https:\\\/\\\/www.notibras.com\\\/site\\\/olimpio-a-filha-do-fazendeiro-e-a-onca-de-tocaia\\\/#primaryimage\",\"url\":\"https:\\\/\\\/www.notibras.com\\\/site\\\/wp-content\\\/uploads\\\/2024\\\/06\\\/4b3c9c49-89d5-4264-8242-25a3ea6f4352.jpeg\",\"contentUrl\":\"https:\\\/\\\/www.notibras.com\\\/site\\\/wp-content\\\/uploads\\\/2024\\\/06\\\/4b3c9c49-89d5-4264-8242-25a3ea6f4352.jpeg\",\"width\":512,\"height\":478},{\"@type\":\"BreadcrumbList\",\"@id\":\"https:\\\/\\\/www.notibras.com\\\/site\\\/olimpio-a-filha-do-fazendeiro-e-a-onca-de-tocaia\\\/#breadcrumb\",\"itemListElement\":[{\"@type\":\"ListItem\",\"position\":1,\"name\":\"In\u00edcio\",\"item\":\"https:\\\/\\\/www.notibras.com\\\/site\\\/\"},{\"@type\":\"ListItem\",\"position\":2,\"name\":\"Ol\u00edmpio, a filha do fazendeiro e a on\u00e7a de tocaia\"}]},{\"@type\":\"WebSite\",\"@id\":\"https:\\\/\\\/www.notibras.com\\\/site\\\/#website\",\"url\":\"https:\\\/\\\/www.notibras.com\\\/site\\\/\",\"name\":\"Notibras\",\"description\":\"Not\u00edcias de Bras\u00edlia, do Brasil e do Mundo\",\"publisher\":{\"@id\":\"https:\\\/\\\/www.notibras.com\\\/site\\\/#organization\"},\"potentialAction\":[{\"@type\":\"SearchAction\",\"target\":{\"@type\":\"EntryPoint\",\"urlTemplate\":\"https:\\\/\\\/www.notibras.com\\\/site\\\/?s={search_term_string}\"},\"query-input\":{\"@type\":\"PropertyValueSpecification\",\"valueRequired\":true,\"valueName\":\"search_term_string\"}}],\"inLanguage\":\"pt-BR\"},{\"@type\":\"Organization\",\"@id\":\"https:\\\/\\\/www.notibras.com\\\/site\\\/#organization\",\"name\":\"Grupo Notibras de Comunica\u00e7\u00e3o\",\"url\":\"https:\\\/\\\/www.notibras.com\\\/site\\\/\",\"logo\":{\"@type\":\"ImageObject\",\"inLanguage\":\"pt-BR\",\"@id\":\"https:\\\/\\\/www.notibras.com\\\/site\\\/#\\\/schema\\\/logo\\\/image\\\/\",\"url\":\"https:\\\/\\\/www.notibras.com\\\/site\\\/wp-content\\\/uploads\\\/2023\\\/01\\\/notibras23.png\",\"contentUrl\":\"https:\\\/\\\/www.notibras.com\\\/site\\\/wp-content\\\/uploads\\\/2023\\\/01\\\/notibras23.png\",\"width\":350,\"height\":87,\"caption\":\"Grupo Notibras de Comunica\u00e7\u00e3o\"},\"image\":{\"@id\":\"https:\\\/\\\/www.notibras.com\\\/site\\\/#\\\/schema\\\/logo\\\/image\\\/\"},\"sameAs\":[\"https:\\\/\\\/www.facebook.com\\\/notibras\\\/\",\"https:\\\/\\\/x.com\\\/Notibras\",\"https:\\\/\\\/www.instagram.com\\\/notibras\\\/\"]},{\"@type\":\"Person\",\"@id\":\"https:\\\/\\\/www.notibras.com\\\/site\\\/#\\\/schema\\\/person\\\/36ab0979449956132d3e5b517ea76ac8\",\"name\":\"Reda\u00e7\u00e3o\",\"image\":{\"@type\":\"ImageObject\",\"inLanguage\":\"pt-BR\",\"@id\":\"https:\\\/\\\/secure.gravatar.com\\\/avatar\\\/e0a867bdedb85fd243eadf09663511f96fc81e0720a4a42581f334ad4303aa6b?s=96&d=mm&r=g\",\"url\":\"https:\\\/\\\/secure.gravatar.com\\\/avatar\\\/e0a867bdedb85fd243eadf09663511f96fc81e0720a4a42581f334ad4303aa6b?s=96&d=mm&r=g\",\"contentUrl\":\"https:\\\/\\\/secure.gravatar.com\\\/avatar\\\/e0a867bdedb85fd243eadf09663511f96fc81e0720a4a42581f334ad4303aa6b?s=96&d=mm&r=g\",\"caption\":\"Reda\u00e7\u00e3o\"}}]}<\/script>\n<!-- \/ Yoast SEO plugin. -->","yoast_head_json":{"title":"Ol\u00edmpio, a filha do fazendeiro e a on\u00e7a de tocaia - Notibras","robots":{"index":"index","follow":"follow","max-snippet":"max-snippet:-1","max-image-preview":"max-image-preview:large","max-video-preview":"max-video-preview:-1"},"canonical":"https:\/\/www.notibras.com\/site\/olimpio-a-filha-do-fazendeiro-e-a-onca-de-tocaia\/","og_locale":"pt_BR","og_type":"article","og_title":"Ol\u00edmpio, a filha do fazendeiro e a on\u00e7a de tocaia - Notibras","og_description":"L\u00e1 pelos idos de 1940, enquanto o mundo guerreava num dos conflitos mais insanos da hist\u00f3ria da humanidade, Ol\u00edmpio, rapaz de seus 20 anos, se interessou pela Francisca, filha \u00fanica do maior fazendeiro da regi\u00e3o da futura capital do Brasil. Mas n\u00e3o pense voc\u00ea que naquele tempo era coisa f\u00e1cil arranjar namorada, pois ainda eram [&hellip;]","og_url":"https:\/\/www.notibras.com\/site\/olimpio-a-filha-do-fazendeiro-e-a-onca-de-tocaia\/","og_site_name":"Notibras","article_publisher":"https:\/\/www.facebook.com\/notibras\/","article_published_time":"2024-06-23T10:52:45+00:00","article_modified_time":"2024-06-23T12:25:55+00:00","og_image":[{"width":512,"height":478,"url":"https:\/\/www.notibras.com\/site\/wp-content\/uploads\/2024\/06\/4b3c9c49-89d5-4264-8242-25a3ea6f4352.jpeg","type":"image\/jpeg"}],"author":"Reda\u00e7\u00e3o","twitter_card":"summary_large_image","twitter_creator":"@Notibras","twitter_site":"@Notibras","twitter_misc":{"Escrito por":"Reda\u00e7\u00e3o","Est. tempo de leitura":"7 minutos"},"schema":{"@context":"https:\/\/schema.org","@graph":[{"@type":"Article","@id":"https:\/\/www.notibras.com\/site\/olimpio-a-filha-do-fazendeiro-e-a-onca-de-tocaia\/#article","isPartOf":{"@id":"https:\/\/www.notibras.com\/site\/olimpio-a-filha-do-fazendeiro-e-a-onca-de-tocaia\/"},"author":{"name":"Reda\u00e7\u00e3o","@id":"https:\/\/www.notibras.com\/site\/#\/schema\/person\/36ab0979449956132d3e5b517ea76ac8"},"headline":"Ol\u00edmpio, a filha do fazendeiro e a on\u00e7a de tocaia","datePublished":"2024-06-23T10:52:45+00:00","dateModified":"2024-06-23T12:25:55+00:00","mainEntityOfPage":{"@id":"https:\/\/www.notibras.com\/site\/olimpio-a-filha-do-fazendeiro-e-a-onca-de-tocaia\/"},"wordCount":1156,"publisher":{"@id":"https:\/\/www.notibras.com\/site\/#organization"},"image":{"@id":"https:\/\/www.notibras.com\/site\/olimpio-a-filha-do-fazendeiro-e-a-onca-de-tocaia\/#primaryimage"},"thumbnailUrl":"https:\/\/www.notibras.com\/site\/wp-content\/uploads\/2024\/06\/4b3c9c49-89d5-4264-8242-25a3ea6f4352.jpeg","articleSection":["Quadradinho em Foco"],"inLanguage":"pt-BR"},{"@type":"WebPage","@id":"https:\/\/www.notibras.com\/site\/olimpio-a-filha-do-fazendeiro-e-a-onca-de-tocaia\/","url":"https:\/\/www.notibras.com\/site\/olimpio-a-filha-do-fazendeiro-e-a-onca-de-tocaia\/","name":"Ol\u00edmpio, a filha do fazendeiro e a on\u00e7a de tocaia - Notibras","isPartOf":{"@id":"https:\/\/www.notibras.com\/site\/#website"},"primaryImageOfPage":{"@id":"https:\/\/www.notibras.com\/site\/olimpio-a-filha-do-fazendeiro-e-a-onca-de-tocaia\/#primaryimage"},"image":{"@id":"https:\/\/www.notibras.com\/site\/olimpio-a-filha-do-fazendeiro-e-a-onca-de-tocaia\/#primaryimage"},"thumbnailUrl":"https:\/\/www.notibras.com\/site\/wp-content\/uploads\/2024\/06\/4b3c9c49-89d5-4264-8242-25a3ea6f4352.jpeg","datePublished":"2024-06-23T10:52:45+00:00","dateModified":"2024-06-23T12:25:55+00:00","breadcrumb":{"@id":"https:\/\/www.notibras.com\/site\/olimpio-a-filha-do-fazendeiro-e-a-onca-de-tocaia\/#breadcrumb"},"inLanguage":"pt-BR","potentialAction":[{"@type":"ReadAction","target":["https:\/\/www.notibras.com\/site\/olimpio-a-filha-do-fazendeiro-e-a-onca-de-tocaia\/"]}]},{"@type":"ImageObject","inLanguage":"pt-BR","@id":"https:\/\/www.notibras.com\/site\/olimpio-a-filha-do-fazendeiro-e-a-onca-de-tocaia\/#primaryimage","url":"https:\/\/www.notibras.com\/site\/wp-content\/uploads\/2024\/06\/4b3c9c49-89d5-4264-8242-25a3ea6f4352.jpeg","contentUrl":"https:\/\/www.notibras.com\/site\/wp-content\/uploads\/2024\/06\/4b3c9c49-89d5-4264-8242-25a3ea6f4352.jpeg","width":512,"height":478},{"@type":"BreadcrumbList","@id":"https:\/\/www.notibras.com\/site\/olimpio-a-filha-do-fazendeiro-e-a-onca-de-tocaia\/#breadcrumb","itemListElement":[{"@type":"ListItem","position":1,"name":"In\u00edcio","item":"https:\/\/www.notibras.com\/site\/"},{"@type":"ListItem","position":2,"name":"Ol\u00edmpio, a filha do fazendeiro e a on\u00e7a de tocaia"}]},{"@type":"WebSite","@id":"https:\/\/www.notibras.com\/site\/#website","url":"https:\/\/www.notibras.com\/site\/","name":"Notibras","description":"Not\u00edcias de Bras\u00edlia, do Brasil e do Mundo","publisher":{"@id":"https:\/\/www.notibras.com\/site\/#organization"},"potentialAction":[{"@type":"SearchAction","target":{"@type":"EntryPoint","urlTemplate":"https:\/\/www.notibras.com\/site\/?s={search_term_string}"},"query-input":{"@type":"PropertyValueSpecification","valueRequired":true,"valueName":"search_term_string"}}],"inLanguage":"pt-BR"},{"@type":"Organization","@id":"https:\/\/www.notibras.com\/site\/#organization","name":"Grupo Notibras de Comunica\u00e7\u00e3o","url":"https:\/\/www.notibras.com\/site\/","logo":{"@type":"ImageObject","inLanguage":"pt-BR","@id":"https:\/\/www.notibras.com\/site\/#\/schema\/logo\/image\/","url":"https:\/\/www.notibras.com\/site\/wp-content\/uploads\/2023\/01\/notibras23.png","contentUrl":"https:\/\/www.notibras.com\/site\/wp-content\/uploads\/2023\/01\/notibras23.png","width":350,"height":87,"caption":"Grupo Notibras de Comunica\u00e7\u00e3o"},"image":{"@id":"https:\/\/www.notibras.com\/site\/#\/schema\/logo\/image\/"},"sameAs":["https:\/\/www.facebook.com\/notibras\/","https:\/\/x.com\/Notibras","https:\/\/www.instagram.com\/notibras\/"]},{"@type":"Person","@id":"https:\/\/www.notibras.com\/site\/#\/schema\/person\/36ab0979449956132d3e5b517ea76ac8","name":"Reda\u00e7\u00e3o","image":{"@type":"ImageObject","inLanguage":"pt-BR","@id":"https:\/\/secure.gravatar.com\/avatar\/e0a867bdedb85fd243eadf09663511f96fc81e0720a4a42581f334ad4303aa6b?s=96&d=mm&r=g","url":"https:\/\/secure.gravatar.com\/avatar\/e0a867bdedb85fd243eadf09663511f96fc81e0720a4a42581f334ad4303aa6b?s=96&d=mm&r=g","contentUrl":"https:\/\/secure.gravatar.com\/avatar\/e0a867bdedb85fd243eadf09663511f96fc81e0720a4a42581f334ad4303aa6b?s=96&d=mm&r=g","caption":"Reda\u00e7\u00e3o"}}]}},"amp_enabled":true,"_links":{"self":[{"href":"https:\/\/www.notibras.com\/site\/wp-json\/wp\/v2\/posts\/331331","targetHints":{"allow":["GET"]}}],"collection":[{"href":"https:\/\/www.notibras.com\/site\/wp-json\/wp\/v2\/posts"}],"about":[{"href":"https:\/\/www.notibras.com\/site\/wp-json\/wp\/v2\/types\/post"}],"author":[{"embeddable":true,"href":"https:\/\/www.notibras.com\/site\/wp-json\/wp\/v2\/users\/2"}],"replies":[{"embeddable":true,"href":"https:\/\/www.notibras.com\/site\/wp-json\/wp\/v2\/comments?post=331331"}],"version-history":[{"count":2,"href":"https:\/\/www.notibras.com\/site\/wp-json\/wp\/v2\/posts\/331331\/revisions"}],"predecessor-version":[{"id":331347,"href":"https:\/\/www.notibras.com\/site\/wp-json\/wp\/v2\/posts\/331331\/revisions\/331347"}],"wp:featuredmedia":[{"embeddable":true,"href":"https:\/\/www.notibras.com\/site\/wp-json\/wp\/v2\/media\/331337"}],"wp:attachment":[{"href":"https:\/\/www.notibras.com\/site\/wp-json\/wp\/v2\/media?parent=331331"}],"wp:term":[{"taxonomy":"category","embeddable":true,"href":"https:\/\/www.notibras.com\/site\/wp-json\/wp\/v2\/categories?post=331331"},{"taxonomy":"post_tag","embeddable":true,"href":"https:\/\/www.notibras.com\/site\/wp-json\/wp\/v2\/tags?post=331331"}],"curies":[{"name":"wp","href":"https:\/\/api.w.org\/{rel}","templated":true}]}}